
{"id":1445,"date":"2015-01-29T00:00:00","date_gmt":"2015-01-29T03:00:00","guid":{"rendered":"https:\/\/derechoyreligion-uc.urantiacos.cl\/bolivia-protocolo-ministerial-de-bolivia-para-practicar-abortos\/"},"modified":"2015-01-29T00:00:00","modified_gmt":"2015-01-29T03:00:00","slug":"bolivia-protocolo-ministerial-de-bolivia-para-practicar-abortos","status":"publish","type":"post","link":"https:\/\/derechoyreligion-uc.urantiacos.cl\/en\/bolivia-protocolo-ministerial-de-bolivia-para-practicar-abortos\/","title":{"rendered":"Bolivia: Protocolo Ministerial de Bolivia para practicar abortos"},"content":{"rendered":"<article>\n<span><br \/>\n<\/span><\/p>\n<p><img decoding=\"async\" alt=\"bandera bolivia\" src=\"https:\/\/derechoyreligion-uc.urantiacos.cl\/wp-content\/uploads\/imagenes\/bandera_bolivia.jpg\"\/><span><\/span><span>El Ministerio de Salud de Bolivia, por medio de la presente resoluci\u00f3n n\u00famero 0027 del 29 de Enero del 2015, se\u00f1ala que es constitucional la posibilidad de efectuar un aborto en los casos en que la gestaci\u00f3n haya sido producto de la comisi\u00f3n de alg\u00fan delito, asistiendo la mujer a un centro p\u00fablico o privado de salud a efecto de practicarse un aborto, sin ninguna presentaci\u00f3n de querella, ni la existencia de imputaci\u00f3n o acusaci\u00f3n formal y menos sentencia previa, sino que deber\u00e1 comunicarle de su situaci\u00f3n a la autoridad p\u00fablica competente y de esa manera el m\u00e9dico profesional le practicar\u00e1 el aborto. En ese sentido &#8220;la interrupci\u00f3n del embarazo, debe estar sujeta \u00fanicamente al consentimiento de la mujer y que necesariamente debe ser asumido por un m\u00e9dico que efectuar\u00e1 el aborto, para garantizar la vida de la mujer en los casos que corresponda&#8221;.\u00a0<\/span><\/p>\n<p><strong>Documento<\/strong><span>: <\/span><a href=\"https:\/\/derechoyreligion.uc.cl\/es\/docman\/actualidad\/394-protocolo-ministerial-de-bolivia-para-practicar-abortos\" target=\"_blank\">\u00a0Protocolo Ministerial de Bolivia para practicar abortos.\u00a0<\/a><\/p>\n<\/article>\n","protected":false},"excerpt":{"rendered":"<p>El Ministerio de Salud de Bolivia, por medio de la presente resoluci\u00f3n n\u00famero 0027 del 29 de Enero del 2015, se\u00f1ala que es constitucional la posibilidad de efectuar un aborto en los casos en que la gestaci\u00f3n haya sido producto de la comisi\u00f3n de alg\u00fan delito, asistiendo la mujer a un centro p\u00fablico o privado de salud a efecto de practicarse un aborto, sin ninguna presentaci\u00f3n de querella, ni la existencia de imputaci\u00f3n o acusaci\u00f3n formal y menos sentencia previa, sino que deber\u00e1 comunicarle de su situaci\u00f3n a la autoridad p\u00fablica competente y de esa manera el m\u00e9dico profesional le practicar\u00e1 el aborto. En ese sentido &#8220;la interrupci\u00f3n del embarazo, debe estar sujeta \u00fanicamente al consentimiento de la mujer y que necesariamente debe ser asumido por un m\u00e9dico que efectuar\u00e1 el aborto, para garantizar la vida de la mujer en los casos que corresponda&#8221;.<\/p>\n","protected":false},"author":1,"featured_media":1576,"comment_status":"","ping_status":"","sticky":false,"template":"","format":"standard","meta":{"_acf_changed":false,"footnotes":""},"categories":[1],"tags":[],"class_list":["post-1445","post","type-post","status-publish","format-standard","has-post-thumbnail","hentry","category-noticias"],"acf":[],"yoast_head":"<!-- This site is optimized with the Yoast SEO plugin v27.1.1 - https:\/\/yoast.com\/product\/yoast-seo-wordpress\/ -->\n<title>Bolivia: Protocolo Ministerial de Bolivia para practicar abortos - Centro UC Derecho y Religi\u00f3n<\/title>\n<meta name=\"robots\" content=\"index, follow, max-snippet:-1, max-image-preview:large, max-video-preview:-1\" \/>\n<link rel=\"canonical\" href=\"https:\/\/derechoyreligion-uc.urantiacos.cl\/en\/bolivia-protocolo-ministerial-de-bolivia-para-practicar-abortos\/\" \/>\n<meta property=\"og:locale\" content=\"en_US\" \/>\n<meta property=\"og:type\" content=\"article\" \/>\n<meta property=\"og:title\" content=\"Bolivia: Protocolo Ministerial de Bolivia para practicar abortos - Centro UC Derecho y Religi\u00f3n\" \/>\n<meta property=\"og:description\" content=\"El Ministerio de Salud de Bolivia, por medio de la presente resoluci\u00f3n n\u00famero 0027 del 29 de Enero del 2015, se\u00f1ala que es constitucional la posibilidad de efectuar un aborto en los casos en que la gestaci\u00f3n haya sido producto de la comisi\u00f3n de alg\u00fan delito, asistiendo la mujer a un centro p\u00fablico o privado de salud a efecto de practicarse un aborto, sin ninguna presentaci\u00f3n de querella, ni la existencia de imputaci\u00f3n o acusaci\u00f3n formal y menos sentencia previa, sino que deber\u00e1 comunicarle de su situaci\u00f3n a la autoridad p\u00fablica competente y de esa manera el m\u00e9dico profesional le practicar\u00e1 el aborto. En ese sentido &quot;la interrupci\u00f3n del embarazo, debe estar sujeta \u00fanicamente al consentimiento de la mujer y que necesariamente debe ser asumido por un m\u00e9dico que efectuar\u00e1 el aborto, para garantizar la vida de la mujer en los casos que corresponda&quot;.\" \/>\n<meta property=\"og:url\" content=\"https:\/\/derechoyreligion-uc.urantiacos.cl\/en\/bolivia-protocolo-ministerial-de-bolivia-para-practicar-abortos\/\" \/>\n<meta property=\"og:site_name\" content=\"Centro UC Derecho y Religi\u00f3n\" \/>\n<meta property=\"article:published_time\" content=\"2015-01-29T03:00:00+00:00\" \/>\n<meta property=\"og:image\" content=\"https:\/\/derechoyreligion-uc.urantiacos.cl\/wp-content\/uploads\/2025\/10\/bandera_bolivia.jpg\" \/>\n\t<meta property=\"og:image:width\" content=\"200\" \/>\n\t<meta property=\"og:image:height\" content=\"136\" \/>\n\t<meta property=\"og:image:type\" content=\"image\/jpeg\" \/>\n<meta name=\"author\" content=\"manadmin\" \/>\n<meta name=\"twitter:card\" content=\"summary_large_image\" \/>\n<meta name=\"twitter:label1\" content=\"Written by\" \/>\n\t<meta name=\"twitter:data1\" content=\"manadmin\" \/>\n\t<meta name=\"twitter:label2\" content=\"Est. reading time\" \/>\n\t<meta name=\"twitter:data2\" content=\"1 minute\" \/>\n<script type=\"application\/ld+json\" class=\"yoast-schema-graph\">{\"@context\":\"https:\/\/schema.org\",\"@graph\":[{\"@type\":\"Article\",\"@id\":\"https:\/\/derechoyreligion-uc.urantiacos.cl\/en\/bolivia-protocolo-ministerial-de-bolivia-para-practicar-abortos\/#article\",\"isPartOf\":{\"@id\":\"https:\/\/derechoyreligion-uc.urantiacos.cl\/en\/bolivia-protocolo-ministerial-de-bolivia-para-practicar-abortos\/\"},\"author\":{\"name\":\"manadmin\",\"@id\":\"https:\/\/derechoyreligion-uc.urantiacos.cl\/en\/#\/schema\/person\/6cc7f593e2f49e3b770a06f63b58e3b1\"},\"headline\":\"Bolivia: Protocolo Ministerial de Bolivia para practicar abortos\",\"datePublished\":\"2015-01-29T03:00:00+00:00\",\"mainEntityOfPage\":{\"@id\":\"https:\/\/derechoyreligion-uc.urantiacos.cl\/en\/bolivia-protocolo-ministerial-de-bolivia-para-practicar-abortos\/\"},\"wordCount\":172,\"image\":{\"@id\":\"https:\/\/derechoyreligion-uc.urantiacos.cl\/en\/bolivia-protocolo-ministerial-de-bolivia-para-practicar-abortos\/#primaryimage\"},\"thumbnailUrl\":\"https:\/\/derechoyreligion-uc.urantiacos.cl\/wp-content\/uploads\/2025\/10\/bandera_bolivia.jpg\",\"articleSection\":[\"Noticias\"],\"inLanguage\":\"en-US\"},{\"@type\":\"WebPage\",\"@id\":\"https:\/\/derechoyreligion-uc.urantiacos.cl\/en\/bolivia-protocolo-ministerial-de-bolivia-para-practicar-abortos\/\",\"url\":\"https:\/\/derechoyreligion-uc.urantiacos.cl\/en\/bolivia-protocolo-ministerial-de-bolivia-para-practicar-abortos\/\",\"name\":\"Bolivia: Protocolo Ministerial de Bolivia para practicar abortos - Centro UC Derecho y Religi\u00f3n\",\"isPartOf\":{\"@id\":\"https:\/\/derechoyreligion-uc.urantiacos.cl\/en\/#website\"},\"primaryImageOfPage\":{\"@id\":\"https:\/\/derechoyreligion-uc.urantiacos.cl\/en\/bolivia-protocolo-ministerial-de-bolivia-para-practicar-abortos\/#primaryimage\"},\"image\":{\"@id\":\"https:\/\/derechoyreligion-uc.urantiacos.cl\/en\/bolivia-protocolo-ministerial-de-bolivia-para-practicar-abortos\/#primaryimage\"},\"thumbnailUrl\":\"https:\/\/derechoyreligion-uc.urantiacos.cl\/wp-content\/uploads\/2025\/10\/bandera_bolivia.jpg\",\"datePublished\":\"2015-01-29T03:00:00+00:00\",\"author\":{\"@id\":\"https:\/\/derechoyreligion-uc.urantiacos.cl\/en\/#\/schema\/person\/6cc7f593e2f49e3b770a06f63b58e3b1\"},\"breadcrumb\":{\"@id\":\"https:\/\/derechoyreligion-uc.urantiacos.cl\/en\/bolivia-protocolo-ministerial-de-bolivia-para-practicar-abortos\/#breadcrumb\"},\"inLanguage\":\"en-US\",\"potentialAction\":[{\"@type\":\"ReadAction\",\"target\":[\"https:\/\/derechoyreligion-uc.urantiacos.cl\/en\/bolivia-protocolo-ministerial-de-bolivia-para-practicar-abortos\/\"]}]},{\"@type\":\"ImageObject\",\"inLanguage\":\"en-US\",\"@id\":\"https:\/\/derechoyreligion-uc.urantiacos.cl\/en\/bolivia-protocolo-ministerial-de-bolivia-para-practicar-abortos\/#primaryimage\",\"url\":\"https:\/\/derechoyreligion-uc.urantiacos.cl\/wp-content\/uploads\/2025\/10\/bandera_bolivia.jpg\",\"contentUrl\":\"https:\/\/derechoyreligion-uc.urantiacos.cl\/wp-content\/uploads\/2025\/10\/bandera_bolivia.jpg\",\"width\":200,\"height\":136},{\"@type\":\"BreadcrumbList\",\"@id\":\"https:\/\/derechoyreligion-uc.urantiacos.cl\/en\/bolivia-protocolo-ministerial-de-bolivia-para-practicar-abortos\/#breadcrumb\",\"itemListElement\":[{\"@type\":\"ListItem\",\"position\":1,\"name\":\"Portada\",\"item\":\"https:\/\/derechoyreligion-uc.urantiacos.cl\/en\/\"},{\"@type\":\"ListItem\",\"position\":2,\"name\":\"Bolivia: Protocolo Ministerial de Bolivia para practicar abortos\"}]},{\"@type\":\"WebSite\",\"@id\":\"https:\/\/derechoyreligion-uc.urantiacos.cl\/en\/#website\",\"url\":\"https:\/\/derechoyreligion-uc.urantiacos.cl\/en\/\",\"name\":\"Centro UC Derecho y Religi\u00f3n\",\"description\":\"\",\"potentialAction\":[{\"@type\":\"SearchAction\",\"target\":{\"@type\":\"EntryPoint\",\"urlTemplate\":\"https:\/\/derechoyreligion-uc.urantiacos.cl\/en\/?s={search_term_string}\"},\"query-input\":{\"@type\":\"PropertyValueSpecification\",\"valueRequired\":true,\"valueName\":\"search_term_string\"}}],\"inLanguage\":\"en-US\"},{\"@type\":\"Person\",\"@id\":\"https:\/\/derechoyreligion-uc.urantiacos.cl\/en\/#\/schema\/person\/6cc7f593e2f49e3b770a06f63b58e3b1\",\"name\":\"manadmin\",\"sameAs\":[\"https:\/\/derechoyreligion-uc.urantiacos.cl\"]}]}<\/script>\n<!-- \/ Yoast SEO plugin. -->","yoast_head_json":{"title":"Bolivia: Protocolo Ministerial de Bolivia para practicar abortos - Centro UC Derecho y Religi\u00f3n","robots":{"index":"index","follow":"follow","max-snippet":"max-snippet:-1","max-image-preview":"max-image-preview:large","max-video-preview":"max-video-preview:-1"},"canonical":"https:\/\/derechoyreligion-uc.urantiacos.cl\/en\/bolivia-protocolo-ministerial-de-bolivia-para-practicar-abortos\/","og_locale":"en_US","og_type":"article","og_title":"Bolivia: Protocolo Ministerial de Bolivia para practicar abortos - Centro UC Derecho y Religi\u00f3n","og_description":"El Ministerio de Salud de Bolivia, por medio de la presente resoluci\u00f3n n\u00famero 0027 del 29 de Enero del 2015, se\u00f1ala que es constitucional la posibilidad de efectuar un aborto en los casos en que la gestaci\u00f3n haya sido producto de la comisi\u00f3n de alg\u00fan delito, asistiendo la mujer a un centro p\u00fablico o privado de salud a efecto de practicarse un aborto, sin ninguna presentaci\u00f3n de querella, ni la existencia de imputaci\u00f3n o acusaci\u00f3n formal y menos sentencia previa, sino que deber\u00e1 comunicarle de su situaci\u00f3n a la autoridad p\u00fablica competente y de esa manera el m\u00e9dico profesional le practicar\u00e1 el aborto. En ese sentido \"la interrupci\u00f3n del embarazo, debe estar sujeta \u00fanicamente al consentimiento de la mujer y que necesariamente debe ser asumido por un m\u00e9dico que efectuar\u00e1 el aborto, para garantizar la vida de la mujer en los casos que corresponda\".","og_url":"https:\/\/derechoyreligion-uc.urantiacos.cl\/en\/bolivia-protocolo-ministerial-de-bolivia-para-practicar-abortos\/","og_site_name":"Centro UC Derecho y Religi\u00f3n","article_published_time":"2015-01-29T03:00:00+00:00","og_image":[{"width":200,"height":136,"url":"https:\/\/derechoyreligion-uc.urantiacos.cl\/wp-content\/uploads\/2025\/10\/bandera_bolivia.jpg","type":"image\/jpeg"}],"author":"manadmin","twitter_card":"summary_large_image","twitter_misc":{"Written by":"manadmin","Est. reading time":"1 minute"},"schema":{"@context":"https:\/\/schema.org","@graph":[{"@type":"Article","@id":"https:\/\/derechoyreligion-uc.urantiacos.cl\/en\/bolivia-protocolo-ministerial-de-bolivia-para-practicar-abortos\/#article","isPartOf":{"@id":"https:\/\/derechoyreligion-uc.urantiacos.cl\/en\/bolivia-protocolo-ministerial-de-bolivia-para-practicar-abortos\/"},"author":{"name":"manadmin","@id":"https:\/\/derechoyreligion-uc.urantiacos.cl\/en\/#\/schema\/person\/6cc7f593e2f49e3b770a06f63b58e3b1"},"headline":"Bolivia: Protocolo Ministerial de Bolivia para practicar abortos","datePublished":"2015-01-29T03:00:00+00:00","mainEntityOfPage":{"@id":"https:\/\/derechoyreligion-uc.urantiacos.cl\/en\/bolivia-protocolo-ministerial-de-bolivia-para-practicar-abortos\/"},"wordCount":172,"image":{"@id":"https:\/\/derechoyreligion-uc.urantiacos.cl\/en\/bolivia-protocolo-ministerial-de-bolivia-para-practicar-abortos\/#primaryimage"},"thumbnailUrl":"https:\/\/derechoyreligion-uc.urantiacos.cl\/wp-content\/uploads\/2025\/10\/bandera_bolivia.jpg","articleSection":["Noticias"],"inLanguage":"en-US"},{"@type":"WebPage","@id":"https:\/\/derechoyreligion-uc.urantiacos.cl\/en\/bolivia-protocolo-ministerial-de-bolivia-para-practicar-abortos\/","url":"https:\/\/derechoyreligion-uc.urantiacos.cl\/en\/bolivia-protocolo-ministerial-de-bolivia-para-practicar-abortos\/","name":"Bolivia: Protocolo Ministerial de Bolivia para practicar abortos - Centro UC Derecho y Religi\u00f3n","isPartOf":{"@id":"https:\/\/derechoyreligion-uc.urantiacos.cl\/en\/#website"},"primaryImageOfPage":{"@id":"https:\/\/derechoyreligion-uc.urantiacos.cl\/en\/bolivia-protocolo-ministerial-de-bolivia-para-practicar-abortos\/#primaryimage"},"image":{"@id":"https:\/\/derechoyreligion-uc.urantiacos.cl\/en\/bolivia-protocolo-ministerial-de-bolivia-para-practicar-abortos\/#primaryimage"},"thumbnailUrl":"https:\/\/derechoyreligion-uc.urantiacos.cl\/wp-content\/uploads\/2025\/10\/bandera_bolivia.jpg","datePublished":"2015-01-29T03:00:00+00:00","author":{"@id":"https:\/\/derechoyreligion-uc.urantiacos.cl\/en\/#\/schema\/person\/6cc7f593e2f49e3b770a06f63b58e3b1"},"breadcrumb":{"@id":"https:\/\/derechoyreligion-uc.urantiacos.cl\/en\/bolivia-protocolo-ministerial-de-bolivia-para-practicar-abortos\/#breadcrumb"},"inLanguage":"en-US","potentialAction":[{"@type":"ReadAction","target":["https:\/\/derechoyreligion-uc.urantiacos.cl\/en\/bolivia-protocolo-ministerial-de-bolivia-para-practicar-abortos\/"]}]},{"@type":"ImageObject","inLanguage":"en-US","@id":"https:\/\/derechoyreligion-uc.urantiacos.cl\/en\/bolivia-protocolo-ministerial-de-bolivia-para-practicar-abortos\/#primaryimage","url":"https:\/\/derechoyreligion-uc.urantiacos.cl\/wp-content\/uploads\/2025\/10\/bandera_bolivia.jpg","contentUrl":"https:\/\/derechoyreligion-uc.urantiacos.cl\/wp-content\/uploads\/2025\/10\/bandera_bolivia.jpg","width":200,"height":136},{"@type":"BreadcrumbList","@id":"https:\/\/derechoyreligion-uc.urantiacos.cl\/en\/bolivia-protocolo-ministerial-de-bolivia-para-practicar-abortos\/#breadcrumb","itemListElement":[{"@type":"ListItem","position":1,"name":"Portada","item":"https:\/\/derechoyreligion-uc.urantiacos.cl\/en\/"},{"@type":"ListItem","position":2,"name":"Bolivia: Protocolo Ministerial de Bolivia para practicar abortos"}]},{"@type":"WebSite","@id":"https:\/\/derechoyreligion-uc.urantiacos.cl\/en\/#website","url":"https:\/\/derechoyreligion-uc.urantiacos.cl\/en\/","name":"Centro UC Derecho y Religi\u00f3n","description":"","potentialAction":[{"@type":"SearchAction","target":{"@type":"EntryPoint","urlTemplate":"https:\/\/derechoyreligion-uc.urantiacos.cl\/en\/?s={search_term_string}"},"query-input":{"@type":"PropertyValueSpecification","valueRequired":true,"valueName":"search_term_string"}}],"inLanguage":"en-US"},{"@type":"Person","@id":"https:\/\/derechoyreligion-uc.urantiacos.cl\/en\/#\/schema\/person\/6cc7f593e2f49e3b770a06f63b58e3b1","name":"manadmin","sameAs":["https:\/\/derechoyreligion-uc.urantiacos.cl"]}]}},"_links":{"self":[{"href":"https:\/\/derechoyreligion-uc.urantiacos.cl\/en\/wp-json\/wp\/v2\/posts\/1445","targetHints":{"allow":["GET"]}}],"collection":[{"href":"https:\/\/derechoyreligion-uc.urantiacos.cl\/en\/wp-json\/wp\/v2\/posts"}],"about":[{"href":"https:\/\/derechoyreligion-uc.urantiacos.cl\/en\/wp-json\/wp\/v2\/types\/post"}],"author":[{"embeddable":true,"href":"https:\/\/derechoyreligion-uc.urantiacos.cl\/en\/wp-json\/wp\/v2\/users\/1"}],"replies":[{"embeddable":true,"href":"https:\/\/derechoyreligion-uc.urantiacos.cl\/en\/wp-json\/wp\/v2\/comments?post=1445"}],"version-history":[{"count":0,"href":"https:\/\/derechoyreligion-uc.urantiacos.cl\/en\/wp-json\/wp\/v2\/posts\/1445\/revisions"}],"wp:featuredmedia":[{"embeddable":true,"href":"https:\/\/derechoyreligion-uc.urantiacos.cl\/en\/wp-json\/wp\/v2\/media\/1576"}],"wp:attachment":[{"href":"https:\/\/derechoyreligion-uc.urantiacos.cl\/en\/wp-json\/wp\/v2\/media?parent=1445"}],"wp:term":[{"taxonomy":"category","embeddable":true,"href":"https:\/\/derechoyreligion-uc.urantiacos.cl\/en\/wp-json\/wp\/v2\/categories?post=1445"},{"taxonomy":"post_tag","embeddable":true,"href":"https:\/\/derechoyreligion-uc.urantiacos.cl\/en\/wp-json\/wp\/v2\/tags?post=1445"}],"curies":[{"name":"wp","href":"https:\/\/api.w.org\/{rel}","templated":true}]}}