
{"id":1440,"date":"2015-11-23T00:00:00","date_gmt":"2015-11-23T03:00:00","guid":{"rendered":"https:\/\/derechoyreligion-uc.urantiacos.cl\/declaracion-de-obispos-del-secretariado-episcopal-de-america-central-sedac-por-la-situacion-de-los-migrantes-cubanos\/"},"modified":"2015-11-23T00:00:00","modified_gmt":"2015-11-23T03:00:00","slug":"declaracion-de-obispos-del-secretariado-episcopal-de-america-central-sedac-por-la-situacion-de-los-migrantes-cubanos","status":"publish","type":"post","link":"https:\/\/derechoyreligion-uc.urantiacos.cl\/en\/declaracion-de-obispos-del-secretariado-episcopal-de-america-central-sedac-por-la-situacion-de-los-migrantes-cubanos\/","title":{"rendered":"Declaraci\u00f3n de Obispos del Secretariado Episcopal de Am\u00e9rica Central (SEDAC) por la situaci\u00f3n de los migrantes cubanos."},"content":{"rendered":"<article>\n<span><br \/>\n<\/span><\/p>\n<p><img decoding=\"async\" alt=\"Sedac\" src=\"https:\/\/derechoyreligion-uc.urantiacos.cl\/wp-content\/uploads\/imagenes\/Sedac.png\"\/><span>En la presente declaraci\u00f3n, se se\u00f1ala la opini\u00f3n de los Obispos de Centro Am\u00e9rica, reunidos en Asamblea Plenaria Ordinaria de fecha 23 de Noviembre del 2015, respecto a la\u00a0&#8220;crisis humanitaria sufrida por unos tres mil migrantes de nacionalidad cubana, quienes permanecen temporalmente en suelo costarricense en espera de poder continuar su traves\u00eda hacia Estados Unidos para acogerse a los beneficios de la Ley de Ajuste Cubano de ese pa\u00eds&#8221;.\u00a0<\/span><\/p>\n<p><strong>Documento:<\/strong>\u00a0 <a href=\"https:\/\/derechoyreligion.uc.cl\/es\/docman\/actualidad\/398-declaracion-de-obispos-del-secretariado-episcopal-de-america-central-sedac-por-la-situacion-de-los-migrantes-cubanos\" target=\"_blank\">Declaraci\u00f3n de Obispos del Secretariado Episcopal de Am\u00e9rica Central (SEDAC) por la situaci\u00f3n de los migrantes cubanos.<\/a><\/p>\n<\/article>\n","protected":false},"excerpt":{"rendered":"<p>En la presente declaraci\u00f3n, se se\u00f1ala la opini\u00f3n de los Obispos de Centro Am\u00e9rica, reunidos en Asamblea Plenaria Ordinaria de fecha 23 de Noviembre del 2015, respecto a la\u00a0&#8220;crisis humanitaria sufrida por unos tres mil migrantes de nacionalidad cubana, quienes permanecen temporalmente en suelo costarricense en espera de poder continuar su traves\u00eda hacia Estados Unidos para acogerse a los beneficios de la Ley de Ajuste Cubano de ese pa\u00eds&#8221;.<\/p>\n","protected":false},"author":1,"featured_media":1571,"comment_status":"","ping_status":"","sticky":false,"template":"","format":"standard","meta":{"_acf_changed":false,"footnotes":""},"categories":[1],"tags":[],"class_list":["post-1440","post","type-post","status-publish","format-standard","has-post-thumbnail","hentry","category-noticias"],"acf":[],"yoast_head":"<!-- This site is optimized with the Yoast SEO plugin v27.1.1 - https:\/\/yoast.com\/product\/yoast-seo-wordpress\/ -->\n<title>Declaraci\u00f3n de Obispos del Secretariado Episcopal de Am\u00e9rica Central (SEDAC) por la situaci\u00f3n de los migrantes cubanos. - Centro UC Derecho y Religi\u00f3n<\/title>\n<meta name=\"robots\" content=\"index, follow, max-snippet:-1, max-image-preview:large, max-video-preview:-1\" \/>\n<link rel=\"canonical\" href=\"https:\/\/derechoyreligion-uc.urantiacos.cl\/en\/declaracion-de-obispos-del-secretariado-episcopal-de-america-central-sedac-por-la-situacion-de-los-migrantes-cubanos\/\" \/>\n<meta property=\"og:locale\" content=\"en_US\" \/>\n<meta property=\"og:type\" content=\"article\" \/>\n<meta property=\"og:title\" content=\"Declaraci\u00f3n de Obispos del Secretariado Episcopal de Am\u00e9rica Central (SEDAC) por la situaci\u00f3n de los migrantes cubanos. - Centro UC Derecho y Religi\u00f3n\" \/>\n<meta property=\"og:description\" content=\"En la presente declaraci\u00f3n, se se\u00f1ala la opini\u00f3n de los Obispos de Centro Am\u00e9rica, reunidos en Asamblea Plenaria Ordinaria de fecha 23 de Noviembre del 2015, respecto a la\u00a0&quot;crisis humanitaria sufrida por unos tres mil migrantes de nacionalidad cubana, quienes permanecen temporalmente en suelo costarricense en espera de poder continuar su traves\u00eda hacia Estados Unidos para acogerse a los beneficios de la Ley de Ajuste Cubano de ese pa\u00eds&quot;.\" \/>\n<meta property=\"og:url\" content=\"https:\/\/derechoyreligion-uc.urantiacos.cl\/en\/declaracion-de-obispos-del-secretariado-episcopal-de-america-central-sedac-por-la-situacion-de-los-migrantes-cubanos\/\" \/>\n<meta property=\"og:site_name\" content=\"Centro UC Derecho y Religi\u00f3n\" \/>\n<meta property=\"article:published_time\" content=\"2015-11-23T03:00:00+00:00\" \/>\n<meta property=\"og:image\" content=\"https:\/\/derechoyreligion-uc.urantiacos.cl\/wp-content\/uploads\/2025\/10\/Sedac.png\" \/>\n\t<meta property=\"og:image:width\" content=\"200\" \/>\n\t<meta property=\"og:image:height\" content=\"129\" \/>\n\t<meta property=\"og:image:type\" content=\"image\/png\" \/>\n<meta name=\"author\" content=\"manadmin\" \/>\n<meta name=\"twitter:card\" content=\"summary_large_image\" \/>\n<meta name=\"twitter:label1\" content=\"Written by\" \/>\n\t<meta name=\"twitter:data1\" content=\"manadmin\" \/>\n<script type=\"application\/ld+json\" class=\"yoast-schema-graph\">{\"@context\":\"https:\/\/schema.org\",\"@graph\":[{\"@type\":\"Article\",\"@id\":\"https:\/\/derechoyreligion-uc.urantiacos.cl\/en\/declaracion-de-obispos-del-secretariado-episcopal-de-america-central-sedac-por-la-situacion-de-los-migrantes-cubanos\/#article\",\"isPartOf\":{\"@id\":\"https:\/\/derechoyreligion-uc.urantiacos.cl\/en\/declaracion-de-obispos-del-secretariado-episcopal-de-america-central-sedac-por-la-situacion-de-los-migrantes-cubanos\/\"},\"author\":{\"name\":\"manadmin\",\"@id\":\"https:\/\/derechoyreligion-uc.urantiacos.cl\/en\/#\/schema\/person\/6cc7f593e2f49e3b770a06f63b58e3b1\"},\"headline\":\"Declaraci\u00f3n de Obispos del Secretariado Episcopal de Am\u00e9rica Central (SEDAC) por la situaci\u00f3n de los migrantes cubanos.\",\"datePublished\":\"2015-11-23T03:00:00+00:00\",\"mainEntityOfPage\":{\"@id\":\"https:\/\/derechoyreligion-uc.urantiacos.cl\/en\/declaracion-de-obispos-del-secretariado-episcopal-de-america-central-sedac-por-la-situacion-de-los-migrantes-cubanos\/\"},\"wordCount\":115,\"image\":{\"@id\":\"https:\/\/derechoyreligion-uc.urantiacos.cl\/en\/declaracion-de-obispos-del-secretariado-episcopal-de-america-central-sedac-por-la-situacion-de-los-migrantes-cubanos\/#primaryimage\"},\"thumbnailUrl\":\"https:\/\/derechoyreligion-uc.urantiacos.cl\/wp-content\/uploads\/2025\/10\/Sedac.png\",\"articleSection\":[\"Noticias\"],\"inLanguage\":\"en-US\"},{\"@type\":\"WebPage\",\"@id\":\"https:\/\/derechoyreligion-uc.urantiacos.cl\/en\/declaracion-de-obispos-del-secretariado-episcopal-de-america-central-sedac-por-la-situacion-de-los-migrantes-cubanos\/\",\"url\":\"https:\/\/derechoyreligion-uc.urantiacos.cl\/en\/declaracion-de-obispos-del-secretariado-episcopal-de-america-central-sedac-por-la-situacion-de-los-migrantes-cubanos\/\",\"name\":\"Declaraci\u00f3n de Obispos del Secretariado Episcopal de Am\u00e9rica Central (SEDAC) por la situaci\u00f3n de los migrantes cubanos. - Centro UC Derecho y Religi\u00f3n\",\"isPartOf\":{\"@id\":\"https:\/\/derechoyreligion-uc.urantiacos.cl\/en\/#website\"},\"primaryImageOfPage\":{\"@id\":\"https:\/\/derechoyreligion-uc.urantiacos.cl\/en\/declaracion-de-obispos-del-secretariado-episcopal-de-america-central-sedac-por-la-situacion-de-los-migrantes-cubanos\/#primaryimage\"},\"image\":{\"@id\":\"https:\/\/derechoyreligion-uc.urantiacos.cl\/en\/declaracion-de-obispos-del-secretariado-episcopal-de-america-central-sedac-por-la-situacion-de-los-migrantes-cubanos\/#primaryimage\"},\"thumbnailUrl\":\"https:\/\/derechoyreligion-uc.urantiacos.cl\/wp-content\/uploads\/2025\/10\/Sedac.png\",\"datePublished\":\"2015-11-23T03:00:00+00:00\",\"author\":{\"@id\":\"https:\/\/derechoyreligion-uc.urantiacos.cl\/en\/#\/schema\/person\/6cc7f593e2f49e3b770a06f63b58e3b1\"},\"breadcrumb\":{\"@id\":\"https:\/\/derechoyreligion-uc.urantiacos.cl\/en\/declaracion-de-obispos-del-secretariado-episcopal-de-america-central-sedac-por-la-situacion-de-los-migrantes-cubanos\/#breadcrumb\"},\"inLanguage\":\"en-US\",\"potentialAction\":[{\"@type\":\"ReadAction\",\"target\":[\"https:\/\/derechoyreligion-uc.urantiacos.cl\/en\/declaracion-de-obispos-del-secretariado-episcopal-de-america-central-sedac-por-la-situacion-de-los-migrantes-cubanos\/\"]}]},{\"@type\":\"ImageObject\",\"inLanguage\":\"en-US\",\"@id\":\"https:\/\/derechoyreligion-uc.urantiacos.cl\/en\/declaracion-de-obispos-del-secretariado-episcopal-de-america-central-sedac-por-la-situacion-de-los-migrantes-cubanos\/#primaryimage\",\"url\":\"https:\/\/derechoyreligion-uc.urantiacos.cl\/wp-content\/uploads\/2025\/10\/Sedac.png\",\"contentUrl\":\"https:\/\/derechoyreligion-uc.urantiacos.cl\/wp-content\/uploads\/2025\/10\/Sedac.png\",\"width\":200,\"height\":129},{\"@type\":\"BreadcrumbList\",\"@id\":\"https:\/\/derechoyreligion-uc.urantiacos.cl\/en\/declaracion-de-obispos-del-secretariado-episcopal-de-america-central-sedac-por-la-situacion-de-los-migrantes-cubanos\/#breadcrumb\",\"itemListElement\":[{\"@type\":\"ListItem\",\"position\":1,\"name\":\"Portada\",\"item\":\"https:\/\/derechoyreligion-uc.urantiacos.cl\/en\/\"},{\"@type\":\"ListItem\",\"position\":2,\"name\":\"Declaraci\u00f3n de Obispos del Secretariado Episcopal de Am\u00e9rica Central (SEDAC) por la situaci\u00f3n de los migrantes cubanos.\"}]},{\"@type\":\"WebSite\",\"@id\":\"https:\/\/derechoyreligion-uc.urantiacos.cl\/en\/#website\",\"url\":\"https:\/\/derechoyreligion-uc.urantiacos.cl\/en\/\",\"name\":\"Centro UC Derecho y Religi\u00f3n\",\"description\":\"\",\"potentialAction\":[{\"@type\":\"SearchAction\",\"target\":{\"@type\":\"EntryPoint\",\"urlTemplate\":\"https:\/\/derechoyreligion-uc.urantiacos.cl\/en\/?s={search_term_string}\"},\"query-input\":{\"@type\":\"PropertyValueSpecification\",\"valueRequired\":true,\"valueName\":\"search_term_string\"}}],\"inLanguage\":\"en-US\"},{\"@type\":\"Person\",\"@id\":\"https:\/\/derechoyreligion-uc.urantiacos.cl\/en\/#\/schema\/person\/6cc7f593e2f49e3b770a06f63b58e3b1\",\"name\":\"manadmin\",\"sameAs\":[\"https:\/\/derechoyreligion-uc.urantiacos.cl\"]}]}<\/script>\n<!-- \/ Yoast SEO plugin. -->","yoast_head_json":{"title":"Declaraci\u00f3n de Obispos del Secretariado Episcopal de Am\u00e9rica Central (SEDAC) por la situaci\u00f3n de los migrantes cubanos. - Centro UC Derecho y Religi\u00f3n","robots":{"index":"index","follow":"follow","max-snippet":"max-snippet:-1","max-image-preview":"max-image-preview:large","max-video-preview":"max-video-preview:-1"},"canonical":"https:\/\/derechoyreligion-uc.urantiacos.cl\/en\/declaracion-de-obispos-del-secretariado-episcopal-de-america-central-sedac-por-la-situacion-de-los-migrantes-cubanos\/","og_locale":"en_US","og_type":"article","og_title":"Declaraci\u00f3n de Obispos del Secretariado Episcopal de Am\u00e9rica Central (SEDAC) por la situaci\u00f3n de los migrantes cubanos. - Centro UC Derecho y Religi\u00f3n","og_description":"En la presente declaraci\u00f3n, se se\u00f1ala la opini\u00f3n de los Obispos de Centro Am\u00e9rica, reunidos en Asamblea Plenaria Ordinaria de fecha 23 de Noviembre del 2015, respecto a la\u00a0\"crisis humanitaria sufrida por unos tres mil migrantes de nacionalidad cubana, quienes permanecen temporalmente en suelo costarricense en espera de poder continuar su traves\u00eda hacia Estados Unidos para acogerse a los beneficios de la Ley de Ajuste Cubano de ese pa\u00eds\".","og_url":"https:\/\/derechoyreligion-uc.urantiacos.cl\/en\/declaracion-de-obispos-del-secretariado-episcopal-de-america-central-sedac-por-la-situacion-de-los-migrantes-cubanos\/","og_site_name":"Centro UC Derecho y Religi\u00f3n","article_published_time":"2015-11-23T03:00:00+00:00","og_image":[{"width":200,"height":129,"url":"https:\/\/derechoyreligion-uc.urantiacos.cl\/wp-content\/uploads\/2025\/10\/Sedac.png","type":"image\/png"}],"author":"manadmin","twitter_card":"summary_large_image","twitter_misc":{"Written by":"manadmin"},"schema":{"@context":"https:\/\/schema.org","@graph":[{"@type":"Article","@id":"https:\/\/derechoyreligion-uc.urantiacos.cl\/en\/declaracion-de-obispos-del-secretariado-episcopal-de-america-central-sedac-por-la-situacion-de-los-migrantes-cubanos\/#article","isPartOf":{"@id":"https:\/\/derechoyreligion-uc.urantiacos.cl\/en\/declaracion-de-obispos-del-secretariado-episcopal-de-america-central-sedac-por-la-situacion-de-los-migrantes-cubanos\/"},"author":{"name":"manadmin","@id":"https:\/\/derechoyreligion-uc.urantiacos.cl\/en\/#\/schema\/person\/6cc7f593e2f49e3b770a06f63b58e3b1"},"headline":"Declaraci\u00f3n de Obispos del Secretariado Episcopal de Am\u00e9rica Central (SEDAC) por la situaci\u00f3n de los migrantes cubanos.","datePublished":"2015-11-23T03:00:00+00:00","mainEntityOfPage":{"@id":"https:\/\/derechoyreligion-uc.urantiacos.cl\/en\/declaracion-de-obispos-del-secretariado-episcopal-de-america-central-sedac-por-la-situacion-de-los-migrantes-cubanos\/"},"wordCount":115,"image":{"@id":"https:\/\/derechoyreligion-uc.urantiacos.cl\/en\/declaracion-de-obispos-del-secretariado-episcopal-de-america-central-sedac-por-la-situacion-de-los-migrantes-cubanos\/#primaryimage"},"thumbnailUrl":"https:\/\/derechoyreligion-uc.urantiacos.cl\/wp-content\/uploads\/2025\/10\/Sedac.png","articleSection":["Noticias"],"inLanguage":"en-US"},{"@type":"WebPage","@id":"https:\/\/derechoyreligion-uc.urantiacos.cl\/en\/declaracion-de-obispos-del-secretariado-episcopal-de-america-central-sedac-por-la-situacion-de-los-migrantes-cubanos\/","url":"https:\/\/derechoyreligion-uc.urantiacos.cl\/en\/declaracion-de-obispos-del-secretariado-episcopal-de-america-central-sedac-por-la-situacion-de-los-migrantes-cubanos\/","name":"Declaraci\u00f3n de Obispos del Secretariado Episcopal de Am\u00e9rica Central (SEDAC) por la situaci\u00f3n de los migrantes cubanos. - Centro UC Derecho y Religi\u00f3n","isPartOf":{"@id":"https:\/\/derechoyreligion-uc.urantiacos.cl\/en\/#website"},"primaryImageOfPage":{"@id":"https:\/\/derechoyreligion-uc.urantiacos.cl\/en\/declaracion-de-obispos-del-secretariado-episcopal-de-america-central-sedac-por-la-situacion-de-los-migrantes-cubanos\/#primaryimage"},"image":{"@id":"https:\/\/derechoyreligion-uc.urantiacos.cl\/en\/declaracion-de-obispos-del-secretariado-episcopal-de-america-central-sedac-por-la-situacion-de-los-migrantes-cubanos\/#primaryimage"},"thumbnailUrl":"https:\/\/derechoyreligion-uc.urantiacos.cl\/wp-content\/uploads\/2025\/10\/Sedac.png","datePublished":"2015-11-23T03:00:00+00:00","author":{"@id":"https:\/\/derechoyreligion-uc.urantiacos.cl\/en\/#\/schema\/person\/6cc7f593e2f49e3b770a06f63b58e3b1"},"breadcrumb":{"@id":"https:\/\/derechoyreligion-uc.urantiacos.cl\/en\/declaracion-de-obispos-del-secretariado-episcopal-de-america-central-sedac-por-la-situacion-de-los-migrantes-cubanos\/#breadcrumb"},"inLanguage":"en-US","potentialAction":[{"@type":"ReadAction","target":["https:\/\/derechoyreligion-uc.urantiacos.cl\/en\/declaracion-de-obispos-del-secretariado-episcopal-de-america-central-sedac-por-la-situacion-de-los-migrantes-cubanos\/"]}]},{"@type":"ImageObject","inLanguage":"en-US","@id":"https:\/\/derechoyreligion-uc.urantiacos.cl\/en\/declaracion-de-obispos-del-secretariado-episcopal-de-america-central-sedac-por-la-situacion-de-los-migrantes-cubanos\/#primaryimage","url":"https:\/\/derechoyreligion-uc.urantiacos.cl\/wp-content\/uploads\/2025\/10\/Sedac.png","contentUrl":"https:\/\/derechoyreligion-uc.urantiacos.cl\/wp-content\/uploads\/2025\/10\/Sedac.png","width":200,"height":129},{"@type":"BreadcrumbList","@id":"https:\/\/derechoyreligion-uc.urantiacos.cl\/en\/declaracion-de-obispos-del-secretariado-episcopal-de-america-central-sedac-por-la-situacion-de-los-migrantes-cubanos\/#breadcrumb","itemListElement":[{"@type":"ListItem","position":1,"name":"Portada","item":"https:\/\/derechoyreligion-uc.urantiacos.cl\/en\/"},{"@type":"ListItem","position":2,"name":"Declaraci\u00f3n de Obispos del Secretariado Episcopal de Am\u00e9rica Central (SEDAC) por la situaci\u00f3n de los migrantes cubanos."}]},{"@type":"WebSite","@id":"https:\/\/derechoyreligion-uc.urantiacos.cl\/en\/#website","url":"https:\/\/derechoyreligion-uc.urantiacos.cl\/en\/","name":"Centro UC Derecho y Religi\u00f3n","description":"","potentialAction":[{"@type":"SearchAction","target":{"@type":"EntryPoint","urlTemplate":"https:\/\/derechoyreligion-uc.urantiacos.cl\/en\/?s={search_term_string}"},"query-input":{"@type":"PropertyValueSpecification","valueRequired":true,"valueName":"search_term_string"}}],"inLanguage":"en-US"},{"@type":"Person","@id":"https:\/\/derechoyreligion-uc.urantiacos.cl\/en\/#\/schema\/person\/6cc7f593e2f49e3b770a06f63b58e3b1","name":"manadmin","sameAs":["https:\/\/derechoyreligion-uc.urantiacos.cl"]}]}},"_links":{"self":[{"href":"https:\/\/derechoyreligion-uc.urantiacos.cl\/en\/wp-json\/wp\/v2\/posts\/1440","targetHints":{"allow":["GET"]}}],"collection":[{"href":"https:\/\/derechoyreligion-uc.urantiacos.cl\/en\/wp-json\/wp\/v2\/posts"}],"about":[{"href":"https:\/\/derechoyreligion-uc.urantiacos.cl\/en\/wp-json\/wp\/v2\/types\/post"}],"author":[{"embeddable":true,"href":"https:\/\/derechoyreligion-uc.urantiacos.cl\/en\/wp-json\/wp\/v2\/users\/1"}],"replies":[{"embeddable":true,"href":"https:\/\/derechoyreligion-uc.urantiacos.cl\/en\/wp-json\/wp\/v2\/comments?post=1440"}],"version-history":[{"count":0,"href":"https:\/\/derechoyreligion-uc.urantiacos.cl\/en\/wp-json\/wp\/v2\/posts\/1440\/revisions"}],"wp:featuredmedia":[{"embeddable":true,"href":"https:\/\/derechoyreligion-uc.urantiacos.cl\/en\/wp-json\/wp\/v2\/media\/1571"}],"wp:attachment":[{"href":"https:\/\/derechoyreligion-uc.urantiacos.cl\/en\/wp-json\/wp\/v2\/media?parent=1440"}],"wp:term":[{"taxonomy":"category","embeddable":true,"href":"https:\/\/derechoyreligion-uc.urantiacos.cl\/en\/wp-json\/wp\/v2\/categories?post=1440"},{"taxonomy":"post_tag","embeddable":true,"href":"https:\/\/derechoyreligion-uc.urantiacos.cl\/en\/wp-json\/wp\/v2\/tags?post=1440"}],"curies":[{"name":"wp","href":"https:\/\/api.w.org\/{rel}","templated":true}]}}