
{"id":1438,"date":"2016-04-14T00:00:00","date_gmt":"2016-04-14T03:00:00","guid":{"rendered":"https:\/\/derechoyreligion-uc.urantiacos.cl\/congreso-religiones-y-espacio-publico\/"},"modified":"2016-04-14T00:00:00","modified_gmt":"2016-04-14T03:00:00","slug":"congreso-religiones-y-espacio-publico","status":"publish","type":"post","link":"https:\/\/derechoyreligion-uc.urantiacos.cl\/en\/congreso-religiones-y-espacio-publico\/","title":{"rendered":"Congreso Religiones y Espacio P\u00fablico"},"content":{"rendered":"<article>\n<span><br \/>\n<\/span><\/p>\n<p><span>I<span>nformamos que el Centro UC Estudios de la Religi\u00f3n, asociado a nuestro Centro, est\u00e1 organizando el <strong>Primer Congreso Internacional de Estudios de la Religi\u00f3n<\/strong> cuyo tema ser\u00e1 <strong>Las Religiones y el \u00c1mbito P\u00fablico<\/strong><\/span><\/span><span><strong>\u00a0<\/strong><\/span><\/p>\n<p><span>Esta actividad se desarrollar\u00e1 del 11 al 13 de Octubre de 2016 en la\u00a0Pontificia Universidad Cat\u00f3lica de Chile.<\/span><\/p>\n<p>\u00a0<\/p>\n<p><span>Para m\u00e1s informaci\u00f3n:<\/span><\/p>\n<p><span>Descargar PDF\u00a0<span> <a href=\"https:\/\/derechoyreligion.uc.cl\/es\/docman\/actualidad\/803-congreso-religiones-y-espacio-publico\" target=\"_blank\"><span>Congreso Religiones y Espacio P\u00fablico<\/span><\/a><\/span><\/span><\/p>\n<p><span><br \/><span>o bien contactarse a:<\/span><\/span><\/p>\n<p><span><span>Esta direcci\u00f3n de correo electr\u00f3nico est\u00e1 siendo protegida contra los robots de spam. Necesita tener JavaScript habilitado para poder verlo.<\/span><\/span><\/p>\n<p><span><a href=\"http:\/\/www.cer.uc.cl\">www.cer.uc.cl<\/a><a href=\"http:\/\/www.cer.uc.cl\" target=\"_blank\"><\/a><\/span><\/p>\n<p>\u00a0<\/p>\n<p>\u00a0<\/p>\n<\/article>\n","protected":false},"excerpt":{"rendered":"<p>Informamos que el Centro UC Estudios de la Religi\u00f3n, asociado a nuestro Centro, est\u00e1 organizando elPrimer Congreso Internacional de Estudios de la Religi\u00f3ncuyo tema ser\u00e1Las Religiones y el \u00c1mbito P\u00fablico<\/p>\n","protected":false},"author":1,"featured_media":0,"comment_status":"","ping_status":"","sticky":false,"template":"","format":"standard","meta":{"_acf_changed":false,"footnotes":""},"categories":[1],"tags":[],"class_list":["post-1438","post","type-post","status-publish","format-standard","hentry","category-noticias"],"acf":[],"yoast_head":"<!-- This site is optimized with the Yoast SEO plugin v27.1.1 - https:\/\/yoast.com\/product\/yoast-seo-wordpress\/ -->\n<title>Congreso Religiones y Espacio P\u00fablico - Centro UC Derecho y Religi\u00f3n<\/title>\n<meta name=\"robots\" content=\"index, follow, max-snippet:-1, max-image-preview:large, max-video-preview:-1\" \/>\n<link rel=\"canonical\" href=\"https:\/\/derechoyreligion-uc.urantiacos.cl\/en\/congreso-religiones-y-espacio-publico\/\" \/>\n<meta property=\"og:locale\" content=\"en_US\" \/>\n<meta property=\"og:type\" content=\"article\" \/>\n<meta property=\"og:title\" content=\"Congreso Religiones y Espacio P\u00fablico - Centro UC Derecho y Religi\u00f3n\" \/>\n<meta property=\"og:description\" content=\"Informamos que el Centro UC Estudios de la Religi\u00f3n, asociado a nuestro Centro, est\u00e1 organizando elPrimer Congreso Internacional de Estudios de la Religi\u00f3ncuyo tema ser\u00e1Las Religiones y el \u00c1mbito P\u00fablico\" \/>\n<meta property=\"og:url\" content=\"https:\/\/derechoyreligion-uc.urantiacos.cl\/en\/congreso-religiones-y-espacio-publico\/\" \/>\n<meta property=\"og:site_name\" content=\"Centro UC Derecho y Religi\u00f3n\" \/>\n<meta property=\"article:published_time\" content=\"2016-04-14T03:00:00+00:00\" \/>\n<meta name=\"author\" content=\"manadmin\" \/>\n<meta name=\"twitter:card\" content=\"summary_large_image\" \/>\n<meta name=\"twitter:label1\" content=\"Written by\" \/>\n\t<meta name=\"twitter:data1\" content=\"manadmin\" \/>\n<script type=\"application\/ld+json\" class=\"yoast-schema-graph\">{\"@context\":\"https:\/\/schema.org\",\"@graph\":[{\"@type\":\"Article\",\"@id\":\"https:\/\/derechoyreligion-uc.urantiacos.cl\/en\/congreso-religiones-y-espacio-publico\/#article\",\"isPartOf\":{\"@id\":\"https:\/\/derechoyreligion-uc.urantiacos.cl\/en\/congreso-religiones-y-espacio-publico\/\"},\"author\":{\"name\":\"manadmin\",\"@id\":\"https:\/\/derechoyreligion-uc.urantiacos.cl\/en\/#\/schema\/person\/6cc7f593e2f49e3b770a06f63b58e3b1\"},\"headline\":\"Congreso Religiones y Espacio P\u00fablico\",\"datePublished\":\"2016-04-14T03:00:00+00:00\",\"mainEntityOfPage\":{\"@id\":\"https:\/\/derechoyreligion-uc.urantiacos.cl\/en\/congreso-religiones-y-espacio-publico\/\"},\"wordCount\":102,\"articleSection\":[\"Noticias\"],\"inLanguage\":\"en-US\"},{\"@type\":\"WebPage\",\"@id\":\"https:\/\/derechoyreligion-uc.urantiacos.cl\/en\/congreso-religiones-y-espacio-publico\/\",\"url\":\"https:\/\/derechoyreligion-uc.urantiacos.cl\/en\/congreso-religiones-y-espacio-publico\/\",\"name\":\"Congreso Religiones y Espacio P\u00fablico - Centro UC Derecho y Religi\u00f3n\",\"isPartOf\":{\"@id\":\"https:\/\/derechoyreligion-uc.urantiacos.cl\/en\/#website\"},\"datePublished\":\"2016-04-14T03:00:00+00:00\",\"author\":{\"@id\":\"https:\/\/derechoyreligion-uc.urantiacos.cl\/en\/#\/schema\/person\/6cc7f593e2f49e3b770a06f63b58e3b1\"},\"breadcrumb\":{\"@id\":\"https:\/\/derechoyreligion-uc.urantiacos.cl\/en\/congreso-religiones-y-espacio-publico\/#breadcrumb\"},\"inLanguage\":\"en-US\",\"potentialAction\":[{\"@type\":\"ReadAction\",\"target\":[\"https:\/\/derechoyreligion-uc.urantiacos.cl\/en\/congreso-religiones-y-espacio-publico\/\"]}]},{\"@type\":\"BreadcrumbList\",\"@id\":\"https:\/\/derechoyreligion-uc.urantiacos.cl\/en\/congreso-religiones-y-espacio-publico\/#breadcrumb\",\"itemListElement\":[{\"@type\":\"ListItem\",\"position\":1,\"name\":\"Portada\",\"item\":\"https:\/\/derechoyreligion-uc.urantiacos.cl\/en\/\"},{\"@type\":\"ListItem\",\"position\":2,\"name\":\"Congreso Religiones y Espacio P\u00fablico\"}]},{\"@type\":\"WebSite\",\"@id\":\"https:\/\/derechoyreligion-uc.urantiacos.cl\/en\/#website\",\"url\":\"https:\/\/derechoyreligion-uc.urantiacos.cl\/en\/\",\"name\":\"Centro UC Derecho y Religi\u00f3n\",\"description\":\"\",\"potentialAction\":[{\"@type\":\"SearchAction\",\"target\":{\"@type\":\"EntryPoint\",\"urlTemplate\":\"https:\/\/derechoyreligion-uc.urantiacos.cl\/en\/?s={search_term_string}\"},\"query-input\":{\"@type\":\"PropertyValueSpecification\",\"valueRequired\":true,\"valueName\":\"search_term_string\"}}],\"inLanguage\":\"en-US\"},{\"@type\":\"Person\",\"@id\":\"https:\/\/derechoyreligion-uc.urantiacos.cl\/en\/#\/schema\/person\/6cc7f593e2f49e3b770a06f63b58e3b1\",\"name\":\"manadmin\",\"sameAs\":[\"https:\/\/derechoyreligion-uc.urantiacos.cl\"]}]}<\/script>\n<!-- \/ Yoast SEO plugin. -->","yoast_head_json":{"title":"Congreso Religiones y Espacio P\u00fablico - Centro UC Derecho y Religi\u00f3n","robots":{"index":"index","follow":"follow","max-snippet":"max-snippet:-1","max-image-preview":"max-image-preview:large","max-video-preview":"max-video-preview:-1"},"canonical":"https:\/\/derechoyreligion-uc.urantiacos.cl\/en\/congreso-religiones-y-espacio-publico\/","og_locale":"en_US","og_type":"article","og_title":"Congreso Religiones y Espacio P\u00fablico - Centro UC Derecho y Religi\u00f3n","og_description":"Informamos que el Centro UC Estudios de la Religi\u00f3n, asociado a nuestro Centro, est\u00e1 organizando elPrimer Congreso Internacional de Estudios de la Religi\u00f3ncuyo tema ser\u00e1Las Religiones y el \u00c1mbito P\u00fablico","og_url":"https:\/\/derechoyreligion-uc.urantiacos.cl\/en\/congreso-religiones-y-espacio-publico\/","og_site_name":"Centro UC Derecho y Religi\u00f3n","article_published_time":"2016-04-14T03:00:00+00:00","author":"manadmin","twitter_card":"summary_large_image","twitter_misc":{"Written by":"manadmin"},"schema":{"@context":"https:\/\/schema.org","@graph":[{"@type":"Article","@id":"https:\/\/derechoyreligion-uc.urantiacos.cl\/en\/congreso-religiones-y-espacio-publico\/#article","isPartOf":{"@id":"https:\/\/derechoyreligion-uc.urantiacos.cl\/en\/congreso-religiones-y-espacio-publico\/"},"author":{"name":"manadmin","@id":"https:\/\/derechoyreligion-uc.urantiacos.cl\/en\/#\/schema\/person\/6cc7f593e2f49e3b770a06f63b58e3b1"},"headline":"Congreso Religiones y Espacio P\u00fablico","datePublished":"2016-04-14T03:00:00+00:00","mainEntityOfPage":{"@id":"https:\/\/derechoyreligion-uc.urantiacos.cl\/en\/congreso-religiones-y-espacio-publico\/"},"wordCount":102,"articleSection":["Noticias"],"inLanguage":"en-US"},{"@type":"WebPage","@id":"https:\/\/derechoyreligion-uc.urantiacos.cl\/en\/congreso-religiones-y-espacio-publico\/","url":"https:\/\/derechoyreligion-uc.urantiacos.cl\/en\/congreso-religiones-y-espacio-publico\/","name":"Congreso Religiones y Espacio P\u00fablico - Centro UC Derecho y Religi\u00f3n","isPartOf":{"@id":"https:\/\/derechoyreligion-uc.urantiacos.cl\/en\/#website"},"datePublished":"2016-04-14T03:00:00+00:00","author":{"@id":"https:\/\/derechoyreligion-uc.urantiacos.cl\/en\/#\/schema\/person\/6cc7f593e2f49e3b770a06f63b58e3b1"},"breadcrumb":{"@id":"https:\/\/derechoyreligion-uc.urantiacos.cl\/en\/congreso-religiones-y-espacio-publico\/#breadcrumb"},"inLanguage":"en-US","potentialAction":[{"@type":"ReadAction","target":["https:\/\/derechoyreligion-uc.urantiacos.cl\/en\/congreso-religiones-y-espacio-publico\/"]}]},{"@type":"BreadcrumbList","@id":"https:\/\/derechoyreligion-uc.urantiacos.cl\/en\/congreso-religiones-y-espacio-publico\/#breadcrumb","itemListElement":[{"@type":"ListItem","position":1,"name":"Portada","item":"https:\/\/derechoyreligion-uc.urantiacos.cl\/en\/"},{"@type":"ListItem","position":2,"name":"Congreso Religiones y Espacio P\u00fablico"}]},{"@type":"WebSite","@id":"https:\/\/derechoyreligion-uc.urantiacos.cl\/en\/#website","url":"https:\/\/derechoyreligion-uc.urantiacos.cl\/en\/","name":"Centro UC Derecho y Religi\u00f3n","description":"","potentialAction":[{"@type":"SearchAction","target":{"@type":"EntryPoint","urlTemplate":"https:\/\/derechoyreligion-uc.urantiacos.cl\/en\/?s={search_term_string}"},"query-input":{"@type":"PropertyValueSpecification","valueRequired":true,"valueName":"search_term_string"}}],"inLanguage":"en-US"},{"@type":"Person","@id":"https:\/\/derechoyreligion-uc.urantiacos.cl\/en\/#\/schema\/person\/6cc7f593e2f49e3b770a06f63b58e3b1","name":"manadmin","sameAs":["https:\/\/derechoyreligion-uc.urantiacos.cl"]}]}},"_links":{"self":[{"href":"https:\/\/derechoyreligion-uc.urantiacos.cl\/en\/wp-json\/wp\/v2\/posts\/1438","targetHints":{"allow":["GET"]}}],"collection":[{"href":"https:\/\/derechoyreligion-uc.urantiacos.cl\/en\/wp-json\/wp\/v2\/posts"}],"about":[{"href":"https:\/\/derechoyreligion-uc.urantiacos.cl\/en\/wp-json\/wp\/v2\/types\/post"}],"author":[{"embeddable":true,"href":"https:\/\/derechoyreligion-uc.urantiacos.cl\/en\/wp-json\/wp\/v2\/users\/1"}],"replies":[{"embeddable":true,"href":"https:\/\/derechoyreligion-uc.urantiacos.cl\/en\/wp-json\/wp\/v2\/comments?post=1438"}],"version-history":[{"count":0,"href":"https:\/\/derechoyreligion-uc.urantiacos.cl\/en\/wp-json\/wp\/v2\/posts\/1438\/revisions"}],"wp:attachment":[{"href":"https:\/\/derechoyreligion-uc.urantiacos.cl\/en\/wp-json\/wp\/v2\/media?parent=1438"}],"wp:term":[{"taxonomy":"category","embeddable":true,"href":"https:\/\/derechoyreligion-uc.urantiacos.cl\/en\/wp-json\/wp\/v2\/categories?post=1438"},{"taxonomy":"post_tag","embeddable":true,"href":"https:\/\/derechoyreligion-uc.urantiacos.cl\/en\/wp-json\/wp\/v2\/tags?post=1438"}],"curies":[{"name":"wp","href":"https:\/\/api.w.org\/{rel}","templated":true}]}}