
{"id":1437,"date":"2016-05-13T00:00:00","date_gmt":"2016-05-13T03:00:00","guid":{"rendered":"https:\/\/derechoyreligion-uc.urantiacos.cl\/invitacion-a-seminario-lo-catolico-lo-publico-y-la-constitucion\/"},"modified":"2016-05-13T00:00:00","modified_gmt":"2016-05-13T03:00:00","slug":"invitacion-a-seminario-lo-catolico-lo-publico-y-la-constitucion","status":"publish","type":"post","link":"https:\/\/derechoyreligion-uc.urantiacos.cl\/en\/invitacion-a-seminario-lo-catolico-lo-publico-y-la-constitucion\/","title":{"rendered":"Invitaci\u00f3n a Seminario &#8220;LO CAT\u00d3LICO, LO P\u00daBLICO Y LA CONSTITUCI\u00d3N&#8221;"},"content":{"rendered":"<article>\n<span><br \/>\n<\/span><\/p>\n<p>El d\u00eda mi\u00e9rcoles 18 de mayo de 2016, se realizar\u00e1 el seminario : <strong>&#8220;Lo cat\u00f3lico, lo p\u00fablico y la Constituci\u00f3n&#8221;<\/strong>.<\/p>\n<p>Esta actividad se llevar\u00e1 a cabo \u00a0a las 8.30 horas,\u00a0en el Aula Magna Manuel Jos\u00e9 Irarr\u00e1zaval,\u00a0ubicado en Avenida Libertador Bernardo O\u2019Higgins 340, primer\u00a0piso.<\/p>\n<p><img decoding=\"async\" alt=\"Seminario Lo Cat\u00f3lico lo p\u00fablico y la Constituci\u00f3n pic\" src=\"https:\/\/derechoyreligion-uc.urantiacos.cl\/wp-content\/uploads\/imagenes\/Seminario_Lo_Cat\u00f3lico_lo_p\u00fablico_y_la_Constituci\u00f3n_pic.jpg\"\/><\/p>\n<p>\u00a0<\/p>\n<p>Puede descargar la invitaci\u00f3n aqu\u00ed:\u00a0 <a href=\"https:\/\/derechoyreligion.uc.cl\/es\/docman\/actualidad\/931-seminario-qlo-catolico-lo-publico-y-la-constitucionq\" target=\"_blank\">Seminario &#8220;Lo cat\u00f3lico, lo p\u00fablico y la constituci\u00f3n&#8221;<\/a><\/p>\n<p>Para m\u00e1s informaci\u00f3n:\u00a0<a href=\"http:\/\/agenda.uc.cl\/2016\/05\/18\/seminario-lo-catolico-lo-publico-y-la-constitucion\/\">http:\/\/agenda.uc.cl\/2016\/05\/18\/seminario-lo-catolico-lo-publico-y-la-constitucion\/<\/a><a href=\"http:\/\/agenda.uc.cl\/2016\/05\/18\/seminario-lo-catolico-lo-publico-y-la-constitucion\/\"><\/a><\/p>\n<p>\u00a0<\/p>\n<p><span><strong>PROGRAMA<\/strong><\/span><\/p>\n<p><span><strong>8:30<\/strong>\u00a0horas<\/span><\/p>\n<p><span>Saludo de bienvenida del Rector Ignacio S\u00e1nchez y del Arzobispo de\u00a0Santiago, Cardenal Ricardo Ezzati<\/span><\/p>\n<p><span><strong><br \/>9:00-10:00<\/strong>\u00a0horas<\/span><\/p>\n<p><span>Primer Panel:\u00a0<em>\u201c\u00bfQu\u00e9 espacio tiene lo religioso y lo espiritual\u00a0en una constituci\u00f3n\u201d<\/em>.\u00a0<\/span><\/p>\n<p><span>Invitadas:\u00a0<strong>Ana Mar\u00eda Celis<\/strong>\u00a0(Facultad de Derecho) y\u00a0<strong>Sol Serrano<\/strong>\u00a0(Vicerrectora de Investigaci\u00f3n).\u00a0<\/span><br \/><span>Modera:\u00a0<strong>Rodrigo Mardones<\/strong>\u00a0(Facultad de Historia, Geograf\u00eda y Ciencia Pol\u00edtica)<\/span><\/p>\n<p><span><strong>10:00-11:00<\/strong>\u00a0horas<\/span><\/p>\n<p><span>Segundo Panel:\u00a0<em>Desde una mirada cat\u00f3lica, \u00bfqu\u00e9 principios\u00a0deben estar presentes en una constituci\u00f3n?.<\/em>\u00a0<\/span><\/p>\n<p><span>Invitados:\u00a0<strong>Patricio Zapata<\/strong>\u00a0(Facultad de Derecho) y\u00a0<strong>Miguel Angel Fern\u00e1ndez<\/strong>\u00a0(Facultad de Derecho).<\/span><\/p>\n<p><span>Modera:\u00a0<strong>Sebasti\u00e1n Z\u00e1rate<\/strong>\u00a0(Facultad de Derecho).<\/span><\/p>\n<p><span><strong>11:00-11:30 horas<\/strong><\/span><\/p>\n<p><span>Caf\u00e9<\/span><\/p>\n<\/article>\n","protected":false},"excerpt":{"rendered":"<p>El d\u00eda mi\u00e9rcoles 18 de mayo de 2016, se realizar\u00e1 el seminario :&#8221;Lo cat\u00f3lico, lo p\u00fablico y la Constituci\u00f3n&#8221;.<\/p>\n","protected":false},"author":1,"featured_media":0,"comment_status":"","ping_status":"","sticky":false,"template":"","format":"standard","meta":{"_acf_changed":false,"footnotes":""},"categories":[1],"tags":[],"class_list":["post-1437","post","type-post","status-publish","format-standard","hentry","category-noticias"],"acf":[],"yoast_head":"<!-- This site is optimized with the Yoast SEO plugin v27.1.1 - https:\/\/yoast.com\/product\/yoast-seo-wordpress\/ -->\n<title>Invitaci\u00f3n a Seminario &quot;LO CAT\u00d3LICO, LO P\u00daBLICO Y LA CONSTITUCI\u00d3N&quot; - Centro UC Derecho y Religi\u00f3n<\/title>\n<meta name=\"robots\" content=\"index, follow, max-snippet:-1, max-image-preview:large, max-video-preview:-1\" \/>\n<link rel=\"canonical\" href=\"https:\/\/derechoyreligion-uc.urantiacos.cl\/en\/invitacion-a-seminario-lo-catolico-lo-publico-y-la-constitucion\/\" \/>\n<meta property=\"og:locale\" content=\"en_US\" \/>\n<meta property=\"og:type\" content=\"article\" \/>\n<meta property=\"og:title\" content=\"Invitaci\u00f3n a Seminario &quot;LO CAT\u00d3LICO, LO P\u00daBLICO Y LA CONSTITUCI\u00d3N&quot; - Centro UC Derecho y Religi\u00f3n\" \/>\n<meta property=\"og:description\" content=\"El d\u00eda mi\u00e9rcoles 18 de mayo de 2016, se realizar\u00e1 el seminario :&quot;Lo cat\u00f3lico, lo p\u00fablico y la Constituci\u00f3n&quot;.\" \/>\n<meta property=\"og:url\" content=\"https:\/\/derechoyreligion-uc.urantiacos.cl\/en\/invitacion-a-seminario-lo-catolico-lo-publico-y-la-constitucion\/\" \/>\n<meta property=\"og:site_name\" content=\"Centro UC Derecho y Religi\u00f3n\" \/>\n<meta property=\"article:published_time\" content=\"2016-05-13T03:00:00+00:00\" \/>\n<meta name=\"author\" content=\"manadmin\" \/>\n<meta name=\"twitter:card\" content=\"summary_large_image\" \/>\n<meta name=\"twitter:label1\" content=\"Written by\" \/>\n\t<meta name=\"twitter:data1\" content=\"manadmin\" \/>\n\t<meta name=\"twitter:label2\" content=\"Est. reading time\" \/>\n\t<meta name=\"twitter:data2\" content=\"1 minute\" \/>\n<script type=\"application\/ld+json\" class=\"yoast-schema-graph\">{\"@context\":\"https:\/\/schema.org\",\"@graph\":[{\"@type\":\"Article\",\"@id\":\"https:\/\/derechoyreligion-uc.urantiacos.cl\/en\/invitacion-a-seminario-lo-catolico-lo-publico-y-la-constitucion\/#article\",\"isPartOf\":{\"@id\":\"https:\/\/derechoyreligion-uc.urantiacos.cl\/en\/invitacion-a-seminario-lo-catolico-lo-publico-y-la-constitucion\/\"},\"author\":{\"name\":\"manadmin\",\"@id\":\"https:\/\/derechoyreligion-uc.urantiacos.cl\/en\/#\/schema\/person\/6cc7f593e2f49e3b770a06f63b58e3b1\"},\"headline\":\"Invitaci\u00f3n a Seminario &#8220;LO CAT\u00d3LICO, LO P\u00daBLICO Y LA CONSTITUCI\u00d3N&#8221;\",\"datePublished\":\"2016-05-13T03:00:00+00:00\",\"mainEntityOfPage\":{\"@id\":\"https:\/\/derechoyreligion-uc.urantiacos.cl\/en\/invitacion-a-seminario-lo-catolico-lo-publico-y-la-constitucion\/\"},\"wordCount\":193,\"articleSection\":[\"Noticias\"],\"inLanguage\":\"en-US\"},{\"@type\":\"WebPage\",\"@id\":\"https:\/\/derechoyreligion-uc.urantiacos.cl\/en\/invitacion-a-seminario-lo-catolico-lo-publico-y-la-constitucion\/\",\"url\":\"https:\/\/derechoyreligion-uc.urantiacos.cl\/en\/invitacion-a-seminario-lo-catolico-lo-publico-y-la-constitucion\/\",\"name\":\"Invitaci\u00f3n a Seminario \\\"LO CAT\u00d3LICO, LO P\u00daBLICO Y LA CONSTITUCI\u00d3N\\\" - Centro UC Derecho y Religi\u00f3n\",\"isPartOf\":{\"@id\":\"https:\/\/derechoyreligion-uc.urantiacos.cl\/en\/#website\"},\"datePublished\":\"2016-05-13T03:00:00+00:00\",\"author\":{\"@id\":\"https:\/\/derechoyreligion-uc.urantiacos.cl\/en\/#\/schema\/person\/6cc7f593e2f49e3b770a06f63b58e3b1\"},\"breadcrumb\":{\"@id\":\"https:\/\/derechoyreligion-uc.urantiacos.cl\/en\/invitacion-a-seminario-lo-catolico-lo-publico-y-la-constitucion\/#breadcrumb\"},\"inLanguage\":\"en-US\",\"potentialAction\":[{\"@type\":\"ReadAction\",\"target\":[\"https:\/\/derechoyreligion-uc.urantiacos.cl\/en\/invitacion-a-seminario-lo-catolico-lo-publico-y-la-constitucion\/\"]}]},{\"@type\":\"BreadcrumbList\",\"@id\":\"https:\/\/derechoyreligion-uc.urantiacos.cl\/en\/invitacion-a-seminario-lo-catolico-lo-publico-y-la-constitucion\/#breadcrumb\",\"itemListElement\":[{\"@type\":\"ListItem\",\"position\":1,\"name\":\"Portada\",\"item\":\"https:\/\/derechoyreligion-uc.urantiacos.cl\/en\/\"},{\"@type\":\"ListItem\",\"position\":2,\"name\":\"Invitaci\u00f3n a Seminario &#8220;LO CAT\u00d3LICO, LO P\u00daBLICO Y LA CONSTITUCI\u00d3N&#8221;\"}]},{\"@type\":\"WebSite\",\"@id\":\"https:\/\/derechoyreligion-uc.urantiacos.cl\/en\/#website\",\"url\":\"https:\/\/derechoyreligion-uc.urantiacos.cl\/en\/\",\"name\":\"Centro UC Derecho y Religi\u00f3n\",\"description\":\"\",\"potentialAction\":[{\"@type\":\"SearchAction\",\"target\":{\"@type\":\"EntryPoint\",\"urlTemplate\":\"https:\/\/derechoyreligion-uc.urantiacos.cl\/en\/?s={search_term_string}\"},\"query-input\":{\"@type\":\"PropertyValueSpecification\",\"valueRequired\":true,\"valueName\":\"search_term_string\"}}],\"inLanguage\":\"en-US\"},{\"@type\":\"Person\",\"@id\":\"https:\/\/derechoyreligion-uc.urantiacos.cl\/en\/#\/schema\/person\/6cc7f593e2f49e3b770a06f63b58e3b1\",\"name\":\"manadmin\",\"sameAs\":[\"https:\/\/derechoyreligion-uc.urantiacos.cl\"]}]}<\/script>\n<!-- \/ Yoast SEO plugin. -->","yoast_head_json":{"title":"Invitaci\u00f3n a Seminario \"LO CAT\u00d3LICO, LO P\u00daBLICO Y LA CONSTITUCI\u00d3N\" - Centro UC Derecho y Religi\u00f3n","robots":{"index":"index","follow":"follow","max-snippet":"max-snippet:-1","max-image-preview":"max-image-preview:large","max-video-preview":"max-video-preview:-1"},"canonical":"https:\/\/derechoyreligion-uc.urantiacos.cl\/en\/invitacion-a-seminario-lo-catolico-lo-publico-y-la-constitucion\/","og_locale":"en_US","og_type":"article","og_title":"Invitaci\u00f3n a Seminario \"LO CAT\u00d3LICO, LO P\u00daBLICO Y LA CONSTITUCI\u00d3N\" - Centro UC Derecho y Religi\u00f3n","og_description":"El d\u00eda mi\u00e9rcoles 18 de mayo de 2016, se realizar\u00e1 el seminario :\"Lo cat\u00f3lico, lo p\u00fablico y la Constituci\u00f3n\".","og_url":"https:\/\/derechoyreligion-uc.urantiacos.cl\/en\/invitacion-a-seminario-lo-catolico-lo-publico-y-la-constitucion\/","og_site_name":"Centro UC Derecho y Religi\u00f3n","article_published_time":"2016-05-13T03:00:00+00:00","author":"manadmin","twitter_card":"summary_large_image","twitter_misc":{"Written by":"manadmin","Est. reading time":"1 minute"},"schema":{"@context":"https:\/\/schema.org","@graph":[{"@type":"Article","@id":"https:\/\/derechoyreligion-uc.urantiacos.cl\/en\/invitacion-a-seminario-lo-catolico-lo-publico-y-la-constitucion\/#article","isPartOf":{"@id":"https:\/\/derechoyreligion-uc.urantiacos.cl\/en\/invitacion-a-seminario-lo-catolico-lo-publico-y-la-constitucion\/"},"author":{"name":"manadmin","@id":"https:\/\/derechoyreligion-uc.urantiacos.cl\/en\/#\/schema\/person\/6cc7f593e2f49e3b770a06f63b58e3b1"},"headline":"Invitaci\u00f3n a Seminario &#8220;LO CAT\u00d3LICO, LO P\u00daBLICO Y LA CONSTITUCI\u00d3N&#8221;","datePublished":"2016-05-13T03:00:00+00:00","mainEntityOfPage":{"@id":"https:\/\/derechoyreligion-uc.urantiacos.cl\/en\/invitacion-a-seminario-lo-catolico-lo-publico-y-la-constitucion\/"},"wordCount":193,"articleSection":["Noticias"],"inLanguage":"en-US"},{"@type":"WebPage","@id":"https:\/\/derechoyreligion-uc.urantiacos.cl\/en\/invitacion-a-seminario-lo-catolico-lo-publico-y-la-constitucion\/","url":"https:\/\/derechoyreligion-uc.urantiacos.cl\/en\/invitacion-a-seminario-lo-catolico-lo-publico-y-la-constitucion\/","name":"Invitaci\u00f3n a Seminario \"LO CAT\u00d3LICO, LO P\u00daBLICO Y LA CONSTITUCI\u00d3N\" - Centro UC Derecho y Religi\u00f3n","isPartOf":{"@id":"https:\/\/derechoyreligion-uc.urantiacos.cl\/en\/#website"},"datePublished":"2016-05-13T03:00:00+00:00","author":{"@id":"https:\/\/derechoyreligion-uc.urantiacos.cl\/en\/#\/schema\/person\/6cc7f593e2f49e3b770a06f63b58e3b1"},"breadcrumb":{"@id":"https:\/\/derechoyreligion-uc.urantiacos.cl\/en\/invitacion-a-seminario-lo-catolico-lo-publico-y-la-constitucion\/#breadcrumb"},"inLanguage":"en-US","potentialAction":[{"@type":"ReadAction","target":["https:\/\/derechoyreligion-uc.urantiacos.cl\/en\/invitacion-a-seminario-lo-catolico-lo-publico-y-la-constitucion\/"]}]},{"@type":"BreadcrumbList","@id":"https:\/\/derechoyreligion-uc.urantiacos.cl\/en\/invitacion-a-seminario-lo-catolico-lo-publico-y-la-constitucion\/#breadcrumb","itemListElement":[{"@type":"ListItem","position":1,"name":"Portada","item":"https:\/\/derechoyreligion-uc.urantiacos.cl\/en\/"},{"@type":"ListItem","position":2,"name":"Invitaci\u00f3n a Seminario &#8220;LO CAT\u00d3LICO, LO P\u00daBLICO Y LA CONSTITUCI\u00d3N&#8221;"}]},{"@type":"WebSite","@id":"https:\/\/derechoyreligion-uc.urantiacos.cl\/en\/#website","url":"https:\/\/derechoyreligion-uc.urantiacos.cl\/en\/","name":"Centro UC Derecho y Religi\u00f3n","description":"","potentialAction":[{"@type":"SearchAction","target":{"@type":"EntryPoint","urlTemplate":"https:\/\/derechoyreligion-uc.urantiacos.cl\/en\/?s={search_term_string}"},"query-input":{"@type":"PropertyValueSpecification","valueRequired":true,"valueName":"search_term_string"}}],"inLanguage":"en-US"},{"@type":"Person","@id":"https:\/\/derechoyreligion-uc.urantiacos.cl\/en\/#\/schema\/person\/6cc7f593e2f49e3b770a06f63b58e3b1","name":"manadmin","sameAs":["https:\/\/derechoyreligion-uc.urantiacos.cl"]}]}},"_links":{"self":[{"href":"https:\/\/derechoyreligion-uc.urantiacos.cl\/en\/wp-json\/wp\/v2\/posts\/1437","targetHints":{"allow":["GET"]}}],"collection":[{"href":"https:\/\/derechoyreligion-uc.urantiacos.cl\/en\/wp-json\/wp\/v2\/posts"}],"about":[{"href":"https:\/\/derechoyreligion-uc.urantiacos.cl\/en\/wp-json\/wp\/v2\/types\/post"}],"author":[{"embeddable":true,"href":"https:\/\/derechoyreligion-uc.urantiacos.cl\/en\/wp-json\/wp\/v2\/users\/1"}],"replies":[{"embeddable":true,"href":"https:\/\/derechoyreligion-uc.urantiacos.cl\/en\/wp-json\/wp\/v2\/comments?post=1437"}],"version-history":[{"count":0,"href":"https:\/\/derechoyreligion-uc.urantiacos.cl\/en\/wp-json\/wp\/v2\/posts\/1437\/revisions"}],"wp:attachment":[{"href":"https:\/\/derechoyreligion-uc.urantiacos.cl\/en\/wp-json\/wp\/v2\/media?parent=1437"}],"wp:term":[{"taxonomy":"category","embeddable":true,"href":"https:\/\/derechoyreligion-uc.urantiacos.cl\/en\/wp-json\/wp\/v2\/categories?post=1437"},{"taxonomy":"post_tag","embeddable":true,"href":"https:\/\/derechoyreligion-uc.urantiacos.cl\/en\/wp-json\/wp\/v2\/tags?post=1437"}],"curies":[{"name":"wp","href":"https:\/\/api.w.org\/{rel}","templated":true}]}}