
{"id":1436,"date":"2016-05-20T00:00:00","date_gmt":"2016-05-20T04:00:00","guid":{"rendered":"https:\/\/derechoyreligion-uc.urantiacos.cl\/reunion-centro-uc-derecho-y-religion-con-el-profesor-joaquin-mantecon\/"},"modified":"2016-05-20T00:00:00","modified_gmt":"2016-05-20T04:00:00","slug":"reunion-centro-uc-derecho-y-religion-con-el-profesor-joaquin-mantecon","status":"publish","type":"post","link":"https:\/\/derechoyreligion-uc.urantiacos.cl\/en\/reunion-centro-uc-derecho-y-religion-con-el-profesor-joaquin-mantecon\/","title":{"rendered":"Reuni\u00f3n Centro UC Derecho y Religi\u00f3n con el Profesor Joaqu\u00edn Mantec\u00f3n"},"content":{"rendered":"<article>\n<span><br \/>\n<\/span><\/p>\n<p>El d\u00eda martes 17 de mayo, los miembros del Centro UC de Derecho y Religi\u00f3n se reunieron con el Profesor Joaqu\u00edn Mantec\u00f3n, catedr\u00e1tico de la Universidad de Cantabria, que se encuentra de visita en Chile, quien adem\u00e1s fue miembro de la Comisi\u00f3n Asesora de Libertad Religiosa del Ministerio de Justicia de Espa\u00f1a.<\/p>\n<p>La actividad consisti\u00f3 en un almuerzo en el que contamos con la destacada participaci\u00f3n del Profesor Jorge del Pic\u00f3, profesor de la Universidad de Talca y Solange Silva, Jefa de la Unidad de Entidades Religiosas del Ministerio de Justicia de Chile.<\/p>\n<p><img decoding=\"async\" alt=\"almuerzo profesor mantec\u00f3n\" src=\"https:\/\/derechoyreligion-uc.urantiacos.cl\/wp-content\/uploads\/imagenes\/almuerzo_profesor_mantec\u00f3n.jpg\"\/><\/p>\n<p><em><span>(Profesora Ana Mar\u00eda Celis, Directora del Centro UC Derecho y Religi\u00f3n junto al Profesor Joaqu\u00edn Mantec\u00f3n)<\/span><\/em><\/p>\n<p>La instancia result\u00f3 ser un propicio momento de reencuentro, y de conversaci\u00f3n e intercambio acerca del marco normativo del Derecho y la Religi\u00f3n tanto en Chile como en Espa\u00f1a.\u00a0<\/p>\n<p>\u00a0<\/p>\n<p>\u00a0<\/p>\n<p>\u00a0<\/p>\n<p><em>Sobre el Profesor Joaqu\u00edn Mantec\u00f3n:<\/em><\/p>\n<p><em>Catedr\u00e1tico de Derecho Eclesi\u00e1stico del Estado en la Universidad de Cantabria. <\/em><\/p>\n<p><em>Autor de diversas monograf\u00edas, como \u00abEl derecho fundamental de libertad religiosa\u00bb, \u00abLos Acuerdos de cooperaci\u00f3n con las Confesiones acat\u00f3licas\u00bb, \u00abel Impedimento matrimonial can\u00f3nico de parentesco legal\u00bb, \u00abLecciones de Derecho Can\u00f3nico\u00bb, y numeroso art\u00edculos sobre temas de Derecho eclesi\u00e1stico del Estado en revistas nacionales y extranjeras. <\/em><\/p>\n<p><em>Miembro del Consejo Asesor del \u00abAnuario de Derecho Eclesi\u00e1stico del Estado\u00bb y del Consejo asesor externo de la \u00abRevista General de Derecho Can\u00f3nico y Derecho Eclesi\u00e1stico del Estado Es miembro de la Junta directiva del \u00abInstituto para el Estudio de la Libertad Religiosa\u00bb de Madrid, y Miembro extraordinario del \u00abConsorcio Latinoamericano de Libertad Religiosa\u00bb, de Lima.<\/em><\/p>\n<p><em> Ha sido Miembro de la \u00abComisi\u00f3n Asesora de Libertad Religiosa\u00bb por el tercio de expertos de reconocida competencia; Miembro del Consejo Directivo de la secci\u00f3n espa\u00f1ola de la \u00abAsociaci\u00f3n para la Defensa de la Libertad Religiosa\u00bb, con sede en Berna; Director del \u00abSeminario Permanente de Derechos Humanos\u00bb de la Universidad de Ja\u00e9n; Secretario de la Facultad de Ciencias Sociales y Jur\u00eddicas de dicha Universidad; Subdirector General de Coordinaci\u00f3n y Promoci\u00f3n de la Libertad Religiosa, y Subdirector General de Organizaci\u00f3n y Registro en el Ministerio de Justicia; Miembro de las Comisiones Paritarias para el seguimiento de los Acuerdos de Cooperaci\u00f3n con las Federaciones Evang\u00e9lica, Jud\u00eda e Isl\u00e1mica.<\/em><\/p>\n<p><em> Est\u00e1 en posesi\u00f3n de la Cruz Distinguida de 1\u00aa clase de la Orden de San Raimundo de Pe\u00f1afort.<\/em><\/p>\n<p><em>Fuente:\u00a0<a href=\"http:\/\/www.aidp.es\/wp-content\/uploads\/2012\/09\/CURRICULUM_VITAE_ABREVIADO_JUAQUIN_MANTECON.pdf\">http:\/\/www.aidp.es\/wp-content\/uploads\/2012\/09\/CURRICULUM_VITAE_ABREVIADO_JUAQUIN_MANTECON.pdf<\/a><\/em><\/p>\n<\/article>\n","protected":false},"excerpt":{"rendered":"<p>El d\u00eda martes 17 de mayo, los miembros del Centro UC de Derecho y Religi\u00f3n se reunieron con el Profesor Joaqu\u00edn Mantec\u00f3n, catedr\u00e1tico de la Universidad de Cantabria, que se encuentra de visita en Chile, quien adem\u00e1s fue miembro de la Comisi\u00f3n Asesora de Libertad Religiosa del Ministerio de Justicia de Espa\u00f1a.<\/p>\n","protected":false},"author":1,"featured_media":0,"comment_status":"","ping_status":"","sticky":false,"template":"","format":"standard","meta":{"_acf_changed":false,"footnotes":""},"categories":[1],"tags":[],"class_list":["post-1436","post","type-post","status-publish","format-standard","hentry","category-noticias"],"acf":[],"yoast_head":"<!-- This site is optimized with the Yoast SEO plugin v27.1.1 - https:\/\/yoast.com\/product\/yoast-seo-wordpress\/ -->\n<title>Reuni\u00f3n Centro UC Derecho y Religi\u00f3n con el Profesor Joaqu\u00edn Mantec\u00f3n - Centro UC Derecho y Religi\u00f3n<\/title>\n<meta name=\"robots\" content=\"index, follow, max-snippet:-1, max-image-preview:large, max-video-preview:-1\" \/>\n<link rel=\"canonical\" href=\"https:\/\/derechoyreligion-uc.urantiacos.cl\/en\/reunion-centro-uc-derecho-y-religion-con-el-profesor-joaquin-mantecon\/\" \/>\n<meta property=\"og:locale\" content=\"en_US\" \/>\n<meta property=\"og:type\" content=\"article\" \/>\n<meta property=\"og:title\" content=\"Reuni\u00f3n Centro UC Derecho y Religi\u00f3n con el Profesor Joaqu\u00edn Mantec\u00f3n - Centro UC Derecho y Religi\u00f3n\" \/>\n<meta property=\"og:description\" content=\"El d\u00eda martes 17 de mayo, los miembros del Centro UC de Derecho y Religi\u00f3n se reunieron con el Profesor Joaqu\u00edn Mantec\u00f3n, catedr\u00e1tico de la Universidad de Cantabria, que se encuentra de visita en Chile, quien adem\u00e1s fue miembro de la Comisi\u00f3n Asesora de Libertad Religiosa del Ministerio de Justicia de Espa\u00f1a.\" \/>\n<meta property=\"og:url\" content=\"https:\/\/derechoyreligion-uc.urantiacos.cl\/en\/reunion-centro-uc-derecho-y-religion-con-el-profesor-joaquin-mantecon\/\" \/>\n<meta property=\"og:site_name\" content=\"Centro UC Derecho y Religi\u00f3n\" \/>\n<meta property=\"article:published_time\" content=\"2016-05-20T04:00:00+00:00\" \/>\n<meta name=\"author\" content=\"manadmin\" \/>\n<meta name=\"twitter:card\" content=\"summary_large_image\" \/>\n<meta name=\"twitter:label1\" content=\"Written by\" \/>\n\t<meta name=\"twitter:data1\" content=\"manadmin\" \/>\n\t<meta name=\"twitter:label2\" content=\"Est. reading time\" \/>\n\t<meta name=\"twitter:data2\" content=\"2 minutes\" \/>\n<script type=\"application\/ld+json\" class=\"yoast-schema-graph\">{\"@context\":\"https:\/\/schema.org\",\"@graph\":[{\"@type\":\"Article\",\"@id\":\"https:\/\/derechoyreligion-uc.urantiacos.cl\/en\/reunion-centro-uc-derecho-y-religion-con-el-profesor-joaquin-mantecon\/#article\",\"isPartOf\":{\"@id\":\"https:\/\/derechoyreligion-uc.urantiacos.cl\/en\/reunion-centro-uc-derecho-y-religion-con-el-profesor-joaquin-mantecon\/\"},\"author\":{\"name\":\"manadmin\",\"@id\":\"https:\/\/derechoyreligion-uc.urantiacos.cl\/en\/#\/schema\/person\/6cc7f593e2f49e3b770a06f63b58e3b1\"},\"headline\":\"Reuni\u00f3n Centro UC Derecho y Religi\u00f3n con el Profesor Joaqu\u00edn Mantec\u00f3n\",\"datePublished\":\"2016-05-20T04:00:00+00:00\",\"mainEntityOfPage\":{\"@id\":\"https:\/\/derechoyreligion-uc.urantiacos.cl\/en\/reunion-centro-uc-derecho-y-religion-con-el-profesor-joaquin-mantecon\/\"},\"wordCount\":450,\"articleSection\":[\"Noticias\"],\"inLanguage\":\"en-US\"},{\"@type\":\"WebPage\",\"@id\":\"https:\/\/derechoyreligion-uc.urantiacos.cl\/en\/reunion-centro-uc-derecho-y-religion-con-el-profesor-joaquin-mantecon\/\",\"url\":\"https:\/\/derechoyreligion-uc.urantiacos.cl\/en\/reunion-centro-uc-derecho-y-religion-con-el-profesor-joaquin-mantecon\/\",\"name\":\"Reuni\u00f3n Centro UC Derecho y Religi\u00f3n con el Profesor Joaqu\u00edn Mantec\u00f3n - Centro UC Derecho y Religi\u00f3n\",\"isPartOf\":{\"@id\":\"https:\/\/derechoyreligion-uc.urantiacos.cl\/en\/#website\"},\"datePublished\":\"2016-05-20T04:00:00+00:00\",\"author\":{\"@id\":\"https:\/\/derechoyreligion-uc.urantiacos.cl\/en\/#\/schema\/person\/6cc7f593e2f49e3b770a06f63b58e3b1\"},\"breadcrumb\":{\"@id\":\"https:\/\/derechoyreligion-uc.urantiacos.cl\/en\/reunion-centro-uc-derecho-y-religion-con-el-profesor-joaquin-mantecon\/#breadcrumb\"},\"inLanguage\":\"en-US\",\"potentialAction\":[{\"@type\":\"ReadAction\",\"target\":[\"https:\/\/derechoyreligion-uc.urantiacos.cl\/en\/reunion-centro-uc-derecho-y-religion-con-el-profesor-joaquin-mantecon\/\"]}]},{\"@type\":\"BreadcrumbList\",\"@id\":\"https:\/\/derechoyreligion-uc.urantiacos.cl\/en\/reunion-centro-uc-derecho-y-religion-con-el-profesor-joaquin-mantecon\/#breadcrumb\",\"itemListElement\":[{\"@type\":\"ListItem\",\"position\":1,\"name\":\"Portada\",\"item\":\"https:\/\/derechoyreligion-uc.urantiacos.cl\/en\/\"},{\"@type\":\"ListItem\",\"position\":2,\"name\":\"Reuni\u00f3n Centro UC Derecho y Religi\u00f3n con el Profesor Joaqu\u00edn Mantec\u00f3n\"}]},{\"@type\":\"WebSite\",\"@id\":\"https:\/\/derechoyreligion-uc.urantiacos.cl\/en\/#website\",\"url\":\"https:\/\/derechoyreligion-uc.urantiacos.cl\/en\/\",\"name\":\"Centro UC Derecho y Religi\u00f3n\",\"description\":\"\",\"potentialAction\":[{\"@type\":\"SearchAction\",\"target\":{\"@type\":\"EntryPoint\",\"urlTemplate\":\"https:\/\/derechoyreligion-uc.urantiacos.cl\/en\/?s={search_term_string}\"},\"query-input\":{\"@type\":\"PropertyValueSpecification\",\"valueRequired\":true,\"valueName\":\"search_term_string\"}}],\"inLanguage\":\"en-US\"},{\"@type\":\"Person\",\"@id\":\"https:\/\/derechoyreligion-uc.urantiacos.cl\/en\/#\/schema\/person\/6cc7f593e2f49e3b770a06f63b58e3b1\",\"name\":\"manadmin\",\"sameAs\":[\"https:\/\/derechoyreligion-uc.urantiacos.cl\"]}]}<\/script>\n<!-- \/ Yoast SEO plugin. -->","yoast_head_json":{"title":"Reuni\u00f3n Centro UC Derecho y Religi\u00f3n con el Profesor Joaqu\u00edn Mantec\u00f3n - Centro UC Derecho y Religi\u00f3n","robots":{"index":"index","follow":"follow","max-snippet":"max-snippet:-1","max-image-preview":"max-image-preview:large","max-video-preview":"max-video-preview:-1"},"canonical":"https:\/\/derechoyreligion-uc.urantiacos.cl\/en\/reunion-centro-uc-derecho-y-religion-con-el-profesor-joaquin-mantecon\/","og_locale":"en_US","og_type":"article","og_title":"Reuni\u00f3n Centro UC Derecho y Religi\u00f3n con el Profesor Joaqu\u00edn Mantec\u00f3n - Centro UC Derecho y Religi\u00f3n","og_description":"El d\u00eda martes 17 de mayo, los miembros del Centro UC de Derecho y Religi\u00f3n se reunieron con el Profesor Joaqu\u00edn Mantec\u00f3n, catedr\u00e1tico de la Universidad de Cantabria, que se encuentra de visita en Chile, quien adem\u00e1s fue miembro de la Comisi\u00f3n Asesora de Libertad Religiosa del Ministerio de Justicia de Espa\u00f1a.","og_url":"https:\/\/derechoyreligion-uc.urantiacos.cl\/en\/reunion-centro-uc-derecho-y-religion-con-el-profesor-joaquin-mantecon\/","og_site_name":"Centro UC Derecho y Religi\u00f3n","article_published_time":"2016-05-20T04:00:00+00:00","author":"manadmin","twitter_card":"summary_large_image","twitter_misc":{"Written by":"manadmin","Est. reading time":"2 minutes"},"schema":{"@context":"https:\/\/schema.org","@graph":[{"@type":"Article","@id":"https:\/\/derechoyreligion-uc.urantiacos.cl\/en\/reunion-centro-uc-derecho-y-religion-con-el-profesor-joaquin-mantecon\/#article","isPartOf":{"@id":"https:\/\/derechoyreligion-uc.urantiacos.cl\/en\/reunion-centro-uc-derecho-y-religion-con-el-profesor-joaquin-mantecon\/"},"author":{"name":"manadmin","@id":"https:\/\/derechoyreligion-uc.urantiacos.cl\/en\/#\/schema\/person\/6cc7f593e2f49e3b770a06f63b58e3b1"},"headline":"Reuni\u00f3n Centro UC Derecho y Religi\u00f3n con el Profesor Joaqu\u00edn Mantec\u00f3n","datePublished":"2016-05-20T04:00:00+00:00","mainEntityOfPage":{"@id":"https:\/\/derechoyreligion-uc.urantiacos.cl\/en\/reunion-centro-uc-derecho-y-religion-con-el-profesor-joaquin-mantecon\/"},"wordCount":450,"articleSection":["Noticias"],"inLanguage":"en-US"},{"@type":"WebPage","@id":"https:\/\/derechoyreligion-uc.urantiacos.cl\/en\/reunion-centro-uc-derecho-y-religion-con-el-profesor-joaquin-mantecon\/","url":"https:\/\/derechoyreligion-uc.urantiacos.cl\/en\/reunion-centro-uc-derecho-y-religion-con-el-profesor-joaquin-mantecon\/","name":"Reuni\u00f3n Centro UC Derecho y Religi\u00f3n con el Profesor Joaqu\u00edn Mantec\u00f3n - Centro UC Derecho y Religi\u00f3n","isPartOf":{"@id":"https:\/\/derechoyreligion-uc.urantiacos.cl\/en\/#website"},"datePublished":"2016-05-20T04:00:00+00:00","author":{"@id":"https:\/\/derechoyreligion-uc.urantiacos.cl\/en\/#\/schema\/person\/6cc7f593e2f49e3b770a06f63b58e3b1"},"breadcrumb":{"@id":"https:\/\/derechoyreligion-uc.urantiacos.cl\/en\/reunion-centro-uc-derecho-y-religion-con-el-profesor-joaquin-mantecon\/#breadcrumb"},"inLanguage":"en-US","potentialAction":[{"@type":"ReadAction","target":["https:\/\/derechoyreligion-uc.urantiacos.cl\/en\/reunion-centro-uc-derecho-y-religion-con-el-profesor-joaquin-mantecon\/"]}]},{"@type":"BreadcrumbList","@id":"https:\/\/derechoyreligion-uc.urantiacos.cl\/en\/reunion-centro-uc-derecho-y-religion-con-el-profesor-joaquin-mantecon\/#breadcrumb","itemListElement":[{"@type":"ListItem","position":1,"name":"Portada","item":"https:\/\/derechoyreligion-uc.urantiacos.cl\/en\/"},{"@type":"ListItem","position":2,"name":"Reuni\u00f3n Centro UC Derecho y Religi\u00f3n con el Profesor Joaqu\u00edn Mantec\u00f3n"}]},{"@type":"WebSite","@id":"https:\/\/derechoyreligion-uc.urantiacos.cl\/en\/#website","url":"https:\/\/derechoyreligion-uc.urantiacos.cl\/en\/","name":"Centro UC Derecho y Religi\u00f3n","description":"","potentialAction":[{"@type":"SearchAction","target":{"@type":"EntryPoint","urlTemplate":"https:\/\/derechoyreligion-uc.urantiacos.cl\/en\/?s={search_term_string}"},"query-input":{"@type":"PropertyValueSpecification","valueRequired":true,"valueName":"search_term_string"}}],"inLanguage":"en-US"},{"@type":"Person","@id":"https:\/\/derechoyreligion-uc.urantiacos.cl\/en\/#\/schema\/person\/6cc7f593e2f49e3b770a06f63b58e3b1","name":"manadmin","sameAs":["https:\/\/derechoyreligion-uc.urantiacos.cl"]}]}},"_links":{"self":[{"href":"https:\/\/derechoyreligion-uc.urantiacos.cl\/en\/wp-json\/wp\/v2\/posts\/1436","targetHints":{"allow":["GET"]}}],"collection":[{"href":"https:\/\/derechoyreligion-uc.urantiacos.cl\/en\/wp-json\/wp\/v2\/posts"}],"about":[{"href":"https:\/\/derechoyreligion-uc.urantiacos.cl\/en\/wp-json\/wp\/v2\/types\/post"}],"author":[{"embeddable":true,"href":"https:\/\/derechoyreligion-uc.urantiacos.cl\/en\/wp-json\/wp\/v2\/users\/1"}],"replies":[{"embeddable":true,"href":"https:\/\/derechoyreligion-uc.urantiacos.cl\/en\/wp-json\/wp\/v2\/comments?post=1436"}],"version-history":[{"count":0,"href":"https:\/\/derechoyreligion-uc.urantiacos.cl\/en\/wp-json\/wp\/v2\/posts\/1436\/revisions"}],"wp:attachment":[{"href":"https:\/\/derechoyreligion-uc.urantiacos.cl\/en\/wp-json\/wp\/v2\/media?parent=1436"}],"wp:term":[{"taxonomy":"category","embeddable":true,"href":"https:\/\/derechoyreligion-uc.urantiacos.cl\/en\/wp-json\/wp\/v2\/categories?post=1436"},{"taxonomy":"post_tag","embeddable":true,"href":"https:\/\/derechoyreligion-uc.urantiacos.cl\/en\/wp-json\/wp\/v2\/tags?post=1436"}],"curies":[{"name":"wp","href":"https:\/\/api.w.org\/{rel}","templated":true}]}}