
{"id":1435,"date":"2016-05-23T00:00:00","date_gmt":"2016-05-23T04:00:00","guid":{"rendered":"https:\/\/derechoyreligion-uc.urantiacos.cl\/seminario-lo-catolico-lo-publico-y-la-constitucion\/"},"modified":"2016-05-23T00:00:00","modified_gmt":"2016-05-23T04:00:00","slug":"seminario-lo-catolico-lo-publico-y-la-constitucion","status":"publish","type":"post","link":"https:\/\/derechoyreligion-uc.urantiacos.cl\/en\/seminario-lo-catolico-lo-publico-y-la-constitucion\/","title":{"rendered":"Seminario &#8220;Lo Cat\u00f3lico, lo P\u00fablico y la Constituci\u00f3n&#8221;"},"content":{"rendered":"<article>\n<span><br \/>\n<\/span><\/p>\n<p>El d\u00eda mi\u00e9rcoles 18 de mayo, se realiz\u00f3 en el Aula Magna Manuel Jos\u00e9 Irarr\u00e1zaval, ubicada en Casa Central de la Pontificia Universidad Cat\u00f3lica de Chile, el Seminario <em>&#8220;Lo Cat\u00f3lico, lo P\u00fablico y la Constituci\u00f3n&#8221;<\/em>.<\/p>\n<p>\u00c9sta actividad cont\u00f3 con la participaci\u00f3n de importantes autoridades y acad\u00e9micos,\u00a0que expusieron en cada uno de los dos paneles que conformaron el Seminario.<\/p>\n<p><img decoding=\"async\" alt=\" mg 9318 27030458471 o\" src=\"https:\/\/derechoyreligion-uc.urantiacos.cl\/wp-content\/uploads\/imagenes\/_mg_9318_27030458471_o.jpg\"\/><\/p>\n<p>El primero de ellos, denominado <strong><em>&#8220;\u00bfQu\u00e9 espacio tiene lo religioso y lo espiritual en una constituci\u00f3n?&#8221;<\/em><\/strong>, fue abordado por Sol Serrano, Vicerrectora de Investigaci\u00f3n, y Ana Mar\u00eda Celis, Directora del Centro UC Derecho y Religi\u00f3n.\u00a0<em><br \/><\/em><\/p>\n<p><img decoding=\"async\" alt=\"img 3946 26837396900 o\" src=\"https:\/\/derechoyreligion-uc.urantiacos.cl\/wp-content\/uploads\/imagenes\/img_3946_26837396900_o.jpg\"\/><\/p>\n<p>En el segundo panel en tanto, denominado <strong><em>&#8220;Desde una mirada cat\u00f3lica, \u00bfqu\u00e9 principios deben estar presentes en una constituci\u00f3n?&#8221;<\/em><\/strong>, expusieron los profesores Patricio Zapata y Miguel \u00c1ngel Fern\u00e1ndez, ambos de la Facultad de Derecho. Moder\u00f3 esta secci\u00f3n el Profesor Sebasti\u00e1n Z\u00e1rate, miembro del Centro UC de Derecho y Religi\u00f3n.<\/p>\n<p><img decoding=\"async\" alt=\"img 3974 26837391040 o\" src=\"https:\/\/derechoyreligion-uc.urantiacos.cl\/wp-content\/uploads\/imagenes\/img_3974_26837391040_o.jpg\"\/><\/p>\n<p>\u00a0<\/p>\n<p>Este Seminario, organizado por la Facultad de Comunicaciones, la Facultad de Ciencias Econ\u00f3micas y Administrativas, Facultad de Derecho, Facultad de Historia, Geograf\u00eda, y Ciencia Pol\u00edtica, constituy\u00f3 una importante instacia de an\u00e1lisis y reflexi\u00f3n sobre estos aspectos, contribuyendo de esta manera al marco de la discusi\u00f3n constitucional del pa\u00eds.<br \/><span><br \/><\/span><\/p>\n<p><img decoding=\"async\" alt=\" mg 9189 27030464061 o\" src=\"https:\/\/derechoyreligion-uc.urantiacos.cl\/wp-content\/uploads\/imagenes\/_mg_9189_27030464061_o.jpg\"\/><\/p>\n<p>\u00a0<\/p>\n<p>Para acceder a la galer\u00eda completa de im\u00e1genes, ingrese aqu\u00ed:\u00a0<a href=\"https:\/\/www.flickr.com\/photos\/comunidadderechouc\/sets\/72157668242723402\">https:\/\/www.flickr.com\/photos\/comunidadderechouc\/sets\/72157668242723402<\/a><\/p>\n<\/article>\n","protected":false},"excerpt":{"rendered":"<p>El d\u00eda mi\u00e9rcoles 18 de mayo, se realiz\u00f3 en el Aula Magna Manuel Jos\u00e9 Irarr\u00e1zaval, ubicada en Casa Central de la Pontificia Universidad Cat\u00f3lica de Chile, el Seminario&#8221;Lo Cat\u00f3lico, lo P\u00fablico y la Constituci\u00f3n&#8221;.<\/p>\n","protected":false},"author":1,"featured_media":1570,"comment_status":"","ping_status":"","sticky":false,"template":"","format":"standard","meta":{"_acf_changed":false,"footnotes":""},"categories":[1],"tags":[],"class_list":["post-1435","post","type-post","status-publish","format-standard","has-post-thumbnail","hentry","category-noticias"],"acf":[],"yoast_head":"<!-- This site is optimized with the Yoast SEO plugin v27.1.1 - https:\/\/yoast.com\/product\/yoast-seo-wordpress\/ -->\n<title>Seminario &quot;Lo Cat\u00f3lico, lo P\u00fablico y la Constituci\u00f3n&quot; - Centro UC Derecho y Religi\u00f3n<\/title>\n<meta name=\"robots\" content=\"index, follow, max-snippet:-1, max-image-preview:large, max-video-preview:-1\" \/>\n<link rel=\"canonical\" href=\"https:\/\/derechoyreligion-uc.urantiacos.cl\/en\/seminario-lo-catolico-lo-publico-y-la-constitucion\/\" \/>\n<meta property=\"og:locale\" content=\"en_US\" \/>\n<meta property=\"og:type\" content=\"article\" \/>\n<meta property=\"og:title\" content=\"Seminario &quot;Lo Cat\u00f3lico, lo P\u00fablico y la Constituci\u00f3n&quot; - Centro UC Derecho y Religi\u00f3n\" \/>\n<meta property=\"og:description\" content=\"El d\u00eda mi\u00e9rcoles 18 de mayo, se realiz\u00f3 en el Aula Magna Manuel Jos\u00e9 Irarr\u00e1zaval, ubicada en Casa Central de la Pontificia Universidad Cat\u00f3lica de Chile, el Seminario&quot;Lo Cat\u00f3lico, lo P\u00fablico y la Constituci\u00f3n&quot;.\" \/>\n<meta property=\"og:url\" content=\"https:\/\/derechoyreligion-uc.urantiacos.cl\/en\/seminario-lo-catolico-lo-publico-y-la-constitucion\/\" \/>\n<meta property=\"og:site_name\" content=\"Centro UC Derecho y Religi\u00f3n\" \/>\n<meta property=\"article:published_time\" content=\"2016-05-23T04:00:00+00:00\" \/>\n<meta property=\"og:image\" content=\"https:\/\/derechoyreligion-uc.urantiacos.cl\/wp-content\/uploads\/2025\/10\/mg_9318_27030458471_o-scaled.jpg\" \/>\n\t<meta property=\"og:image:width\" content=\"2560\" \/>\n\t<meta property=\"og:image:height\" content=\"1707\" \/>\n\t<meta property=\"og:image:type\" content=\"image\/jpeg\" \/>\n<meta name=\"author\" content=\"manadmin\" \/>\n<meta name=\"twitter:card\" content=\"summary_large_image\" \/>\n<meta name=\"twitter:label1\" content=\"Written by\" \/>\n\t<meta name=\"twitter:data1\" content=\"manadmin\" \/>\n\t<meta name=\"twitter:label2\" content=\"Est. reading time\" \/>\n\t<meta name=\"twitter:data2\" content=\"1 minute\" \/>\n<script type=\"application\/ld+json\" class=\"yoast-schema-graph\">{\"@context\":\"https:\/\/schema.org\",\"@graph\":[{\"@type\":\"Article\",\"@id\":\"https:\/\/derechoyreligion-uc.urantiacos.cl\/en\/seminario-lo-catolico-lo-publico-y-la-constitucion\/#article\",\"isPartOf\":{\"@id\":\"https:\/\/derechoyreligion-uc.urantiacos.cl\/en\/seminario-lo-catolico-lo-publico-y-la-constitucion\/\"},\"author\":{\"name\":\"manadmin\",\"@id\":\"https:\/\/derechoyreligion-uc.urantiacos.cl\/en\/#\/schema\/person\/6cc7f593e2f49e3b770a06f63b58e3b1\"},\"headline\":\"Seminario &#8220;Lo Cat\u00f3lico, lo P\u00fablico y la Constituci\u00f3n&#8221;\",\"datePublished\":\"2016-05-23T04:00:00+00:00\",\"mainEntityOfPage\":{\"@id\":\"https:\/\/derechoyreligion-uc.urantiacos.cl\/en\/seminario-lo-catolico-lo-publico-y-la-constitucion\/\"},\"wordCount\":247,\"image\":{\"@id\":\"https:\/\/derechoyreligion-uc.urantiacos.cl\/en\/seminario-lo-catolico-lo-publico-y-la-constitucion\/#primaryimage\"},\"thumbnailUrl\":\"https:\/\/derechoyreligion-uc.urantiacos.cl\/wp-content\/uploads\/2025\/10\/mg_9318_27030458471_o-scaled.jpg\",\"articleSection\":[\"Noticias\"],\"inLanguage\":\"en-US\"},{\"@type\":\"WebPage\",\"@id\":\"https:\/\/derechoyreligion-uc.urantiacos.cl\/en\/seminario-lo-catolico-lo-publico-y-la-constitucion\/\",\"url\":\"https:\/\/derechoyreligion-uc.urantiacos.cl\/en\/seminario-lo-catolico-lo-publico-y-la-constitucion\/\",\"name\":\"Seminario \\\"Lo Cat\u00f3lico, lo P\u00fablico y la Constituci\u00f3n\\\" - Centro UC Derecho y Religi\u00f3n\",\"isPartOf\":{\"@id\":\"https:\/\/derechoyreligion-uc.urantiacos.cl\/en\/#website\"},\"primaryImageOfPage\":{\"@id\":\"https:\/\/derechoyreligion-uc.urantiacos.cl\/en\/seminario-lo-catolico-lo-publico-y-la-constitucion\/#primaryimage\"},\"image\":{\"@id\":\"https:\/\/derechoyreligion-uc.urantiacos.cl\/en\/seminario-lo-catolico-lo-publico-y-la-constitucion\/#primaryimage\"},\"thumbnailUrl\":\"https:\/\/derechoyreligion-uc.urantiacos.cl\/wp-content\/uploads\/2025\/10\/mg_9318_27030458471_o-scaled.jpg\",\"datePublished\":\"2016-05-23T04:00:00+00:00\",\"author\":{\"@id\":\"https:\/\/derechoyreligion-uc.urantiacos.cl\/en\/#\/schema\/person\/6cc7f593e2f49e3b770a06f63b58e3b1\"},\"breadcrumb\":{\"@id\":\"https:\/\/derechoyreligion-uc.urantiacos.cl\/en\/seminario-lo-catolico-lo-publico-y-la-constitucion\/#breadcrumb\"},\"inLanguage\":\"en-US\",\"potentialAction\":[{\"@type\":\"ReadAction\",\"target\":[\"https:\/\/derechoyreligion-uc.urantiacos.cl\/en\/seminario-lo-catolico-lo-publico-y-la-constitucion\/\"]}]},{\"@type\":\"ImageObject\",\"inLanguage\":\"en-US\",\"@id\":\"https:\/\/derechoyreligion-uc.urantiacos.cl\/en\/seminario-lo-catolico-lo-publico-y-la-constitucion\/#primaryimage\",\"url\":\"https:\/\/derechoyreligion-uc.urantiacos.cl\/wp-content\/uploads\/2025\/10\/mg_9318_27030458471_o-scaled.jpg\",\"contentUrl\":\"https:\/\/derechoyreligion-uc.urantiacos.cl\/wp-content\/uploads\/2025\/10\/mg_9318_27030458471_o-scaled.jpg\",\"width\":2560,\"height\":1707},{\"@type\":\"BreadcrumbList\",\"@id\":\"https:\/\/derechoyreligion-uc.urantiacos.cl\/en\/seminario-lo-catolico-lo-publico-y-la-constitucion\/#breadcrumb\",\"itemListElement\":[{\"@type\":\"ListItem\",\"position\":1,\"name\":\"Portada\",\"item\":\"https:\/\/derechoyreligion-uc.urantiacos.cl\/en\/\"},{\"@type\":\"ListItem\",\"position\":2,\"name\":\"Seminario &#8220;Lo Cat\u00f3lico, lo P\u00fablico y la Constituci\u00f3n&#8221;\"}]},{\"@type\":\"WebSite\",\"@id\":\"https:\/\/derechoyreligion-uc.urantiacos.cl\/en\/#website\",\"url\":\"https:\/\/derechoyreligion-uc.urantiacos.cl\/en\/\",\"name\":\"Centro UC Derecho y Religi\u00f3n\",\"description\":\"\",\"potentialAction\":[{\"@type\":\"SearchAction\",\"target\":{\"@type\":\"EntryPoint\",\"urlTemplate\":\"https:\/\/derechoyreligion-uc.urantiacos.cl\/en\/?s={search_term_string}\"},\"query-input\":{\"@type\":\"PropertyValueSpecification\",\"valueRequired\":true,\"valueName\":\"search_term_string\"}}],\"inLanguage\":\"en-US\"},{\"@type\":\"Person\",\"@id\":\"https:\/\/derechoyreligion-uc.urantiacos.cl\/en\/#\/schema\/person\/6cc7f593e2f49e3b770a06f63b58e3b1\",\"name\":\"manadmin\",\"sameAs\":[\"https:\/\/derechoyreligion-uc.urantiacos.cl\"]}]}<\/script>\n<!-- \/ Yoast SEO plugin. -->","yoast_head_json":{"title":"Seminario \"Lo Cat\u00f3lico, lo P\u00fablico y la Constituci\u00f3n\" - Centro UC Derecho y Religi\u00f3n","robots":{"index":"index","follow":"follow","max-snippet":"max-snippet:-1","max-image-preview":"max-image-preview:large","max-video-preview":"max-video-preview:-1"},"canonical":"https:\/\/derechoyreligion-uc.urantiacos.cl\/en\/seminario-lo-catolico-lo-publico-y-la-constitucion\/","og_locale":"en_US","og_type":"article","og_title":"Seminario \"Lo Cat\u00f3lico, lo P\u00fablico y la Constituci\u00f3n\" - Centro UC Derecho y Religi\u00f3n","og_description":"El d\u00eda mi\u00e9rcoles 18 de mayo, se realiz\u00f3 en el Aula Magna Manuel Jos\u00e9 Irarr\u00e1zaval, ubicada en Casa Central de la Pontificia Universidad Cat\u00f3lica de Chile, el Seminario\"Lo Cat\u00f3lico, lo P\u00fablico y la Constituci\u00f3n\".","og_url":"https:\/\/derechoyreligion-uc.urantiacos.cl\/en\/seminario-lo-catolico-lo-publico-y-la-constitucion\/","og_site_name":"Centro UC Derecho y Religi\u00f3n","article_published_time":"2016-05-23T04:00:00+00:00","og_image":[{"width":2560,"height":1707,"url":"https:\/\/derechoyreligion-uc.urantiacos.cl\/wp-content\/uploads\/2025\/10\/mg_9318_27030458471_o-scaled.jpg","type":"image\/jpeg"}],"author":"manadmin","twitter_card":"summary_large_image","twitter_misc":{"Written by":"manadmin","Est. reading time":"1 minute"},"schema":{"@context":"https:\/\/schema.org","@graph":[{"@type":"Article","@id":"https:\/\/derechoyreligion-uc.urantiacos.cl\/en\/seminario-lo-catolico-lo-publico-y-la-constitucion\/#article","isPartOf":{"@id":"https:\/\/derechoyreligion-uc.urantiacos.cl\/en\/seminario-lo-catolico-lo-publico-y-la-constitucion\/"},"author":{"name":"manadmin","@id":"https:\/\/derechoyreligion-uc.urantiacos.cl\/en\/#\/schema\/person\/6cc7f593e2f49e3b770a06f63b58e3b1"},"headline":"Seminario &#8220;Lo Cat\u00f3lico, lo P\u00fablico y la Constituci\u00f3n&#8221;","datePublished":"2016-05-23T04:00:00+00:00","mainEntityOfPage":{"@id":"https:\/\/derechoyreligion-uc.urantiacos.cl\/en\/seminario-lo-catolico-lo-publico-y-la-constitucion\/"},"wordCount":247,"image":{"@id":"https:\/\/derechoyreligion-uc.urantiacos.cl\/en\/seminario-lo-catolico-lo-publico-y-la-constitucion\/#primaryimage"},"thumbnailUrl":"https:\/\/derechoyreligion-uc.urantiacos.cl\/wp-content\/uploads\/2025\/10\/mg_9318_27030458471_o-scaled.jpg","articleSection":["Noticias"],"inLanguage":"en-US"},{"@type":"WebPage","@id":"https:\/\/derechoyreligion-uc.urantiacos.cl\/en\/seminario-lo-catolico-lo-publico-y-la-constitucion\/","url":"https:\/\/derechoyreligion-uc.urantiacos.cl\/en\/seminario-lo-catolico-lo-publico-y-la-constitucion\/","name":"Seminario \"Lo Cat\u00f3lico, lo P\u00fablico y la Constituci\u00f3n\" - Centro UC Derecho y Religi\u00f3n","isPartOf":{"@id":"https:\/\/derechoyreligion-uc.urantiacos.cl\/en\/#website"},"primaryImageOfPage":{"@id":"https:\/\/derechoyreligion-uc.urantiacos.cl\/en\/seminario-lo-catolico-lo-publico-y-la-constitucion\/#primaryimage"},"image":{"@id":"https:\/\/derechoyreligion-uc.urantiacos.cl\/en\/seminario-lo-catolico-lo-publico-y-la-constitucion\/#primaryimage"},"thumbnailUrl":"https:\/\/derechoyreligion-uc.urantiacos.cl\/wp-content\/uploads\/2025\/10\/mg_9318_27030458471_o-scaled.jpg","datePublished":"2016-05-23T04:00:00+00:00","author":{"@id":"https:\/\/derechoyreligion-uc.urantiacos.cl\/en\/#\/schema\/person\/6cc7f593e2f49e3b770a06f63b58e3b1"},"breadcrumb":{"@id":"https:\/\/derechoyreligion-uc.urantiacos.cl\/en\/seminario-lo-catolico-lo-publico-y-la-constitucion\/#breadcrumb"},"inLanguage":"en-US","potentialAction":[{"@type":"ReadAction","target":["https:\/\/derechoyreligion-uc.urantiacos.cl\/en\/seminario-lo-catolico-lo-publico-y-la-constitucion\/"]}]},{"@type":"ImageObject","inLanguage":"en-US","@id":"https:\/\/derechoyreligion-uc.urantiacos.cl\/en\/seminario-lo-catolico-lo-publico-y-la-constitucion\/#primaryimage","url":"https:\/\/derechoyreligion-uc.urantiacos.cl\/wp-content\/uploads\/2025\/10\/mg_9318_27030458471_o-scaled.jpg","contentUrl":"https:\/\/derechoyreligion-uc.urantiacos.cl\/wp-content\/uploads\/2025\/10\/mg_9318_27030458471_o-scaled.jpg","width":2560,"height":1707},{"@type":"BreadcrumbList","@id":"https:\/\/derechoyreligion-uc.urantiacos.cl\/en\/seminario-lo-catolico-lo-publico-y-la-constitucion\/#breadcrumb","itemListElement":[{"@type":"ListItem","position":1,"name":"Portada","item":"https:\/\/derechoyreligion-uc.urantiacos.cl\/en\/"},{"@type":"ListItem","position":2,"name":"Seminario &#8220;Lo Cat\u00f3lico, lo P\u00fablico y la Constituci\u00f3n&#8221;"}]},{"@type":"WebSite","@id":"https:\/\/derechoyreligion-uc.urantiacos.cl\/en\/#website","url":"https:\/\/derechoyreligion-uc.urantiacos.cl\/en\/","name":"Centro UC Derecho y Religi\u00f3n","description":"","potentialAction":[{"@type":"SearchAction","target":{"@type":"EntryPoint","urlTemplate":"https:\/\/derechoyreligion-uc.urantiacos.cl\/en\/?s={search_term_string}"},"query-input":{"@type":"PropertyValueSpecification","valueRequired":true,"valueName":"search_term_string"}}],"inLanguage":"en-US"},{"@type":"Person","@id":"https:\/\/derechoyreligion-uc.urantiacos.cl\/en\/#\/schema\/person\/6cc7f593e2f49e3b770a06f63b58e3b1","name":"manadmin","sameAs":["https:\/\/derechoyreligion-uc.urantiacos.cl"]}]}},"_links":{"self":[{"href":"https:\/\/derechoyreligion-uc.urantiacos.cl\/en\/wp-json\/wp\/v2\/posts\/1435","targetHints":{"allow":["GET"]}}],"collection":[{"href":"https:\/\/derechoyreligion-uc.urantiacos.cl\/en\/wp-json\/wp\/v2\/posts"}],"about":[{"href":"https:\/\/derechoyreligion-uc.urantiacos.cl\/en\/wp-json\/wp\/v2\/types\/post"}],"author":[{"embeddable":true,"href":"https:\/\/derechoyreligion-uc.urantiacos.cl\/en\/wp-json\/wp\/v2\/users\/1"}],"replies":[{"embeddable":true,"href":"https:\/\/derechoyreligion-uc.urantiacos.cl\/en\/wp-json\/wp\/v2\/comments?post=1435"}],"version-history":[{"count":0,"href":"https:\/\/derechoyreligion-uc.urantiacos.cl\/en\/wp-json\/wp\/v2\/posts\/1435\/revisions"}],"wp:featuredmedia":[{"embeddable":true,"href":"https:\/\/derechoyreligion-uc.urantiacos.cl\/en\/wp-json\/wp\/v2\/media\/1570"}],"wp:attachment":[{"href":"https:\/\/derechoyreligion-uc.urantiacos.cl\/en\/wp-json\/wp\/v2\/media?parent=1435"}],"wp:term":[{"taxonomy":"category","embeddable":true,"href":"https:\/\/derechoyreligion-uc.urantiacos.cl\/en\/wp-json\/wp\/v2\/categories?post=1435"},{"taxonomy":"post_tag","embeddable":true,"href":"https:\/\/derechoyreligion-uc.urantiacos.cl\/en\/wp-json\/wp\/v2\/tags?post=1435"}],"curies":[{"name":"wp","href":"https:\/\/api.w.org\/{rel}","templated":true}]}}