
{"id":1432,"date":"2016-07-15T00:00:00","date_gmt":"2016-07-15T04:00:00","guid":{"rendered":"https:\/\/derechoyreligion-uc.urantiacos.cl\/directora-del-centro-participa-en-the-annual-anglophone-conference-roma-2016\/"},"modified":"2016-07-15T00:00:00","modified_gmt":"2016-07-15T04:00:00","slug":"directora-del-centro-participa-en-the-annual-anglophone-conference-roma-2016","status":"publish","type":"post","link":"https:\/\/derechoyreligion-uc.urantiacos.cl\/en\/directora-del-centro-participa-en-the-annual-anglophone-conference-roma-2016\/","title":{"rendered":"Directora del Centro participa en The Annual Anglophone Conference &#8211; Roma 2016"},"content":{"rendered":"<article>\n<span><br \/>\n<\/span><\/p>\n<p><strong><span>ROMA-<\/span><\/strong><span> en el mes de junio, la Directora del Centro UC Derecho y Religi\u00f3n, profesora Ana Mar\u00eda Celis, particip\u00f3 de la Annual Anglophone Conference, que tuvo lugar en la \u00a0ciudad de Roma. <\/span><\/p>\n<p><span>En dicha instancia, participaron personas \u2013 laicos y sacerdotes- de diversas partes del mundo, en la que fue posible o\u00edr el testimonio de v\u00edctimas de abuso sexual.<\/span><\/p>\n<p><span><img decoding=\"async\" alt=\"Anglophone 2\" src=\"https:\/\/derechoyreligion-uc.urantiacos.cl\/wp-content\/uploads\/imagenes\/Anglophone_2.jpg\"\/><\/span><\/p>\n<p><span>Al respecto, la Profesora Ana Mar\u00eda Celis, sostuvo que \u00a0<em>&#8220;Las conferencias de la Anglohpone son una instancia privilegiada para poner en com\u00fan las buenas pr\u00e1cticas de lo que hace la Iglesia en materia de prevenci\u00f3n de abusos. Este a\u00f1o fue particularmente interesante escuchar el testimonio de v\u00edctimas de abuso sexual , en especial a personas que sufrieron abusos no solo cuando eran ni\u00f1os, sino tambi\u00e9n de adultos vulnerables .Ello resulta ser extremadamente relevante para efectos de la prevenci\u00f3n, debido a que precisamente\u00a0 quienes han sufrido abusos sexuales, \u00a0son las personas que mejor nos pueden ense\u00f1ar a c\u00f3mo prevenir&#8221;.<\/em><\/span><\/p>\n<p><span>Agreg\u00f3 la Profesora Celis que<\/span><em><span> &#8220;En base a su experiencia aprendemos tambi\u00e9n todos, y en ese sentido constituye una riqueza invaluable. \u201c<\/span><\/em><\/p>\n<p><span>Sin duda la Anglophone Conference constituye un elemento esencial para seguir trabajando en la prevenci\u00f3n de los abusos sexuales y acompa\u00f1amiento de las v\u00edctimas.<\/span><\/p>\n<\/article>\n","protected":false},"excerpt":{"rendered":"<p>ROMA-en el mes de junio, la Directora del Centro UC Derecho y Religi\u00f3n, profesora Ana Mar\u00eda Celis, particip\u00f3 de la Annual Anglophone Conference, que tuvo lugar en la \u00a0ciudad de Roma.<\/p>\n","protected":false},"author":1,"featured_media":1569,"comment_status":"","ping_status":"","sticky":false,"template":"","format":"standard","meta":{"_acf_changed":false,"footnotes":""},"categories":[1],"tags":[],"class_list":["post-1432","post","type-post","status-publish","format-standard","has-post-thumbnail","hentry","category-noticias"],"acf":[],"yoast_head":"<!-- This site is optimized with the Yoast SEO plugin v27.1.1 - https:\/\/yoast.com\/product\/yoast-seo-wordpress\/ -->\n<title>Directora del Centro participa en The Annual Anglophone Conference - Roma 2016 - Centro UC Derecho y Religi\u00f3n<\/title>\n<meta name=\"robots\" content=\"index, follow, max-snippet:-1, max-image-preview:large, max-video-preview:-1\" \/>\n<link rel=\"canonical\" href=\"https:\/\/derechoyreligion-uc.urantiacos.cl\/en\/directora-del-centro-participa-en-the-annual-anglophone-conference-roma-2016\/\" \/>\n<meta property=\"og:locale\" content=\"en_US\" \/>\n<meta property=\"og:type\" content=\"article\" \/>\n<meta property=\"og:title\" content=\"Directora del Centro participa en The Annual Anglophone Conference - Roma 2016 - Centro UC Derecho y Religi\u00f3n\" \/>\n<meta property=\"og:description\" content=\"ROMA-en el mes de junio, la Directora del Centro UC Derecho y Religi\u00f3n, profesora Ana Mar\u00eda Celis, particip\u00f3 de la Annual Anglophone Conference, que tuvo lugar en la \u00a0ciudad de Roma.\" \/>\n<meta property=\"og:url\" content=\"https:\/\/derechoyreligion-uc.urantiacos.cl\/en\/directora-del-centro-participa-en-the-annual-anglophone-conference-roma-2016\/\" \/>\n<meta property=\"og:site_name\" content=\"Centro UC Derecho y Religi\u00f3n\" \/>\n<meta property=\"article:published_time\" content=\"2016-07-15T04:00:00+00:00\" \/>\n<meta property=\"og:image\" content=\"https:\/\/derechoyreligion-uc.urantiacos.cl\/wp-content\/uploads\/2025\/10\/Anglophone_2.jpg\" \/>\n\t<meta property=\"og:image:width\" content=\"1280\" \/>\n\t<meta property=\"og:image:height\" content=\"720\" \/>\n\t<meta property=\"og:image:type\" content=\"image\/jpeg\" \/>\n<meta name=\"author\" content=\"manadmin\" \/>\n<meta name=\"twitter:card\" content=\"summary_large_image\" \/>\n<meta name=\"twitter:label1\" content=\"Written by\" \/>\n\t<meta name=\"twitter:data1\" content=\"manadmin\" \/>\n\t<meta name=\"twitter:label2\" content=\"Est. reading time\" \/>\n\t<meta name=\"twitter:data2\" content=\"1 minute\" \/>\n<script type=\"application\/ld+json\" class=\"yoast-schema-graph\">{\"@context\":\"https:\/\/schema.org\",\"@graph\":[{\"@type\":\"Article\",\"@id\":\"https:\/\/derechoyreligion-uc.urantiacos.cl\/en\/directora-del-centro-participa-en-the-annual-anglophone-conference-roma-2016\/#article\",\"isPartOf\":{\"@id\":\"https:\/\/derechoyreligion-uc.urantiacos.cl\/en\/directora-del-centro-participa-en-the-annual-anglophone-conference-roma-2016\/\"},\"author\":{\"name\":\"manadmin\",\"@id\":\"https:\/\/derechoyreligion-uc.urantiacos.cl\/en\/#\/schema\/person\/6cc7f593e2f49e3b770a06f63b58e3b1\"},\"headline\":\"Directora del Centro participa en The Annual Anglophone Conference &#8211; Roma 2016\",\"datePublished\":\"2016-07-15T04:00:00+00:00\",\"mainEntityOfPage\":{\"@id\":\"https:\/\/derechoyreligion-uc.urantiacos.cl\/en\/directora-del-centro-participa-en-the-annual-anglophone-conference-roma-2016\/\"},\"wordCount\":230,\"image\":{\"@id\":\"https:\/\/derechoyreligion-uc.urantiacos.cl\/en\/directora-del-centro-participa-en-the-annual-anglophone-conference-roma-2016\/#primaryimage\"},\"thumbnailUrl\":\"https:\/\/derechoyreligion-uc.urantiacos.cl\/wp-content\/uploads\/2025\/10\/Anglophone_2.jpg\",\"articleSection\":[\"Noticias\"],\"inLanguage\":\"en-US\"},{\"@type\":\"WebPage\",\"@id\":\"https:\/\/derechoyreligion-uc.urantiacos.cl\/en\/directora-del-centro-participa-en-the-annual-anglophone-conference-roma-2016\/\",\"url\":\"https:\/\/derechoyreligion-uc.urantiacos.cl\/en\/directora-del-centro-participa-en-the-annual-anglophone-conference-roma-2016\/\",\"name\":\"Directora del Centro participa en The Annual Anglophone Conference - Roma 2016 - Centro UC Derecho y Religi\u00f3n\",\"isPartOf\":{\"@id\":\"https:\/\/derechoyreligion-uc.urantiacos.cl\/en\/#website\"},\"primaryImageOfPage\":{\"@id\":\"https:\/\/derechoyreligion-uc.urantiacos.cl\/en\/directora-del-centro-participa-en-the-annual-anglophone-conference-roma-2016\/#primaryimage\"},\"image\":{\"@id\":\"https:\/\/derechoyreligion-uc.urantiacos.cl\/en\/directora-del-centro-participa-en-the-annual-anglophone-conference-roma-2016\/#primaryimage\"},\"thumbnailUrl\":\"https:\/\/derechoyreligion-uc.urantiacos.cl\/wp-content\/uploads\/2025\/10\/Anglophone_2.jpg\",\"datePublished\":\"2016-07-15T04:00:00+00:00\",\"author\":{\"@id\":\"https:\/\/derechoyreligion-uc.urantiacos.cl\/en\/#\/schema\/person\/6cc7f593e2f49e3b770a06f63b58e3b1\"},\"breadcrumb\":{\"@id\":\"https:\/\/derechoyreligion-uc.urantiacos.cl\/en\/directora-del-centro-participa-en-the-annual-anglophone-conference-roma-2016\/#breadcrumb\"},\"inLanguage\":\"en-US\",\"potentialAction\":[{\"@type\":\"ReadAction\",\"target\":[\"https:\/\/derechoyreligion-uc.urantiacos.cl\/en\/directora-del-centro-participa-en-the-annual-anglophone-conference-roma-2016\/\"]}]},{\"@type\":\"ImageObject\",\"inLanguage\":\"en-US\",\"@id\":\"https:\/\/derechoyreligion-uc.urantiacos.cl\/en\/directora-del-centro-participa-en-the-annual-anglophone-conference-roma-2016\/#primaryimage\",\"url\":\"https:\/\/derechoyreligion-uc.urantiacos.cl\/wp-content\/uploads\/2025\/10\/Anglophone_2.jpg\",\"contentUrl\":\"https:\/\/derechoyreligion-uc.urantiacos.cl\/wp-content\/uploads\/2025\/10\/Anglophone_2.jpg\",\"width\":1280,\"height\":720},{\"@type\":\"BreadcrumbList\",\"@id\":\"https:\/\/derechoyreligion-uc.urantiacos.cl\/en\/directora-del-centro-participa-en-the-annual-anglophone-conference-roma-2016\/#breadcrumb\",\"itemListElement\":[{\"@type\":\"ListItem\",\"position\":1,\"name\":\"Portada\",\"item\":\"https:\/\/derechoyreligion-uc.urantiacos.cl\/en\/\"},{\"@type\":\"ListItem\",\"position\":2,\"name\":\"Directora del Centro participa en The Annual Anglophone Conference &#8211; Roma 2016\"}]},{\"@type\":\"WebSite\",\"@id\":\"https:\/\/derechoyreligion-uc.urantiacos.cl\/en\/#website\",\"url\":\"https:\/\/derechoyreligion-uc.urantiacos.cl\/en\/\",\"name\":\"Centro UC Derecho y Religi\u00f3n\",\"description\":\"\",\"potentialAction\":[{\"@type\":\"SearchAction\",\"target\":{\"@type\":\"EntryPoint\",\"urlTemplate\":\"https:\/\/derechoyreligion-uc.urantiacos.cl\/en\/?s={search_term_string}\"},\"query-input\":{\"@type\":\"PropertyValueSpecification\",\"valueRequired\":true,\"valueName\":\"search_term_string\"}}],\"inLanguage\":\"en-US\"},{\"@type\":\"Person\",\"@id\":\"https:\/\/derechoyreligion-uc.urantiacos.cl\/en\/#\/schema\/person\/6cc7f593e2f49e3b770a06f63b58e3b1\",\"name\":\"manadmin\",\"sameAs\":[\"https:\/\/derechoyreligion-uc.urantiacos.cl\"]}]}<\/script>\n<!-- \/ Yoast SEO plugin. -->","yoast_head_json":{"title":"Directora del Centro participa en The Annual Anglophone Conference - Roma 2016 - Centro UC Derecho y Religi\u00f3n","robots":{"index":"index","follow":"follow","max-snippet":"max-snippet:-1","max-image-preview":"max-image-preview:large","max-video-preview":"max-video-preview:-1"},"canonical":"https:\/\/derechoyreligion-uc.urantiacos.cl\/en\/directora-del-centro-participa-en-the-annual-anglophone-conference-roma-2016\/","og_locale":"en_US","og_type":"article","og_title":"Directora del Centro participa en The Annual Anglophone Conference - Roma 2016 - Centro UC Derecho y Religi\u00f3n","og_description":"ROMA-en el mes de junio, la Directora del Centro UC Derecho y Religi\u00f3n, profesora Ana Mar\u00eda Celis, particip\u00f3 de la Annual Anglophone Conference, que tuvo lugar en la \u00a0ciudad de Roma.","og_url":"https:\/\/derechoyreligion-uc.urantiacos.cl\/en\/directora-del-centro-participa-en-the-annual-anglophone-conference-roma-2016\/","og_site_name":"Centro UC Derecho y Religi\u00f3n","article_published_time":"2016-07-15T04:00:00+00:00","og_image":[{"width":1280,"height":720,"url":"https:\/\/derechoyreligion-uc.urantiacos.cl\/wp-content\/uploads\/2025\/10\/Anglophone_2.jpg","type":"image\/jpeg"}],"author":"manadmin","twitter_card":"summary_large_image","twitter_misc":{"Written by":"manadmin","Est. reading time":"1 minute"},"schema":{"@context":"https:\/\/schema.org","@graph":[{"@type":"Article","@id":"https:\/\/derechoyreligion-uc.urantiacos.cl\/en\/directora-del-centro-participa-en-the-annual-anglophone-conference-roma-2016\/#article","isPartOf":{"@id":"https:\/\/derechoyreligion-uc.urantiacos.cl\/en\/directora-del-centro-participa-en-the-annual-anglophone-conference-roma-2016\/"},"author":{"name":"manadmin","@id":"https:\/\/derechoyreligion-uc.urantiacos.cl\/en\/#\/schema\/person\/6cc7f593e2f49e3b770a06f63b58e3b1"},"headline":"Directora del Centro participa en The Annual Anglophone Conference &#8211; Roma 2016","datePublished":"2016-07-15T04:00:00+00:00","mainEntityOfPage":{"@id":"https:\/\/derechoyreligion-uc.urantiacos.cl\/en\/directora-del-centro-participa-en-the-annual-anglophone-conference-roma-2016\/"},"wordCount":230,"image":{"@id":"https:\/\/derechoyreligion-uc.urantiacos.cl\/en\/directora-del-centro-participa-en-the-annual-anglophone-conference-roma-2016\/#primaryimage"},"thumbnailUrl":"https:\/\/derechoyreligion-uc.urantiacos.cl\/wp-content\/uploads\/2025\/10\/Anglophone_2.jpg","articleSection":["Noticias"],"inLanguage":"en-US"},{"@type":"WebPage","@id":"https:\/\/derechoyreligion-uc.urantiacos.cl\/en\/directora-del-centro-participa-en-the-annual-anglophone-conference-roma-2016\/","url":"https:\/\/derechoyreligion-uc.urantiacos.cl\/en\/directora-del-centro-participa-en-the-annual-anglophone-conference-roma-2016\/","name":"Directora del Centro participa en The Annual Anglophone Conference - Roma 2016 - Centro UC Derecho y Religi\u00f3n","isPartOf":{"@id":"https:\/\/derechoyreligion-uc.urantiacos.cl\/en\/#website"},"primaryImageOfPage":{"@id":"https:\/\/derechoyreligion-uc.urantiacos.cl\/en\/directora-del-centro-participa-en-the-annual-anglophone-conference-roma-2016\/#primaryimage"},"image":{"@id":"https:\/\/derechoyreligion-uc.urantiacos.cl\/en\/directora-del-centro-participa-en-the-annual-anglophone-conference-roma-2016\/#primaryimage"},"thumbnailUrl":"https:\/\/derechoyreligion-uc.urantiacos.cl\/wp-content\/uploads\/2025\/10\/Anglophone_2.jpg","datePublished":"2016-07-15T04:00:00+00:00","author":{"@id":"https:\/\/derechoyreligion-uc.urantiacos.cl\/en\/#\/schema\/person\/6cc7f593e2f49e3b770a06f63b58e3b1"},"breadcrumb":{"@id":"https:\/\/derechoyreligion-uc.urantiacos.cl\/en\/directora-del-centro-participa-en-the-annual-anglophone-conference-roma-2016\/#breadcrumb"},"inLanguage":"en-US","potentialAction":[{"@type":"ReadAction","target":["https:\/\/derechoyreligion-uc.urantiacos.cl\/en\/directora-del-centro-participa-en-the-annual-anglophone-conference-roma-2016\/"]}]},{"@type":"ImageObject","inLanguage":"en-US","@id":"https:\/\/derechoyreligion-uc.urantiacos.cl\/en\/directora-del-centro-participa-en-the-annual-anglophone-conference-roma-2016\/#primaryimage","url":"https:\/\/derechoyreligion-uc.urantiacos.cl\/wp-content\/uploads\/2025\/10\/Anglophone_2.jpg","contentUrl":"https:\/\/derechoyreligion-uc.urantiacos.cl\/wp-content\/uploads\/2025\/10\/Anglophone_2.jpg","width":1280,"height":720},{"@type":"BreadcrumbList","@id":"https:\/\/derechoyreligion-uc.urantiacos.cl\/en\/directora-del-centro-participa-en-the-annual-anglophone-conference-roma-2016\/#breadcrumb","itemListElement":[{"@type":"ListItem","position":1,"name":"Portada","item":"https:\/\/derechoyreligion-uc.urantiacos.cl\/en\/"},{"@type":"ListItem","position":2,"name":"Directora del Centro participa en The Annual Anglophone Conference &#8211; Roma 2016"}]},{"@type":"WebSite","@id":"https:\/\/derechoyreligion-uc.urantiacos.cl\/en\/#website","url":"https:\/\/derechoyreligion-uc.urantiacos.cl\/en\/","name":"Centro UC Derecho y Religi\u00f3n","description":"","potentialAction":[{"@type":"SearchAction","target":{"@type":"EntryPoint","urlTemplate":"https:\/\/derechoyreligion-uc.urantiacos.cl\/en\/?s={search_term_string}"},"query-input":{"@type":"PropertyValueSpecification","valueRequired":true,"valueName":"search_term_string"}}],"inLanguage":"en-US"},{"@type":"Person","@id":"https:\/\/derechoyreligion-uc.urantiacos.cl\/en\/#\/schema\/person\/6cc7f593e2f49e3b770a06f63b58e3b1","name":"manadmin","sameAs":["https:\/\/derechoyreligion-uc.urantiacos.cl"]}]}},"_links":{"self":[{"href":"https:\/\/derechoyreligion-uc.urantiacos.cl\/en\/wp-json\/wp\/v2\/posts\/1432","targetHints":{"allow":["GET"]}}],"collection":[{"href":"https:\/\/derechoyreligion-uc.urantiacos.cl\/en\/wp-json\/wp\/v2\/posts"}],"about":[{"href":"https:\/\/derechoyreligion-uc.urantiacos.cl\/en\/wp-json\/wp\/v2\/types\/post"}],"author":[{"embeddable":true,"href":"https:\/\/derechoyreligion-uc.urantiacos.cl\/en\/wp-json\/wp\/v2\/users\/1"}],"replies":[{"embeddable":true,"href":"https:\/\/derechoyreligion-uc.urantiacos.cl\/en\/wp-json\/wp\/v2\/comments?post=1432"}],"version-history":[{"count":0,"href":"https:\/\/derechoyreligion-uc.urantiacos.cl\/en\/wp-json\/wp\/v2\/posts\/1432\/revisions"}],"wp:featuredmedia":[{"embeddable":true,"href":"https:\/\/derechoyreligion-uc.urantiacos.cl\/en\/wp-json\/wp\/v2\/media\/1569"}],"wp:attachment":[{"href":"https:\/\/derechoyreligion-uc.urantiacos.cl\/en\/wp-json\/wp\/v2\/media?parent=1432"}],"wp:term":[{"taxonomy":"category","embeddable":true,"href":"https:\/\/derechoyreligion-uc.urantiacos.cl\/en\/wp-json\/wp\/v2\/categories?post=1432"},{"taxonomy":"post_tag","embeddable":true,"href":"https:\/\/derechoyreligion-uc.urantiacos.cl\/en\/wp-json\/wp\/v2\/tags?post=1432"}],"curies":[{"name":"wp","href":"https:\/\/api.w.org\/{rel}","templated":true}]}}