
{"id":1428,"date":"2016-10-05T00:00:00","date_gmt":"2016-10-05T03:00:00","guid":{"rendered":"https:\/\/derechoyreligion-uc.urantiacos.cl\/profesora-ana-maria-celis-asumio-presidencia-de-iclars\/"},"modified":"2016-10-05T00:00:00","modified_gmt":"2016-10-05T03:00:00","slug":"profesora-ana-maria-celis-asumio-presidencia-de-iclars","status":"publish","type":"post","link":"https:\/\/derechoyreligion-uc.urantiacos.cl\/en\/profesora-ana-maria-celis-asumio-presidencia-de-iclars\/","title":{"rendered":"Profesora Ana Mar\u00eda Celis asumi\u00f3 presidencia de ICLARS"},"content":{"rendered":"<article>\n<span><br \/>\n<\/span><\/p>\n<p><em><img decoding=\"async\" alt=\"celis peque\u00f1a\" src=\"http:\/\/derecho.uc.cl\/images\/stories\/noticias\/2016\/09_Septiembre\/celis%20peque%C3%B1a.jpg\"\/><\/em><\/p>\n<p><em>Durante cuatro a\u00f1os, la acad\u00e9mica presidir\u00e1 esta importante red internacional de acad\u00e9micos expertos en Derecho y Religi\u00f3n.<\/em><\/p>\n<p><a href=\"http:\/\/www.iclars.org\/\" target=\"_blank\">International Consortium for Law and Religion Studies o ICLARS<\/a>\u00a0naci\u00f3 el a\u00f1o 2007 con el objetivo de ser un espacio de estudio, an\u00e1lisis y opini\u00f3n sobre temas de Derecho y Religi\u00f3n, donde acad\u00e9micos y expertos de todo el mundo pudieran intercambiar ideas referentes a este tema. Desde entonces ha ido tomando fuerza y se ha convertido en una importante red internacional que cuenta con m\u00e1s de 300 miembros provenientes de 67 pa\u00edses.<\/p>\n<p>Cada dos a\u00f1os ICLARS realiza un congreso para reunir a expertos en la discusi\u00f3n de alguna tem\u00e1tica. En su versi\u00f3n 2016, se trat\u00f3 la materia acerca de\u00a0<em>Freedom of for from withing religi\u00f3n, differing dimensions of a common right?<\/em>\u00a0y se desarroll\u00f3 entre los d\u00edas 8 y 11 de septiembre en la Universidad de Oxford, Inglaterra. En dicho marco, asumi\u00f3 la profesora de nuestra Facultad, Ana Mar\u00eda Celis, como la nueva presidenta del organismo, cargo que ejercer\u00e1 al menos por los pr\u00f3ximos cuatro a\u00f1os.<\/p>\n<p><img decoding=\"async\" alt=\"1\" src=\"https:\/\/derechoyreligion-uc.urantiacos.cl\/wp-content\/uploads\/imagenes\/1.jpg\"\/><\/p>\n<p>\u00a0<\/p>\n<p>En su discurso, la acad\u00e9mica UC agradeci\u00f3 la nominaci\u00f3n y dijo que para ella es un verdadero privilegio asumir este cargo. Tambi\u00e9n tuvo palabras de elogio al importante trabajo realizado por la directiva anterior, quienes a su juicio\u00a0<strong>&#8220;han sido fundamentales en el crecimiento de ICLARS, como una instituci\u00f3n acad\u00e9mica de colaboraci\u00f3n y reflexi\u00f3n de temas que son vitales en el mundo&#8221;.<\/strong><\/p>\n<p><strong>&#8220;Es un honor participar de una red acad\u00e9mica \u00fanica, ya que hay pocos lugares donde exista una verdadera generosidad acad\u00e9mica, y esto se debe entre otras cosas a nuestra pasi\u00f3n compartida por la promoci\u00f3n de la libertad religiosa como un derecho humano fundamental&#8221;<\/strong>, asegur\u00f3.<\/p>\n<p>Durante esos d\u00edas, participaron diversos acad\u00e9micos chilenos, divulg\u00e1ndose las diversas iniciativas del\u00a0<a href=\"https:\/\/derechoyreligion.uc.cl\/es\/\" target=\"_blank\">Centro UC Derecho y Religi\u00f3n<\/a>: su Observatorio de Latinoam\u00e9rcia y el Caribe, as\u00ed como la<a href=\"http:\/\/www.revistalatderechoyreligion.com\/ojs\/ojs-2.4.6\/index.php\/RLDR\" target=\"_blank\">Revista Latinoamericana de Derecho y Religi\u00f3n<\/a>.\u00a0<\/p>\n<h3>Participaci\u00f3n en encuentro en House of Lords<\/h3>\n<p>Durante su visita a Inglaterra, la presidenta de ICLARS asisti\u00f3 tambi\u00e9n a la\u00a0<a href=\"http:\/\/www.parliament.uk\/business\/lords\/\" target=\"_blank\">House of Lords<\/a>\u00a0(C\u00e1mara Alta del Parlamento del Reino Unido) para la presentaci\u00f3n final del proyecto\u00a0<em>Recognising Difference, Protecting Freedom of Religion or Belief: A Transatlantic Policy Dialogue<\/em>. Hubo un enriquecedor intercambio de estrategias para proteger la libertad de religi\u00f3n o de creencias, planteando la necesidad de colaboraci\u00f3n y compromiso de diversos actores: funcionarios gubernamentales, pol\u00edticos, autoridades religiosas y acad\u00e9micos.<\/p>\n<p>Al encuentro asistieron cerca de 40 personas entre parlamentarios, acad\u00e9micos, pol\u00edticos y el nuevo relator especial sobre la libertad de religi\u00f3n o de creencias de la ONU Ahmed Shaheed y el enviado especial de la Uni\u00f3n Europea para promover la libertad de religi\u00f3n o creencias fuera de la Uni\u00f3n Europea.<\/p>\n<p>En opini\u00f3n de la profesora Celis, esta experiencia constituye un paso importante entre los diversos proyectos acerca del di\u00e1logo dirigido a la promoci\u00f3n de la libertad religiosa, esperando que sea precursora de otras alianzas para abordar el tema considerando la originalidad y aportes de Latinoam\u00e9rica en un \u00e1mbito de gran dinamismo.<\/p>\n<p>\u00a0<\/p>\n<p>\u00a0<\/p>\n<p>\u00a0<\/p>\n<\/article>\n","protected":false},"excerpt":{"rendered":"<p>Durante cuatro a\u00f1os, la acad\u00e9mica presidir\u00e1 esta importante red internacional de acad\u00e9micos expertos en Derecho y Religi\u00f3n.<\/p>\n","protected":false},"author":1,"featured_media":0,"comment_status":"","ping_status":"","sticky":false,"template":"","format":"standard","meta":{"_acf_changed":false,"footnotes":""},"categories":[1],"tags":[],"class_list":["post-1428","post","type-post","status-publish","format-standard","hentry","category-noticias"],"acf":[],"yoast_head":"<!-- This site is optimized with the Yoast SEO plugin v27.1.1 - https:\/\/yoast.com\/product\/yoast-seo-wordpress\/ -->\n<title>Profesora Ana Mar\u00eda Celis asumi\u00f3 presidencia de ICLARS - Centro UC Derecho y Religi\u00f3n<\/title>\n<meta name=\"robots\" content=\"index, follow, max-snippet:-1, max-image-preview:large, max-video-preview:-1\" \/>\n<link rel=\"canonical\" href=\"https:\/\/derechoyreligion-uc.urantiacos.cl\/en\/profesora-ana-maria-celis-asumio-presidencia-de-iclars\/\" \/>\n<meta property=\"og:locale\" content=\"en_US\" \/>\n<meta property=\"og:type\" content=\"article\" \/>\n<meta property=\"og:title\" content=\"Profesora Ana Mar\u00eda Celis asumi\u00f3 presidencia de ICLARS - Centro UC Derecho y Religi\u00f3n\" \/>\n<meta property=\"og:description\" content=\"Durante cuatro a\u00f1os, la acad\u00e9mica presidir\u00e1 esta importante red internacional de acad\u00e9micos expertos en Derecho y Religi\u00f3n.\" \/>\n<meta property=\"og:url\" content=\"https:\/\/derechoyreligion-uc.urantiacos.cl\/en\/profesora-ana-maria-celis-asumio-presidencia-de-iclars\/\" \/>\n<meta property=\"og:site_name\" content=\"Centro UC Derecho y Religi\u00f3n\" \/>\n<meta property=\"article:published_time\" content=\"2016-10-05T03:00:00+00:00\" \/>\n<meta property=\"og:image\" content=\"http:\/\/derecho.uc.cl\/images\/stories\/noticias\/2016\/09_Septiembre\/celis%20peque%C3%B1a.jpg\" \/>\n<meta name=\"author\" content=\"manadmin\" \/>\n<meta name=\"twitter:card\" content=\"summary_large_image\" \/>\n<meta name=\"twitter:label1\" content=\"Written by\" \/>\n\t<meta name=\"twitter:data1\" content=\"manadmin\" \/>\n\t<meta name=\"twitter:label2\" content=\"Est. reading time\" \/>\n\t<meta name=\"twitter:data2\" content=\"3 minutes\" \/>\n<script type=\"application\/ld+json\" class=\"yoast-schema-graph\">{\"@context\":\"https:\/\/schema.org\",\"@graph\":[{\"@type\":\"Article\",\"@id\":\"https:\/\/derechoyreligion-uc.urantiacos.cl\/en\/profesora-ana-maria-celis-asumio-presidencia-de-iclars\/#article\",\"isPartOf\":{\"@id\":\"https:\/\/derechoyreligion-uc.urantiacos.cl\/en\/profesora-ana-maria-celis-asumio-presidencia-de-iclars\/\"},\"author\":{\"name\":\"manadmin\",\"@id\":\"https:\/\/derechoyreligion-uc.urantiacos.cl\/en\/#\/schema\/person\/6cc7f593e2f49e3b770a06f63b58e3b1\"},\"headline\":\"Profesora Ana Mar\u00eda Celis asumi\u00f3 presidencia de ICLARS\",\"datePublished\":\"2016-10-05T03:00:00+00:00\",\"mainEntityOfPage\":{\"@id\":\"https:\/\/derechoyreligion-uc.urantiacos.cl\/en\/profesora-ana-maria-celis-asumio-presidencia-de-iclars\/\"},\"wordCount\":549,\"image\":{\"@id\":\"https:\/\/derechoyreligion-uc.urantiacos.cl\/en\/profesora-ana-maria-celis-asumio-presidencia-de-iclars\/#primaryimage\"},\"thumbnailUrl\":\"http:\/\/derecho.uc.cl\/images\/stories\/noticias\/2016\/09_Septiembre\/celis%20peque%C3%B1a.jpg\",\"articleSection\":[\"Noticias\"],\"inLanguage\":\"en-US\"},{\"@type\":\"WebPage\",\"@id\":\"https:\/\/derechoyreligion-uc.urantiacos.cl\/en\/profesora-ana-maria-celis-asumio-presidencia-de-iclars\/\",\"url\":\"https:\/\/derechoyreligion-uc.urantiacos.cl\/en\/profesora-ana-maria-celis-asumio-presidencia-de-iclars\/\",\"name\":\"Profesora Ana Mar\u00eda Celis asumi\u00f3 presidencia de ICLARS - Centro UC Derecho y Religi\u00f3n\",\"isPartOf\":{\"@id\":\"https:\/\/derechoyreligion-uc.urantiacos.cl\/en\/#website\"},\"primaryImageOfPage\":{\"@id\":\"https:\/\/derechoyreligion-uc.urantiacos.cl\/en\/profesora-ana-maria-celis-asumio-presidencia-de-iclars\/#primaryimage\"},\"image\":{\"@id\":\"https:\/\/derechoyreligion-uc.urantiacos.cl\/en\/profesora-ana-maria-celis-asumio-presidencia-de-iclars\/#primaryimage\"},\"thumbnailUrl\":\"http:\/\/derecho.uc.cl\/images\/stories\/noticias\/2016\/09_Septiembre\/celis%20peque%C3%B1a.jpg\",\"datePublished\":\"2016-10-05T03:00:00+00:00\",\"author\":{\"@id\":\"https:\/\/derechoyreligion-uc.urantiacos.cl\/en\/#\/schema\/person\/6cc7f593e2f49e3b770a06f63b58e3b1\"},\"breadcrumb\":{\"@id\":\"https:\/\/derechoyreligion-uc.urantiacos.cl\/en\/profesora-ana-maria-celis-asumio-presidencia-de-iclars\/#breadcrumb\"},\"inLanguage\":\"en-US\",\"potentialAction\":[{\"@type\":\"ReadAction\",\"target\":[\"https:\/\/derechoyreligion-uc.urantiacos.cl\/en\/profesora-ana-maria-celis-asumio-presidencia-de-iclars\/\"]}]},{\"@type\":\"ImageObject\",\"inLanguage\":\"en-US\",\"@id\":\"https:\/\/derechoyreligion-uc.urantiacos.cl\/en\/profesora-ana-maria-celis-asumio-presidencia-de-iclars\/#primaryimage\",\"url\":\"http:\/\/derecho.uc.cl\/images\/stories\/noticias\/2016\/09_Septiembre\/celis%20peque%C3%B1a.jpg\",\"contentUrl\":\"http:\/\/derecho.uc.cl\/images\/stories\/noticias\/2016\/09_Septiembre\/celis%20peque%C3%B1a.jpg\"},{\"@type\":\"BreadcrumbList\",\"@id\":\"https:\/\/derechoyreligion-uc.urantiacos.cl\/en\/profesora-ana-maria-celis-asumio-presidencia-de-iclars\/#breadcrumb\",\"itemListElement\":[{\"@type\":\"ListItem\",\"position\":1,\"name\":\"Portada\",\"item\":\"https:\/\/derechoyreligion-uc.urantiacos.cl\/en\/\"},{\"@type\":\"ListItem\",\"position\":2,\"name\":\"Profesora Ana Mar\u00eda Celis asumi\u00f3 presidencia de ICLARS\"}]},{\"@type\":\"WebSite\",\"@id\":\"https:\/\/derechoyreligion-uc.urantiacos.cl\/en\/#website\",\"url\":\"https:\/\/derechoyreligion-uc.urantiacos.cl\/en\/\",\"name\":\"Centro UC Derecho y Religi\u00f3n\",\"description\":\"\",\"potentialAction\":[{\"@type\":\"SearchAction\",\"target\":{\"@type\":\"EntryPoint\",\"urlTemplate\":\"https:\/\/derechoyreligion-uc.urantiacos.cl\/en\/?s={search_term_string}\"},\"query-input\":{\"@type\":\"PropertyValueSpecification\",\"valueRequired\":true,\"valueName\":\"search_term_string\"}}],\"inLanguage\":\"en-US\"},{\"@type\":\"Person\",\"@id\":\"https:\/\/derechoyreligion-uc.urantiacos.cl\/en\/#\/schema\/person\/6cc7f593e2f49e3b770a06f63b58e3b1\",\"name\":\"manadmin\",\"sameAs\":[\"https:\/\/derechoyreligion-uc.urantiacos.cl\"]}]}<\/script>\n<!-- \/ Yoast SEO plugin. -->","yoast_head_json":{"title":"Profesora Ana Mar\u00eda Celis asumi\u00f3 presidencia de ICLARS - Centro UC Derecho y Religi\u00f3n","robots":{"index":"index","follow":"follow","max-snippet":"max-snippet:-1","max-image-preview":"max-image-preview:large","max-video-preview":"max-video-preview:-1"},"canonical":"https:\/\/derechoyreligion-uc.urantiacos.cl\/en\/profesora-ana-maria-celis-asumio-presidencia-de-iclars\/","og_locale":"en_US","og_type":"article","og_title":"Profesora Ana Mar\u00eda Celis asumi\u00f3 presidencia de ICLARS - Centro UC Derecho y Religi\u00f3n","og_description":"Durante cuatro a\u00f1os, la acad\u00e9mica presidir\u00e1 esta importante red internacional de acad\u00e9micos expertos en Derecho y Religi\u00f3n.","og_url":"https:\/\/derechoyreligion-uc.urantiacos.cl\/en\/profesora-ana-maria-celis-asumio-presidencia-de-iclars\/","og_site_name":"Centro UC Derecho y Religi\u00f3n","article_published_time":"2016-10-05T03:00:00+00:00","og_image":[{"url":"http:\/\/derecho.uc.cl\/images\/stories\/noticias\/2016\/09_Septiembre\/celis%20peque%C3%B1a.jpg","type":"","width":"","height":""}],"author":"manadmin","twitter_card":"summary_large_image","twitter_misc":{"Written by":"manadmin","Est. reading time":"3 minutes"},"schema":{"@context":"https:\/\/schema.org","@graph":[{"@type":"Article","@id":"https:\/\/derechoyreligion-uc.urantiacos.cl\/en\/profesora-ana-maria-celis-asumio-presidencia-de-iclars\/#article","isPartOf":{"@id":"https:\/\/derechoyreligion-uc.urantiacos.cl\/en\/profesora-ana-maria-celis-asumio-presidencia-de-iclars\/"},"author":{"name":"manadmin","@id":"https:\/\/derechoyreligion-uc.urantiacos.cl\/en\/#\/schema\/person\/6cc7f593e2f49e3b770a06f63b58e3b1"},"headline":"Profesora Ana Mar\u00eda Celis asumi\u00f3 presidencia de ICLARS","datePublished":"2016-10-05T03:00:00+00:00","mainEntityOfPage":{"@id":"https:\/\/derechoyreligion-uc.urantiacos.cl\/en\/profesora-ana-maria-celis-asumio-presidencia-de-iclars\/"},"wordCount":549,"image":{"@id":"https:\/\/derechoyreligion-uc.urantiacos.cl\/en\/profesora-ana-maria-celis-asumio-presidencia-de-iclars\/#primaryimage"},"thumbnailUrl":"http:\/\/derecho.uc.cl\/images\/stories\/noticias\/2016\/09_Septiembre\/celis%20peque%C3%B1a.jpg","articleSection":["Noticias"],"inLanguage":"en-US"},{"@type":"WebPage","@id":"https:\/\/derechoyreligion-uc.urantiacos.cl\/en\/profesora-ana-maria-celis-asumio-presidencia-de-iclars\/","url":"https:\/\/derechoyreligion-uc.urantiacos.cl\/en\/profesora-ana-maria-celis-asumio-presidencia-de-iclars\/","name":"Profesora Ana Mar\u00eda Celis asumi\u00f3 presidencia de ICLARS - Centro UC Derecho y Religi\u00f3n","isPartOf":{"@id":"https:\/\/derechoyreligion-uc.urantiacos.cl\/en\/#website"},"primaryImageOfPage":{"@id":"https:\/\/derechoyreligion-uc.urantiacos.cl\/en\/profesora-ana-maria-celis-asumio-presidencia-de-iclars\/#primaryimage"},"image":{"@id":"https:\/\/derechoyreligion-uc.urantiacos.cl\/en\/profesora-ana-maria-celis-asumio-presidencia-de-iclars\/#primaryimage"},"thumbnailUrl":"http:\/\/derecho.uc.cl\/images\/stories\/noticias\/2016\/09_Septiembre\/celis%20peque%C3%B1a.jpg","datePublished":"2016-10-05T03:00:00+00:00","author":{"@id":"https:\/\/derechoyreligion-uc.urantiacos.cl\/en\/#\/schema\/person\/6cc7f593e2f49e3b770a06f63b58e3b1"},"breadcrumb":{"@id":"https:\/\/derechoyreligion-uc.urantiacos.cl\/en\/profesora-ana-maria-celis-asumio-presidencia-de-iclars\/#breadcrumb"},"inLanguage":"en-US","potentialAction":[{"@type":"ReadAction","target":["https:\/\/derechoyreligion-uc.urantiacos.cl\/en\/profesora-ana-maria-celis-asumio-presidencia-de-iclars\/"]}]},{"@type":"ImageObject","inLanguage":"en-US","@id":"https:\/\/derechoyreligion-uc.urantiacos.cl\/en\/profesora-ana-maria-celis-asumio-presidencia-de-iclars\/#primaryimage","url":"http:\/\/derecho.uc.cl\/images\/stories\/noticias\/2016\/09_Septiembre\/celis%20peque%C3%B1a.jpg","contentUrl":"http:\/\/derecho.uc.cl\/images\/stories\/noticias\/2016\/09_Septiembre\/celis%20peque%C3%B1a.jpg"},{"@type":"BreadcrumbList","@id":"https:\/\/derechoyreligion-uc.urantiacos.cl\/en\/profesora-ana-maria-celis-asumio-presidencia-de-iclars\/#breadcrumb","itemListElement":[{"@type":"ListItem","position":1,"name":"Portada","item":"https:\/\/derechoyreligion-uc.urantiacos.cl\/en\/"},{"@type":"ListItem","position":2,"name":"Profesora Ana Mar\u00eda Celis asumi\u00f3 presidencia de ICLARS"}]},{"@type":"WebSite","@id":"https:\/\/derechoyreligion-uc.urantiacos.cl\/en\/#website","url":"https:\/\/derechoyreligion-uc.urantiacos.cl\/en\/","name":"Centro UC Derecho y Religi\u00f3n","description":"","potentialAction":[{"@type":"SearchAction","target":{"@type":"EntryPoint","urlTemplate":"https:\/\/derechoyreligion-uc.urantiacos.cl\/en\/?s={search_term_string}"},"query-input":{"@type":"PropertyValueSpecification","valueRequired":true,"valueName":"search_term_string"}}],"inLanguage":"en-US"},{"@type":"Person","@id":"https:\/\/derechoyreligion-uc.urantiacos.cl\/en\/#\/schema\/person\/6cc7f593e2f49e3b770a06f63b58e3b1","name":"manadmin","sameAs":["https:\/\/derechoyreligion-uc.urantiacos.cl"]}]}},"_links":{"self":[{"href":"https:\/\/derechoyreligion-uc.urantiacos.cl\/en\/wp-json\/wp\/v2\/posts\/1428","targetHints":{"allow":["GET"]}}],"collection":[{"href":"https:\/\/derechoyreligion-uc.urantiacos.cl\/en\/wp-json\/wp\/v2\/posts"}],"about":[{"href":"https:\/\/derechoyreligion-uc.urantiacos.cl\/en\/wp-json\/wp\/v2\/types\/post"}],"author":[{"embeddable":true,"href":"https:\/\/derechoyreligion-uc.urantiacos.cl\/en\/wp-json\/wp\/v2\/users\/1"}],"replies":[{"embeddable":true,"href":"https:\/\/derechoyreligion-uc.urantiacos.cl\/en\/wp-json\/wp\/v2\/comments?post=1428"}],"version-history":[{"count":0,"href":"https:\/\/derechoyreligion-uc.urantiacos.cl\/en\/wp-json\/wp\/v2\/posts\/1428\/revisions"}],"wp:attachment":[{"href":"https:\/\/derechoyreligion-uc.urantiacos.cl\/en\/wp-json\/wp\/v2\/media?parent=1428"}],"wp:term":[{"taxonomy":"category","embeddable":true,"href":"https:\/\/derechoyreligion-uc.urantiacos.cl\/en\/wp-json\/wp\/v2\/categories?post=1428"},{"taxonomy":"post_tag","embeddable":true,"href":"https:\/\/derechoyreligion-uc.urantiacos.cl\/en\/wp-json\/wp\/v2\/tags?post=1428"}],"curies":[{"name":"wp","href":"https:\/\/api.w.org\/{rel}","templated":true}]}}