
{"id":1427,"date":"2016-10-24T00:00:00","date_gmt":"2016-10-24T03:00:00","guid":{"rendered":"https:\/\/derechoyreligion-uc.urantiacos.cl\/seminario-internacional-estados-y-organizaciones-religiosas-problematicas-y-desafios\/"},"modified":"2016-10-24T00:00:00","modified_gmt":"2016-10-24T03:00:00","slug":"seminario-internacional-estados-y-organizaciones-religiosas-problematicas-y-desafios","status":"publish","type":"post","link":"https:\/\/derechoyreligion-uc.urantiacos.cl\/en\/seminario-internacional-estados-y-organizaciones-religiosas-problematicas-y-desafios\/","title":{"rendered":"Seminario Internacional &#8220;Estados y Organizaciones Religiosas: problem\u00e1ticas y desaf\u00edos&#8221;"},"content":{"rendered":"<article>\n<span><br \/>\n<\/span><\/p>\n<p>El pasado viernes 14 de octubre se desarroll\u00f3 el Seminario Internacional Estados y Organizaciones Religiosas: Problem\u00e1ticas y Desaf\u00edos, actividad organizada por el Centro UC Derecho y Religi\u00f3n, con el aporte de la Vicerrector\u00eda de Investigaci\u00f3n, y que tuvo por objetivo generar un espacio de reflexi\u00f3n y an\u00e1lisis sobre las relaciones entre el Estado y las organizaciones religiosas.<\/p>\n<p>\u00a0<\/p>\n<p>El encuentro cont\u00f3 con la asistencia de las autoridades eclesi\u00e1sticas Monse\u00f1or Juan Ignacio Gonz\u00e1lez, Obispo de San Bernardo, y el Nuncio Apost\u00f3lico de Su Santidad en Chile, S.E.R. Monse\u00f1or Ivo Scapolo, quien se dirigi\u00f3 a los presentes asegurando que\u00a0<strong>&#8220;entre los Estados y las organizaciones religiosas se necesita una santa alianza para enfrentar los desaf\u00edos de la humanidad de hoy, para asegurar el respeto de la persona humana, promover un desarrollo integral y defender el medio ambiente, la &#8216;casa com\u00fan&#8217; como la llama el Papa Francisco&#8221;<\/strong>.<\/p>\n<p>\u00a0 \u00a0 \u00a0 \u00a0 \u00a0 \u00a0 \u00a0 \u00a0 \u00a0 \u00a0 \u00a0 \u00a0 \u00a0 \u00a0 \u00a0 \u00a0 \u00a0 \u00a0 \u00a0\u00a0<img decoding=\"async\" alt=\"img 9381 29754673263 o\" src=\"https:\/\/derechoyreligion-uc.urantiacos.cl\/wp-content\/uploads\/imagenes\/img_9381_29754673263_o.jpg\"\/>\u00a0 \u00a0 \u00a0\u00a0<img decoding=\"async\" alt=\"img 9392 30386260515 o\" src=\"https:\/\/derechoyreligion-uc.urantiacos.cl\/wp-content\/uploads\/imagenes\/img_9392_30386260515_o.jpg\"\/>Durante el encuentro se inform\u00f3 sobre las dos publicaciones peri\u00f3dicas del\u00a0<a href=\"https:\/\/derechoyreligion.uc.cl\/es\/\" target=\"_blank\">Centro UC Derecho y Religi\u00f3n<\/a>, el\u00a0<a href=\"https:\/\/derechoyreligion.uc.cl\/es\" target=\"_blank\">Bolet\u00edn Jur\u00eddico del Observatorio de Libertad Religiosa de Am\u00e9rica Latina y el Caribe<\/a>\u00a0y la\u00a0<a href=\"http:\/\/www.revistalatderechoyreligion.com\/\" target=\"_blank\">Revista Latinoamericana de Derecho y Religi\u00f3n<\/a>. La primera de estas publicaciones tiene como finalidad contribuir a la divulgaci\u00f3n de la actualidad jur\u00eddica relacionada con la libertad religiosa como derecho humano fundamental y las relaciones entre el Estado y las organizaciones religiosas en todos los pa\u00edses de Am\u00e9rica Latina y El Caribe, constituyendo un Observatorio regional. La revista, en tanto, es una publicaci\u00f3n de investigaci\u00f3n que tiene por objeto erigirse como una instancia para el conocimiento e intercambio intelectual sobre la especialidad jur\u00eddica del derecho y religi\u00f3n \u2013derecho eclesi\u00e1stico\u2013 en sentido amplio. Su contenido incluye el derecho a la libertad religiosa, las relaciones institucionales entre el Estado y las organizaciones religiosas y las materias del Derecho Eclesi\u00e1stico del Estado como asistencia religiosa en hospitales, c\u00e1rceles y Fuerzas Armadas, libertad de ense\u00f1anza religiosa, estatuto jur\u00eddico de los ministros de culto y, en general, los trabajos pertinentes al estudio de la religi\u00f3n desde una perspectiva jur\u00eddica. Dicha revista cuenta con tres n\u00fameros y con trabajos en espa\u00f1ol, portugu\u00e9s e ingl\u00e9s.<\/p>\n<p>El Seminario se estructur\u00f3 en base a dos sesiones. La primera, Relaci\u00f3n entre Estado y las entidades religiosas: contexto latinoamericano, que cont\u00f3 con las exposiciones de los acad\u00e9micos\u00a0<a href=\"http:\/\/derecho.utalca.cl\/html\/facultad\/profesores\/jorge_rubio.html\" target=\"_blank\">Jorge del Pic\u00f3<\/a>, de la Universidad de Talca;\u00a0<a href=\"http:\/\/ucu.edu.uy\/sites\/default\/files\/profesores\/cv\/gonzalez_gabriel.pdf\" target=\"_blank\">Gabriel Gonz\u00e1lez Merlano<\/a>, de la Universidad Cat\u00f3lica del Uruguay; y Gonzalo Flores, de la Universidad Cat\u00f3lica San Pablo de Arequipa, Per\u00fa. La profesora Cecilia Quintana, de la Universidad Femenina del Sagrado Coraz\u00f3n de Per\u00fa, fue la moderadora del espacio.<\/p>\n<p><img decoding=\"async\" alt=\"img 9425 30386253425 o\" src=\"https:\/\/derechoyreligion-uc.urantiacos.cl\/wp-content\/uploads\/imagenes\/img_9425_30386253425_o.jpg\"\/><\/p>\n<p>La segunda sesi\u00f3n abord\u00f3 los Desaf\u00edos en las relaciones institucionales entre las entidades religiosas y el Estado. Aportes desde Espa\u00f1a y la realidad iberoamericana. El panel estuvo compuesto por los profesores de la Universidad Complutense de Madrid,\u00a0<a href=\"https:\/\/www.ucm.es\/directorio?id=25317\" target=\"_blank\">Silvia Meseguer<\/a>\u00a0y\u00a0<a href=\"http:\/\/ucm.academia.edu\/scarribas\" target=\"_blank\">Santiago Ca\u00f1amares<\/a>, y la profesora y directora del Centro UC Derecho y Religi\u00f3n,\u00a0<a href=\"http:\/\/derecho.uc.cl\/Dpto.-de-Derecho-Canonico\/celis-brunet-ana-maria.html\" target=\"_blank\">Ana Mar\u00eda Celis<\/a>. El profesor Ren\u00e9 Cort\u00ednez S.J., investigador del Centro, Editor del Bolet\u00edn Jur\u00eddico y Director de la Revista, fue el moderador de dicho conversatorio.<\/p>\n<p><img decoding=\"async\" alt=\"img 9454 30270010632 o\" src=\"https:\/\/derechoyreligion-uc.urantiacos.cl\/wp-content\/uploads\/imagenes\/img_9454_30270010632_o.jpg\"\/><\/p>\n<p>El encuentro concluy\u00f3 con la intervenci\u00f3n de la Secretaria General de nuestra Universidad, profesora Mar\u00eda Elena Pimstein, quien destac\u00f3 la labor del Centro UC Derecho y Religi\u00f3n como un aporte fundamental a la Universidad.<\/p>\n<p>\u00a0<\/p>\n<p><a href=\"https:\/\/www.flickr.com\/photos\/comunidadderechouc\/sets\/72157671811544964\">\u00a0Ingrese Aqu\u00ed a la Galer\u00eda de Im\u00e1genes<\/a><\/p>\n<\/article>\n","protected":false},"excerpt":{"rendered":"<p>El pasado viernes 14 de octubre se desarroll\u00f3 el Seminario Internacional Estados y Organizaciones Religiosas: Problem\u00e1ticas y Desaf\u00edos, actividad organizada por el Centro UC Derecho y Religi\u00f3n, con el aporte de la Vicerrector\u00eda de Investigaci\u00f3n, y que tuvo por objetivo generar un espacio de reflexi\u00f3n y an\u00e1lisis sobre las relaciones entre el Estado y las organizaciones religiosas.<\/p>\n","protected":false},"author":1,"featured_media":1565,"comment_status":"","ping_status":"","sticky":false,"template":"","format":"standard","meta":{"_acf_changed":false,"footnotes":""},"categories":[1],"tags":[],"class_list":["post-1427","post","type-post","status-publish","format-standard","has-post-thumbnail","hentry","category-noticias"],"acf":[],"yoast_head":"<!-- This site is optimized with the Yoast SEO plugin v27.1.1 - https:\/\/yoast.com\/product\/yoast-seo-wordpress\/ -->\n<title>Seminario Internacional &quot;Estados y Organizaciones Religiosas: problem\u00e1ticas y desaf\u00edos&quot; - Centro UC Derecho y Religi\u00f3n<\/title>\n<meta name=\"robots\" content=\"index, follow, max-snippet:-1, max-image-preview:large, max-video-preview:-1\" \/>\n<link rel=\"canonical\" href=\"https:\/\/derechoyreligion-uc.urantiacos.cl\/en\/seminario-internacional-estados-y-organizaciones-religiosas-problematicas-y-desafios\/\" \/>\n<meta property=\"og:locale\" content=\"en_US\" \/>\n<meta property=\"og:type\" content=\"article\" \/>\n<meta property=\"og:title\" content=\"Seminario Internacional &quot;Estados y Organizaciones Religiosas: problem\u00e1ticas y desaf\u00edos&quot; - Centro UC Derecho y Religi\u00f3n\" \/>\n<meta property=\"og:description\" content=\"El pasado viernes 14 de octubre se desarroll\u00f3 el Seminario Internacional Estados y Organizaciones Religiosas: Problem\u00e1ticas y Desaf\u00edos, actividad organizada por el Centro UC Derecho y Religi\u00f3n, con el aporte de la Vicerrector\u00eda de Investigaci\u00f3n, y que tuvo por objetivo generar un espacio de reflexi\u00f3n y an\u00e1lisis sobre las relaciones entre el Estado y las organizaciones religiosas.\" \/>\n<meta property=\"og:url\" content=\"https:\/\/derechoyreligion-uc.urantiacos.cl\/en\/seminario-internacional-estados-y-organizaciones-religiosas-problematicas-y-desafios\/\" \/>\n<meta property=\"og:site_name\" content=\"Centro UC Derecho y Religi\u00f3n\" \/>\n<meta property=\"article:published_time\" content=\"2016-10-24T03:00:00+00:00\" \/>\n<meta property=\"og:image\" content=\"https:\/\/derechoyreligion-uc.urantiacos.cl\/wp-content\/uploads\/2025\/10\/img_9381_29754673263_o-scaled.jpg\" \/>\n\t<meta property=\"og:image:width\" content=\"2560\" \/>\n\t<meta property=\"og:image:height\" content=\"1707\" \/>\n\t<meta property=\"og:image:type\" content=\"image\/jpeg\" \/>\n<meta name=\"author\" content=\"manadmin\" \/>\n<meta name=\"twitter:card\" content=\"summary_large_image\" \/>\n<meta name=\"twitter:label1\" content=\"Written by\" \/>\n\t<meta name=\"twitter:data1\" content=\"manadmin\" \/>\n\t<meta name=\"twitter:label2\" content=\"Est. reading time\" \/>\n\t<meta name=\"twitter:data2\" content=\"3 minutes\" \/>\n<script type=\"application\/ld+json\" class=\"yoast-schema-graph\">{\"@context\":\"https:\/\/schema.org\",\"@graph\":[{\"@type\":\"Article\",\"@id\":\"https:\/\/derechoyreligion-uc.urantiacos.cl\/en\/seminario-internacional-estados-y-organizaciones-religiosas-problematicas-y-desafios\/#article\",\"isPartOf\":{\"@id\":\"https:\/\/derechoyreligion-uc.urantiacos.cl\/en\/seminario-internacional-estados-y-organizaciones-religiosas-problematicas-y-desafios\/\"},\"author\":{\"name\":\"manadmin\",\"@id\":\"https:\/\/derechoyreligion-uc.urantiacos.cl\/en\/#\/schema\/person\/6cc7f593e2f49e3b770a06f63b58e3b1\"},\"headline\":\"Seminario Internacional &#8220;Estados y Organizaciones Religiosas: problem\u00e1ticas y desaf\u00edos&#8221;\",\"datePublished\":\"2016-10-24T03:00:00+00:00\",\"mainEntityOfPage\":{\"@id\":\"https:\/\/derechoyreligion-uc.urantiacos.cl\/en\/seminario-internacional-estados-y-organizaciones-religiosas-problematicas-y-desafios\/\"},\"wordCount\":609,\"image\":{\"@id\":\"https:\/\/derechoyreligion-uc.urantiacos.cl\/en\/seminario-internacional-estados-y-organizaciones-religiosas-problematicas-y-desafios\/#primaryimage\"},\"thumbnailUrl\":\"https:\/\/derechoyreligion-uc.urantiacos.cl\/wp-content\/uploads\/2025\/10\/img_9381_29754673263_o-scaled.jpg\",\"articleSection\":[\"Noticias\"],\"inLanguage\":\"en-US\"},{\"@type\":\"WebPage\",\"@id\":\"https:\/\/derechoyreligion-uc.urantiacos.cl\/en\/seminario-internacional-estados-y-organizaciones-religiosas-problematicas-y-desafios\/\",\"url\":\"https:\/\/derechoyreligion-uc.urantiacos.cl\/en\/seminario-internacional-estados-y-organizaciones-religiosas-problematicas-y-desafios\/\",\"name\":\"Seminario Internacional \\\"Estados y Organizaciones Religiosas: problem\u00e1ticas y desaf\u00edos\\\" - Centro UC Derecho y Religi\u00f3n\",\"isPartOf\":{\"@id\":\"https:\/\/derechoyreligion-uc.urantiacos.cl\/en\/#website\"},\"primaryImageOfPage\":{\"@id\":\"https:\/\/derechoyreligion-uc.urantiacos.cl\/en\/seminario-internacional-estados-y-organizaciones-religiosas-problematicas-y-desafios\/#primaryimage\"},\"image\":{\"@id\":\"https:\/\/derechoyreligion-uc.urantiacos.cl\/en\/seminario-internacional-estados-y-organizaciones-religiosas-problematicas-y-desafios\/#primaryimage\"},\"thumbnailUrl\":\"https:\/\/derechoyreligion-uc.urantiacos.cl\/wp-content\/uploads\/2025\/10\/img_9381_29754673263_o-scaled.jpg\",\"datePublished\":\"2016-10-24T03:00:00+00:00\",\"author\":{\"@id\":\"https:\/\/derechoyreligion-uc.urantiacos.cl\/en\/#\/schema\/person\/6cc7f593e2f49e3b770a06f63b58e3b1\"},\"breadcrumb\":{\"@id\":\"https:\/\/derechoyreligion-uc.urantiacos.cl\/en\/seminario-internacional-estados-y-organizaciones-religiosas-problematicas-y-desafios\/#breadcrumb\"},\"inLanguage\":\"en-US\",\"potentialAction\":[{\"@type\":\"ReadAction\",\"target\":[\"https:\/\/derechoyreligion-uc.urantiacos.cl\/en\/seminario-internacional-estados-y-organizaciones-religiosas-problematicas-y-desafios\/\"]}]},{\"@type\":\"ImageObject\",\"inLanguage\":\"en-US\",\"@id\":\"https:\/\/derechoyreligion-uc.urantiacos.cl\/en\/seminario-internacional-estados-y-organizaciones-religiosas-problematicas-y-desafios\/#primaryimage\",\"url\":\"https:\/\/derechoyreligion-uc.urantiacos.cl\/wp-content\/uploads\/2025\/10\/img_9381_29754673263_o-scaled.jpg\",\"contentUrl\":\"https:\/\/derechoyreligion-uc.urantiacos.cl\/wp-content\/uploads\/2025\/10\/img_9381_29754673263_o-scaled.jpg\",\"width\":2560,\"height\":1707},{\"@type\":\"BreadcrumbList\",\"@id\":\"https:\/\/derechoyreligion-uc.urantiacos.cl\/en\/seminario-internacional-estados-y-organizaciones-religiosas-problematicas-y-desafios\/#breadcrumb\",\"itemListElement\":[{\"@type\":\"ListItem\",\"position\":1,\"name\":\"Portada\",\"item\":\"https:\/\/derechoyreligion-uc.urantiacos.cl\/en\/\"},{\"@type\":\"ListItem\",\"position\":2,\"name\":\"Seminario Internacional &#8220;Estados y Organizaciones Religiosas: problem\u00e1ticas y desaf\u00edos&#8221;\"}]},{\"@type\":\"WebSite\",\"@id\":\"https:\/\/derechoyreligion-uc.urantiacos.cl\/en\/#website\",\"url\":\"https:\/\/derechoyreligion-uc.urantiacos.cl\/en\/\",\"name\":\"Centro UC Derecho y Religi\u00f3n\",\"description\":\"\",\"potentialAction\":[{\"@type\":\"SearchAction\",\"target\":{\"@type\":\"EntryPoint\",\"urlTemplate\":\"https:\/\/derechoyreligion-uc.urantiacos.cl\/en\/?s={search_term_string}\"},\"query-input\":{\"@type\":\"PropertyValueSpecification\",\"valueRequired\":true,\"valueName\":\"search_term_string\"}}],\"inLanguage\":\"en-US\"},{\"@type\":\"Person\",\"@id\":\"https:\/\/derechoyreligion-uc.urantiacos.cl\/en\/#\/schema\/person\/6cc7f593e2f49e3b770a06f63b58e3b1\",\"name\":\"manadmin\",\"sameAs\":[\"https:\/\/derechoyreligion-uc.urantiacos.cl\"]}]}<\/script>\n<!-- \/ Yoast SEO plugin. -->","yoast_head_json":{"title":"Seminario Internacional \"Estados y Organizaciones Religiosas: problem\u00e1ticas y desaf\u00edos\" - Centro UC Derecho y Religi\u00f3n","robots":{"index":"index","follow":"follow","max-snippet":"max-snippet:-1","max-image-preview":"max-image-preview:large","max-video-preview":"max-video-preview:-1"},"canonical":"https:\/\/derechoyreligion-uc.urantiacos.cl\/en\/seminario-internacional-estados-y-organizaciones-religiosas-problematicas-y-desafios\/","og_locale":"en_US","og_type":"article","og_title":"Seminario Internacional \"Estados y Organizaciones Religiosas: problem\u00e1ticas y desaf\u00edos\" - Centro UC Derecho y Religi\u00f3n","og_description":"El pasado viernes 14 de octubre se desarroll\u00f3 el Seminario Internacional Estados y Organizaciones Religiosas: Problem\u00e1ticas y Desaf\u00edos, actividad organizada por el Centro UC Derecho y Religi\u00f3n, con el aporte de la Vicerrector\u00eda de Investigaci\u00f3n, y que tuvo por objetivo generar un espacio de reflexi\u00f3n y an\u00e1lisis sobre las relaciones entre el Estado y las organizaciones religiosas.","og_url":"https:\/\/derechoyreligion-uc.urantiacos.cl\/en\/seminario-internacional-estados-y-organizaciones-religiosas-problematicas-y-desafios\/","og_site_name":"Centro UC Derecho y Religi\u00f3n","article_published_time":"2016-10-24T03:00:00+00:00","og_image":[{"width":2560,"height":1707,"url":"https:\/\/derechoyreligion-uc.urantiacos.cl\/wp-content\/uploads\/2025\/10\/img_9381_29754673263_o-scaled.jpg","type":"image\/jpeg"}],"author":"manadmin","twitter_card":"summary_large_image","twitter_misc":{"Written by":"manadmin","Est. reading time":"3 minutes"},"schema":{"@context":"https:\/\/schema.org","@graph":[{"@type":"Article","@id":"https:\/\/derechoyreligion-uc.urantiacos.cl\/en\/seminario-internacional-estados-y-organizaciones-religiosas-problematicas-y-desafios\/#article","isPartOf":{"@id":"https:\/\/derechoyreligion-uc.urantiacos.cl\/en\/seminario-internacional-estados-y-organizaciones-religiosas-problematicas-y-desafios\/"},"author":{"name":"manadmin","@id":"https:\/\/derechoyreligion-uc.urantiacos.cl\/en\/#\/schema\/person\/6cc7f593e2f49e3b770a06f63b58e3b1"},"headline":"Seminario Internacional &#8220;Estados y Organizaciones Religiosas: problem\u00e1ticas y desaf\u00edos&#8221;","datePublished":"2016-10-24T03:00:00+00:00","mainEntityOfPage":{"@id":"https:\/\/derechoyreligion-uc.urantiacos.cl\/en\/seminario-internacional-estados-y-organizaciones-religiosas-problematicas-y-desafios\/"},"wordCount":609,"image":{"@id":"https:\/\/derechoyreligion-uc.urantiacos.cl\/en\/seminario-internacional-estados-y-organizaciones-religiosas-problematicas-y-desafios\/#primaryimage"},"thumbnailUrl":"https:\/\/derechoyreligion-uc.urantiacos.cl\/wp-content\/uploads\/2025\/10\/img_9381_29754673263_o-scaled.jpg","articleSection":["Noticias"],"inLanguage":"en-US"},{"@type":"WebPage","@id":"https:\/\/derechoyreligion-uc.urantiacos.cl\/en\/seminario-internacional-estados-y-organizaciones-religiosas-problematicas-y-desafios\/","url":"https:\/\/derechoyreligion-uc.urantiacos.cl\/en\/seminario-internacional-estados-y-organizaciones-religiosas-problematicas-y-desafios\/","name":"Seminario Internacional \"Estados y Organizaciones Religiosas: problem\u00e1ticas y desaf\u00edos\" - Centro UC Derecho y Religi\u00f3n","isPartOf":{"@id":"https:\/\/derechoyreligion-uc.urantiacos.cl\/en\/#website"},"primaryImageOfPage":{"@id":"https:\/\/derechoyreligion-uc.urantiacos.cl\/en\/seminario-internacional-estados-y-organizaciones-religiosas-problematicas-y-desafios\/#primaryimage"},"image":{"@id":"https:\/\/derechoyreligion-uc.urantiacos.cl\/en\/seminario-internacional-estados-y-organizaciones-religiosas-problematicas-y-desafios\/#primaryimage"},"thumbnailUrl":"https:\/\/derechoyreligion-uc.urantiacos.cl\/wp-content\/uploads\/2025\/10\/img_9381_29754673263_o-scaled.jpg","datePublished":"2016-10-24T03:00:00+00:00","author":{"@id":"https:\/\/derechoyreligion-uc.urantiacos.cl\/en\/#\/schema\/person\/6cc7f593e2f49e3b770a06f63b58e3b1"},"breadcrumb":{"@id":"https:\/\/derechoyreligion-uc.urantiacos.cl\/en\/seminario-internacional-estados-y-organizaciones-religiosas-problematicas-y-desafios\/#breadcrumb"},"inLanguage":"en-US","potentialAction":[{"@type":"ReadAction","target":["https:\/\/derechoyreligion-uc.urantiacos.cl\/en\/seminario-internacional-estados-y-organizaciones-religiosas-problematicas-y-desafios\/"]}]},{"@type":"ImageObject","inLanguage":"en-US","@id":"https:\/\/derechoyreligion-uc.urantiacos.cl\/en\/seminario-internacional-estados-y-organizaciones-religiosas-problematicas-y-desafios\/#primaryimage","url":"https:\/\/derechoyreligion-uc.urantiacos.cl\/wp-content\/uploads\/2025\/10\/img_9381_29754673263_o-scaled.jpg","contentUrl":"https:\/\/derechoyreligion-uc.urantiacos.cl\/wp-content\/uploads\/2025\/10\/img_9381_29754673263_o-scaled.jpg","width":2560,"height":1707},{"@type":"BreadcrumbList","@id":"https:\/\/derechoyreligion-uc.urantiacos.cl\/en\/seminario-internacional-estados-y-organizaciones-religiosas-problematicas-y-desafios\/#breadcrumb","itemListElement":[{"@type":"ListItem","position":1,"name":"Portada","item":"https:\/\/derechoyreligion-uc.urantiacos.cl\/en\/"},{"@type":"ListItem","position":2,"name":"Seminario Internacional &#8220;Estados y Organizaciones Religiosas: problem\u00e1ticas y desaf\u00edos&#8221;"}]},{"@type":"WebSite","@id":"https:\/\/derechoyreligion-uc.urantiacos.cl\/en\/#website","url":"https:\/\/derechoyreligion-uc.urantiacos.cl\/en\/","name":"Centro UC Derecho y Religi\u00f3n","description":"","potentialAction":[{"@type":"SearchAction","target":{"@type":"EntryPoint","urlTemplate":"https:\/\/derechoyreligion-uc.urantiacos.cl\/en\/?s={search_term_string}"},"query-input":{"@type":"PropertyValueSpecification","valueRequired":true,"valueName":"search_term_string"}}],"inLanguage":"en-US"},{"@type":"Person","@id":"https:\/\/derechoyreligion-uc.urantiacos.cl\/en\/#\/schema\/person\/6cc7f593e2f49e3b770a06f63b58e3b1","name":"manadmin","sameAs":["https:\/\/derechoyreligion-uc.urantiacos.cl"]}]}},"_links":{"self":[{"href":"https:\/\/derechoyreligion-uc.urantiacos.cl\/en\/wp-json\/wp\/v2\/posts\/1427","targetHints":{"allow":["GET"]}}],"collection":[{"href":"https:\/\/derechoyreligion-uc.urantiacos.cl\/en\/wp-json\/wp\/v2\/posts"}],"about":[{"href":"https:\/\/derechoyreligion-uc.urantiacos.cl\/en\/wp-json\/wp\/v2\/types\/post"}],"author":[{"embeddable":true,"href":"https:\/\/derechoyreligion-uc.urantiacos.cl\/en\/wp-json\/wp\/v2\/users\/1"}],"replies":[{"embeddable":true,"href":"https:\/\/derechoyreligion-uc.urantiacos.cl\/en\/wp-json\/wp\/v2\/comments?post=1427"}],"version-history":[{"count":0,"href":"https:\/\/derechoyreligion-uc.urantiacos.cl\/en\/wp-json\/wp\/v2\/posts\/1427\/revisions"}],"wp:featuredmedia":[{"embeddable":true,"href":"https:\/\/derechoyreligion-uc.urantiacos.cl\/en\/wp-json\/wp\/v2\/media\/1565"}],"wp:attachment":[{"href":"https:\/\/derechoyreligion-uc.urantiacos.cl\/en\/wp-json\/wp\/v2\/media?parent=1427"}],"wp:term":[{"taxonomy":"category","embeddable":true,"href":"https:\/\/derechoyreligion-uc.urantiacos.cl\/en\/wp-json\/wp\/v2\/categories?post=1427"},{"taxonomy":"post_tag","embeddable":true,"href":"https:\/\/derechoyreligion-uc.urantiacos.cl\/en\/wp-json\/wp\/v2\/tags?post=1427"}],"curies":[{"name":"wp","href":"https:\/\/api.w.org\/{rel}","templated":true}]}}