
{"id":1425,"date":"2016-12-06T00:00:00","date_gmt":"2016-12-06T03:00:00","guid":{"rendered":"https:\/\/derechoyreligion-uc.urantiacos.cl\/profesores-uc-participaron-en-iii-seminario-latinoamericano-de-derechos-humanos-en-estados-unidos\/"},"modified":"2016-12-06T00:00:00","modified_gmt":"2016-12-06T03:00:00","slug":"profesores-uc-participaron-en-iii-seminario-latinoamericano-de-derechos-humanos-en-estados-unidos","status":"publish","type":"post","link":"https:\/\/derechoyreligion-uc.urantiacos.cl\/en\/profesores-uc-participaron-en-iii-seminario-latinoamericano-de-derechos-humanos-en-estados-unidos\/","title":{"rendered":"Profesores UC participaron en III Seminario Latinoamericano de Derechos Humanos en Estados Unidos"},"content":{"rendered":"<article>\n<span><br \/>\n<\/span><\/p>\n<p>Participaron del encuentro los acad\u00e9micos Ana Mar\u00eda Celis, Carmen Dom\u00ednguez H. y \u00c1lvaro Pa\u00fal.<\/p>\n<p>Tres profesores de la Facultad participaron en el seminario anual de la Red de Abogados Latinoamericanos Interesados en Temas de Vida, Familia y Libertad Religiosa,\u00a0<strong>III seminario Latinoamericano de Derechos Humanos, desarrollado en Washington D.C.<\/strong><\/p>\n<p><img decoding=\"async\" alt=\"Washington\" src=\"https:\/\/derechoyreligion-uc.urantiacos.cl\/wp-content\/uploads\/imagenes\/Washington.jpg\"\/><\/p>\n<p>\u00a0<\/p>\n<p>\u00a0<\/p>\n<p>Este a\u00f1o, el encuentro fue organizado por la organizaci\u00f3n\u00a0<em>Alliance Defending Freedom<\/em>\u00a0y acudieron al evento profesores de Universidades de diversos pa\u00edses latinoamericanos.\u00a0<strong>Entre ellos destacaron los acad\u00e9micos Derecho UC Ana Mar\u00eda Celis, Carmen Dom\u00ednguez H. y \u00c1lvaro Pa\u00fal.<\/strong><\/p>\n<p>La profesora Celis intervino en el seminario con la ponencia<em>\u00a0An\u00e1lisis cr\u00edtico de casos de la Corte Interamericana de Derecho Humanos desde la perspectiva de la Libertad Religiosa<\/em>, en la que se refiri\u00f3 a sentencias relativas al reconocimiento de la Corte a la espiritualidad de los pueblos originarios.<\/p>\n<p>La profesora Dom\u00ednguez, en tanto, expuso\u00a0<em>Contornos y desaf\u00edos del Caso Atala con el Estado de Chile<\/em>, planteando pormenores de su tramitaci\u00f3n ante los tribunales nacionales y la Corte Interamericana.<\/p>\n<p>Finalmente, el profesor Pa\u00fal intervino con la ponencia\u00a0<em>Caso Duque versus Colombia ante la Corte Interamericana<\/em>, ahondando en el otorgamiento de derechos de seguridad social a una persona, por el fallecimiento de su pareja del mismo sexo, haciendo especial referencia al proceso de toma de decisiones de la Corte Interamericana<\/p>\n<\/article>\n","protected":false},"excerpt":{"rendered":"<p>Participaron del encuentro los acad\u00e9micos Ana Mar\u00eda Celis, Carmen Dom\u00ednguez H. y \u00c1lvaro Pa\u00fal.<\/p>\n","protected":false},"author":1,"featured_media":1563,"comment_status":"","ping_status":"","sticky":false,"template":"","format":"standard","meta":{"_acf_changed":false,"footnotes":""},"categories":[1],"tags":[],"class_list":["post-1425","post","type-post","status-publish","format-standard","has-post-thumbnail","hentry","category-noticias"],"acf":[],"yoast_head":"<!-- This site is optimized with the Yoast SEO plugin v27.1.1 - https:\/\/yoast.com\/product\/yoast-seo-wordpress\/ -->\n<title>Profesores UC participaron en III Seminario Latinoamericano de Derechos Humanos en Estados Unidos - Centro UC Derecho y Religi\u00f3n<\/title>\n<meta name=\"robots\" content=\"index, follow, max-snippet:-1, max-image-preview:large, max-video-preview:-1\" \/>\n<link rel=\"canonical\" href=\"https:\/\/derechoyreligion-uc.urantiacos.cl\/en\/profesores-uc-participaron-en-iii-seminario-latinoamericano-de-derechos-humanos-en-estados-unidos\/\" \/>\n<meta property=\"og:locale\" content=\"en_US\" \/>\n<meta property=\"og:type\" content=\"article\" \/>\n<meta property=\"og:title\" content=\"Profesores UC participaron en III Seminario Latinoamericano de Derechos Humanos en Estados Unidos - Centro UC Derecho y Religi\u00f3n\" \/>\n<meta property=\"og:description\" content=\"Participaron del encuentro los acad\u00e9micos Ana Mar\u00eda Celis, Carmen Dom\u00ednguez H. y \u00c1lvaro Pa\u00fal.\" \/>\n<meta property=\"og:url\" content=\"https:\/\/derechoyreligion-uc.urantiacos.cl\/en\/profesores-uc-participaron-en-iii-seminario-latinoamericano-de-derechos-humanos-en-estados-unidos\/\" \/>\n<meta property=\"og:site_name\" content=\"Centro UC Derecho y Religi\u00f3n\" \/>\n<meta property=\"article:published_time\" content=\"2016-12-06T03:00:00+00:00\" \/>\n<meta property=\"og:image\" content=\"https:\/\/derechoyreligion-uc.urantiacos.cl\/wp-content\/uploads\/2025\/10\/Washington.jpg\" \/>\n\t<meta property=\"og:image:width\" content=\"464\" \/>\n\t<meta property=\"og:image:height\" content=\"256\" \/>\n\t<meta property=\"og:image:type\" content=\"image\/jpeg\" \/>\n<meta name=\"author\" content=\"manadmin\" \/>\n<meta name=\"twitter:card\" content=\"summary_large_image\" \/>\n<meta name=\"twitter:label1\" content=\"Written by\" \/>\n\t<meta name=\"twitter:data1\" content=\"manadmin\" \/>\n\t<meta name=\"twitter:label2\" content=\"Est. reading time\" \/>\n\t<meta name=\"twitter:data2\" content=\"1 minute\" \/>\n<script type=\"application\/ld+json\" class=\"yoast-schema-graph\">{\"@context\":\"https:\/\/schema.org\",\"@graph\":[{\"@type\":\"Article\",\"@id\":\"https:\/\/derechoyreligion-uc.urantiacos.cl\/en\/profesores-uc-participaron-en-iii-seminario-latinoamericano-de-derechos-humanos-en-estados-unidos\/#article\",\"isPartOf\":{\"@id\":\"https:\/\/derechoyreligion-uc.urantiacos.cl\/en\/profesores-uc-participaron-en-iii-seminario-latinoamericano-de-derechos-humanos-en-estados-unidos\/\"},\"author\":{\"name\":\"manadmin\",\"@id\":\"https:\/\/derechoyreligion-uc.urantiacos.cl\/en\/#\/schema\/person\/6cc7f593e2f49e3b770a06f63b58e3b1\"},\"headline\":\"Profesores UC participaron en III Seminario Latinoamericano de Derechos Humanos en Estados Unidos\",\"datePublished\":\"2016-12-06T03:00:00+00:00\",\"mainEntityOfPage\":{\"@id\":\"https:\/\/derechoyreligion-uc.urantiacos.cl\/en\/profesores-uc-participaron-en-iii-seminario-latinoamericano-de-derechos-humanos-en-estados-unidos\/\"},\"wordCount\":247,\"image\":{\"@id\":\"https:\/\/derechoyreligion-uc.urantiacos.cl\/en\/profesores-uc-participaron-en-iii-seminario-latinoamericano-de-derechos-humanos-en-estados-unidos\/#primaryimage\"},\"thumbnailUrl\":\"https:\/\/derechoyreligion-uc.urantiacos.cl\/wp-content\/uploads\/2025\/10\/Washington.jpg\",\"articleSection\":[\"Noticias\"],\"inLanguage\":\"en-US\"},{\"@type\":\"WebPage\",\"@id\":\"https:\/\/derechoyreligion-uc.urantiacos.cl\/en\/profesores-uc-participaron-en-iii-seminario-latinoamericano-de-derechos-humanos-en-estados-unidos\/\",\"url\":\"https:\/\/derechoyreligion-uc.urantiacos.cl\/en\/profesores-uc-participaron-en-iii-seminario-latinoamericano-de-derechos-humanos-en-estados-unidos\/\",\"name\":\"Profesores UC participaron en III Seminario Latinoamericano de Derechos Humanos en Estados Unidos - Centro UC Derecho y Religi\u00f3n\",\"isPartOf\":{\"@id\":\"https:\/\/derechoyreligion-uc.urantiacos.cl\/en\/#website\"},\"primaryImageOfPage\":{\"@id\":\"https:\/\/derechoyreligion-uc.urantiacos.cl\/en\/profesores-uc-participaron-en-iii-seminario-latinoamericano-de-derechos-humanos-en-estados-unidos\/#primaryimage\"},\"image\":{\"@id\":\"https:\/\/derechoyreligion-uc.urantiacos.cl\/en\/profesores-uc-participaron-en-iii-seminario-latinoamericano-de-derechos-humanos-en-estados-unidos\/#primaryimage\"},\"thumbnailUrl\":\"https:\/\/derechoyreligion-uc.urantiacos.cl\/wp-content\/uploads\/2025\/10\/Washington.jpg\",\"datePublished\":\"2016-12-06T03:00:00+00:00\",\"author\":{\"@id\":\"https:\/\/derechoyreligion-uc.urantiacos.cl\/en\/#\/schema\/person\/6cc7f593e2f49e3b770a06f63b58e3b1\"},\"breadcrumb\":{\"@id\":\"https:\/\/derechoyreligion-uc.urantiacos.cl\/en\/profesores-uc-participaron-en-iii-seminario-latinoamericano-de-derechos-humanos-en-estados-unidos\/#breadcrumb\"},\"inLanguage\":\"en-US\",\"potentialAction\":[{\"@type\":\"ReadAction\",\"target\":[\"https:\/\/derechoyreligion-uc.urantiacos.cl\/en\/profesores-uc-participaron-en-iii-seminario-latinoamericano-de-derechos-humanos-en-estados-unidos\/\"]}]},{\"@type\":\"ImageObject\",\"inLanguage\":\"en-US\",\"@id\":\"https:\/\/derechoyreligion-uc.urantiacos.cl\/en\/profesores-uc-participaron-en-iii-seminario-latinoamericano-de-derechos-humanos-en-estados-unidos\/#primaryimage\",\"url\":\"https:\/\/derechoyreligion-uc.urantiacos.cl\/wp-content\/uploads\/2025\/10\/Washington.jpg\",\"contentUrl\":\"https:\/\/derechoyreligion-uc.urantiacos.cl\/wp-content\/uploads\/2025\/10\/Washington.jpg\",\"width\":464,\"height\":256},{\"@type\":\"BreadcrumbList\",\"@id\":\"https:\/\/derechoyreligion-uc.urantiacos.cl\/en\/profesores-uc-participaron-en-iii-seminario-latinoamericano-de-derechos-humanos-en-estados-unidos\/#breadcrumb\",\"itemListElement\":[{\"@type\":\"ListItem\",\"position\":1,\"name\":\"Portada\",\"item\":\"https:\/\/derechoyreligion-uc.urantiacos.cl\/en\/\"},{\"@type\":\"ListItem\",\"position\":2,\"name\":\"Profesores UC participaron en III Seminario Latinoamericano de Derechos Humanos en Estados Unidos\"}]},{\"@type\":\"WebSite\",\"@id\":\"https:\/\/derechoyreligion-uc.urantiacos.cl\/en\/#website\",\"url\":\"https:\/\/derechoyreligion-uc.urantiacos.cl\/en\/\",\"name\":\"Centro UC Derecho y Religi\u00f3n\",\"description\":\"\",\"potentialAction\":[{\"@type\":\"SearchAction\",\"target\":{\"@type\":\"EntryPoint\",\"urlTemplate\":\"https:\/\/derechoyreligion-uc.urantiacos.cl\/en\/?s={search_term_string}\"},\"query-input\":{\"@type\":\"PropertyValueSpecification\",\"valueRequired\":true,\"valueName\":\"search_term_string\"}}],\"inLanguage\":\"en-US\"},{\"@type\":\"Person\",\"@id\":\"https:\/\/derechoyreligion-uc.urantiacos.cl\/en\/#\/schema\/person\/6cc7f593e2f49e3b770a06f63b58e3b1\",\"name\":\"manadmin\",\"sameAs\":[\"https:\/\/derechoyreligion-uc.urantiacos.cl\"]}]}<\/script>\n<!-- \/ Yoast SEO plugin. -->","yoast_head_json":{"title":"Profesores UC participaron en III Seminario Latinoamericano de Derechos Humanos en Estados Unidos - Centro UC Derecho y Religi\u00f3n","robots":{"index":"index","follow":"follow","max-snippet":"max-snippet:-1","max-image-preview":"max-image-preview:large","max-video-preview":"max-video-preview:-1"},"canonical":"https:\/\/derechoyreligion-uc.urantiacos.cl\/en\/profesores-uc-participaron-en-iii-seminario-latinoamericano-de-derechos-humanos-en-estados-unidos\/","og_locale":"en_US","og_type":"article","og_title":"Profesores UC participaron en III Seminario Latinoamericano de Derechos Humanos en Estados Unidos - Centro UC Derecho y Religi\u00f3n","og_description":"Participaron del encuentro los acad\u00e9micos Ana Mar\u00eda Celis, Carmen Dom\u00ednguez H. y \u00c1lvaro Pa\u00fal.","og_url":"https:\/\/derechoyreligion-uc.urantiacos.cl\/en\/profesores-uc-participaron-en-iii-seminario-latinoamericano-de-derechos-humanos-en-estados-unidos\/","og_site_name":"Centro UC Derecho y Religi\u00f3n","article_published_time":"2016-12-06T03:00:00+00:00","og_image":[{"width":464,"height":256,"url":"https:\/\/derechoyreligion-uc.urantiacos.cl\/wp-content\/uploads\/2025\/10\/Washington.jpg","type":"image\/jpeg"}],"author":"manadmin","twitter_card":"summary_large_image","twitter_misc":{"Written by":"manadmin","Est. reading time":"1 minute"},"schema":{"@context":"https:\/\/schema.org","@graph":[{"@type":"Article","@id":"https:\/\/derechoyreligion-uc.urantiacos.cl\/en\/profesores-uc-participaron-en-iii-seminario-latinoamericano-de-derechos-humanos-en-estados-unidos\/#article","isPartOf":{"@id":"https:\/\/derechoyreligion-uc.urantiacos.cl\/en\/profesores-uc-participaron-en-iii-seminario-latinoamericano-de-derechos-humanos-en-estados-unidos\/"},"author":{"name":"manadmin","@id":"https:\/\/derechoyreligion-uc.urantiacos.cl\/en\/#\/schema\/person\/6cc7f593e2f49e3b770a06f63b58e3b1"},"headline":"Profesores UC participaron en III Seminario Latinoamericano de Derechos Humanos en Estados Unidos","datePublished":"2016-12-06T03:00:00+00:00","mainEntityOfPage":{"@id":"https:\/\/derechoyreligion-uc.urantiacos.cl\/en\/profesores-uc-participaron-en-iii-seminario-latinoamericano-de-derechos-humanos-en-estados-unidos\/"},"wordCount":247,"image":{"@id":"https:\/\/derechoyreligion-uc.urantiacos.cl\/en\/profesores-uc-participaron-en-iii-seminario-latinoamericano-de-derechos-humanos-en-estados-unidos\/#primaryimage"},"thumbnailUrl":"https:\/\/derechoyreligion-uc.urantiacos.cl\/wp-content\/uploads\/2025\/10\/Washington.jpg","articleSection":["Noticias"],"inLanguage":"en-US"},{"@type":"WebPage","@id":"https:\/\/derechoyreligion-uc.urantiacos.cl\/en\/profesores-uc-participaron-en-iii-seminario-latinoamericano-de-derechos-humanos-en-estados-unidos\/","url":"https:\/\/derechoyreligion-uc.urantiacos.cl\/en\/profesores-uc-participaron-en-iii-seminario-latinoamericano-de-derechos-humanos-en-estados-unidos\/","name":"Profesores UC participaron en III Seminario Latinoamericano de Derechos Humanos en Estados Unidos - Centro UC Derecho y Religi\u00f3n","isPartOf":{"@id":"https:\/\/derechoyreligion-uc.urantiacos.cl\/en\/#website"},"primaryImageOfPage":{"@id":"https:\/\/derechoyreligion-uc.urantiacos.cl\/en\/profesores-uc-participaron-en-iii-seminario-latinoamericano-de-derechos-humanos-en-estados-unidos\/#primaryimage"},"image":{"@id":"https:\/\/derechoyreligion-uc.urantiacos.cl\/en\/profesores-uc-participaron-en-iii-seminario-latinoamericano-de-derechos-humanos-en-estados-unidos\/#primaryimage"},"thumbnailUrl":"https:\/\/derechoyreligion-uc.urantiacos.cl\/wp-content\/uploads\/2025\/10\/Washington.jpg","datePublished":"2016-12-06T03:00:00+00:00","author":{"@id":"https:\/\/derechoyreligion-uc.urantiacos.cl\/en\/#\/schema\/person\/6cc7f593e2f49e3b770a06f63b58e3b1"},"breadcrumb":{"@id":"https:\/\/derechoyreligion-uc.urantiacos.cl\/en\/profesores-uc-participaron-en-iii-seminario-latinoamericano-de-derechos-humanos-en-estados-unidos\/#breadcrumb"},"inLanguage":"en-US","potentialAction":[{"@type":"ReadAction","target":["https:\/\/derechoyreligion-uc.urantiacos.cl\/en\/profesores-uc-participaron-en-iii-seminario-latinoamericano-de-derechos-humanos-en-estados-unidos\/"]}]},{"@type":"ImageObject","inLanguage":"en-US","@id":"https:\/\/derechoyreligion-uc.urantiacos.cl\/en\/profesores-uc-participaron-en-iii-seminario-latinoamericano-de-derechos-humanos-en-estados-unidos\/#primaryimage","url":"https:\/\/derechoyreligion-uc.urantiacos.cl\/wp-content\/uploads\/2025\/10\/Washington.jpg","contentUrl":"https:\/\/derechoyreligion-uc.urantiacos.cl\/wp-content\/uploads\/2025\/10\/Washington.jpg","width":464,"height":256},{"@type":"BreadcrumbList","@id":"https:\/\/derechoyreligion-uc.urantiacos.cl\/en\/profesores-uc-participaron-en-iii-seminario-latinoamericano-de-derechos-humanos-en-estados-unidos\/#breadcrumb","itemListElement":[{"@type":"ListItem","position":1,"name":"Portada","item":"https:\/\/derechoyreligion-uc.urantiacos.cl\/en\/"},{"@type":"ListItem","position":2,"name":"Profesores UC participaron en III Seminario Latinoamericano de Derechos Humanos en Estados Unidos"}]},{"@type":"WebSite","@id":"https:\/\/derechoyreligion-uc.urantiacos.cl\/en\/#website","url":"https:\/\/derechoyreligion-uc.urantiacos.cl\/en\/","name":"Centro UC Derecho y Religi\u00f3n","description":"","potentialAction":[{"@type":"SearchAction","target":{"@type":"EntryPoint","urlTemplate":"https:\/\/derechoyreligion-uc.urantiacos.cl\/en\/?s={search_term_string}"},"query-input":{"@type":"PropertyValueSpecification","valueRequired":true,"valueName":"search_term_string"}}],"inLanguage":"en-US"},{"@type":"Person","@id":"https:\/\/derechoyreligion-uc.urantiacos.cl\/en\/#\/schema\/person\/6cc7f593e2f49e3b770a06f63b58e3b1","name":"manadmin","sameAs":["https:\/\/derechoyreligion-uc.urantiacos.cl"]}]}},"_links":{"self":[{"href":"https:\/\/derechoyreligion-uc.urantiacos.cl\/en\/wp-json\/wp\/v2\/posts\/1425","targetHints":{"allow":["GET"]}}],"collection":[{"href":"https:\/\/derechoyreligion-uc.urantiacos.cl\/en\/wp-json\/wp\/v2\/posts"}],"about":[{"href":"https:\/\/derechoyreligion-uc.urantiacos.cl\/en\/wp-json\/wp\/v2\/types\/post"}],"author":[{"embeddable":true,"href":"https:\/\/derechoyreligion-uc.urantiacos.cl\/en\/wp-json\/wp\/v2\/users\/1"}],"replies":[{"embeddable":true,"href":"https:\/\/derechoyreligion-uc.urantiacos.cl\/en\/wp-json\/wp\/v2\/comments?post=1425"}],"version-history":[{"count":0,"href":"https:\/\/derechoyreligion-uc.urantiacos.cl\/en\/wp-json\/wp\/v2\/posts\/1425\/revisions"}],"wp:featuredmedia":[{"embeddable":true,"href":"https:\/\/derechoyreligion-uc.urantiacos.cl\/en\/wp-json\/wp\/v2\/media\/1563"}],"wp:attachment":[{"href":"https:\/\/derechoyreligion-uc.urantiacos.cl\/en\/wp-json\/wp\/v2\/media?parent=1425"}],"wp:term":[{"taxonomy":"category","embeddable":true,"href":"https:\/\/derechoyreligion-uc.urantiacos.cl\/en\/wp-json\/wp\/v2\/categories?post=1425"},{"taxonomy":"post_tag","embeddable":true,"href":"https:\/\/derechoyreligion-uc.urantiacos.cl\/en\/wp-json\/wp\/v2\/tags?post=1425"}],"curies":[{"name":"wp","href":"https:\/\/api.w.org\/{rel}","templated":true}]}}