
{"id":1423,"date":"2016-12-12T00:00:00","date_gmt":"2016-12-12T03:00:00","guid":{"rendered":"https:\/\/derechoyreligion-uc.urantiacos.cl\/diario-financiero-centro-uc-derecho-y-religion-e-informe-de-libertad-religiosa-2016-un-dios-prohibido\/"},"modified":"2016-12-12T00:00:00","modified_gmt":"2016-12-12T03:00:00","slug":"diario-financiero-centro-uc-derecho-y-religion-e-informe-de-libertad-religiosa-2016-un-dios-prohibido","status":"publish","type":"post","link":"https:\/\/derechoyreligion-uc.urantiacos.cl\/en\/diario-financiero-centro-uc-derecho-y-religion-e-informe-de-libertad-religiosa-2016-un-dios-prohibido\/","title":{"rendered":"Diario Financiero: Centro UC Derecho y Religi\u00f3n e informe de Libertad Religiosa 2016: Un Dios Prohibido"},"content":{"rendered":"<article>\n<span><br \/>\n<\/span><\/p>\n<p>&#8220;Nos pusieron v\u00eddeos de decapitaciones, matanzas y combates del ISIS. [Mi instructor] dijo: &#8216;Ten\u00e9is que matar kuffar (no creyentes) aunque sean vuestros padres y vuestros hermanos, porque son de la religi\u00f3n equivocada y no adoran a Dios&#8221;.<\/p>\n<p>\u00a0<\/p>\n<p><img decoding=\"async\" alt=\"09.12.16.-Centro-Derecho-Y-Religi\u00f3n---Financiero\" src=\"https:\/\/derechoyreligion-uc.urantiacos.cl\/wp-content\/uploads\/imagenes\/09.12.16.-Centro-Derecho-Y-Religi\u00f3n---Financiero.jpg\"\/><\/p>\n<p><a href=\"http:\/\/derecho.uc.cl\/images\/stories\/Derecho_en_los_medios\/2016\/09.12.16.-Centro-Derecho-Y-Religi%C3%B3n---Financiero.jpg\" target=\"_blank\">\u00a0(descargar imagen)<\/a><\/p>\n<p>\u00a0<\/p>\n<p>\u00a0<\/p>\n<p>Las crudas palabras de un ni\u00f1o yazid\u00ed de 12 a\u00f1os capturado y entrenado por el ISIS para hacer la &#8220;guerra santa&#8221; en Siria, es s\u00f3lo uno de los testimonios recogidos por el Informe de Libertad Religiosa 2016, elaborado por la fundaci\u00f3n pontificia Ayuda a la Iglesia que Sufre (ACN, por sus siglas en ingl\u00e9s), y presentado hace algunas semanas en un conversatorio organizado por la misma instituci\u00f3n, en conjunto con la fundaci\u00f3n Voces Cat\u00f3licas y el Centro UC Derecho y Religi\u00f3n. La presentaci\u00f3n del Informe tuvo lugar en la Casa Central de la Pontificia Universidad Cat\u00f3lica de Chile el d\u00eda martes 15 de noviembre, y cont\u00f3 con una gran concurrencia.<\/p>\n<p>&#8220;La Iglesia, atenta ante todo a los derechos de Dios, jam\u00e1s podr\u00e1 desinteresarse de los derechos del hombre, creado a imagen y semejanza de su Creador&#8221;, dijo Pablo VI al Secretario general de la ONU el 5 de febrero de 1972. Esa misma Iglesia es la que hoy mira con dolor lo que el \u00faltimo Informe confirm\u00f3: Actualmente en un gran n\u00famero de pa\u00edses son sistem\u00e1ticamente despreciados los derechos de Dios y los derechos del hombre, entre ellos, la libertad religiosa; Dios parece estar prohibido. Nos referimos en particular al Dios de Jes\u00fas: El cristianismo es actualmente la religi\u00f3n m\u00e1s perseguida en todo el mundo. Las cifras del Informe, coincidentes con otras de fuentes diversas, dicen que un 75% de las personas que sufren persecuci\u00f3n por su religi\u00f3n son cristianas.<\/p>\n<p>A lo anterior se suman cifras dram\u00e1ticas, que afectan a personas de diversas religiones, y que fueron dadas a conocer durante el conversatorio por Magdalena Lira, encargada de comunicaciones de ACN: &#8220;de los 196 pa\u00edses estudiados, en 38 se han encontrado pruebas inequ\u00edvocas de violaciones graves a la libertad religiosa. De este grupo, 23 se han clasificado en la categor\u00eda superior de &#8220;persecuci\u00f3n&#8221; y los 15 restantes en la de &#8220;discriminaci\u00f3n&#8221;.<\/p>\n<p>El informe muestra, entonces, que si comparamos la situaci\u00f3n actual con la que exist\u00eda hace apenas dos a\u00f1os, las condiciones de la libertad religiosa han empeorado claramente en 14 pa\u00edses (el 37% de los pa\u00edses estudiados), y 21 pa\u00edses (55 %) no presentan se\u00f1ales de cambio. Solo en 3 pa\u00edses (8 %) el escenario es manifiestamente mejor: But\u00e1n, Egipto y Qatar. Durante el conversatorio se sostuvo tambi\u00e9n que de los que sufren persecuci\u00f3n, 11 pa\u00edses (casi la mitad) tienen problemas de libertad religiosa claramente peores que hace dos a\u00f1os. Y entre los pa\u00edses que no han mostrado signos de mejor\u00eda, 7 se caracterizan por sufrir condiciones dram\u00e1ticas: Afganist\u00e1n, Arabia Saud\u00ed, Corea del Norte, Iraq, Nigeria, Siria y Somalia. &#8220;En estos \u00faltimos casos, la situaci\u00f3n es tan mala que es dif\u00edcil imaginar c\u00f3mo podr\u00eda empeorar&#8221;, a\u00f1adi\u00f3 Magdalena.<\/p>\n<p>El escenario mundial actual es complejo. Por una parte, existen ciertos fen\u00f3menos que la historia de alg\u00fan modo ya hab\u00eda presenciado. Pensemos, por ejemplo, en la Guerra de los Cristeros en M\u00e9xico durante los a\u00f1os 20, en que laicos, presb\u00edteros y religiosos cat\u00f3licos tuvieron que resistir legislaciones y pol\u00edticas p\u00fablicas promovidas por un gobierno que se propuso aniquilar la participaci\u00f3n p\u00fablica de Iglesia. La actuaci\u00f3n del entonces gobierno mexicano es quiz\u00e1 analogable a la actitud de algunos gobiernos europeos actuales, as\u00ed como, en grado notablemente m\u00e1s violento, a la actitud del gobierno Chino (cuyo desprecio por la libertad religiosa fue tambi\u00e9n abordado por el Informe). Por otra parte, sin embargo \u2014y es \u00e9ste el principal drama que denuncia el Informe de Libertad Religiosa 2016-, hoy nos encontramos tambi\u00e9n con persecuciones religiosas cuyas caracter\u00edsticas en muchos casos no tienen precedentes hist\u00f3ricos. Se trata de situaciones en que el opresor no es el Estado -lo que el informe llama &#8220;discriminaci\u00f3n&#8221;-,<\/p>\n<p>sino de casos en que la fuerza ileg\u00edtima contra la fe es ejercida por actores no estatales, como grupos terroristas -lo que el informe llama &#8220;persecuci\u00f3n&#8221;-.<\/p>\n<p>Al indagar en los problemas subyacentes a esta \u00faltima cuesti\u00f3n, la investigaci\u00f3n realizada por ACN menciona entre ellos el &#8220;hiperextremismo religioso&#8221;, derivado principalmente del Islam, y que se caracteriza por el uso de m\u00e9todos que van incluso m\u00e1s all\u00e1 de los atentados suicidas: horribles formas de ejecuci\u00f3n masiva, violaciones, crucifixiones, calcinamiento y otras formas de tortura. Uno de los sellos distintivos de este hiperextremismo es que los autores de los cr\u00edmenes se glor\u00edan de la brutalidad de sus actuaciones, mostr\u00e1ndolas al mundo a trav\u00e9s de las redes sociales. Entre la crudeza de todos estos datos, y tras analizar algunas de las causas hist\u00f3ricas del panorama actual, hubo tambi\u00e9n durante el conversatorio momentos para profundizar en ciertas nociones; entre ellas, la de &#8220;libertad religiosa&#8221;. Adem\u00e1s de hacerse referencia al concepto que da la ONU, se record\u00f3 que la libertad religiosa se trata de un derecho que el cristianismo ha reconocido a la persona humana desde antiguo, y cuya importancia fue reafirmada por la Iglesia en el Concilio Vaticano II, con Dignitatis Humanae. En efecto, vemos que la mencionada declaraci\u00f3n se\u00f1ala: &#8220;La persona humana tiene derecho a la libertad religiosa. Esta libertad consiste en que todos los hombres han de estar inmunes de coacci\u00f3n, tanto por parte de individuos como de grupos sociales y de cualquier potestad humana, y esto de tal manera que, en materia religiosa, ni se obligue a nadie a obrar contra su conciencia, ni se le impida que act\u00fae conforme a ella en privado y en p\u00fablico, s\u00f3lo o asociado con otros, dentro de los l\u00edmites debidos&#8221;.<\/p>\n<p>Respecto de este \u00faltimo punto, Sergio Micco, uno de los panelistas invitados, convers\u00f3 con nosotros posteriormente e hizo una precisi\u00f3n interesante: &#8220;No debemos confundir el indispensable respeto de la conciencia con el indiferentismo religioso. La visi\u00f3n de que todas las religiones son igualmente verdaderas, o de que da igual qu\u00e9 confesi\u00f3n se profesa, es algo que nunca ha sido promovido por la Iglesia&#8221;. La presentaci\u00f3n del Informe dio pie tambi\u00e9n para que los panelistas discutieran sobre la situaci\u00f3n en que se encuentra la libertad religiosa en nuestro pa\u00eds. Hubo consenso en la necesidad de reforzar la fe en su dimensi\u00f3n p\u00fablica, de no verla como una mera sensibilidad privada. En este punto hizo especial \u00e9nfasis Pablo Ort\u00fazar: &#8220;En Chile la libertad religiosa debe ser robustecida. La religi\u00f3n s\u00ed tiene algo que decir en la esfera de lo p\u00fablico, por lo que tiene un papel importante que jugar en el debate, el que debe ser elevado y llevado a \u00e1reas que vayan m\u00e1s all\u00e1 de la moral sexual&#8221;. &#8220;Al tocar la libertad religiosa la dimensi\u00f3n espiritual de la persona en sociedad, en su an\u00e1lisis se debe ser especialmente cuidadosos&#8221;, afirm\u00f3 por su parte Ana Mar\u00eda Celis, a prop\u00f3sito de la escasa importancia que parece d\u00e1rsele a esta materia en Chile. Agreg\u00f3 que el estudio de la libertad religiosa no es una cuesti\u00f3n abstracta, ya que ata\u00f1e a personas y culturas concretas, por lo que se debe prestar mucha atenci\u00f3n a cada contexto, historia y pueblo en particular.<\/p>\n<p>En medio del dolor que significa el drama de los cristianos perseguidos, por \u00faltimo, y sin abandonar la batalla que esto exige en el plano de lo temporal tanto a nivel nacional como internacional, el vocero de la fundaci\u00f3n &#8220;Voces Cat\u00f3licas&#8221;, Alejandro \u00c1lvarez, nos anim\u00f3 a no perder la visi\u00f3n sobrenatural de las cosas: Nos hizo recordar que, en palabra de los Padres de la Iglesia, &#8220;la sangre de los m\u00e1rtires es semilla de nuevos cristianos&#8221; y que Jesucristo es claro al afirmar &#8220;Bienaventurados cuando os insulten y persigan por causa de m\u00ed. Regocijaos y alegraos, porque vuestra recompensa en los cielos es grande&#8221; (Mateo 5, 11).<\/p>\n<h3>La hermana Guadalupe<\/h3>\n<p>Un rostro concreto que muestra el drama que han vivido en los \u00faltimos a\u00f1os los cristianos perseguidos es la Hermana Guadalupe, quien pertenece al Instituto del Verbo Encamado. Esta religiosa ha sido misionera en Medio Oriente por m\u00e1s de dieciocho a\u00f1os. Vivi\u00f3 en Egipto hasta 2010, a\u00f1o en que le ofrecieron irse a un lugar m\u00e1s tranquilo para descansar. As\u00ed fue como al a\u00f1o Siguiente la destinaron a Siria, pa\u00eds que hasta entonces permanec\u00eda en paz. Sin embargo. a los pocos meses se desat\u00f3 la guerra y la persecuci\u00f3n.<\/p>\n<p>En Siria ha pasado la Hermana Guadalupe los \u00faltimos cinco a\u00f1os- espec\u00edficamente en Alepo, ciudad que ha sido especialmente golpeada-, siempre acompa\u00f1ando y ayudando a los que m\u00e1s sufren. Lo que ha vivido el pueblo sirio desde 2011 es dram\u00e1tico: Onco a\u00f1os de guerra con m\u00e1s de 366.000 personas muertas, seg\u00fan el Observatorio Sirio de los Derechos Humanos. Es el pa\u00eds del mundo con m\u00e1s desplazados internos: 6,6 millones: y es el segundo pa\u00eds del mundo con mayor poblaci\u00f3n refugiada: 4,8 millones de personas.<\/p>\n<p>&#8220;Si es que hay algo que rescatar del horroroso drama que sufren los cristianos perseguidos -afirm\u00f3 la Hermana Guadalupe en su visita a Cae en julio de este a\u00f1o, tras ser invitada a nuestro pa\u00eds por Ayuda a la Iglesia que Sufre &#8211; es que lo que est\u00e1n viviendo les ha despertado el alma. Porque conviven d\u00eda a d\u00eda con la muerte. Antes ten\u00edan un pie en la Misa del domingo pero el otro pie bien puesto en el mundo: Muchos eran esclavos de su af\u00e1n de poder, de sus riquezas, del pecado en general, de todo lo mundano&#8230; Pero hoy son libres, en el m\u00e1s profundo sentido de la palabra, porque no est\u00e1n atados a los bienes pasajeros y se toman en serio la salvaci\u00f3n eterna del alma. Se toman mucho m\u00e1s en serio la vida, porque se toman mucho m\u00e1s en serio la muerte. Aman con locura a Cristo y a sus hermanos, viviendo cada d\u00eda como si fuera el \u00faltimo. Porque es muy probable que lo sea. Los cristianos de occidente tenemos mucho que aprender de ellos&#8221;.<\/p>\n<p>El cristianismo es actualmente la religi\u00f3n m\u00e1s perseguida en el mundo. Las cifras del \u00faltimo informe, coincidentes con cifras de informes anteriores, dicen que un 75% de las personas que sufren persecuci\u00f3n por su religi\u00f3n son cristianos.<\/p>\n<\/article>\n","protected":false},"excerpt":{"rendered":"<p>&#8220;Nos pusieron v\u00eddeos de decapitaciones, matanzas y combates del ISIS. [Mi instructor] dijo: &#8216;Ten\u00e9is que matar kuffar (no creyentes) aunque sean vuestros padres y vuestros hermanos, porque son de la religi\u00f3n equivocada y no adoran a Dios&#8221;.<\/p>\n","protected":false},"author":1,"featured_media":0,"comment_status":"","ping_status":"","sticky":false,"template":"","format":"standard","meta":{"_acf_changed":false,"footnotes":""},"categories":[1],"tags":[],"class_list":["post-1423","post","type-post","status-publish","format-standard","hentry","category-noticias"],"acf":[],"yoast_head":"<!-- This site is optimized with the Yoast SEO plugin v27.1.1 - https:\/\/yoast.com\/product\/yoast-seo-wordpress\/ -->\n<title>Diario Financiero: Centro UC Derecho y Religi\u00f3n e informe de Libertad Religiosa 2016: Un Dios Prohibido - Centro UC Derecho y Religi\u00f3n<\/title>\n<meta name=\"robots\" content=\"index, follow, max-snippet:-1, max-image-preview:large, max-video-preview:-1\" \/>\n<link rel=\"canonical\" href=\"https:\/\/derechoyreligion-uc.urantiacos.cl\/en\/diario-financiero-centro-uc-derecho-y-religion-e-informe-de-libertad-religiosa-2016-un-dios-prohibido\/\" \/>\n<meta property=\"og:locale\" content=\"en_US\" \/>\n<meta property=\"og:type\" content=\"article\" \/>\n<meta property=\"og:title\" content=\"Diario Financiero: Centro UC Derecho y Religi\u00f3n e informe de Libertad Religiosa 2016: Un Dios Prohibido - Centro UC Derecho y Religi\u00f3n\" \/>\n<meta property=\"og:description\" content=\"&quot;Nos pusieron v\u00eddeos de decapitaciones, matanzas y combates del ISIS. [Mi instructor] dijo: &#039;Ten\u00e9is que matar kuffar (no creyentes) aunque sean vuestros padres y vuestros hermanos, porque son de la religi\u00f3n equivocada y no adoran a Dios&quot;.\" \/>\n<meta property=\"og:url\" content=\"https:\/\/derechoyreligion-uc.urantiacos.cl\/en\/diario-financiero-centro-uc-derecho-y-religion-e-informe-de-libertad-religiosa-2016-un-dios-prohibido\/\" \/>\n<meta property=\"og:site_name\" content=\"Centro UC Derecho y Religi\u00f3n\" \/>\n<meta property=\"article:published_time\" content=\"2016-12-12T03:00:00+00:00\" \/>\n<meta name=\"author\" content=\"manadmin\" \/>\n<meta name=\"twitter:card\" content=\"summary_large_image\" \/>\n<meta name=\"twitter:label1\" content=\"Written by\" \/>\n\t<meta name=\"twitter:data1\" content=\"manadmin\" \/>\n\t<meta name=\"twitter:label2\" content=\"Est. reading time\" \/>\n\t<meta name=\"twitter:data2\" content=\"9 minutes\" \/>\n<script type=\"application\/ld+json\" class=\"yoast-schema-graph\">{\"@context\":\"https:\/\/schema.org\",\"@graph\":[{\"@type\":\"Article\",\"@id\":\"https:\/\/derechoyreligion-uc.urantiacos.cl\/en\/diario-financiero-centro-uc-derecho-y-religion-e-informe-de-libertad-religiosa-2016-un-dios-prohibido\/#article\",\"isPartOf\":{\"@id\":\"https:\/\/derechoyreligion-uc.urantiacos.cl\/en\/diario-financiero-centro-uc-derecho-y-religion-e-informe-de-libertad-religiosa-2016-un-dios-prohibido\/\"},\"author\":{\"name\":\"manadmin\",\"@id\":\"https:\/\/derechoyreligion-uc.urantiacos.cl\/en\/#\/schema\/person\/6cc7f593e2f49e3b770a06f63b58e3b1\"},\"headline\":\"Diario Financiero: Centro UC Derecho y Religi\u00f3n e informe de Libertad Religiosa 2016: Un Dios Prohibido\",\"datePublished\":\"2016-12-12T03:00:00+00:00\",\"mainEntityOfPage\":{\"@id\":\"https:\/\/derechoyreligion-uc.urantiacos.cl\/en\/diario-financiero-centro-uc-derecho-y-religion-e-informe-de-libertad-religiosa-2016-un-dios-prohibido\/\"},\"wordCount\":1818,\"articleSection\":[\"Noticias\"],\"inLanguage\":\"en-US\"},{\"@type\":\"WebPage\",\"@id\":\"https:\/\/derechoyreligion-uc.urantiacos.cl\/en\/diario-financiero-centro-uc-derecho-y-religion-e-informe-de-libertad-religiosa-2016-un-dios-prohibido\/\",\"url\":\"https:\/\/derechoyreligion-uc.urantiacos.cl\/en\/diario-financiero-centro-uc-derecho-y-religion-e-informe-de-libertad-religiosa-2016-un-dios-prohibido\/\",\"name\":\"Diario Financiero: Centro UC Derecho y Religi\u00f3n e informe de Libertad Religiosa 2016: Un Dios Prohibido - Centro UC Derecho y Religi\u00f3n\",\"isPartOf\":{\"@id\":\"https:\/\/derechoyreligion-uc.urantiacos.cl\/en\/#website\"},\"datePublished\":\"2016-12-12T03:00:00+00:00\",\"author\":{\"@id\":\"https:\/\/derechoyreligion-uc.urantiacos.cl\/en\/#\/schema\/person\/6cc7f593e2f49e3b770a06f63b58e3b1\"},\"breadcrumb\":{\"@id\":\"https:\/\/derechoyreligion-uc.urantiacos.cl\/en\/diario-financiero-centro-uc-derecho-y-religion-e-informe-de-libertad-religiosa-2016-un-dios-prohibido\/#breadcrumb\"},\"inLanguage\":\"en-US\",\"potentialAction\":[{\"@type\":\"ReadAction\",\"target\":[\"https:\/\/derechoyreligion-uc.urantiacos.cl\/en\/diario-financiero-centro-uc-derecho-y-religion-e-informe-de-libertad-religiosa-2016-un-dios-prohibido\/\"]}]},{\"@type\":\"BreadcrumbList\",\"@id\":\"https:\/\/derechoyreligion-uc.urantiacos.cl\/en\/diario-financiero-centro-uc-derecho-y-religion-e-informe-de-libertad-religiosa-2016-un-dios-prohibido\/#breadcrumb\",\"itemListElement\":[{\"@type\":\"ListItem\",\"position\":1,\"name\":\"Portada\",\"item\":\"https:\/\/derechoyreligion-uc.urantiacos.cl\/en\/\"},{\"@type\":\"ListItem\",\"position\":2,\"name\":\"Diario Financiero: Centro UC Derecho y Religi\u00f3n e informe de Libertad Religiosa 2016: Un Dios Prohibido\"}]},{\"@type\":\"WebSite\",\"@id\":\"https:\/\/derechoyreligion-uc.urantiacos.cl\/en\/#website\",\"url\":\"https:\/\/derechoyreligion-uc.urantiacos.cl\/en\/\",\"name\":\"Centro UC Derecho y Religi\u00f3n\",\"description\":\"\",\"potentialAction\":[{\"@type\":\"SearchAction\",\"target\":{\"@type\":\"EntryPoint\",\"urlTemplate\":\"https:\/\/derechoyreligion-uc.urantiacos.cl\/en\/?s={search_term_string}\"},\"query-input\":{\"@type\":\"PropertyValueSpecification\",\"valueRequired\":true,\"valueName\":\"search_term_string\"}}],\"inLanguage\":\"en-US\"},{\"@type\":\"Person\",\"@id\":\"https:\/\/derechoyreligion-uc.urantiacos.cl\/en\/#\/schema\/person\/6cc7f593e2f49e3b770a06f63b58e3b1\",\"name\":\"manadmin\",\"sameAs\":[\"https:\/\/derechoyreligion-uc.urantiacos.cl\"]}]}<\/script>\n<!-- \/ Yoast SEO plugin. -->","yoast_head_json":{"title":"Diario Financiero: Centro UC Derecho y Religi\u00f3n e informe de Libertad Religiosa 2016: Un Dios Prohibido - Centro UC Derecho y Religi\u00f3n","robots":{"index":"index","follow":"follow","max-snippet":"max-snippet:-1","max-image-preview":"max-image-preview:large","max-video-preview":"max-video-preview:-1"},"canonical":"https:\/\/derechoyreligion-uc.urantiacos.cl\/en\/diario-financiero-centro-uc-derecho-y-religion-e-informe-de-libertad-religiosa-2016-un-dios-prohibido\/","og_locale":"en_US","og_type":"article","og_title":"Diario Financiero: Centro UC Derecho y Religi\u00f3n e informe de Libertad Religiosa 2016: Un Dios Prohibido - Centro UC Derecho y Religi\u00f3n","og_description":"\"Nos pusieron v\u00eddeos de decapitaciones, matanzas y combates del ISIS. [Mi instructor] dijo: 'Ten\u00e9is que matar kuffar (no creyentes) aunque sean vuestros padres y vuestros hermanos, porque son de la religi\u00f3n equivocada y no adoran a Dios\".","og_url":"https:\/\/derechoyreligion-uc.urantiacos.cl\/en\/diario-financiero-centro-uc-derecho-y-religion-e-informe-de-libertad-religiosa-2016-un-dios-prohibido\/","og_site_name":"Centro UC Derecho y Religi\u00f3n","article_published_time":"2016-12-12T03:00:00+00:00","author":"manadmin","twitter_card":"summary_large_image","twitter_misc":{"Written by":"manadmin","Est. reading time":"9 minutes"},"schema":{"@context":"https:\/\/schema.org","@graph":[{"@type":"Article","@id":"https:\/\/derechoyreligion-uc.urantiacos.cl\/en\/diario-financiero-centro-uc-derecho-y-religion-e-informe-de-libertad-religiosa-2016-un-dios-prohibido\/#article","isPartOf":{"@id":"https:\/\/derechoyreligion-uc.urantiacos.cl\/en\/diario-financiero-centro-uc-derecho-y-religion-e-informe-de-libertad-religiosa-2016-un-dios-prohibido\/"},"author":{"name":"manadmin","@id":"https:\/\/derechoyreligion-uc.urantiacos.cl\/en\/#\/schema\/person\/6cc7f593e2f49e3b770a06f63b58e3b1"},"headline":"Diario Financiero: Centro UC Derecho y Religi\u00f3n e informe de Libertad Religiosa 2016: Un Dios Prohibido","datePublished":"2016-12-12T03:00:00+00:00","mainEntityOfPage":{"@id":"https:\/\/derechoyreligion-uc.urantiacos.cl\/en\/diario-financiero-centro-uc-derecho-y-religion-e-informe-de-libertad-religiosa-2016-un-dios-prohibido\/"},"wordCount":1818,"articleSection":["Noticias"],"inLanguage":"en-US"},{"@type":"WebPage","@id":"https:\/\/derechoyreligion-uc.urantiacos.cl\/en\/diario-financiero-centro-uc-derecho-y-religion-e-informe-de-libertad-religiosa-2016-un-dios-prohibido\/","url":"https:\/\/derechoyreligion-uc.urantiacos.cl\/en\/diario-financiero-centro-uc-derecho-y-religion-e-informe-de-libertad-religiosa-2016-un-dios-prohibido\/","name":"Diario Financiero: Centro UC Derecho y Religi\u00f3n e informe de Libertad Religiosa 2016: Un Dios Prohibido - Centro UC Derecho y Religi\u00f3n","isPartOf":{"@id":"https:\/\/derechoyreligion-uc.urantiacos.cl\/en\/#website"},"datePublished":"2016-12-12T03:00:00+00:00","author":{"@id":"https:\/\/derechoyreligion-uc.urantiacos.cl\/en\/#\/schema\/person\/6cc7f593e2f49e3b770a06f63b58e3b1"},"breadcrumb":{"@id":"https:\/\/derechoyreligion-uc.urantiacos.cl\/en\/diario-financiero-centro-uc-derecho-y-religion-e-informe-de-libertad-religiosa-2016-un-dios-prohibido\/#breadcrumb"},"inLanguage":"en-US","potentialAction":[{"@type":"ReadAction","target":["https:\/\/derechoyreligion-uc.urantiacos.cl\/en\/diario-financiero-centro-uc-derecho-y-religion-e-informe-de-libertad-religiosa-2016-un-dios-prohibido\/"]}]},{"@type":"BreadcrumbList","@id":"https:\/\/derechoyreligion-uc.urantiacos.cl\/en\/diario-financiero-centro-uc-derecho-y-religion-e-informe-de-libertad-religiosa-2016-un-dios-prohibido\/#breadcrumb","itemListElement":[{"@type":"ListItem","position":1,"name":"Portada","item":"https:\/\/derechoyreligion-uc.urantiacos.cl\/en\/"},{"@type":"ListItem","position":2,"name":"Diario Financiero: Centro UC Derecho y Religi\u00f3n e informe de Libertad Religiosa 2016: Un Dios Prohibido"}]},{"@type":"WebSite","@id":"https:\/\/derechoyreligion-uc.urantiacos.cl\/en\/#website","url":"https:\/\/derechoyreligion-uc.urantiacos.cl\/en\/","name":"Centro UC Derecho y Religi\u00f3n","description":"","potentialAction":[{"@type":"SearchAction","target":{"@type":"EntryPoint","urlTemplate":"https:\/\/derechoyreligion-uc.urantiacos.cl\/en\/?s={search_term_string}"},"query-input":{"@type":"PropertyValueSpecification","valueRequired":true,"valueName":"search_term_string"}}],"inLanguage":"en-US"},{"@type":"Person","@id":"https:\/\/derechoyreligion-uc.urantiacos.cl\/en\/#\/schema\/person\/6cc7f593e2f49e3b770a06f63b58e3b1","name":"manadmin","sameAs":["https:\/\/derechoyreligion-uc.urantiacos.cl"]}]}},"_links":{"self":[{"href":"https:\/\/derechoyreligion-uc.urantiacos.cl\/en\/wp-json\/wp\/v2\/posts\/1423","targetHints":{"allow":["GET"]}}],"collection":[{"href":"https:\/\/derechoyreligion-uc.urantiacos.cl\/en\/wp-json\/wp\/v2\/posts"}],"about":[{"href":"https:\/\/derechoyreligion-uc.urantiacos.cl\/en\/wp-json\/wp\/v2\/types\/post"}],"author":[{"embeddable":true,"href":"https:\/\/derechoyreligion-uc.urantiacos.cl\/en\/wp-json\/wp\/v2\/users\/1"}],"replies":[{"embeddable":true,"href":"https:\/\/derechoyreligion-uc.urantiacos.cl\/en\/wp-json\/wp\/v2\/comments?post=1423"}],"version-history":[{"count":0,"href":"https:\/\/derechoyreligion-uc.urantiacos.cl\/en\/wp-json\/wp\/v2\/posts\/1423\/revisions"}],"wp:attachment":[{"href":"https:\/\/derechoyreligion-uc.urantiacos.cl\/en\/wp-json\/wp\/v2\/media?parent=1423"}],"wp:term":[{"taxonomy":"category","embeddable":true,"href":"https:\/\/derechoyreligion-uc.urantiacos.cl\/en\/wp-json\/wp\/v2\/categories?post=1423"},{"taxonomy":"post_tag","embeddable":true,"href":"https:\/\/derechoyreligion-uc.urantiacos.cl\/en\/wp-json\/wp\/v2\/tags?post=1423"}],"curies":[{"name":"wp","href":"https:\/\/api.w.org\/{rel}","templated":true}]}}