
{"id":1421,"date":"2017-03-24T00:00:00","date_gmt":"2017-03-24T03:00:00","guid":{"rendered":"https:\/\/derechoyreligion-uc.urantiacos.cl\/profesora-ana-maria-celis-participa-en-foro-de-interes-ciudadano-realizado-en-bolivia\/"},"modified":"2017-03-24T00:00:00","modified_gmt":"2017-03-24T03:00:00","slug":"profesora-ana-maria-celis-participa-en-foro-de-interes-ciudadano-realizado-en-bolivia","status":"publish","type":"post","link":"https:\/\/derechoyreligion-uc.urantiacos.cl\/en\/profesora-ana-maria-celis-participa-en-foro-de-interes-ciudadano-realizado-en-bolivia\/","title":{"rendered":"Profesora Ana Mar\u00eda Celis participa en Foro de Inter\u00e9s Ciudadano realizado en Bolivia"},"content":{"rendered":"<article>\n<span><br \/>\n<\/span><\/p>\n<p>\u00a0<\/p>\n<p><span><img decoding=\"async\" alt=\"bolivia 2\" src=\"https:\/\/derechoyreligion-uc.urantiacos.cl\/wp-content\/uploads\/imagenes\/bolivia_2.jpg\"\/><\/span><\/p>\n<p><span>LA PAZ- La profesora Ana Mar\u00eda Celis, Directora del Centro UC \u00a0Derecho y Religi\u00f3n particip\u00f3 en el &#8220;Foro de Inter\u00e9s Ciudadano: Libertad de Expresi\u00f3n y Libertad Religiosa&#8221;, organizado por la Universidad Cat\u00f3lica Boliviana San Pablo y la Comisi\u00f3n de Pol\u00edtica Internacional de la C\u00e1mara de Senadores, con el prop\u00f3sito de analizar las Convenciones aprobadas por la Organizaci\u00f3n de Estados Americanos (OEA): la \u201cConvenci\u00f3n Interamericana Contra toda Forma de Discriminaci\u00f3n e Intolerancia\u201d y la \u201cConvenci\u00f3n Interamericana contra el Racismo, la Discriminaci\u00f3n Racial y Formas Conexas de Intolerancia\u201d, aprobadas por la C\u00e1mara de Diputados y que se encuentran actualmente en la C\u00e1mara de Senadores de Bolivia para su ratificaci\u00f3n.<\/span><\/p>\n<p><span>En ese marco, distintas organizaciones religiosas e instituciones civiles, rechazaron la ratificaci\u00f3n de las mencionadas Convenciones, por atentar contra algunas libertades.<\/span><\/p>\n<p>\u00a0<\/p>\n<p><span><img decoding=\"async\" alt=\"bolivia 1\" src=\"https:\/\/derechoyreligion-uc.urantiacos.cl\/wp-content\/uploads\/imagenes\/bolivia_1.jpg\"\/><\/span><\/p>\n<p><span><em><span>\u201c<\/span><\/em><em>Las convenciones analizadas son inconsistentes porque eliminan opiniones de terceros, justamente lo que hace a la democracia<\/em>.\u201d Determin\u00f3 la Profesora Celis, cuyas declaraciones \u00a0fueron recogidas por varios de los medios locales que cubrieron el encuentro. <\/span><\/p>\n<p><span>A\u00f1adi\u00f3 la Profesora que <em>la \u201cconvenci\u00f3n obligar\u00eda a los estados parte a censurar y sancionar discursos o actividades que puedan encuadrarse dentro de la definici\u00f3n de intolerancia<\/em>\u201d. Esto, dijo, \u201c<em>implica\u00a0 discrepancia u oposici\u00f3n a la opini\u00f3n de un tercero sin necesidad de verificar el perjuicio de otros derechos y todo porque la opini\u00f3n expresada ser\u00e1 denunciada como intolerante\u201d.<\/em><\/span><\/p>\n<p><span>Afirm\u00f3 que las convenciones tambi\u00e9n obligar\u00edan a los estados parte a castigar toda ense\u00f1anza religiosa que implique un juicio moral acerca de conductas humanas. \u201c<em>Incluso las creencias pueden ser consideradas il\u00edcitas\u201d, en el \u00e1mbito p\u00fablico y al interior de las organizaciones<\/em>.\u201d <a href=\"#ftn1\" name=\"_ftnref1\"><span>[1]<\/span><\/a><\/span><\/p>\n<hr size=\"1\"\/>\n<div>\n<p><span><a href=\"#ftnref1\" name=\"ftn1\" title=\"\"><span>[1]<\/span><\/a> <a href=\"http:\/\/www.erbol.com.bo\/noticia\/politica\/16032017\/alertan_que_2_convenciones_afectarian_la_libre_expresion\">http:\/\/www.erbol.com.bo\/noticia\/politica\/16032017\/alertan_que_2_convenciones_afectarian_la_libre_expresion<\/a><\/span><\/p>\n<\/div>\n<\/article>\n","protected":false},"excerpt":{"rendered":"<p>LA PAZ- La profesora Ana Mar\u00eda Celis, Directora del Centro UC \u00a0Derecho y Religi\u00f3n particip\u00f3 en el &#8220;Foro de Inter\u00e9s Ciudadano: Libertad de Expresi\u00f3n y Libertad Religiosa&#8221;, organizado por la Universidad Cat\u00f3lica Boliviana San Pablo y la Comisi\u00f3n de Pol\u00edtica Internacional de la C\u00e1mara de Senadores, con el prop\u00f3sito de analizar las Convenciones aprobadas por la Organizaci\u00f3n de Estados Americanos (OEA): la \u201cConvenci\u00f3n Interamericana Contra toda Forma de Discriminaci\u00f3n e Intolerancia\u201d y la \u201cConvenci\u00f3n Interamericana contra el Racismo, la Discriminaci\u00f3n Racial y Formas Conexas de Intolerancia\u201d, aprobadas por la C\u00e1mara de Diputados y que se encuentran actualmente en la C\u00e1mara de Senadores de Bolivia para su ratificaci\u00f3n.<\/p>\n","protected":false},"author":1,"featured_media":1560,"comment_status":"","ping_status":"","sticky":false,"template":"","format":"standard","meta":{"_acf_changed":false,"footnotes":""},"categories":[1],"tags":[],"class_list":["post-1421","post","type-post","status-publish","format-standard","has-post-thumbnail","hentry","category-noticias"],"acf":[],"yoast_head":"<!-- This site is optimized with the Yoast SEO plugin v27.1.1 - https:\/\/yoast.com\/product\/yoast-seo-wordpress\/ -->\n<title>Profesora Ana Mar\u00eda Celis participa en Foro de Inter\u00e9s Ciudadano realizado en Bolivia - Centro UC Derecho y Religi\u00f3n<\/title>\n<meta name=\"robots\" content=\"index, follow, max-snippet:-1, max-image-preview:large, max-video-preview:-1\" \/>\n<link rel=\"canonical\" href=\"https:\/\/derechoyreligion-uc.urantiacos.cl\/en\/profesora-ana-maria-celis-participa-en-foro-de-interes-ciudadano-realizado-en-bolivia\/\" \/>\n<meta property=\"og:locale\" content=\"en_US\" \/>\n<meta property=\"og:type\" content=\"article\" \/>\n<meta property=\"og:title\" content=\"Profesora Ana Mar\u00eda Celis participa en Foro de Inter\u00e9s Ciudadano realizado en Bolivia - Centro UC Derecho y Religi\u00f3n\" \/>\n<meta property=\"og:description\" content=\"LA PAZ- La profesora Ana Mar\u00eda Celis, Directora del Centro UC \u00a0Derecho y Religi\u00f3n particip\u00f3 en el &quot;Foro de Inter\u00e9s Ciudadano: Libertad de Expresi\u00f3n y Libertad Religiosa&quot;, organizado por la Universidad Cat\u00f3lica Boliviana San Pablo y la Comisi\u00f3n de Pol\u00edtica Internacional de la C\u00e1mara de Senadores, con el prop\u00f3sito de analizar las Convenciones aprobadas por la Organizaci\u00f3n de Estados Americanos (OEA): la \u201cConvenci\u00f3n Interamericana Contra toda Forma de Discriminaci\u00f3n e Intolerancia\u201d y la \u201cConvenci\u00f3n Interamericana contra el Racismo, la Discriminaci\u00f3n Racial y Formas Conexas de Intolerancia\u201d, aprobadas por la C\u00e1mara de Diputados y que se encuentran actualmente en la C\u00e1mara de Senadores de Bolivia para su ratificaci\u00f3n.\" \/>\n<meta property=\"og:url\" content=\"https:\/\/derechoyreligion-uc.urantiacos.cl\/en\/profesora-ana-maria-celis-participa-en-foro-de-interes-ciudadano-realizado-en-bolivia\/\" \/>\n<meta property=\"og:site_name\" content=\"Centro UC Derecho y Religi\u00f3n\" \/>\n<meta property=\"article:published_time\" content=\"2017-03-24T03:00:00+00:00\" \/>\n<meta property=\"og:image\" content=\"https:\/\/derechoyreligion-uc.urantiacos.cl\/wp-content\/uploads\/2025\/10\/bolivia_2.jpg\" \/>\n\t<meta property=\"og:image:width\" content=\"1280\" \/>\n\t<meta property=\"og:image:height\" content=\"720\" \/>\n\t<meta property=\"og:image:type\" content=\"image\/jpeg\" \/>\n<meta name=\"author\" content=\"manadmin\" \/>\n<meta name=\"twitter:card\" content=\"summary_large_image\" \/>\n<meta name=\"twitter:label1\" content=\"Written by\" \/>\n\t<meta name=\"twitter:data1\" content=\"manadmin\" \/>\n\t<meta name=\"twitter:label2\" content=\"Est. reading time\" \/>\n\t<meta name=\"twitter:data2\" content=\"2 minutes\" \/>\n<script type=\"application\/ld+json\" class=\"yoast-schema-graph\">{\"@context\":\"https:\/\/schema.org\",\"@graph\":[{\"@type\":\"Article\",\"@id\":\"https:\/\/derechoyreligion-uc.urantiacos.cl\/en\/profesora-ana-maria-celis-participa-en-foro-de-interes-ciudadano-realizado-en-bolivia\/#article\",\"isPartOf\":{\"@id\":\"https:\/\/derechoyreligion-uc.urantiacos.cl\/en\/profesora-ana-maria-celis-participa-en-foro-de-interes-ciudadano-realizado-en-bolivia\/\"},\"author\":{\"name\":\"manadmin\",\"@id\":\"https:\/\/derechoyreligion-uc.urantiacos.cl\/en\/#\/schema\/person\/6cc7f593e2f49e3b770a06f63b58e3b1\"},\"headline\":\"Profesora Ana Mar\u00eda Celis participa en Foro de Inter\u00e9s Ciudadano realizado en Bolivia\",\"datePublished\":\"2017-03-24T03:00:00+00:00\",\"mainEntityOfPage\":{\"@id\":\"https:\/\/derechoyreligion-uc.urantiacos.cl\/en\/profesora-ana-maria-celis-participa-en-foro-de-interes-ciudadano-realizado-en-bolivia\/\"},\"wordCount\":321,\"image\":{\"@id\":\"https:\/\/derechoyreligion-uc.urantiacos.cl\/en\/profesora-ana-maria-celis-participa-en-foro-de-interes-ciudadano-realizado-en-bolivia\/#primaryimage\"},\"thumbnailUrl\":\"https:\/\/derechoyreligion-uc.urantiacos.cl\/wp-content\/uploads\/2025\/10\/bolivia_2.jpg\",\"articleSection\":[\"Noticias\"],\"inLanguage\":\"en-US\"},{\"@type\":\"WebPage\",\"@id\":\"https:\/\/derechoyreligion-uc.urantiacos.cl\/en\/profesora-ana-maria-celis-participa-en-foro-de-interes-ciudadano-realizado-en-bolivia\/\",\"url\":\"https:\/\/derechoyreligion-uc.urantiacos.cl\/en\/profesora-ana-maria-celis-participa-en-foro-de-interes-ciudadano-realizado-en-bolivia\/\",\"name\":\"Profesora Ana Mar\u00eda Celis participa en Foro de Inter\u00e9s Ciudadano realizado en Bolivia - Centro UC Derecho y Religi\u00f3n\",\"isPartOf\":{\"@id\":\"https:\/\/derechoyreligion-uc.urantiacos.cl\/en\/#website\"},\"primaryImageOfPage\":{\"@id\":\"https:\/\/derechoyreligion-uc.urantiacos.cl\/en\/profesora-ana-maria-celis-participa-en-foro-de-interes-ciudadano-realizado-en-bolivia\/#primaryimage\"},\"image\":{\"@id\":\"https:\/\/derechoyreligion-uc.urantiacos.cl\/en\/profesora-ana-maria-celis-participa-en-foro-de-interes-ciudadano-realizado-en-bolivia\/#primaryimage\"},\"thumbnailUrl\":\"https:\/\/derechoyreligion-uc.urantiacos.cl\/wp-content\/uploads\/2025\/10\/bolivia_2.jpg\",\"datePublished\":\"2017-03-24T03:00:00+00:00\",\"author\":{\"@id\":\"https:\/\/derechoyreligion-uc.urantiacos.cl\/en\/#\/schema\/person\/6cc7f593e2f49e3b770a06f63b58e3b1\"},\"breadcrumb\":{\"@id\":\"https:\/\/derechoyreligion-uc.urantiacos.cl\/en\/profesora-ana-maria-celis-participa-en-foro-de-interes-ciudadano-realizado-en-bolivia\/#breadcrumb\"},\"inLanguage\":\"en-US\",\"potentialAction\":[{\"@type\":\"ReadAction\",\"target\":[\"https:\/\/derechoyreligion-uc.urantiacos.cl\/en\/profesora-ana-maria-celis-participa-en-foro-de-interes-ciudadano-realizado-en-bolivia\/\"]}]},{\"@type\":\"ImageObject\",\"inLanguage\":\"en-US\",\"@id\":\"https:\/\/derechoyreligion-uc.urantiacos.cl\/en\/profesora-ana-maria-celis-participa-en-foro-de-interes-ciudadano-realizado-en-bolivia\/#primaryimage\",\"url\":\"https:\/\/derechoyreligion-uc.urantiacos.cl\/wp-content\/uploads\/2025\/10\/bolivia_2.jpg\",\"contentUrl\":\"https:\/\/derechoyreligion-uc.urantiacos.cl\/wp-content\/uploads\/2025\/10\/bolivia_2.jpg\",\"width\":1280,\"height\":720},{\"@type\":\"BreadcrumbList\",\"@id\":\"https:\/\/derechoyreligion-uc.urantiacos.cl\/en\/profesora-ana-maria-celis-participa-en-foro-de-interes-ciudadano-realizado-en-bolivia\/#breadcrumb\",\"itemListElement\":[{\"@type\":\"ListItem\",\"position\":1,\"name\":\"Portada\",\"item\":\"https:\/\/derechoyreligion-uc.urantiacos.cl\/en\/\"},{\"@type\":\"ListItem\",\"position\":2,\"name\":\"Profesora Ana Mar\u00eda Celis participa en Foro de Inter\u00e9s Ciudadano realizado en Bolivia\"}]},{\"@type\":\"WebSite\",\"@id\":\"https:\/\/derechoyreligion-uc.urantiacos.cl\/en\/#website\",\"url\":\"https:\/\/derechoyreligion-uc.urantiacos.cl\/en\/\",\"name\":\"Centro UC Derecho y Religi\u00f3n\",\"description\":\"\",\"potentialAction\":[{\"@type\":\"SearchAction\",\"target\":{\"@type\":\"EntryPoint\",\"urlTemplate\":\"https:\/\/derechoyreligion-uc.urantiacos.cl\/en\/?s={search_term_string}\"},\"query-input\":{\"@type\":\"PropertyValueSpecification\",\"valueRequired\":true,\"valueName\":\"search_term_string\"}}],\"inLanguage\":\"en-US\"},{\"@type\":\"Person\",\"@id\":\"https:\/\/derechoyreligion-uc.urantiacos.cl\/en\/#\/schema\/person\/6cc7f593e2f49e3b770a06f63b58e3b1\",\"name\":\"manadmin\",\"sameAs\":[\"https:\/\/derechoyreligion-uc.urantiacos.cl\"]}]}<\/script>\n<!-- \/ Yoast SEO plugin. -->","yoast_head_json":{"title":"Profesora Ana Mar\u00eda Celis participa en Foro de Inter\u00e9s Ciudadano realizado en Bolivia - Centro UC Derecho y Religi\u00f3n","robots":{"index":"index","follow":"follow","max-snippet":"max-snippet:-1","max-image-preview":"max-image-preview:large","max-video-preview":"max-video-preview:-1"},"canonical":"https:\/\/derechoyreligion-uc.urantiacos.cl\/en\/profesora-ana-maria-celis-participa-en-foro-de-interes-ciudadano-realizado-en-bolivia\/","og_locale":"en_US","og_type":"article","og_title":"Profesora Ana Mar\u00eda Celis participa en Foro de Inter\u00e9s Ciudadano realizado en Bolivia - Centro UC Derecho y Religi\u00f3n","og_description":"LA PAZ- La profesora Ana Mar\u00eda Celis, Directora del Centro UC \u00a0Derecho y Religi\u00f3n particip\u00f3 en el \"Foro de Inter\u00e9s Ciudadano: Libertad de Expresi\u00f3n y Libertad Religiosa\", organizado por la Universidad Cat\u00f3lica Boliviana San Pablo y la Comisi\u00f3n de Pol\u00edtica Internacional de la C\u00e1mara de Senadores, con el prop\u00f3sito de analizar las Convenciones aprobadas por la Organizaci\u00f3n de Estados Americanos (OEA): la \u201cConvenci\u00f3n Interamericana Contra toda Forma de Discriminaci\u00f3n e Intolerancia\u201d y la \u201cConvenci\u00f3n Interamericana contra el Racismo, la Discriminaci\u00f3n Racial y Formas Conexas de Intolerancia\u201d, aprobadas por la C\u00e1mara de Diputados y que se encuentran actualmente en la C\u00e1mara de Senadores de Bolivia para su ratificaci\u00f3n.","og_url":"https:\/\/derechoyreligion-uc.urantiacos.cl\/en\/profesora-ana-maria-celis-participa-en-foro-de-interes-ciudadano-realizado-en-bolivia\/","og_site_name":"Centro UC Derecho y Religi\u00f3n","article_published_time":"2017-03-24T03:00:00+00:00","og_image":[{"width":1280,"height":720,"url":"https:\/\/derechoyreligion-uc.urantiacos.cl\/wp-content\/uploads\/2025\/10\/bolivia_2.jpg","type":"image\/jpeg"}],"author":"manadmin","twitter_card":"summary_large_image","twitter_misc":{"Written by":"manadmin","Est. reading time":"2 minutes"},"schema":{"@context":"https:\/\/schema.org","@graph":[{"@type":"Article","@id":"https:\/\/derechoyreligion-uc.urantiacos.cl\/en\/profesora-ana-maria-celis-participa-en-foro-de-interes-ciudadano-realizado-en-bolivia\/#article","isPartOf":{"@id":"https:\/\/derechoyreligion-uc.urantiacos.cl\/en\/profesora-ana-maria-celis-participa-en-foro-de-interes-ciudadano-realizado-en-bolivia\/"},"author":{"name":"manadmin","@id":"https:\/\/derechoyreligion-uc.urantiacos.cl\/en\/#\/schema\/person\/6cc7f593e2f49e3b770a06f63b58e3b1"},"headline":"Profesora Ana Mar\u00eda Celis participa en Foro de Inter\u00e9s Ciudadano realizado en Bolivia","datePublished":"2017-03-24T03:00:00+00:00","mainEntityOfPage":{"@id":"https:\/\/derechoyreligion-uc.urantiacos.cl\/en\/profesora-ana-maria-celis-participa-en-foro-de-interes-ciudadano-realizado-en-bolivia\/"},"wordCount":321,"image":{"@id":"https:\/\/derechoyreligion-uc.urantiacos.cl\/en\/profesora-ana-maria-celis-participa-en-foro-de-interes-ciudadano-realizado-en-bolivia\/#primaryimage"},"thumbnailUrl":"https:\/\/derechoyreligion-uc.urantiacos.cl\/wp-content\/uploads\/2025\/10\/bolivia_2.jpg","articleSection":["Noticias"],"inLanguage":"en-US"},{"@type":"WebPage","@id":"https:\/\/derechoyreligion-uc.urantiacos.cl\/en\/profesora-ana-maria-celis-participa-en-foro-de-interes-ciudadano-realizado-en-bolivia\/","url":"https:\/\/derechoyreligion-uc.urantiacos.cl\/en\/profesora-ana-maria-celis-participa-en-foro-de-interes-ciudadano-realizado-en-bolivia\/","name":"Profesora Ana Mar\u00eda Celis participa en Foro de Inter\u00e9s Ciudadano realizado en Bolivia - Centro UC Derecho y Religi\u00f3n","isPartOf":{"@id":"https:\/\/derechoyreligion-uc.urantiacos.cl\/en\/#website"},"primaryImageOfPage":{"@id":"https:\/\/derechoyreligion-uc.urantiacos.cl\/en\/profesora-ana-maria-celis-participa-en-foro-de-interes-ciudadano-realizado-en-bolivia\/#primaryimage"},"image":{"@id":"https:\/\/derechoyreligion-uc.urantiacos.cl\/en\/profesora-ana-maria-celis-participa-en-foro-de-interes-ciudadano-realizado-en-bolivia\/#primaryimage"},"thumbnailUrl":"https:\/\/derechoyreligion-uc.urantiacos.cl\/wp-content\/uploads\/2025\/10\/bolivia_2.jpg","datePublished":"2017-03-24T03:00:00+00:00","author":{"@id":"https:\/\/derechoyreligion-uc.urantiacos.cl\/en\/#\/schema\/person\/6cc7f593e2f49e3b770a06f63b58e3b1"},"breadcrumb":{"@id":"https:\/\/derechoyreligion-uc.urantiacos.cl\/en\/profesora-ana-maria-celis-participa-en-foro-de-interes-ciudadano-realizado-en-bolivia\/#breadcrumb"},"inLanguage":"en-US","potentialAction":[{"@type":"ReadAction","target":["https:\/\/derechoyreligion-uc.urantiacos.cl\/en\/profesora-ana-maria-celis-participa-en-foro-de-interes-ciudadano-realizado-en-bolivia\/"]}]},{"@type":"ImageObject","inLanguage":"en-US","@id":"https:\/\/derechoyreligion-uc.urantiacos.cl\/en\/profesora-ana-maria-celis-participa-en-foro-de-interes-ciudadano-realizado-en-bolivia\/#primaryimage","url":"https:\/\/derechoyreligion-uc.urantiacos.cl\/wp-content\/uploads\/2025\/10\/bolivia_2.jpg","contentUrl":"https:\/\/derechoyreligion-uc.urantiacos.cl\/wp-content\/uploads\/2025\/10\/bolivia_2.jpg","width":1280,"height":720},{"@type":"BreadcrumbList","@id":"https:\/\/derechoyreligion-uc.urantiacos.cl\/en\/profesora-ana-maria-celis-participa-en-foro-de-interes-ciudadano-realizado-en-bolivia\/#breadcrumb","itemListElement":[{"@type":"ListItem","position":1,"name":"Portada","item":"https:\/\/derechoyreligion-uc.urantiacos.cl\/en\/"},{"@type":"ListItem","position":2,"name":"Profesora Ana Mar\u00eda Celis participa en Foro de Inter\u00e9s Ciudadano realizado en Bolivia"}]},{"@type":"WebSite","@id":"https:\/\/derechoyreligion-uc.urantiacos.cl\/en\/#website","url":"https:\/\/derechoyreligion-uc.urantiacos.cl\/en\/","name":"Centro UC Derecho y Religi\u00f3n","description":"","potentialAction":[{"@type":"SearchAction","target":{"@type":"EntryPoint","urlTemplate":"https:\/\/derechoyreligion-uc.urantiacos.cl\/en\/?s={search_term_string}"},"query-input":{"@type":"PropertyValueSpecification","valueRequired":true,"valueName":"search_term_string"}}],"inLanguage":"en-US"},{"@type":"Person","@id":"https:\/\/derechoyreligion-uc.urantiacos.cl\/en\/#\/schema\/person\/6cc7f593e2f49e3b770a06f63b58e3b1","name":"manadmin","sameAs":["https:\/\/derechoyreligion-uc.urantiacos.cl"]}]}},"_links":{"self":[{"href":"https:\/\/derechoyreligion-uc.urantiacos.cl\/en\/wp-json\/wp\/v2\/posts\/1421","targetHints":{"allow":["GET"]}}],"collection":[{"href":"https:\/\/derechoyreligion-uc.urantiacos.cl\/en\/wp-json\/wp\/v2\/posts"}],"about":[{"href":"https:\/\/derechoyreligion-uc.urantiacos.cl\/en\/wp-json\/wp\/v2\/types\/post"}],"author":[{"embeddable":true,"href":"https:\/\/derechoyreligion-uc.urantiacos.cl\/en\/wp-json\/wp\/v2\/users\/1"}],"replies":[{"embeddable":true,"href":"https:\/\/derechoyreligion-uc.urantiacos.cl\/en\/wp-json\/wp\/v2\/comments?post=1421"}],"version-history":[{"count":0,"href":"https:\/\/derechoyreligion-uc.urantiacos.cl\/en\/wp-json\/wp\/v2\/posts\/1421\/revisions"}],"wp:featuredmedia":[{"embeddable":true,"href":"https:\/\/derechoyreligion-uc.urantiacos.cl\/en\/wp-json\/wp\/v2\/media\/1560"}],"wp:attachment":[{"href":"https:\/\/derechoyreligion-uc.urantiacos.cl\/en\/wp-json\/wp\/v2\/media?parent=1421"}],"wp:term":[{"taxonomy":"category","embeddable":true,"href":"https:\/\/derechoyreligion-uc.urantiacos.cl\/en\/wp-json\/wp\/v2\/categories?post=1421"},{"taxonomy":"post_tag","embeddable":true,"href":"https:\/\/derechoyreligion-uc.urantiacos.cl\/en\/wp-json\/wp\/v2\/tags?post=1421"}],"curies":[{"name":"wp","href":"https:\/\/api.w.org\/{rel}","templated":true}]}}