
{"id":1420,"date":"2017-05-04T00:00:00","date_gmt":"2017-05-04T03:00:00","guid":{"rendered":"https:\/\/derechoyreligion-uc.urantiacos.cl\/profesora-ana-maria-celis-participa-en-el-iv-seminario-comunicaciones-de-iglesia\/"},"modified":"2017-05-04T00:00:00","modified_gmt":"2017-05-04T03:00:00","slug":"profesora-ana-maria-celis-participa-en-el-iv-seminario-comunicaciones-de-iglesia","status":"publish","type":"post","link":"https:\/\/derechoyreligion-uc.urantiacos.cl\/en\/profesora-ana-maria-celis-participa-en-el-iv-seminario-comunicaciones-de-iglesia\/","title":{"rendered":"Profesora Ana Mar\u00eda Celis participa en el IV seminario comunicaciones de Iglesia"},"content":{"rendered":"<article>\n<span><br \/>\n<\/span><\/p>\n<p><span>Los d\u00edas 24 y 25 de abril de 2017, se realiz\u00f3 en el Centro de Extensi\u00f3n de la Pontificia Universidad Cat\u00f3lica de Chile \u00a0el <strong><em>IV seminario comunicaciones de Iglesia: \u201ccomunicar para construir una cultura del encuentro<\/em><\/strong>\u201d.<\/span><\/p>\n<p>\u00a0<\/p>\n<p>\u00a0<img decoding=\"async\" alt=\"1 comunicaciones\" src=\"https:\/\/derechoyreligion-uc.urantiacos.cl\/wp-content\/uploads\/imagenes\/1_comunicaciones.jpg\"\/><\/p>\n<p>\u00a0<\/p>\n<p>\u00a0\u00a0<\/p>\n<p><span>En la instancia, la Profesora Ana Mar\u00eda Celis, Directora del Centro UC Derecho y Religi\u00f3n particip\u00f3 en el panel <strong><em>\u201c\u00bfC\u00f3mo la Iglesia puede dar cuenta de su misi\u00f3n y de su actividad hoy? .<\/em><\/strong><\/span><\/p>\n<p><span>El espacio comenz\u00f3 con la exposici\u00f3n del Pbro. Cristi\u00e1n Mendoza sobre las diversas dimensiones y alcances de la transparencia de las instituciones. A continuaci\u00f3n, intervinieron la Profesora Celis y la Profesora Eliana Rozas, docente de la Facultad de Comunicaciones de la UC. Moder\u00f3 la instancia Javier Peralta, socio y director de Nexos Comunicaciones.<\/span><\/p>\n<p><span>En esta oportunidad, la Profesora Ana Mar\u00eda Celis realiz\u00f3 una importante reflexi\u00f3n acerca de los \u00e1mbitos de la transparencia, \u201c<em>accountability\u201d<\/em> y \u201c<em>compliance\u201d.<\/em><\/span><\/p>\n<p><span><span>En ese contexto, la Profesora Celis se\u00a0<\/span><\/span><span><span>refiri\u00f3 al \u201cCaso 50\u201d<a href=\"#ftn1\" name=\"_ftnref1\">[1]<\/a> en Australia, como <em>\u201cun ejemplar ejercicio de colaboraci\u00f3n con el estado que incluy\u00f3 el<\/em><\/span><em>\u00a0<\/em><em><span>cuestionamiento de est\u00e1ndares sobre transparencia y responsabilidad\u201d.<\/span><\/em><\/span><\/p>\n<p>\u00a0<\/p>\n<p>\u00a0<\/p>\n<p><span><em><span><img decoding=\"async\" alt=\"3\" src=\"https:\/\/derechoyreligion-uc.urantiacos.cl\/wp-content\/uploads\/imagenes\/3.jpg\"\/><\/span><\/em><\/span><\/p>\n<p>\u00a0<\/p>\n<p><span><em><span>\u201cSi bien se trata de un caso sobre la respuesta institucional a los abusos sexuales, puede ilustrar las posturas que se encuentran en la sociedad, entre las exigencias estatales y la realidad de la\u00a0<\/span><\/em><\/span><span><em><span>Iglesia local. Lo reciente de los hechos (febrero 2017), contribuyen a considerar pasos que se pueden dar en diversos lugares<\/span><\/em><span>\u201d- subray\u00f3 la Profesora Celis.<\/span><\/span><\/p>\n<p>\u00a0<\/p>\n<p><span>El panel dio lugar a preguntas del p\u00fablico, y reflexiones de los dem\u00e1s panelistas al respecto, especialmente sobre la aplicabilidad de un caso como este en la iglesia local de Chile.<\/span><\/p>\n<p>\u00a0<\/p>\n<p>\u00a0<\/p>\n<p><span>Al respecto, la Profesora Celis se refiri\u00f3 a los desaf\u00edos, se\u00f1alando la importancia de la transparencia en estos casos, la cual no puede ser exigida a nivel individual, sino institucional.<\/span><\/p>\n<p>\u00a0<\/p>\n<p>\u00a0<\/p>\n<p><span>\u201c<em>La transparencia debe tener una estructura suficiente que minimice los abusos de todo tipo (maltrato, de dinero, de personas, etc.)\u201d.<\/em> Sostuvo tambi\u00e9n la Profesora Celis.<\/span><\/p>\n<p>\u00a0<\/p>\n<hr size=\"1\"\/>\n<div>\n<p><a href=\"#ftnref1\" name=\"ftn1\" title=\"\"><span><span>[1]<\/span><\/span><\/a><span> Para m\u00e1s informaci\u00f3n sobre este caso, puede revisar el Bolet\u00edn Jur\u00eddico correspondiente a febrero-marzo 2017 en el siguiente link: \u00a0<a href=\"https:\/\/derechoyreligion.uc.cl\/es\/docman\/boletin-juridico\/2017-1\/1061-boletin-juridico-febrero-marzo-2017\/file#page=182\">http:\/\/derechoyreligion.uc.cl\/es\/docman\/boletin-juridico\/2017-1\/1061-boletin-juridico-febrero-marzo-2017\/file#page=182<\/a><\/span><\/p>\n<\/div>\n<\/article>\n","protected":false},"excerpt":{"rendered":"<p>Los d\u00edas 24 y 25 de abril de 2017, se realiz\u00f3 en el Centro de Extensi\u00f3n de la Pontificia Universidad Cat\u00f3lica de Chile \u00a0elIV seminario comunicaciones de Iglesia: \u201ccomunicar para construir una cultura del encuentro\u201d.<\/p>\n","protected":false},"author":1,"featured_media":1559,"comment_status":"","ping_status":"","sticky":false,"template":"","format":"standard","meta":{"_acf_changed":false,"footnotes":""},"categories":[1],"tags":[],"class_list":["post-1420","post","type-post","status-publish","format-standard","has-post-thumbnail","hentry","category-noticias"],"acf":[],"yoast_head":"<!-- This site is optimized with the Yoast SEO plugin v27.1.1 - https:\/\/yoast.com\/product\/yoast-seo-wordpress\/ -->\n<title>Profesora Ana Mar\u00eda Celis participa en el IV seminario comunicaciones de Iglesia - Centro UC Derecho y Religi\u00f3n<\/title>\n<meta name=\"robots\" content=\"index, follow, max-snippet:-1, max-image-preview:large, max-video-preview:-1\" \/>\n<link rel=\"canonical\" href=\"https:\/\/derechoyreligion-uc.urantiacos.cl\/en\/profesora-ana-maria-celis-participa-en-el-iv-seminario-comunicaciones-de-iglesia\/\" \/>\n<meta property=\"og:locale\" content=\"en_US\" \/>\n<meta property=\"og:type\" content=\"article\" \/>\n<meta property=\"og:title\" content=\"Profesora Ana Mar\u00eda Celis participa en el IV seminario comunicaciones de Iglesia - Centro UC Derecho y Religi\u00f3n\" \/>\n<meta property=\"og:description\" content=\"Los d\u00edas 24 y 25 de abril de 2017, se realiz\u00f3 en el Centro de Extensi\u00f3n de la Pontificia Universidad Cat\u00f3lica de Chile \u00a0elIV seminario comunicaciones de Iglesia: \u201ccomunicar para construir una cultura del encuentro\u201d.\" \/>\n<meta property=\"og:url\" content=\"https:\/\/derechoyreligion-uc.urantiacos.cl\/en\/profesora-ana-maria-celis-participa-en-el-iv-seminario-comunicaciones-de-iglesia\/\" \/>\n<meta property=\"og:site_name\" content=\"Centro UC Derecho y Religi\u00f3n\" \/>\n<meta property=\"article:published_time\" content=\"2017-05-04T03:00:00+00:00\" \/>\n<meta property=\"og:image\" content=\"https:\/\/derechoyreligion-uc.urantiacos.cl\/wp-content\/uploads\/2025\/10\/1_comunicaciones-scaled.jpg\" \/>\n\t<meta property=\"og:image:width\" content=\"2560\" \/>\n\t<meta property=\"og:image:height\" content=\"1920\" \/>\n\t<meta property=\"og:image:type\" content=\"image\/jpeg\" \/>\n<meta name=\"author\" content=\"manadmin\" \/>\n<meta name=\"twitter:card\" content=\"summary_large_image\" \/>\n<meta name=\"twitter:label1\" content=\"Written by\" \/>\n\t<meta name=\"twitter:data1\" content=\"manadmin\" \/>\n\t<meta name=\"twitter:label2\" content=\"Est. reading time\" \/>\n\t<meta name=\"twitter:data2\" content=\"2 minutes\" \/>\n<script type=\"application\/ld+json\" class=\"yoast-schema-graph\">{\"@context\":\"https:\/\/schema.org\",\"@graph\":[{\"@type\":\"Article\",\"@id\":\"https:\/\/derechoyreligion-uc.urantiacos.cl\/en\/profesora-ana-maria-celis-participa-en-el-iv-seminario-comunicaciones-de-iglesia\/#article\",\"isPartOf\":{\"@id\":\"https:\/\/derechoyreligion-uc.urantiacos.cl\/en\/profesora-ana-maria-celis-participa-en-el-iv-seminario-comunicaciones-de-iglesia\/\"},\"author\":{\"name\":\"manadmin\",\"@id\":\"https:\/\/derechoyreligion-uc.urantiacos.cl\/en\/#\/schema\/person\/6cc7f593e2f49e3b770a06f63b58e3b1\"},\"headline\":\"Profesora Ana Mar\u00eda Celis participa en el IV seminario comunicaciones de Iglesia\",\"datePublished\":\"2017-05-04T03:00:00+00:00\",\"mainEntityOfPage\":{\"@id\":\"https:\/\/derechoyreligion-uc.urantiacos.cl\/en\/profesora-ana-maria-celis-participa-en-el-iv-seminario-comunicaciones-de-iglesia\/\"},\"wordCount\":381,\"image\":{\"@id\":\"https:\/\/derechoyreligion-uc.urantiacos.cl\/en\/profesora-ana-maria-celis-participa-en-el-iv-seminario-comunicaciones-de-iglesia\/#primaryimage\"},\"thumbnailUrl\":\"https:\/\/derechoyreligion-uc.urantiacos.cl\/wp-content\/uploads\/2025\/10\/1_comunicaciones-scaled.jpg\",\"articleSection\":[\"Noticias\"],\"inLanguage\":\"en-US\"},{\"@type\":\"WebPage\",\"@id\":\"https:\/\/derechoyreligion-uc.urantiacos.cl\/en\/profesora-ana-maria-celis-participa-en-el-iv-seminario-comunicaciones-de-iglesia\/\",\"url\":\"https:\/\/derechoyreligion-uc.urantiacos.cl\/en\/profesora-ana-maria-celis-participa-en-el-iv-seminario-comunicaciones-de-iglesia\/\",\"name\":\"Profesora Ana Mar\u00eda Celis participa en el IV seminario comunicaciones de Iglesia - Centro UC Derecho y Religi\u00f3n\",\"isPartOf\":{\"@id\":\"https:\/\/derechoyreligion-uc.urantiacos.cl\/en\/#website\"},\"primaryImageOfPage\":{\"@id\":\"https:\/\/derechoyreligion-uc.urantiacos.cl\/en\/profesora-ana-maria-celis-participa-en-el-iv-seminario-comunicaciones-de-iglesia\/#primaryimage\"},\"image\":{\"@id\":\"https:\/\/derechoyreligion-uc.urantiacos.cl\/en\/profesora-ana-maria-celis-participa-en-el-iv-seminario-comunicaciones-de-iglesia\/#primaryimage\"},\"thumbnailUrl\":\"https:\/\/derechoyreligion-uc.urantiacos.cl\/wp-content\/uploads\/2025\/10\/1_comunicaciones-scaled.jpg\",\"datePublished\":\"2017-05-04T03:00:00+00:00\",\"author\":{\"@id\":\"https:\/\/derechoyreligion-uc.urantiacos.cl\/en\/#\/schema\/person\/6cc7f593e2f49e3b770a06f63b58e3b1\"},\"breadcrumb\":{\"@id\":\"https:\/\/derechoyreligion-uc.urantiacos.cl\/en\/profesora-ana-maria-celis-participa-en-el-iv-seminario-comunicaciones-de-iglesia\/#breadcrumb\"},\"inLanguage\":\"en-US\",\"potentialAction\":[{\"@type\":\"ReadAction\",\"target\":[\"https:\/\/derechoyreligion-uc.urantiacos.cl\/en\/profesora-ana-maria-celis-participa-en-el-iv-seminario-comunicaciones-de-iglesia\/\"]}]},{\"@type\":\"ImageObject\",\"inLanguage\":\"en-US\",\"@id\":\"https:\/\/derechoyreligion-uc.urantiacos.cl\/en\/profesora-ana-maria-celis-participa-en-el-iv-seminario-comunicaciones-de-iglesia\/#primaryimage\",\"url\":\"https:\/\/derechoyreligion-uc.urantiacos.cl\/wp-content\/uploads\/2025\/10\/1_comunicaciones-scaled.jpg\",\"contentUrl\":\"https:\/\/derechoyreligion-uc.urantiacos.cl\/wp-content\/uploads\/2025\/10\/1_comunicaciones-scaled.jpg\",\"width\":2560,\"height\":1920},{\"@type\":\"BreadcrumbList\",\"@id\":\"https:\/\/derechoyreligion-uc.urantiacos.cl\/en\/profesora-ana-maria-celis-participa-en-el-iv-seminario-comunicaciones-de-iglesia\/#breadcrumb\",\"itemListElement\":[{\"@type\":\"ListItem\",\"position\":1,\"name\":\"Portada\",\"item\":\"https:\/\/derechoyreligion-uc.urantiacos.cl\/en\/\"},{\"@type\":\"ListItem\",\"position\":2,\"name\":\"Profesora Ana Mar\u00eda Celis participa en el IV seminario comunicaciones de Iglesia\"}]},{\"@type\":\"WebSite\",\"@id\":\"https:\/\/derechoyreligion-uc.urantiacos.cl\/en\/#website\",\"url\":\"https:\/\/derechoyreligion-uc.urantiacos.cl\/en\/\",\"name\":\"Centro UC Derecho y Religi\u00f3n\",\"description\":\"\",\"potentialAction\":[{\"@type\":\"SearchAction\",\"target\":{\"@type\":\"EntryPoint\",\"urlTemplate\":\"https:\/\/derechoyreligion-uc.urantiacos.cl\/en\/?s={search_term_string}\"},\"query-input\":{\"@type\":\"PropertyValueSpecification\",\"valueRequired\":true,\"valueName\":\"search_term_string\"}}],\"inLanguage\":\"en-US\"},{\"@type\":\"Person\",\"@id\":\"https:\/\/derechoyreligion-uc.urantiacos.cl\/en\/#\/schema\/person\/6cc7f593e2f49e3b770a06f63b58e3b1\",\"name\":\"manadmin\",\"sameAs\":[\"https:\/\/derechoyreligion-uc.urantiacos.cl\"]}]}<\/script>\n<!-- \/ Yoast SEO plugin. -->","yoast_head_json":{"title":"Profesora Ana Mar\u00eda Celis participa en el IV seminario comunicaciones de Iglesia - Centro UC Derecho y Religi\u00f3n","robots":{"index":"index","follow":"follow","max-snippet":"max-snippet:-1","max-image-preview":"max-image-preview:large","max-video-preview":"max-video-preview:-1"},"canonical":"https:\/\/derechoyreligion-uc.urantiacos.cl\/en\/profesora-ana-maria-celis-participa-en-el-iv-seminario-comunicaciones-de-iglesia\/","og_locale":"en_US","og_type":"article","og_title":"Profesora Ana Mar\u00eda Celis participa en el IV seminario comunicaciones de Iglesia - Centro UC Derecho y Religi\u00f3n","og_description":"Los d\u00edas 24 y 25 de abril de 2017, se realiz\u00f3 en el Centro de Extensi\u00f3n de la Pontificia Universidad Cat\u00f3lica de Chile \u00a0elIV seminario comunicaciones de Iglesia: \u201ccomunicar para construir una cultura del encuentro\u201d.","og_url":"https:\/\/derechoyreligion-uc.urantiacos.cl\/en\/profesora-ana-maria-celis-participa-en-el-iv-seminario-comunicaciones-de-iglesia\/","og_site_name":"Centro UC Derecho y Religi\u00f3n","article_published_time":"2017-05-04T03:00:00+00:00","og_image":[{"width":2560,"height":1920,"url":"https:\/\/derechoyreligion-uc.urantiacos.cl\/wp-content\/uploads\/2025\/10\/1_comunicaciones-scaled.jpg","type":"image\/jpeg"}],"author":"manadmin","twitter_card":"summary_large_image","twitter_misc":{"Written by":"manadmin","Est. reading time":"2 minutes"},"schema":{"@context":"https:\/\/schema.org","@graph":[{"@type":"Article","@id":"https:\/\/derechoyreligion-uc.urantiacos.cl\/en\/profesora-ana-maria-celis-participa-en-el-iv-seminario-comunicaciones-de-iglesia\/#article","isPartOf":{"@id":"https:\/\/derechoyreligion-uc.urantiacos.cl\/en\/profesora-ana-maria-celis-participa-en-el-iv-seminario-comunicaciones-de-iglesia\/"},"author":{"name":"manadmin","@id":"https:\/\/derechoyreligion-uc.urantiacos.cl\/en\/#\/schema\/person\/6cc7f593e2f49e3b770a06f63b58e3b1"},"headline":"Profesora Ana Mar\u00eda Celis participa en el IV seminario comunicaciones de Iglesia","datePublished":"2017-05-04T03:00:00+00:00","mainEntityOfPage":{"@id":"https:\/\/derechoyreligion-uc.urantiacos.cl\/en\/profesora-ana-maria-celis-participa-en-el-iv-seminario-comunicaciones-de-iglesia\/"},"wordCount":381,"image":{"@id":"https:\/\/derechoyreligion-uc.urantiacos.cl\/en\/profesora-ana-maria-celis-participa-en-el-iv-seminario-comunicaciones-de-iglesia\/#primaryimage"},"thumbnailUrl":"https:\/\/derechoyreligion-uc.urantiacos.cl\/wp-content\/uploads\/2025\/10\/1_comunicaciones-scaled.jpg","articleSection":["Noticias"],"inLanguage":"en-US"},{"@type":"WebPage","@id":"https:\/\/derechoyreligion-uc.urantiacos.cl\/en\/profesora-ana-maria-celis-participa-en-el-iv-seminario-comunicaciones-de-iglesia\/","url":"https:\/\/derechoyreligion-uc.urantiacos.cl\/en\/profesora-ana-maria-celis-participa-en-el-iv-seminario-comunicaciones-de-iglesia\/","name":"Profesora Ana Mar\u00eda Celis participa en el IV seminario comunicaciones de Iglesia - Centro UC Derecho y Religi\u00f3n","isPartOf":{"@id":"https:\/\/derechoyreligion-uc.urantiacos.cl\/en\/#website"},"primaryImageOfPage":{"@id":"https:\/\/derechoyreligion-uc.urantiacos.cl\/en\/profesora-ana-maria-celis-participa-en-el-iv-seminario-comunicaciones-de-iglesia\/#primaryimage"},"image":{"@id":"https:\/\/derechoyreligion-uc.urantiacos.cl\/en\/profesora-ana-maria-celis-participa-en-el-iv-seminario-comunicaciones-de-iglesia\/#primaryimage"},"thumbnailUrl":"https:\/\/derechoyreligion-uc.urantiacos.cl\/wp-content\/uploads\/2025\/10\/1_comunicaciones-scaled.jpg","datePublished":"2017-05-04T03:00:00+00:00","author":{"@id":"https:\/\/derechoyreligion-uc.urantiacos.cl\/en\/#\/schema\/person\/6cc7f593e2f49e3b770a06f63b58e3b1"},"breadcrumb":{"@id":"https:\/\/derechoyreligion-uc.urantiacos.cl\/en\/profesora-ana-maria-celis-participa-en-el-iv-seminario-comunicaciones-de-iglesia\/#breadcrumb"},"inLanguage":"en-US","potentialAction":[{"@type":"ReadAction","target":["https:\/\/derechoyreligion-uc.urantiacos.cl\/en\/profesora-ana-maria-celis-participa-en-el-iv-seminario-comunicaciones-de-iglesia\/"]}]},{"@type":"ImageObject","inLanguage":"en-US","@id":"https:\/\/derechoyreligion-uc.urantiacos.cl\/en\/profesora-ana-maria-celis-participa-en-el-iv-seminario-comunicaciones-de-iglesia\/#primaryimage","url":"https:\/\/derechoyreligion-uc.urantiacos.cl\/wp-content\/uploads\/2025\/10\/1_comunicaciones-scaled.jpg","contentUrl":"https:\/\/derechoyreligion-uc.urantiacos.cl\/wp-content\/uploads\/2025\/10\/1_comunicaciones-scaled.jpg","width":2560,"height":1920},{"@type":"BreadcrumbList","@id":"https:\/\/derechoyreligion-uc.urantiacos.cl\/en\/profesora-ana-maria-celis-participa-en-el-iv-seminario-comunicaciones-de-iglesia\/#breadcrumb","itemListElement":[{"@type":"ListItem","position":1,"name":"Portada","item":"https:\/\/derechoyreligion-uc.urantiacos.cl\/en\/"},{"@type":"ListItem","position":2,"name":"Profesora Ana Mar\u00eda Celis participa en el IV seminario comunicaciones de Iglesia"}]},{"@type":"WebSite","@id":"https:\/\/derechoyreligion-uc.urantiacos.cl\/en\/#website","url":"https:\/\/derechoyreligion-uc.urantiacos.cl\/en\/","name":"Centro UC Derecho y Religi\u00f3n","description":"","potentialAction":[{"@type":"SearchAction","target":{"@type":"EntryPoint","urlTemplate":"https:\/\/derechoyreligion-uc.urantiacos.cl\/en\/?s={search_term_string}"},"query-input":{"@type":"PropertyValueSpecification","valueRequired":true,"valueName":"search_term_string"}}],"inLanguage":"en-US"},{"@type":"Person","@id":"https:\/\/derechoyreligion-uc.urantiacos.cl\/en\/#\/schema\/person\/6cc7f593e2f49e3b770a06f63b58e3b1","name":"manadmin","sameAs":["https:\/\/derechoyreligion-uc.urantiacos.cl"]}]}},"_links":{"self":[{"href":"https:\/\/derechoyreligion-uc.urantiacos.cl\/en\/wp-json\/wp\/v2\/posts\/1420","targetHints":{"allow":["GET"]}}],"collection":[{"href":"https:\/\/derechoyreligion-uc.urantiacos.cl\/en\/wp-json\/wp\/v2\/posts"}],"about":[{"href":"https:\/\/derechoyreligion-uc.urantiacos.cl\/en\/wp-json\/wp\/v2\/types\/post"}],"author":[{"embeddable":true,"href":"https:\/\/derechoyreligion-uc.urantiacos.cl\/en\/wp-json\/wp\/v2\/users\/1"}],"replies":[{"embeddable":true,"href":"https:\/\/derechoyreligion-uc.urantiacos.cl\/en\/wp-json\/wp\/v2\/comments?post=1420"}],"version-history":[{"count":0,"href":"https:\/\/derechoyreligion-uc.urantiacos.cl\/en\/wp-json\/wp\/v2\/posts\/1420\/revisions"}],"wp:featuredmedia":[{"embeddable":true,"href":"https:\/\/derechoyreligion-uc.urantiacos.cl\/en\/wp-json\/wp\/v2\/media\/1559"}],"wp:attachment":[{"href":"https:\/\/derechoyreligion-uc.urantiacos.cl\/en\/wp-json\/wp\/v2\/media?parent=1420"}],"wp:term":[{"taxonomy":"category","embeddable":true,"href":"https:\/\/derechoyreligion-uc.urantiacos.cl\/en\/wp-json\/wp\/v2\/categories?post=1420"},{"taxonomy":"post_tag","embeddable":true,"href":"https:\/\/derechoyreligion-uc.urantiacos.cl\/en\/wp-json\/wp\/v2\/tags?post=1420"}],"curies":[{"name":"wp","href":"https:\/\/api.w.org\/{rel}","templated":true}]}}