
{"id":1419,"date":"2017-05-17T00:00:00","date_gmt":"2017-05-17T04:00:00","guid":{"rendered":"https:\/\/derechoyreligion-uc.urantiacos.cl\/profesora-ana-maria-celis-participa-en-foro-de-libertad-religiosa-y-laicidad-en-queretaro-mexico\/"},"modified":"2017-05-17T00:00:00","modified_gmt":"2017-05-17T04:00:00","slug":"profesora-ana-maria-celis-participa-en-foro-de-libertad-religiosa-y-laicidad-en-queretaro-mexico","status":"publish","type":"post","link":"https:\/\/derechoyreligion-uc.urantiacos.cl\/en\/profesora-ana-maria-celis-participa-en-foro-de-libertad-religiosa-y-laicidad-en-queretaro-mexico\/","title":{"rendered":"Profesora Ana Mar\u00eda Celis participa en \u201cForo de Libertad Religiosa y Laicidad\u201d , en Quer\u00e9taro, M\u00e9xico."},"content":{"rendered":"<article>\n<span><br \/>\n<\/span><\/p>\n<p><span>Quer\u00e9taro \u2013 El d\u00eda 13 de mayo de 2017, se realiz\u00f3 el <em>\u201cForo de Libertad Religiosa y Laicidad\u201d<\/em> en en el Centro de Congresos Quer\u00e9taro, M\u00e9xico.<\/span><\/p>\n<p><span><img decoding=\"async\" alt=\"AMC quer\u00e9taro\" src=\"https:\/\/derechoyreligion-uc.urantiacos.cl\/wp-content\/uploads\/imagenes\/AMC_quer\u00e9taro.JPG\"\/><\/span><\/p>\n<p><em><span>Fuente:\u00a0<a href=\"http:\/\/www.saladeprensamormona.org.mx\/articulo\/se-presenta-consejo-interreligioso-de-queretaro\">http:\/\/www.saladeprensamormona.org.mx\/articulo\/se-presenta-consejo-interreligioso-de-queretaro<\/a><\/span><\/em><\/p>\n<p><span>En dicho encuentro en el que particip\u00f3 la Directora del Centro UC Derecho y Religi\u00f3n, Profesora Ana Mar\u00eda Celis,\u00a0 se present\u00f3 oficialmente el Consejo Interreligioso del Estado.<\/span><\/p>\n<p><span><span>A la instancia \u00a0asistieron el Mtro. Luis Bernardo Nava, jefe de la oficina gubernamental del Estado de Quer\u00e9taro; Juan Luis I\u00f1iguez, diputado de la LVIII Legislatura del Estado; Lic. Alan S\u00e1nchez Gallardo, Coordinador de Asuntos Religiosos del Estado; Mons. Faustino Armendariz, obispo de la Di\u00f3cesis de Quer\u00e9taro; Dr. Francisco Porras, director acad\u00e9mico del Centro de Investigaci\u00f3n Social \u00a0Avanzada; Sergio Cuevas Urrea, presidente de la fundaci\u00f3n Conciencia Nacional por la Libertad Religi\u00f3sa y el \u00e9lder Paul B. Pieper, Presidente \u00a0de \u00c1rea M\u00e9xico de La Iglesia de Jesucristo de los Santos de los \u00daltimos D\u00edas.<span><br \/><\/span><\/span><\/span><\/p>\n<p><span>La Profesora Ana Mar\u00eda Celis, realiz\u00f3 su intervenci\u00f3n con la ponencia \u201c\u00bfDe qui\u00e9n es la Religi\u00f3n?\u201d, en el que pudo desarrollar en profundidad los aspectos estudiados sobre la realidad de la libertad religiosa en la regi\u00f3n latinoamericana.<\/span><\/p>\n<p>\u00a0<\/p>\n<p><em><span>Fuente: <a href=\"http:\/\/www.saladeprensamormona.org.mx\/articulo\/se-presenta-consejo-interreligioso-de-queretaro\">http:\/\/www.saladeprensamormona.org.mx\/articulo\/se-presenta-consejo-interreligioso-de-queretaro<\/a>\u00a0<\/span><\/em><\/p>\n<\/article>\n","protected":false},"excerpt":{"rendered":"<p>Quer\u00e9taro \u2013 El d\u00eda 13 de mayo de 2017, se realiz\u00f3 el\u201cForo de Libertad Religiosa y Laicidad\u201den en el Centro de Congresos Quer\u00e9taro, M\u00e9xico.<\/p>\n","protected":false},"author":1,"featured_media":0,"comment_status":"","ping_status":"","sticky":false,"template":"","format":"standard","meta":{"_acf_changed":false,"footnotes":""},"categories":[1],"tags":[],"class_list":["post-1419","post","type-post","status-publish","format-standard","hentry","category-noticias"],"acf":[],"yoast_head":"<!-- This site is optimized with the Yoast SEO plugin v27.1.1 - https:\/\/yoast.com\/product\/yoast-seo-wordpress\/ -->\n<title>Profesora Ana Mar\u00eda Celis participa en \u201cForo de Libertad Religiosa y Laicidad\u201d , en Quer\u00e9taro, M\u00e9xico. - Centro UC Derecho y Religi\u00f3n<\/title>\n<meta name=\"robots\" content=\"index, follow, max-snippet:-1, max-image-preview:large, max-video-preview:-1\" \/>\n<link rel=\"canonical\" href=\"https:\/\/derechoyreligion-uc.urantiacos.cl\/en\/profesora-ana-maria-celis-participa-en-foro-de-libertad-religiosa-y-laicidad-en-queretaro-mexico\/\" \/>\n<meta property=\"og:locale\" content=\"en_US\" \/>\n<meta property=\"og:type\" content=\"article\" \/>\n<meta property=\"og:title\" content=\"Profesora Ana Mar\u00eda Celis participa en \u201cForo de Libertad Religiosa y Laicidad\u201d , en Quer\u00e9taro, M\u00e9xico. - Centro UC Derecho y Religi\u00f3n\" \/>\n<meta property=\"og:description\" content=\"Quer\u00e9taro \u2013 El d\u00eda 13 de mayo de 2017, se realiz\u00f3 el\u201cForo de Libertad Religiosa y Laicidad\u201den en el Centro de Congresos Quer\u00e9taro, M\u00e9xico.\" \/>\n<meta property=\"og:url\" content=\"https:\/\/derechoyreligion-uc.urantiacos.cl\/en\/profesora-ana-maria-celis-participa-en-foro-de-libertad-religiosa-y-laicidad-en-queretaro-mexico\/\" \/>\n<meta property=\"og:site_name\" content=\"Centro UC Derecho y Religi\u00f3n\" \/>\n<meta property=\"article:published_time\" content=\"2017-05-17T04:00:00+00:00\" \/>\n<meta name=\"author\" content=\"manadmin\" \/>\n<meta name=\"twitter:card\" content=\"summary_large_image\" \/>\n<meta name=\"twitter:label1\" content=\"Written by\" \/>\n\t<meta name=\"twitter:data1\" content=\"manadmin\" \/>\n\t<meta name=\"twitter:label2\" content=\"Est. reading time\" \/>\n\t<meta name=\"twitter:data2\" content=\"1 minute\" \/>\n<script type=\"application\/ld+json\" class=\"yoast-schema-graph\">{\"@context\":\"https:\/\/schema.org\",\"@graph\":[{\"@type\":\"Article\",\"@id\":\"https:\/\/derechoyreligion-uc.urantiacos.cl\/en\/profesora-ana-maria-celis-participa-en-foro-de-libertad-religiosa-y-laicidad-en-queretaro-mexico\/#article\",\"isPartOf\":{\"@id\":\"https:\/\/derechoyreligion-uc.urantiacos.cl\/en\/profesora-ana-maria-celis-participa-en-foro-de-libertad-religiosa-y-laicidad-en-queretaro-mexico\/\"},\"author\":{\"name\":\"manadmin\",\"@id\":\"https:\/\/derechoyreligion-uc.urantiacos.cl\/en\/#\/schema\/person\/6cc7f593e2f49e3b770a06f63b58e3b1\"},\"headline\":\"Profesora Ana Mar\u00eda Celis participa en \u201cForo de Libertad Religiosa y Laicidad\u201d , en Quer\u00e9taro, M\u00e9xico.\",\"datePublished\":\"2017-05-17T04:00:00+00:00\",\"mainEntityOfPage\":{\"@id\":\"https:\/\/derechoyreligion-uc.urantiacos.cl\/en\/profesora-ana-maria-celis-participa-en-foro-de-libertad-religiosa-y-laicidad-en-queretaro-mexico\/\"},\"wordCount\":236,\"articleSection\":[\"Noticias\"],\"inLanguage\":\"en-US\"},{\"@type\":\"WebPage\",\"@id\":\"https:\/\/derechoyreligion-uc.urantiacos.cl\/en\/profesora-ana-maria-celis-participa-en-foro-de-libertad-religiosa-y-laicidad-en-queretaro-mexico\/\",\"url\":\"https:\/\/derechoyreligion-uc.urantiacos.cl\/en\/profesora-ana-maria-celis-participa-en-foro-de-libertad-religiosa-y-laicidad-en-queretaro-mexico\/\",\"name\":\"Profesora Ana Mar\u00eda Celis participa en \u201cForo de Libertad Religiosa y Laicidad\u201d , en Quer\u00e9taro, M\u00e9xico. - Centro UC Derecho y Religi\u00f3n\",\"isPartOf\":{\"@id\":\"https:\/\/derechoyreligion-uc.urantiacos.cl\/en\/#website\"},\"datePublished\":\"2017-05-17T04:00:00+00:00\",\"author\":{\"@id\":\"https:\/\/derechoyreligion-uc.urantiacos.cl\/en\/#\/schema\/person\/6cc7f593e2f49e3b770a06f63b58e3b1\"},\"breadcrumb\":{\"@id\":\"https:\/\/derechoyreligion-uc.urantiacos.cl\/en\/profesora-ana-maria-celis-participa-en-foro-de-libertad-religiosa-y-laicidad-en-queretaro-mexico\/#breadcrumb\"},\"inLanguage\":\"en-US\",\"potentialAction\":[{\"@type\":\"ReadAction\",\"target\":[\"https:\/\/derechoyreligion-uc.urantiacos.cl\/en\/profesora-ana-maria-celis-participa-en-foro-de-libertad-religiosa-y-laicidad-en-queretaro-mexico\/\"]}]},{\"@type\":\"BreadcrumbList\",\"@id\":\"https:\/\/derechoyreligion-uc.urantiacos.cl\/en\/profesora-ana-maria-celis-participa-en-foro-de-libertad-religiosa-y-laicidad-en-queretaro-mexico\/#breadcrumb\",\"itemListElement\":[{\"@type\":\"ListItem\",\"position\":1,\"name\":\"Portada\",\"item\":\"https:\/\/derechoyreligion-uc.urantiacos.cl\/en\/\"},{\"@type\":\"ListItem\",\"position\":2,\"name\":\"Profesora Ana Mar\u00eda Celis participa en \u201cForo de Libertad Religiosa y Laicidad\u201d , en Quer\u00e9taro, M\u00e9xico.\"}]},{\"@type\":\"WebSite\",\"@id\":\"https:\/\/derechoyreligion-uc.urantiacos.cl\/en\/#website\",\"url\":\"https:\/\/derechoyreligion-uc.urantiacos.cl\/en\/\",\"name\":\"Centro UC Derecho y Religi\u00f3n\",\"description\":\"\",\"potentialAction\":[{\"@type\":\"SearchAction\",\"target\":{\"@type\":\"EntryPoint\",\"urlTemplate\":\"https:\/\/derechoyreligion-uc.urantiacos.cl\/en\/?s={search_term_string}\"},\"query-input\":{\"@type\":\"PropertyValueSpecification\",\"valueRequired\":true,\"valueName\":\"search_term_string\"}}],\"inLanguage\":\"en-US\"},{\"@type\":\"Person\",\"@id\":\"https:\/\/derechoyreligion-uc.urantiacos.cl\/en\/#\/schema\/person\/6cc7f593e2f49e3b770a06f63b58e3b1\",\"name\":\"manadmin\",\"sameAs\":[\"https:\/\/derechoyreligion-uc.urantiacos.cl\"]}]}<\/script>\n<!-- \/ Yoast SEO plugin. -->","yoast_head_json":{"title":"Profesora Ana Mar\u00eda Celis participa en \u201cForo de Libertad Religiosa y Laicidad\u201d , en Quer\u00e9taro, M\u00e9xico. - Centro UC Derecho y Religi\u00f3n","robots":{"index":"index","follow":"follow","max-snippet":"max-snippet:-1","max-image-preview":"max-image-preview:large","max-video-preview":"max-video-preview:-1"},"canonical":"https:\/\/derechoyreligion-uc.urantiacos.cl\/en\/profesora-ana-maria-celis-participa-en-foro-de-libertad-religiosa-y-laicidad-en-queretaro-mexico\/","og_locale":"en_US","og_type":"article","og_title":"Profesora Ana Mar\u00eda Celis participa en \u201cForo de Libertad Religiosa y Laicidad\u201d , en Quer\u00e9taro, M\u00e9xico. - Centro UC Derecho y Religi\u00f3n","og_description":"Quer\u00e9taro \u2013 El d\u00eda 13 de mayo de 2017, se realiz\u00f3 el\u201cForo de Libertad Religiosa y Laicidad\u201den en el Centro de Congresos Quer\u00e9taro, M\u00e9xico.","og_url":"https:\/\/derechoyreligion-uc.urantiacos.cl\/en\/profesora-ana-maria-celis-participa-en-foro-de-libertad-religiosa-y-laicidad-en-queretaro-mexico\/","og_site_name":"Centro UC Derecho y Religi\u00f3n","article_published_time":"2017-05-17T04:00:00+00:00","author":"manadmin","twitter_card":"summary_large_image","twitter_misc":{"Written by":"manadmin","Est. reading time":"1 minute"},"schema":{"@context":"https:\/\/schema.org","@graph":[{"@type":"Article","@id":"https:\/\/derechoyreligion-uc.urantiacos.cl\/en\/profesora-ana-maria-celis-participa-en-foro-de-libertad-religiosa-y-laicidad-en-queretaro-mexico\/#article","isPartOf":{"@id":"https:\/\/derechoyreligion-uc.urantiacos.cl\/en\/profesora-ana-maria-celis-participa-en-foro-de-libertad-religiosa-y-laicidad-en-queretaro-mexico\/"},"author":{"name":"manadmin","@id":"https:\/\/derechoyreligion-uc.urantiacos.cl\/en\/#\/schema\/person\/6cc7f593e2f49e3b770a06f63b58e3b1"},"headline":"Profesora Ana Mar\u00eda Celis participa en \u201cForo de Libertad Religiosa y Laicidad\u201d , en Quer\u00e9taro, M\u00e9xico.","datePublished":"2017-05-17T04:00:00+00:00","mainEntityOfPage":{"@id":"https:\/\/derechoyreligion-uc.urantiacos.cl\/en\/profesora-ana-maria-celis-participa-en-foro-de-libertad-religiosa-y-laicidad-en-queretaro-mexico\/"},"wordCount":236,"articleSection":["Noticias"],"inLanguage":"en-US"},{"@type":"WebPage","@id":"https:\/\/derechoyreligion-uc.urantiacos.cl\/en\/profesora-ana-maria-celis-participa-en-foro-de-libertad-religiosa-y-laicidad-en-queretaro-mexico\/","url":"https:\/\/derechoyreligion-uc.urantiacos.cl\/en\/profesora-ana-maria-celis-participa-en-foro-de-libertad-religiosa-y-laicidad-en-queretaro-mexico\/","name":"Profesora Ana Mar\u00eda Celis participa en \u201cForo de Libertad Religiosa y Laicidad\u201d , en Quer\u00e9taro, M\u00e9xico. - Centro UC Derecho y Religi\u00f3n","isPartOf":{"@id":"https:\/\/derechoyreligion-uc.urantiacos.cl\/en\/#website"},"datePublished":"2017-05-17T04:00:00+00:00","author":{"@id":"https:\/\/derechoyreligion-uc.urantiacos.cl\/en\/#\/schema\/person\/6cc7f593e2f49e3b770a06f63b58e3b1"},"breadcrumb":{"@id":"https:\/\/derechoyreligion-uc.urantiacos.cl\/en\/profesora-ana-maria-celis-participa-en-foro-de-libertad-religiosa-y-laicidad-en-queretaro-mexico\/#breadcrumb"},"inLanguage":"en-US","potentialAction":[{"@type":"ReadAction","target":["https:\/\/derechoyreligion-uc.urantiacos.cl\/en\/profesora-ana-maria-celis-participa-en-foro-de-libertad-religiosa-y-laicidad-en-queretaro-mexico\/"]}]},{"@type":"BreadcrumbList","@id":"https:\/\/derechoyreligion-uc.urantiacos.cl\/en\/profesora-ana-maria-celis-participa-en-foro-de-libertad-religiosa-y-laicidad-en-queretaro-mexico\/#breadcrumb","itemListElement":[{"@type":"ListItem","position":1,"name":"Portada","item":"https:\/\/derechoyreligion-uc.urantiacos.cl\/en\/"},{"@type":"ListItem","position":2,"name":"Profesora Ana Mar\u00eda Celis participa en \u201cForo de Libertad Religiosa y Laicidad\u201d , en Quer\u00e9taro, M\u00e9xico."}]},{"@type":"WebSite","@id":"https:\/\/derechoyreligion-uc.urantiacos.cl\/en\/#website","url":"https:\/\/derechoyreligion-uc.urantiacos.cl\/en\/","name":"Centro UC Derecho y Religi\u00f3n","description":"","potentialAction":[{"@type":"SearchAction","target":{"@type":"EntryPoint","urlTemplate":"https:\/\/derechoyreligion-uc.urantiacos.cl\/en\/?s={search_term_string}"},"query-input":{"@type":"PropertyValueSpecification","valueRequired":true,"valueName":"search_term_string"}}],"inLanguage":"en-US"},{"@type":"Person","@id":"https:\/\/derechoyreligion-uc.urantiacos.cl\/en\/#\/schema\/person\/6cc7f593e2f49e3b770a06f63b58e3b1","name":"manadmin","sameAs":["https:\/\/derechoyreligion-uc.urantiacos.cl"]}]}},"_links":{"self":[{"href":"https:\/\/derechoyreligion-uc.urantiacos.cl\/en\/wp-json\/wp\/v2\/posts\/1419","targetHints":{"allow":["GET"]}}],"collection":[{"href":"https:\/\/derechoyreligion-uc.urantiacos.cl\/en\/wp-json\/wp\/v2\/posts"}],"about":[{"href":"https:\/\/derechoyreligion-uc.urantiacos.cl\/en\/wp-json\/wp\/v2\/types\/post"}],"author":[{"embeddable":true,"href":"https:\/\/derechoyreligion-uc.urantiacos.cl\/en\/wp-json\/wp\/v2\/users\/1"}],"replies":[{"embeddable":true,"href":"https:\/\/derechoyreligion-uc.urantiacos.cl\/en\/wp-json\/wp\/v2\/comments?post=1419"}],"version-history":[{"count":0,"href":"https:\/\/derechoyreligion-uc.urantiacos.cl\/en\/wp-json\/wp\/v2\/posts\/1419\/revisions"}],"wp:attachment":[{"href":"https:\/\/derechoyreligion-uc.urantiacos.cl\/en\/wp-json\/wp\/v2\/media?parent=1419"}],"wp:term":[{"taxonomy":"category","embeddable":true,"href":"https:\/\/derechoyreligion-uc.urantiacos.cl\/en\/wp-json\/wp\/v2\/categories?post=1419"},{"taxonomy":"post_tag","embeddable":true,"href":"https:\/\/derechoyreligion-uc.urantiacos.cl\/en\/wp-json\/wp\/v2\/tags?post=1419"}],"curies":[{"name":"wp","href":"https:\/\/api.w.org\/{rel}","templated":true}]}}