
{"id":1418,"date":"2017-05-22T00:00:00","date_gmt":"2017-05-22T04:00:00","guid":{"rendered":"https:\/\/derechoyreligion-uc.urantiacos.cl\/seminario-de-apertura-interescolar-de-debate-2017-la-libertad-religiosa-como-derecho-fundamental\/"},"modified":"2017-05-22T00:00:00","modified_gmt":"2017-05-22T04:00:00","slug":"seminario-de-apertura-interescolar-de-debate-2017-la-libertad-religiosa-como-derecho-fundamental","status":"publish","type":"post","link":"https:\/\/derechoyreligion-uc.urantiacos.cl\/en\/seminario-de-apertura-interescolar-de-debate-2017-la-libertad-religiosa-como-derecho-fundamental\/","title":{"rendered":"Seminario de Apertura &#8211; Interescolar de Debate 2017: la libertad religiosa como derecho fundamental"},"content":{"rendered":"<article>\n<span><br \/>\n<\/span><\/p>\n<p>El d\u00eda jueves 18 de mayo, se llev\u00f3 a cabo en la Facultad de Derecho de la Pontificia Universidad Cat\u00f3lica de Chile, el Seminario de Apertura para el Interescolar de Debates que tendr\u00e1 lugar el d\u00eda s\u00e1bado 17 de junio en la misma casa de estudios.<\/p>\n<p><img decoding=\"async\" alt=\"1 interescolar\" src=\"https:\/\/derechoyreligion-uc.urantiacos.cl\/wp-content\/uploads\/imagenes\/1_interescolar.jpg\"\/><\/p>\n<p>El Seminario de apertura, tuvo por objeto reunir a los grupos de distintos colegios que participar\u00e1n en el debate, para tener una introducci\u00f3n sobre la relevancia de este ejercicio en materia de libertad religiosa, y realizar el sorteo entre los participantes a debatir.<\/p>\n<p>En el seminario de lanzamiento expusieron Hern\u00e1n Hochschild, director de la Fundaci\u00f3n Voces Cat\u00f3licas, el periodista Mat\u00edas Del R\u00edo, Magdalena Lira, directora de comunicaciones de ACN, Mar\u00eda Bego\u00f1a Jugo, abogada investigadora del Centro UC Derecho y Religi\u00f3n y Eduardo Sep\u00falveda, director de El L\u00edbero.<\/p>\n<p>Los expositores destacaron la importancia de tener instancias de debate como esta, para ser capaces de exponer e intercambiar ideas.<\/p>\n<p><img decoding=\"async\" alt=\"5 interescolar\" src=\"https:\/\/derechoyreligion-uc.urantiacos.cl\/wp-content\/uploads\/imagenes\/5_interescolar.jpg\"\/><\/p>\n<p>En la instancia se profundiz\u00f3 sobre el significado y relevancia de la libertad religiosa como derecho fundamental, mientras que tambi\u00e9n fue posible conocer la situaci\u00f3n de la libertad religiosa en el mundo.<\/p>\n<p>El Interescolar de Debates es organizado por ACN, Voces Cat\u00f3licas y El L\u00edbero con la colaboraci\u00f3n del Centro UC Derecho y Religi\u00f3n.<\/p>\n<p><em><span>v\u00e9ase tambi\u00e9n\u00a0<a href=\"http:\/\/ellibero.cl\/actualidad\/uc-acn-y-fundacion-voces-catolicas-lanzan-torneo-de-debate-escolar-sobre-libertad-religiosa\/\">http:\/\/ellibero.cl\/actualidad\/uc-acn-y-fundacion-voces-catolicas-lanzan-torneo-de-debate-escolar-sobre-libertad-religiosa\/<\/a><\/span><\/em><\/p>\n<p>\u00a0<\/p>\n<\/article>\n","protected":false},"excerpt":{"rendered":"<p>El d\u00eda jueves 18 de mayo, se llev\u00f3 a cabo en la Facultad de Derecho de la Pontificia Universidad Cat\u00f3lica de Chile, el Seminario de Apertura para el Interescolar de Debates que tendr\u00e1 lugar el d\u00eda s\u00e1bado 17 de junio en la misma casa de estudios.<\/p>\n","protected":false},"author":1,"featured_media":1558,"comment_status":"","ping_status":"","sticky":false,"template":"","format":"standard","meta":{"_acf_changed":false,"footnotes":""},"categories":[1],"tags":[],"class_list":["post-1418","post","type-post","status-publish","format-standard","has-post-thumbnail","hentry","category-noticias"],"acf":[],"yoast_head":"<!-- This site is optimized with the Yoast SEO plugin v27.1.1 - https:\/\/yoast.com\/product\/yoast-seo-wordpress\/ -->\n<title>Seminario de Apertura - Interescolar de Debate 2017: la libertad religiosa como derecho fundamental - Centro UC Derecho y Religi\u00f3n<\/title>\n<meta name=\"robots\" content=\"index, follow, max-snippet:-1, max-image-preview:large, max-video-preview:-1\" \/>\n<link rel=\"canonical\" href=\"https:\/\/derechoyreligion-uc.urantiacos.cl\/en\/seminario-de-apertura-interescolar-de-debate-2017-la-libertad-religiosa-como-derecho-fundamental\/\" \/>\n<meta property=\"og:locale\" content=\"en_US\" \/>\n<meta property=\"og:type\" content=\"article\" \/>\n<meta property=\"og:title\" content=\"Seminario de Apertura - Interescolar de Debate 2017: la libertad religiosa como derecho fundamental - Centro UC Derecho y Religi\u00f3n\" \/>\n<meta property=\"og:description\" content=\"El d\u00eda jueves 18 de mayo, se llev\u00f3 a cabo en la Facultad de Derecho de la Pontificia Universidad Cat\u00f3lica de Chile, el Seminario de Apertura para el Interescolar de Debates que tendr\u00e1 lugar el d\u00eda s\u00e1bado 17 de junio en la misma casa de estudios.\" \/>\n<meta property=\"og:url\" content=\"https:\/\/derechoyreligion-uc.urantiacos.cl\/en\/seminario-de-apertura-interescolar-de-debate-2017-la-libertad-religiosa-como-derecho-fundamental\/\" \/>\n<meta property=\"og:site_name\" content=\"Centro UC Derecho y Religi\u00f3n\" \/>\n<meta property=\"article:published_time\" content=\"2017-05-22T04:00:00+00:00\" \/>\n<meta property=\"og:image\" content=\"https:\/\/derechoyreligion-uc.urantiacos.cl\/wp-content\/uploads\/2025\/10\/1_interescolar.jpg\" \/>\n\t<meta property=\"og:image:width\" content=\"1280\" \/>\n\t<meta property=\"og:image:height\" content=\"960\" \/>\n\t<meta property=\"og:image:type\" content=\"image\/jpeg\" \/>\n<meta name=\"author\" content=\"manadmin\" \/>\n<meta name=\"twitter:card\" content=\"summary_large_image\" \/>\n<meta name=\"twitter:label1\" content=\"Written by\" \/>\n\t<meta name=\"twitter:data1\" content=\"manadmin\" \/>\n\t<meta name=\"twitter:label2\" content=\"Est. reading time\" \/>\n\t<meta name=\"twitter:data2\" content=\"1 minute\" \/>\n<script type=\"application\/ld+json\" class=\"yoast-schema-graph\">{\"@context\":\"https:\/\/schema.org\",\"@graph\":[{\"@type\":\"Article\",\"@id\":\"https:\/\/derechoyreligion-uc.urantiacos.cl\/en\/seminario-de-apertura-interescolar-de-debate-2017-la-libertad-religiosa-como-derecho-fundamental\/#article\",\"isPartOf\":{\"@id\":\"https:\/\/derechoyreligion-uc.urantiacos.cl\/en\/seminario-de-apertura-interescolar-de-debate-2017-la-libertad-religiosa-como-derecho-fundamental\/\"},\"author\":{\"name\":\"manadmin\",\"@id\":\"https:\/\/derechoyreligion-uc.urantiacos.cl\/en\/#\/schema\/person\/6cc7f593e2f49e3b770a06f63b58e3b1\"},\"headline\":\"Seminario de Apertura &#8211; Interescolar de Debate 2017: la libertad religiosa como derecho fundamental\",\"datePublished\":\"2017-05-22T04:00:00+00:00\",\"mainEntityOfPage\":{\"@id\":\"https:\/\/derechoyreligion-uc.urantiacos.cl\/en\/seminario-de-apertura-interescolar-de-debate-2017-la-libertad-religiosa-como-derecho-fundamental\/\"},\"wordCount\":249,\"image\":{\"@id\":\"https:\/\/derechoyreligion-uc.urantiacos.cl\/en\/seminario-de-apertura-interescolar-de-debate-2017-la-libertad-religiosa-como-derecho-fundamental\/#primaryimage\"},\"thumbnailUrl\":\"https:\/\/derechoyreligion-uc.urantiacos.cl\/wp-content\/uploads\/2025\/10\/1_interescolar.jpg\",\"articleSection\":[\"Noticias\"],\"inLanguage\":\"en-US\"},{\"@type\":\"WebPage\",\"@id\":\"https:\/\/derechoyreligion-uc.urantiacos.cl\/en\/seminario-de-apertura-interescolar-de-debate-2017-la-libertad-religiosa-como-derecho-fundamental\/\",\"url\":\"https:\/\/derechoyreligion-uc.urantiacos.cl\/en\/seminario-de-apertura-interescolar-de-debate-2017-la-libertad-religiosa-como-derecho-fundamental\/\",\"name\":\"Seminario de Apertura - Interescolar de Debate 2017: la libertad religiosa como derecho fundamental - Centro UC Derecho y Religi\u00f3n\",\"isPartOf\":{\"@id\":\"https:\/\/derechoyreligion-uc.urantiacos.cl\/en\/#website\"},\"primaryImageOfPage\":{\"@id\":\"https:\/\/derechoyreligion-uc.urantiacos.cl\/en\/seminario-de-apertura-interescolar-de-debate-2017-la-libertad-religiosa-como-derecho-fundamental\/#primaryimage\"},\"image\":{\"@id\":\"https:\/\/derechoyreligion-uc.urantiacos.cl\/en\/seminario-de-apertura-interescolar-de-debate-2017-la-libertad-religiosa-como-derecho-fundamental\/#primaryimage\"},\"thumbnailUrl\":\"https:\/\/derechoyreligion-uc.urantiacos.cl\/wp-content\/uploads\/2025\/10\/1_interescolar.jpg\",\"datePublished\":\"2017-05-22T04:00:00+00:00\",\"author\":{\"@id\":\"https:\/\/derechoyreligion-uc.urantiacos.cl\/en\/#\/schema\/person\/6cc7f593e2f49e3b770a06f63b58e3b1\"},\"breadcrumb\":{\"@id\":\"https:\/\/derechoyreligion-uc.urantiacos.cl\/en\/seminario-de-apertura-interescolar-de-debate-2017-la-libertad-religiosa-como-derecho-fundamental\/#breadcrumb\"},\"inLanguage\":\"en-US\",\"potentialAction\":[{\"@type\":\"ReadAction\",\"target\":[\"https:\/\/derechoyreligion-uc.urantiacos.cl\/en\/seminario-de-apertura-interescolar-de-debate-2017-la-libertad-religiosa-como-derecho-fundamental\/\"]}]},{\"@type\":\"ImageObject\",\"inLanguage\":\"en-US\",\"@id\":\"https:\/\/derechoyreligion-uc.urantiacos.cl\/en\/seminario-de-apertura-interescolar-de-debate-2017-la-libertad-religiosa-como-derecho-fundamental\/#primaryimage\",\"url\":\"https:\/\/derechoyreligion-uc.urantiacos.cl\/wp-content\/uploads\/2025\/10\/1_interescolar.jpg\",\"contentUrl\":\"https:\/\/derechoyreligion-uc.urantiacos.cl\/wp-content\/uploads\/2025\/10\/1_interescolar.jpg\",\"width\":1280,\"height\":960},{\"@type\":\"BreadcrumbList\",\"@id\":\"https:\/\/derechoyreligion-uc.urantiacos.cl\/en\/seminario-de-apertura-interescolar-de-debate-2017-la-libertad-religiosa-como-derecho-fundamental\/#breadcrumb\",\"itemListElement\":[{\"@type\":\"ListItem\",\"position\":1,\"name\":\"Portada\",\"item\":\"https:\/\/derechoyreligion-uc.urantiacos.cl\/en\/\"},{\"@type\":\"ListItem\",\"position\":2,\"name\":\"Seminario de Apertura &#8211; Interescolar de Debate 2017: la libertad religiosa como derecho fundamental\"}]},{\"@type\":\"WebSite\",\"@id\":\"https:\/\/derechoyreligion-uc.urantiacos.cl\/en\/#website\",\"url\":\"https:\/\/derechoyreligion-uc.urantiacos.cl\/en\/\",\"name\":\"Centro UC Derecho y Religi\u00f3n\",\"description\":\"\",\"potentialAction\":[{\"@type\":\"SearchAction\",\"target\":{\"@type\":\"EntryPoint\",\"urlTemplate\":\"https:\/\/derechoyreligion-uc.urantiacos.cl\/en\/?s={search_term_string}\"},\"query-input\":{\"@type\":\"PropertyValueSpecification\",\"valueRequired\":true,\"valueName\":\"search_term_string\"}}],\"inLanguage\":\"en-US\"},{\"@type\":\"Person\",\"@id\":\"https:\/\/derechoyreligion-uc.urantiacos.cl\/en\/#\/schema\/person\/6cc7f593e2f49e3b770a06f63b58e3b1\",\"name\":\"manadmin\",\"sameAs\":[\"https:\/\/derechoyreligion-uc.urantiacos.cl\"]}]}<\/script>\n<!-- \/ Yoast SEO plugin. -->","yoast_head_json":{"title":"Seminario de Apertura - Interescolar de Debate 2017: la libertad religiosa como derecho fundamental - Centro UC Derecho y Religi\u00f3n","robots":{"index":"index","follow":"follow","max-snippet":"max-snippet:-1","max-image-preview":"max-image-preview:large","max-video-preview":"max-video-preview:-1"},"canonical":"https:\/\/derechoyreligion-uc.urantiacos.cl\/en\/seminario-de-apertura-interescolar-de-debate-2017-la-libertad-religiosa-como-derecho-fundamental\/","og_locale":"en_US","og_type":"article","og_title":"Seminario de Apertura - Interescolar de Debate 2017: la libertad religiosa como derecho fundamental - Centro UC Derecho y Religi\u00f3n","og_description":"El d\u00eda jueves 18 de mayo, se llev\u00f3 a cabo en la Facultad de Derecho de la Pontificia Universidad Cat\u00f3lica de Chile, el Seminario de Apertura para el Interescolar de Debates que tendr\u00e1 lugar el d\u00eda s\u00e1bado 17 de junio en la misma casa de estudios.","og_url":"https:\/\/derechoyreligion-uc.urantiacos.cl\/en\/seminario-de-apertura-interescolar-de-debate-2017-la-libertad-religiosa-como-derecho-fundamental\/","og_site_name":"Centro UC Derecho y Religi\u00f3n","article_published_time":"2017-05-22T04:00:00+00:00","og_image":[{"width":1280,"height":960,"url":"https:\/\/derechoyreligion-uc.urantiacos.cl\/wp-content\/uploads\/2025\/10\/1_interescolar.jpg","type":"image\/jpeg"}],"author":"manadmin","twitter_card":"summary_large_image","twitter_misc":{"Written by":"manadmin","Est. reading time":"1 minute"},"schema":{"@context":"https:\/\/schema.org","@graph":[{"@type":"Article","@id":"https:\/\/derechoyreligion-uc.urantiacos.cl\/en\/seminario-de-apertura-interescolar-de-debate-2017-la-libertad-religiosa-como-derecho-fundamental\/#article","isPartOf":{"@id":"https:\/\/derechoyreligion-uc.urantiacos.cl\/en\/seminario-de-apertura-interescolar-de-debate-2017-la-libertad-religiosa-como-derecho-fundamental\/"},"author":{"name":"manadmin","@id":"https:\/\/derechoyreligion-uc.urantiacos.cl\/en\/#\/schema\/person\/6cc7f593e2f49e3b770a06f63b58e3b1"},"headline":"Seminario de Apertura &#8211; Interescolar de Debate 2017: la libertad religiosa como derecho fundamental","datePublished":"2017-05-22T04:00:00+00:00","mainEntityOfPage":{"@id":"https:\/\/derechoyreligion-uc.urantiacos.cl\/en\/seminario-de-apertura-interescolar-de-debate-2017-la-libertad-religiosa-como-derecho-fundamental\/"},"wordCount":249,"image":{"@id":"https:\/\/derechoyreligion-uc.urantiacos.cl\/en\/seminario-de-apertura-interescolar-de-debate-2017-la-libertad-religiosa-como-derecho-fundamental\/#primaryimage"},"thumbnailUrl":"https:\/\/derechoyreligion-uc.urantiacos.cl\/wp-content\/uploads\/2025\/10\/1_interescolar.jpg","articleSection":["Noticias"],"inLanguage":"en-US"},{"@type":"WebPage","@id":"https:\/\/derechoyreligion-uc.urantiacos.cl\/en\/seminario-de-apertura-interescolar-de-debate-2017-la-libertad-religiosa-como-derecho-fundamental\/","url":"https:\/\/derechoyreligion-uc.urantiacos.cl\/en\/seminario-de-apertura-interescolar-de-debate-2017-la-libertad-religiosa-como-derecho-fundamental\/","name":"Seminario de Apertura - Interescolar de Debate 2017: la libertad religiosa como derecho fundamental - Centro UC Derecho y Religi\u00f3n","isPartOf":{"@id":"https:\/\/derechoyreligion-uc.urantiacos.cl\/en\/#website"},"primaryImageOfPage":{"@id":"https:\/\/derechoyreligion-uc.urantiacos.cl\/en\/seminario-de-apertura-interescolar-de-debate-2017-la-libertad-religiosa-como-derecho-fundamental\/#primaryimage"},"image":{"@id":"https:\/\/derechoyreligion-uc.urantiacos.cl\/en\/seminario-de-apertura-interescolar-de-debate-2017-la-libertad-religiosa-como-derecho-fundamental\/#primaryimage"},"thumbnailUrl":"https:\/\/derechoyreligion-uc.urantiacos.cl\/wp-content\/uploads\/2025\/10\/1_interescolar.jpg","datePublished":"2017-05-22T04:00:00+00:00","author":{"@id":"https:\/\/derechoyreligion-uc.urantiacos.cl\/en\/#\/schema\/person\/6cc7f593e2f49e3b770a06f63b58e3b1"},"breadcrumb":{"@id":"https:\/\/derechoyreligion-uc.urantiacos.cl\/en\/seminario-de-apertura-interescolar-de-debate-2017-la-libertad-religiosa-como-derecho-fundamental\/#breadcrumb"},"inLanguage":"en-US","potentialAction":[{"@type":"ReadAction","target":["https:\/\/derechoyreligion-uc.urantiacos.cl\/en\/seminario-de-apertura-interescolar-de-debate-2017-la-libertad-religiosa-como-derecho-fundamental\/"]}]},{"@type":"ImageObject","inLanguage":"en-US","@id":"https:\/\/derechoyreligion-uc.urantiacos.cl\/en\/seminario-de-apertura-interescolar-de-debate-2017-la-libertad-religiosa-como-derecho-fundamental\/#primaryimage","url":"https:\/\/derechoyreligion-uc.urantiacos.cl\/wp-content\/uploads\/2025\/10\/1_interescolar.jpg","contentUrl":"https:\/\/derechoyreligion-uc.urantiacos.cl\/wp-content\/uploads\/2025\/10\/1_interescolar.jpg","width":1280,"height":960},{"@type":"BreadcrumbList","@id":"https:\/\/derechoyreligion-uc.urantiacos.cl\/en\/seminario-de-apertura-interescolar-de-debate-2017-la-libertad-religiosa-como-derecho-fundamental\/#breadcrumb","itemListElement":[{"@type":"ListItem","position":1,"name":"Portada","item":"https:\/\/derechoyreligion-uc.urantiacos.cl\/en\/"},{"@type":"ListItem","position":2,"name":"Seminario de Apertura &#8211; Interescolar de Debate 2017: la libertad religiosa como derecho fundamental"}]},{"@type":"WebSite","@id":"https:\/\/derechoyreligion-uc.urantiacos.cl\/en\/#website","url":"https:\/\/derechoyreligion-uc.urantiacos.cl\/en\/","name":"Centro UC Derecho y Religi\u00f3n","description":"","potentialAction":[{"@type":"SearchAction","target":{"@type":"EntryPoint","urlTemplate":"https:\/\/derechoyreligion-uc.urantiacos.cl\/en\/?s={search_term_string}"},"query-input":{"@type":"PropertyValueSpecification","valueRequired":true,"valueName":"search_term_string"}}],"inLanguage":"en-US"},{"@type":"Person","@id":"https:\/\/derechoyreligion-uc.urantiacos.cl\/en\/#\/schema\/person\/6cc7f593e2f49e3b770a06f63b58e3b1","name":"manadmin","sameAs":["https:\/\/derechoyreligion-uc.urantiacos.cl"]}]}},"_links":{"self":[{"href":"https:\/\/derechoyreligion-uc.urantiacos.cl\/en\/wp-json\/wp\/v2\/posts\/1418","targetHints":{"allow":["GET"]}}],"collection":[{"href":"https:\/\/derechoyreligion-uc.urantiacos.cl\/en\/wp-json\/wp\/v2\/posts"}],"about":[{"href":"https:\/\/derechoyreligion-uc.urantiacos.cl\/en\/wp-json\/wp\/v2\/types\/post"}],"author":[{"embeddable":true,"href":"https:\/\/derechoyreligion-uc.urantiacos.cl\/en\/wp-json\/wp\/v2\/users\/1"}],"replies":[{"embeddable":true,"href":"https:\/\/derechoyreligion-uc.urantiacos.cl\/en\/wp-json\/wp\/v2\/comments?post=1418"}],"version-history":[{"count":0,"href":"https:\/\/derechoyreligion-uc.urantiacos.cl\/en\/wp-json\/wp\/v2\/posts\/1418\/revisions"}],"wp:featuredmedia":[{"embeddable":true,"href":"https:\/\/derechoyreligion-uc.urantiacos.cl\/en\/wp-json\/wp\/v2\/media\/1558"}],"wp:attachment":[{"href":"https:\/\/derechoyreligion-uc.urantiacos.cl\/en\/wp-json\/wp\/v2\/media?parent=1418"}],"wp:term":[{"taxonomy":"category","embeddable":true,"href":"https:\/\/derechoyreligion-uc.urantiacos.cl\/en\/wp-json\/wp\/v2\/categories?post=1418"},{"taxonomy":"post_tag","embeddable":true,"href":"https:\/\/derechoyreligion-uc.urantiacos.cl\/en\/wp-json\/wp\/v2\/tags?post=1418"}],"curies":[{"name":"wp","href":"https:\/\/api.w.org\/{rel}","templated":true}]}}