
{"id":1417,"date":"2017-06-05T00:00:00","date_gmt":"2017-06-05T04:00:00","guid":{"rendered":"https:\/\/derechoyreligion-uc.urantiacos.cl\/viii-simposio-internacional-de-derecho-concordatorio\/"},"modified":"2017-06-05T00:00:00","modified_gmt":"2017-06-05T04:00:00","slug":"viii-simposio-internacional-de-derecho-concordatorio","status":"publish","type":"post","link":"https:\/\/derechoyreligion-uc.urantiacos.cl\/en\/viii-simposio-internacional-de-derecho-concordatorio\/","title":{"rendered":"VIII Simposio Internacional de Derecho Concordatorio"},"content":{"rendered":"<article>\n<span><br \/>\n<\/span><\/p>\n<p>A CORU\u00d1A- La Directora del Centro UC Derecho y Religi\u00f3n, Profesora Ana Mar\u00eda Celis, particip\u00f3 del VIII\u00a0Simposio Internacional de Derecho Concordatorio, realizado entre los d\u00edas 31 de mayo y 2 de junio, organizado por un conjunto de Universidades espa\u00f1olas, llevado a cabo en la Universidad de A Coru\u00f1a.<\/p>\n<p><img decoding=\"async\" alt=\"espa\u00f1a 3 todos\" src=\"https:\/\/derechoyreligion-uc.urantiacos.cl\/wp-content\/uploads\/imagenes\/espa\u00f1a_3_todos.jpg\"\/><\/p>\n<p><em><span>Fotograf\u00eda tomada en el Ayuntamiento<\/span><\/em><\/p>\n<p>\u00a0<\/p>\n<p>El tema del encuentro organizado por la Profesora Carmen Garc\u00edmartin\u00a0fue <em>&#8220;La Financianci\u00f3n de la Libertad Religiosa<\/em>&#8220;.<\/p>\n<p>La modalidad del encuentro tuvo presente una visi\u00f3n europea sobre el tema, contando con la ponencia de destacados acad\u00e9micos como Ronan McCrea (University College of London), Ma. del Mar Mart\u00edn Garc\u00eda (Universidad de Almer\u00eda), \u00a0Silvia Meseguer Velasco (Universidad Complutense de Madrid), Joaqu\u00edn Mantec\u00f3n Sancho (Universidad de Cantabria), entre otros.<\/p>\n<p>Tambi\u00e9n la instancia gener\u00f3 espacios para conocerse m\u00e1s profundamente en torno a otras actividades adem\u00e1s del programa, lo que sin duda constituy\u00f3 un aporte valioso para los asistentes, al ser posible la vinculaci\u00f3n y el intercambio acad\u00e9mico sobre los \u00e1mbitos de estudios que les son atingentes.\u00a0<\/p>\n<p>\u00a0<\/p>\n<p>\u00a0<img decoding=\"async\" alt=\"amc espa\u00f1a 1\" src=\"https:\/\/derechoyreligion-uc.urantiacos.cl\/wp-content\/uploads\/imagenes\/amc_espa\u00f1a_1.jpg\"\/><\/p>\n<p><em><span>\u00a0De izquierda a derecha: Prof. Javier Ferrer (Zaragoza, Espa\u00f1a); Prof. Gonzalo Flores (Lima, Per\u00fa); Prof. Marcos Gonz\u00e1lez (Madrid,<\/span><\/em><em><span>Espa\u00f1a); Prof. Juan Navarro Floria (Buenos Aires, Argentina); Prof. Carmen Garc\u00edmartin (A Coru\u00f1a, Espa\u00f1a); Prof. Ana Mar\u00eda Celis (Santiago, Chile); Octavio Lo Prete (Buenos Aires, Argentina).<\/span><\/em><\/p>\n<p><img decoding=\"async\" alt=\"espa\u00f1a 2 amc\" src=\"https:\/\/derechoyreligion-uc.urantiacos.cl\/wp-content\/uploads\/imagenes\/espa\u00f1a_2_amc.jpg\"\/><\/p>\n<p><em><span>De izquierda a derecha: Algunos miembros del Consorcio Latinoamericano de Libertad Religiosa:\u00a0Prof. Juan Navarro Floria (Buenos Aires, Argentina);\u00a0Octavio Lo Prete (Buenos Aires, Argentina);\u00a0Prof. Ana Mar\u00eda Celis (Santiago, Chile) y\u00a0Prof. Gonzalo Flores (Lima, Per\u00fa), junto con el Profesor Joaqu\u00edn Mantec\u00f3n (Cantabria, Espa\u00f1a).<\/span><\/em><\/p>\n<p>\u00a0<\/p>\n<p>Para m\u00e1s informaci\u00f3n sobre las actividades desarrolladas en el marco de este Seminario, puede visitar el sitio web del encuentro:\u00a0<a href=\"https:\/\/www.derechoconcordatario.org\/sobre-el-simposio\/programa\/\">https:\/\/www.derechoconcordatario.org\/sobre-el-simposio\/programa\/<\/a><\/p>\n<\/article>\n","protected":false},"excerpt":{"rendered":"<p>A CORU\u00d1A- La Directora del Centro UC Derecho y Religi\u00f3n, Profesora Ana Mar\u00eda Celis, particip\u00f3 del VIII\u00a0Simposio Internacional de Derecho Concordatorio, realizado entre los d\u00edas 31 de mayo y 2 de junio, organizado por un conjunto de Universidades espa\u00f1olas, llevado a cabo en la Universidad de A Coru\u00f1a.<\/p>\n","protected":false},"author":1,"featured_media":0,"comment_status":"","ping_status":"","sticky":false,"template":"","format":"standard","meta":{"_acf_changed":false,"footnotes":""},"categories":[1],"tags":[],"class_list":["post-1417","post","type-post","status-publish","format-standard","hentry","category-noticias"],"acf":[],"yoast_head":"<!-- This site is optimized with the Yoast SEO plugin v27.1.1 - https:\/\/yoast.com\/product\/yoast-seo-wordpress\/ -->\n<title>VIII Simposio Internacional de Derecho Concordatorio - Centro UC Derecho y Religi\u00f3n<\/title>\n<meta name=\"robots\" content=\"index, follow, max-snippet:-1, max-image-preview:large, max-video-preview:-1\" \/>\n<link rel=\"canonical\" href=\"https:\/\/derechoyreligion-uc.urantiacos.cl\/en\/viii-simposio-internacional-de-derecho-concordatorio\/\" \/>\n<meta property=\"og:locale\" content=\"en_US\" \/>\n<meta property=\"og:type\" content=\"article\" \/>\n<meta property=\"og:title\" content=\"VIII Simposio Internacional de Derecho Concordatorio - Centro UC Derecho y Religi\u00f3n\" \/>\n<meta property=\"og:description\" content=\"A CORU\u00d1A- La Directora del Centro UC Derecho y Religi\u00f3n, Profesora Ana Mar\u00eda Celis, particip\u00f3 del VIII\u00a0Simposio Internacional de Derecho Concordatorio, realizado entre los d\u00edas 31 de mayo y 2 de junio, organizado por un conjunto de Universidades espa\u00f1olas, llevado a cabo en la Universidad de A Coru\u00f1a.\" \/>\n<meta property=\"og:url\" content=\"https:\/\/derechoyreligion-uc.urantiacos.cl\/en\/viii-simposio-internacional-de-derecho-concordatorio\/\" \/>\n<meta property=\"og:site_name\" content=\"Centro UC Derecho y Religi\u00f3n\" \/>\n<meta property=\"article:published_time\" content=\"2017-06-05T04:00:00+00:00\" \/>\n<meta name=\"author\" content=\"manadmin\" \/>\n<meta name=\"twitter:card\" content=\"summary_large_image\" \/>\n<meta name=\"twitter:label1\" content=\"Written by\" \/>\n\t<meta name=\"twitter:data1\" content=\"manadmin\" \/>\n\t<meta name=\"twitter:label2\" content=\"Est. reading time\" \/>\n\t<meta name=\"twitter:data2\" content=\"2 minutes\" \/>\n<script type=\"application\/ld+json\" class=\"yoast-schema-graph\">{\"@context\":\"https:\/\/schema.org\",\"@graph\":[{\"@type\":\"Article\",\"@id\":\"https:\/\/derechoyreligion-uc.urantiacos.cl\/en\/viii-simposio-internacional-de-derecho-concordatorio\/#article\",\"isPartOf\":{\"@id\":\"https:\/\/derechoyreligion-uc.urantiacos.cl\/en\/viii-simposio-internacional-de-derecho-concordatorio\/\"},\"author\":{\"name\":\"manadmin\",\"@id\":\"https:\/\/derechoyreligion-uc.urantiacos.cl\/en\/#\/schema\/person\/6cc7f593e2f49e3b770a06f63b58e3b1\"},\"headline\":\"VIII Simposio Internacional de Derecho Concordatorio\",\"datePublished\":\"2017-06-05T04:00:00+00:00\",\"mainEntityOfPage\":{\"@id\":\"https:\/\/derechoyreligion-uc.urantiacos.cl\/en\/viii-simposio-internacional-de-derecho-concordatorio\/\"},\"wordCount\":319,\"articleSection\":[\"Noticias\"],\"inLanguage\":\"en-US\"},{\"@type\":\"WebPage\",\"@id\":\"https:\/\/derechoyreligion-uc.urantiacos.cl\/en\/viii-simposio-internacional-de-derecho-concordatorio\/\",\"url\":\"https:\/\/derechoyreligion-uc.urantiacos.cl\/en\/viii-simposio-internacional-de-derecho-concordatorio\/\",\"name\":\"VIII Simposio Internacional de Derecho Concordatorio - Centro UC Derecho y Religi\u00f3n\",\"isPartOf\":{\"@id\":\"https:\/\/derechoyreligion-uc.urantiacos.cl\/en\/#website\"},\"datePublished\":\"2017-06-05T04:00:00+00:00\",\"author\":{\"@id\":\"https:\/\/derechoyreligion-uc.urantiacos.cl\/en\/#\/schema\/person\/6cc7f593e2f49e3b770a06f63b58e3b1\"},\"breadcrumb\":{\"@id\":\"https:\/\/derechoyreligion-uc.urantiacos.cl\/en\/viii-simposio-internacional-de-derecho-concordatorio\/#breadcrumb\"},\"inLanguage\":\"en-US\",\"potentialAction\":[{\"@type\":\"ReadAction\",\"target\":[\"https:\/\/derechoyreligion-uc.urantiacos.cl\/en\/viii-simposio-internacional-de-derecho-concordatorio\/\"]}]},{\"@type\":\"BreadcrumbList\",\"@id\":\"https:\/\/derechoyreligion-uc.urantiacos.cl\/en\/viii-simposio-internacional-de-derecho-concordatorio\/#breadcrumb\",\"itemListElement\":[{\"@type\":\"ListItem\",\"position\":1,\"name\":\"Portada\",\"item\":\"https:\/\/derechoyreligion-uc.urantiacos.cl\/en\/\"},{\"@type\":\"ListItem\",\"position\":2,\"name\":\"VIII Simposio Internacional de Derecho Concordatorio\"}]},{\"@type\":\"WebSite\",\"@id\":\"https:\/\/derechoyreligion-uc.urantiacos.cl\/en\/#website\",\"url\":\"https:\/\/derechoyreligion-uc.urantiacos.cl\/en\/\",\"name\":\"Centro UC Derecho y Religi\u00f3n\",\"description\":\"\",\"potentialAction\":[{\"@type\":\"SearchAction\",\"target\":{\"@type\":\"EntryPoint\",\"urlTemplate\":\"https:\/\/derechoyreligion-uc.urantiacos.cl\/en\/?s={search_term_string}\"},\"query-input\":{\"@type\":\"PropertyValueSpecification\",\"valueRequired\":true,\"valueName\":\"search_term_string\"}}],\"inLanguage\":\"en-US\"},{\"@type\":\"Person\",\"@id\":\"https:\/\/derechoyreligion-uc.urantiacos.cl\/en\/#\/schema\/person\/6cc7f593e2f49e3b770a06f63b58e3b1\",\"name\":\"manadmin\",\"sameAs\":[\"https:\/\/derechoyreligion-uc.urantiacos.cl\"]}]}<\/script>\n<!-- \/ Yoast SEO plugin. -->","yoast_head_json":{"title":"VIII Simposio Internacional de Derecho Concordatorio - Centro UC Derecho y Religi\u00f3n","robots":{"index":"index","follow":"follow","max-snippet":"max-snippet:-1","max-image-preview":"max-image-preview:large","max-video-preview":"max-video-preview:-1"},"canonical":"https:\/\/derechoyreligion-uc.urantiacos.cl\/en\/viii-simposio-internacional-de-derecho-concordatorio\/","og_locale":"en_US","og_type":"article","og_title":"VIII Simposio Internacional de Derecho Concordatorio - Centro UC Derecho y Religi\u00f3n","og_description":"A CORU\u00d1A- La Directora del Centro UC Derecho y Religi\u00f3n, Profesora Ana Mar\u00eda Celis, particip\u00f3 del VIII\u00a0Simposio Internacional de Derecho Concordatorio, realizado entre los d\u00edas 31 de mayo y 2 de junio, organizado por un conjunto de Universidades espa\u00f1olas, llevado a cabo en la Universidad de A Coru\u00f1a.","og_url":"https:\/\/derechoyreligion-uc.urantiacos.cl\/en\/viii-simposio-internacional-de-derecho-concordatorio\/","og_site_name":"Centro UC Derecho y Religi\u00f3n","article_published_time":"2017-06-05T04:00:00+00:00","author":"manadmin","twitter_card":"summary_large_image","twitter_misc":{"Written by":"manadmin","Est. reading time":"2 minutes"},"schema":{"@context":"https:\/\/schema.org","@graph":[{"@type":"Article","@id":"https:\/\/derechoyreligion-uc.urantiacos.cl\/en\/viii-simposio-internacional-de-derecho-concordatorio\/#article","isPartOf":{"@id":"https:\/\/derechoyreligion-uc.urantiacos.cl\/en\/viii-simposio-internacional-de-derecho-concordatorio\/"},"author":{"name":"manadmin","@id":"https:\/\/derechoyreligion-uc.urantiacos.cl\/en\/#\/schema\/person\/6cc7f593e2f49e3b770a06f63b58e3b1"},"headline":"VIII Simposio Internacional de Derecho Concordatorio","datePublished":"2017-06-05T04:00:00+00:00","mainEntityOfPage":{"@id":"https:\/\/derechoyreligion-uc.urantiacos.cl\/en\/viii-simposio-internacional-de-derecho-concordatorio\/"},"wordCount":319,"articleSection":["Noticias"],"inLanguage":"en-US"},{"@type":"WebPage","@id":"https:\/\/derechoyreligion-uc.urantiacos.cl\/en\/viii-simposio-internacional-de-derecho-concordatorio\/","url":"https:\/\/derechoyreligion-uc.urantiacos.cl\/en\/viii-simposio-internacional-de-derecho-concordatorio\/","name":"VIII Simposio Internacional de Derecho Concordatorio - Centro UC Derecho y Religi\u00f3n","isPartOf":{"@id":"https:\/\/derechoyreligion-uc.urantiacos.cl\/en\/#website"},"datePublished":"2017-06-05T04:00:00+00:00","author":{"@id":"https:\/\/derechoyreligion-uc.urantiacos.cl\/en\/#\/schema\/person\/6cc7f593e2f49e3b770a06f63b58e3b1"},"breadcrumb":{"@id":"https:\/\/derechoyreligion-uc.urantiacos.cl\/en\/viii-simposio-internacional-de-derecho-concordatorio\/#breadcrumb"},"inLanguage":"en-US","potentialAction":[{"@type":"ReadAction","target":["https:\/\/derechoyreligion-uc.urantiacos.cl\/en\/viii-simposio-internacional-de-derecho-concordatorio\/"]}]},{"@type":"BreadcrumbList","@id":"https:\/\/derechoyreligion-uc.urantiacos.cl\/en\/viii-simposio-internacional-de-derecho-concordatorio\/#breadcrumb","itemListElement":[{"@type":"ListItem","position":1,"name":"Portada","item":"https:\/\/derechoyreligion-uc.urantiacos.cl\/en\/"},{"@type":"ListItem","position":2,"name":"VIII Simposio Internacional de Derecho Concordatorio"}]},{"@type":"WebSite","@id":"https:\/\/derechoyreligion-uc.urantiacos.cl\/en\/#website","url":"https:\/\/derechoyreligion-uc.urantiacos.cl\/en\/","name":"Centro UC Derecho y Religi\u00f3n","description":"","potentialAction":[{"@type":"SearchAction","target":{"@type":"EntryPoint","urlTemplate":"https:\/\/derechoyreligion-uc.urantiacos.cl\/en\/?s={search_term_string}"},"query-input":{"@type":"PropertyValueSpecification","valueRequired":true,"valueName":"search_term_string"}}],"inLanguage":"en-US"},{"@type":"Person","@id":"https:\/\/derechoyreligion-uc.urantiacos.cl\/en\/#\/schema\/person\/6cc7f593e2f49e3b770a06f63b58e3b1","name":"manadmin","sameAs":["https:\/\/derechoyreligion-uc.urantiacos.cl"]}]}},"_links":{"self":[{"href":"https:\/\/derechoyreligion-uc.urantiacos.cl\/en\/wp-json\/wp\/v2\/posts\/1417","targetHints":{"allow":["GET"]}}],"collection":[{"href":"https:\/\/derechoyreligion-uc.urantiacos.cl\/en\/wp-json\/wp\/v2\/posts"}],"about":[{"href":"https:\/\/derechoyreligion-uc.urantiacos.cl\/en\/wp-json\/wp\/v2\/types\/post"}],"author":[{"embeddable":true,"href":"https:\/\/derechoyreligion-uc.urantiacos.cl\/en\/wp-json\/wp\/v2\/users\/1"}],"replies":[{"embeddable":true,"href":"https:\/\/derechoyreligion-uc.urantiacos.cl\/en\/wp-json\/wp\/v2\/comments?post=1417"}],"version-history":[{"count":0,"href":"https:\/\/derechoyreligion-uc.urantiacos.cl\/en\/wp-json\/wp\/v2\/posts\/1417\/revisions"}],"wp:attachment":[{"href":"https:\/\/derechoyreligion-uc.urantiacos.cl\/en\/wp-json\/wp\/v2\/media?parent=1417"}],"wp:term":[{"taxonomy":"category","embeddable":true,"href":"https:\/\/derechoyreligion-uc.urantiacos.cl\/en\/wp-json\/wp\/v2\/categories?post=1417"},{"taxonomy":"post_tag","embeddable":true,"href":"https:\/\/derechoyreligion-uc.urantiacos.cl\/en\/wp-json\/wp\/v2\/tags?post=1417"}],"curies":[{"name":"wp","href":"https:\/\/api.w.org\/{rel}","templated":true}]}}