
{"id":1416,"date":"2017-06-19T00:00:00","date_gmt":"2017-06-19T04:00:00","guid":{"rendered":"https:\/\/derechoyreligion-uc.urantiacos.cl\/interescolar-de-debate-2017-la-libertad-religiosa-como-derecho-fundamental\/"},"modified":"2017-06-19T00:00:00","modified_gmt":"2017-06-19T04:00:00","slug":"interescolar-de-debate-2017-la-libertad-religiosa-como-derecho-fundamental","status":"publish","type":"post","link":"https:\/\/derechoyreligion-uc.urantiacos.cl\/en\/interescolar-de-debate-2017-la-libertad-religiosa-como-derecho-fundamental\/","title":{"rendered":"Interescolar de Debate 2017 \u201c La libertad religiosa como derecho fundamental\u201d"},"content":{"rendered":"<article>\n<span><br \/>\n<\/span><\/p>\n<p><span>El d\u00eda s\u00e1bado 17 de junio, se llev\u00f3 a cabo en la Casa Central de la Pontificia Universidad Cat\u00f3lica de Chile, el \u00a0Interescolar de Debate 2017 <strong>\u201c La libertad religiosa como derecho fundamental\u201d.<\/strong><\/span><\/p>\n<p><span><strong><img decoding=\"async\" alt=\"IMG 1651\" src=\"https:\/\/derechoyreligion-uc.urantiacos.cl\/wp-content\/uploads\/imagenes\/IMG_1651.JPG\"\/><\/strong><\/span><\/p>\n<p><span><strong><img decoding=\"async\" alt=\"IMG 1653\" src=\"https:\/\/derechoyreligion-uc.urantiacos.cl\/wp-content\/uploads\/imagenes\/IMG_1653.JPG\"\/><\/strong><\/span><\/p>\n<p><span>El evento fue organizado por la\u00a0<a href=\"http:\/\/www.vocescatolicas.cl\/\" target=\"_blank\"><span>Fundaci\u00f3n Voces Cat\u00f3licas<\/span><\/a>, la\u00a0<a href=\"http:\/\/www.acn-chile.org\/\" target=\"_blank\"><span>Fundaci\u00f3n Ayuda a la Iglesia que Sufre<\/span><\/a><span><a href=\"http:\/\/www.acn-chile.org\/\" target=\"_blank\">\u00a0(ACN)<\/a> la Universidad Cat\u00f3lica, a trav\u00e9s del\u00a0<\/span><a href=\"https:\/\/derechoyreligion.uc.cl\/es\/\" target=\"_blank\"><span>Centro UC Derecho y Religi\u00f3n<\/span><\/a><span>, y el medio de comunicaci\u00f3n digital\u00a0<\/span><a href=\"http:\/\/ellibero.cl\/\" target=\"_blank\"><span>El L\u00edbero<\/span><\/a><span>.<\/span><\/span><\/p>\n<p><span>La Jornada fue una oportunidad de enorme valor para que los estudiantes pudieran confrontar ideas respecto de la libertad religiosa y los diversos alcances que ella tiene, lo que permite \u00a0generar instancias de reflexi\u00f3n sobre el espacio y la envergadura que la libertad religiosa tiene en la sociedad en tanto derecho fundamental.<\/span><\/p>\n<p><span><img decoding=\"async\" alt=\"IMG 1684\" src=\"https:\/\/derechoyreligion-uc.urantiacos.cl\/wp-content\/uploads\/imagenes\/IMG_1684.JPG\"\/>\u00a0 <img decoding=\"async\" alt=\"IMG 1672\" src=\"https:\/\/derechoyreligion-uc.urantiacos.cl\/wp-content\/uploads\/imagenes\/IMG_1672.JPG\"\/>\u00a0<\/span><\/p>\n<p>\u00a0<\/p>\n<p><span>En el encuentro participaron 12 colegios, estos son \u00a0Alc\u00e1zar de Las Condes, Calazans, Everest, Huel\u00e9n, \u00a0Isabel La Cat\u00f3lica, \u00a0Penta UC, San Jos\u00e9 de Chicureo, SSCC Alameda, Santa \u00darsula, Seminario Pontificio Menor, Tabancura, y Verbo Divino.<\/span><\/p>\n<p><span>Participaron como Jurados del Torneo, destacados acad\u00e9micos tanto de la Facultad de Derecho UC como de otras instituciones, cuya deliberaci\u00f3n result\u00f3 ser esencial para el desarrollo del debate: Esther G\u00f3mez, Ricardo Irarr\u00e1zaval, Alberto L\u00f3pez-Hermida, Paula Smith, Solange Favereau, Alejandro San Francisco, Ma. Bego\u00f1a Jugo, Mariana Grunefeld, Ricardo G\u00f3mez, Paulina Eyzaguirre, Ra\u00fal Madrid, Eduardo Sep\u00falveda, Mar\u00eda Paz Madrid y\u00a0 Hern\u00e1n Hochschild.<\/span><\/p>\n<p><span><img decoding=\"async\" alt=\"IMG 1716\" src=\"https:\/\/derechoyreligion-uc.urantiacos.cl\/wp-content\/uploads\/imagenes\/IMG_1716.JPG\"\/>\u00a0 \u00a0<img decoding=\"async\" alt=\"IMG 1726\" src=\"https:\/\/derechoyreligion-uc.urantiacos.cl\/wp-content\/uploads\/imagenes\/IMG_1726.JPG\"\/><\/span><\/p>\n<p>\u00a0<\/p>\n<p><span>El ganador de este torneo fue Penta UC, tras una interesante final con el colegio Tabancura, mientras que el colegio Huel\u00e9n obtuvo el tercer lugar.<\/span><\/p>\n<p><span><img decoding=\"async\" alt=\"IMG 1765\" src=\"https:\/\/derechoyreligion-uc.urantiacos.cl\/wp-content\/uploads\/imagenes\/IMG_1765.JPG\"\/>\u00a0\u00a0<\/span><\/p>\n<p><span><em><span>Premiaci\u00f3n 1er lugar: Penta UC<\/span><\/em><\/span><\/p>\n<p>\u00a0<\/p>\n<p><span><em><span><img decoding=\"async\" alt=\"IMG 1759\" src=\"https:\/\/derechoyreligion-uc.urantiacos.cl\/wp-content\/uploads\/imagenes\/IMG_1759.JPG\"\/><\/span><\/em><\/span><\/p>\n<p><span><em><span><em><span>Premiaci\u00f3n 2do lugar: Tabancura<\/span><\/em><\/span><\/em><\/span><\/p>\n<p>\u00a0<\/p>\n<p><span><img decoding=\"async\" alt=\"IMG 1705\" src=\"https:\/\/derechoyreligion-uc.urantiacos.cl\/wp-content\/uploads\/imagenes\/IMG_1705.JPG\"\/><\/span><\/p>\n<p><span><em><span><em><span>Premiaci\u00f3n 3er lugar: Huel\u00e9n<\/span><\/em><\/span><\/em><\/span><\/p>\n<p>\u00a0<\/p>\n<p><a href=\"https:\/\/www.flickr.com\/photos\/comunidadderechouc\/sets\/72157682329197724\" target=\"_blank\"><span><span>Revisa aqu\u00ed la Galer\u00eda de im\u00e1genes\u00a0<\/span><\/span><\/a><\/p>\n<p><span><span><\/span><\/span><\/p>\n<\/article>\n","protected":false},"excerpt":{"rendered":"<p>El d\u00eda s\u00e1bado 17 de junio, se llev\u00f3 a cabo en la Casa Central de la Pontificia Universidad Cat\u00f3lica de Chile, el \u00a0Interescolar de Debate 2017\u201c La libertad religiosa como derecho fundamental\u201d.<\/p>\n","protected":false},"author":1,"featured_media":1557,"comment_status":"","ping_status":"","sticky":false,"template":"","format":"standard","meta":{"_acf_changed":false,"footnotes":""},"categories":[1],"tags":[],"class_list":["post-1416","post","type-post","status-publish","format-standard","has-post-thumbnail","hentry","category-noticias"],"acf":[],"yoast_head":"<!-- This site is optimized with the Yoast SEO plugin v27.1.1 - https:\/\/yoast.com\/product\/yoast-seo-wordpress\/ -->\n<title>Interescolar de Debate 2017 \u201c La libertad religiosa como derecho fundamental\u201d - Centro UC Derecho y Religi\u00f3n<\/title>\n<meta name=\"robots\" content=\"index, follow, max-snippet:-1, max-image-preview:large, max-video-preview:-1\" \/>\n<link rel=\"canonical\" href=\"https:\/\/derechoyreligion-uc.urantiacos.cl\/en\/interescolar-de-debate-2017-la-libertad-religiosa-como-derecho-fundamental\/\" \/>\n<meta property=\"og:locale\" content=\"en_US\" \/>\n<meta property=\"og:type\" content=\"article\" \/>\n<meta property=\"og:title\" content=\"Interescolar de Debate 2017 \u201c La libertad religiosa como derecho fundamental\u201d - Centro UC Derecho y Religi\u00f3n\" \/>\n<meta property=\"og:description\" content=\"El d\u00eda s\u00e1bado 17 de junio, se llev\u00f3 a cabo en la Casa Central de la Pontificia Universidad Cat\u00f3lica de Chile, el \u00a0Interescolar de Debate 2017\u201c La libertad religiosa como derecho fundamental\u201d.\" \/>\n<meta property=\"og:url\" content=\"https:\/\/derechoyreligion-uc.urantiacos.cl\/en\/interescolar-de-debate-2017-la-libertad-religiosa-como-derecho-fundamental\/\" \/>\n<meta property=\"og:site_name\" content=\"Centro UC Derecho y Religi\u00f3n\" \/>\n<meta property=\"article:published_time\" content=\"2017-06-19T04:00:00+00:00\" \/>\n<meta property=\"og:image\" content=\"https:\/\/derechoyreligion-uc.urantiacos.cl\/wp-content\/uploads\/2025\/10\/IMG_1651-scaled.jpg\" \/>\n\t<meta property=\"og:image:width\" content=\"2560\" \/>\n\t<meta property=\"og:image:height\" content=\"1707\" \/>\n\t<meta property=\"og:image:type\" content=\"image\/jpeg\" \/>\n<meta name=\"author\" content=\"manadmin\" \/>\n<meta name=\"twitter:card\" content=\"summary_large_image\" \/>\n<meta name=\"twitter:label1\" content=\"Written by\" \/>\n\t<meta name=\"twitter:data1\" content=\"manadmin\" \/>\n\t<meta name=\"twitter:label2\" content=\"Est. reading time\" \/>\n\t<meta name=\"twitter:data2\" content=\"1 minute\" \/>\n<script type=\"application\/ld+json\" class=\"yoast-schema-graph\">{\"@context\":\"https:\/\/schema.org\",\"@graph\":[{\"@type\":\"Article\",\"@id\":\"https:\/\/derechoyreligion-uc.urantiacos.cl\/en\/interescolar-de-debate-2017-la-libertad-religiosa-como-derecho-fundamental\/#article\",\"isPartOf\":{\"@id\":\"https:\/\/derechoyreligion-uc.urantiacos.cl\/en\/interescolar-de-debate-2017-la-libertad-religiosa-como-derecho-fundamental\/\"},\"author\":{\"name\":\"manadmin\",\"@id\":\"https:\/\/derechoyreligion-uc.urantiacos.cl\/en\/#\/schema\/person\/6cc7f593e2f49e3b770a06f63b58e3b1\"},\"headline\":\"Interescolar de Debate 2017 \u201c La libertad religiosa como derecho fundamental\u201d\",\"datePublished\":\"2017-06-19T04:00:00+00:00\",\"mainEntityOfPage\":{\"@id\":\"https:\/\/derechoyreligion-uc.urantiacos.cl\/en\/interescolar-de-debate-2017-la-libertad-religiosa-como-derecho-fundamental\/\"},\"wordCount\":299,\"image\":{\"@id\":\"https:\/\/derechoyreligion-uc.urantiacos.cl\/en\/interescolar-de-debate-2017-la-libertad-religiosa-como-derecho-fundamental\/#primaryimage\"},\"thumbnailUrl\":\"https:\/\/derechoyreligion-uc.urantiacos.cl\/wp-content\/uploads\/2025\/10\/IMG_1651-scaled.jpg\",\"articleSection\":[\"Noticias\"],\"inLanguage\":\"en-US\"},{\"@type\":\"WebPage\",\"@id\":\"https:\/\/derechoyreligion-uc.urantiacos.cl\/en\/interescolar-de-debate-2017-la-libertad-religiosa-como-derecho-fundamental\/\",\"url\":\"https:\/\/derechoyreligion-uc.urantiacos.cl\/en\/interescolar-de-debate-2017-la-libertad-religiosa-como-derecho-fundamental\/\",\"name\":\"Interescolar de Debate 2017 \u201c La libertad religiosa como derecho fundamental\u201d - Centro UC Derecho y Religi\u00f3n\",\"isPartOf\":{\"@id\":\"https:\/\/derechoyreligion-uc.urantiacos.cl\/en\/#website\"},\"primaryImageOfPage\":{\"@id\":\"https:\/\/derechoyreligion-uc.urantiacos.cl\/en\/interescolar-de-debate-2017-la-libertad-religiosa-como-derecho-fundamental\/#primaryimage\"},\"image\":{\"@id\":\"https:\/\/derechoyreligion-uc.urantiacos.cl\/en\/interescolar-de-debate-2017-la-libertad-religiosa-como-derecho-fundamental\/#primaryimage\"},\"thumbnailUrl\":\"https:\/\/derechoyreligion-uc.urantiacos.cl\/wp-content\/uploads\/2025\/10\/IMG_1651-scaled.jpg\",\"datePublished\":\"2017-06-19T04:00:00+00:00\",\"author\":{\"@id\":\"https:\/\/derechoyreligion-uc.urantiacos.cl\/en\/#\/schema\/person\/6cc7f593e2f49e3b770a06f63b58e3b1\"},\"breadcrumb\":{\"@id\":\"https:\/\/derechoyreligion-uc.urantiacos.cl\/en\/interescolar-de-debate-2017-la-libertad-religiosa-como-derecho-fundamental\/#breadcrumb\"},\"inLanguage\":\"en-US\",\"potentialAction\":[{\"@type\":\"ReadAction\",\"target\":[\"https:\/\/derechoyreligion-uc.urantiacos.cl\/en\/interescolar-de-debate-2017-la-libertad-religiosa-como-derecho-fundamental\/\"]}]},{\"@type\":\"ImageObject\",\"inLanguage\":\"en-US\",\"@id\":\"https:\/\/derechoyreligion-uc.urantiacos.cl\/en\/interescolar-de-debate-2017-la-libertad-religiosa-como-derecho-fundamental\/#primaryimage\",\"url\":\"https:\/\/derechoyreligion-uc.urantiacos.cl\/wp-content\/uploads\/2025\/10\/IMG_1651-scaled.jpg\",\"contentUrl\":\"https:\/\/derechoyreligion-uc.urantiacos.cl\/wp-content\/uploads\/2025\/10\/IMG_1651-scaled.jpg\",\"width\":2560,\"height\":1707},{\"@type\":\"BreadcrumbList\",\"@id\":\"https:\/\/derechoyreligion-uc.urantiacos.cl\/en\/interescolar-de-debate-2017-la-libertad-religiosa-como-derecho-fundamental\/#breadcrumb\",\"itemListElement\":[{\"@type\":\"ListItem\",\"position\":1,\"name\":\"Portada\",\"item\":\"https:\/\/derechoyreligion-uc.urantiacos.cl\/en\/\"},{\"@type\":\"ListItem\",\"position\":2,\"name\":\"Interescolar de Debate 2017 \u201c La libertad religiosa como derecho fundamental\u201d\"}]},{\"@type\":\"WebSite\",\"@id\":\"https:\/\/derechoyreligion-uc.urantiacos.cl\/en\/#website\",\"url\":\"https:\/\/derechoyreligion-uc.urantiacos.cl\/en\/\",\"name\":\"Centro UC Derecho y Religi\u00f3n\",\"description\":\"\",\"potentialAction\":[{\"@type\":\"SearchAction\",\"target\":{\"@type\":\"EntryPoint\",\"urlTemplate\":\"https:\/\/derechoyreligion-uc.urantiacos.cl\/en\/?s={search_term_string}\"},\"query-input\":{\"@type\":\"PropertyValueSpecification\",\"valueRequired\":true,\"valueName\":\"search_term_string\"}}],\"inLanguage\":\"en-US\"},{\"@type\":\"Person\",\"@id\":\"https:\/\/derechoyreligion-uc.urantiacos.cl\/en\/#\/schema\/person\/6cc7f593e2f49e3b770a06f63b58e3b1\",\"name\":\"manadmin\",\"sameAs\":[\"https:\/\/derechoyreligion-uc.urantiacos.cl\"]}]}<\/script>\n<!-- \/ Yoast SEO plugin. -->","yoast_head_json":{"title":"Interescolar de Debate 2017 \u201c La libertad religiosa como derecho fundamental\u201d - Centro UC Derecho y Religi\u00f3n","robots":{"index":"index","follow":"follow","max-snippet":"max-snippet:-1","max-image-preview":"max-image-preview:large","max-video-preview":"max-video-preview:-1"},"canonical":"https:\/\/derechoyreligion-uc.urantiacos.cl\/en\/interescolar-de-debate-2017-la-libertad-religiosa-como-derecho-fundamental\/","og_locale":"en_US","og_type":"article","og_title":"Interescolar de Debate 2017 \u201c La libertad religiosa como derecho fundamental\u201d - Centro UC Derecho y Religi\u00f3n","og_description":"El d\u00eda s\u00e1bado 17 de junio, se llev\u00f3 a cabo en la Casa Central de la Pontificia Universidad Cat\u00f3lica de Chile, el \u00a0Interescolar de Debate 2017\u201c La libertad religiosa como derecho fundamental\u201d.","og_url":"https:\/\/derechoyreligion-uc.urantiacos.cl\/en\/interescolar-de-debate-2017-la-libertad-religiosa-como-derecho-fundamental\/","og_site_name":"Centro UC Derecho y Religi\u00f3n","article_published_time":"2017-06-19T04:00:00+00:00","og_image":[{"width":2560,"height":1707,"url":"https:\/\/derechoyreligion-uc.urantiacos.cl\/wp-content\/uploads\/2025\/10\/IMG_1651-scaled.jpg","type":"image\/jpeg"}],"author":"manadmin","twitter_card":"summary_large_image","twitter_misc":{"Written by":"manadmin","Est. reading time":"1 minute"},"schema":{"@context":"https:\/\/schema.org","@graph":[{"@type":"Article","@id":"https:\/\/derechoyreligion-uc.urantiacos.cl\/en\/interescolar-de-debate-2017-la-libertad-religiosa-como-derecho-fundamental\/#article","isPartOf":{"@id":"https:\/\/derechoyreligion-uc.urantiacos.cl\/en\/interescolar-de-debate-2017-la-libertad-religiosa-como-derecho-fundamental\/"},"author":{"name":"manadmin","@id":"https:\/\/derechoyreligion-uc.urantiacos.cl\/en\/#\/schema\/person\/6cc7f593e2f49e3b770a06f63b58e3b1"},"headline":"Interescolar de Debate 2017 \u201c La libertad religiosa como derecho fundamental\u201d","datePublished":"2017-06-19T04:00:00+00:00","mainEntityOfPage":{"@id":"https:\/\/derechoyreligion-uc.urantiacos.cl\/en\/interescolar-de-debate-2017-la-libertad-religiosa-como-derecho-fundamental\/"},"wordCount":299,"image":{"@id":"https:\/\/derechoyreligion-uc.urantiacos.cl\/en\/interescolar-de-debate-2017-la-libertad-religiosa-como-derecho-fundamental\/#primaryimage"},"thumbnailUrl":"https:\/\/derechoyreligion-uc.urantiacos.cl\/wp-content\/uploads\/2025\/10\/IMG_1651-scaled.jpg","articleSection":["Noticias"],"inLanguage":"en-US"},{"@type":"WebPage","@id":"https:\/\/derechoyreligion-uc.urantiacos.cl\/en\/interescolar-de-debate-2017-la-libertad-religiosa-como-derecho-fundamental\/","url":"https:\/\/derechoyreligion-uc.urantiacos.cl\/en\/interescolar-de-debate-2017-la-libertad-religiosa-como-derecho-fundamental\/","name":"Interescolar de Debate 2017 \u201c La libertad religiosa como derecho fundamental\u201d - Centro UC Derecho y Religi\u00f3n","isPartOf":{"@id":"https:\/\/derechoyreligion-uc.urantiacos.cl\/en\/#website"},"primaryImageOfPage":{"@id":"https:\/\/derechoyreligion-uc.urantiacos.cl\/en\/interescolar-de-debate-2017-la-libertad-religiosa-como-derecho-fundamental\/#primaryimage"},"image":{"@id":"https:\/\/derechoyreligion-uc.urantiacos.cl\/en\/interescolar-de-debate-2017-la-libertad-religiosa-como-derecho-fundamental\/#primaryimage"},"thumbnailUrl":"https:\/\/derechoyreligion-uc.urantiacos.cl\/wp-content\/uploads\/2025\/10\/IMG_1651-scaled.jpg","datePublished":"2017-06-19T04:00:00+00:00","author":{"@id":"https:\/\/derechoyreligion-uc.urantiacos.cl\/en\/#\/schema\/person\/6cc7f593e2f49e3b770a06f63b58e3b1"},"breadcrumb":{"@id":"https:\/\/derechoyreligion-uc.urantiacos.cl\/en\/interescolar-de-debate-2017-la-libertad-religiosa-como-derecho-fundamental\/#breadcrumb"},"inLanguage":"en-US","potentialAction":[{"@type":"ReadAction","target":["https:\/\/derechoyreligion-uc.urantiacos.cl\/en\/interescolar-de-debate-2017-la-libertad-religiosa-como-derecho-fundamental\/"]}]},{"@type":"ImageObject","inLanguage":"en-US","@id":"https:\/\/derechoyreligion-uc.urantiacos.cl\/en\/interescolar-de-debate-2017-la-libertad-religiosa-como-derecho-fundamental\/#primaryimage","url":"https:\/\/derechoyreligion-uc.urantiacos.cl\/wp-content\/uploads\/2025\/10\/IMG_1651-scaled.jpg","contentUrl":"https:\/\/derechoyreligion-uc.urantiacos.cl\/wp-content\/uploads\/2025\/10\/IMG_1651-scaled.jpg","width":2560,"height":1707},{"@type":"BreadcrumbList","@id":"https:\/\/derechoyreligion-uc.urantiacos.cl\/en\/interescolar-de-debate-2017-la-libertad-religiosa-como-derecho-fundamental\/#breadcrumb","itemListElement":[{"@type":"ListItem","position":1,"name":"Portada","item":"https:\/\/derechoyreligion-uc.urantiacos.cl\/en\/"},{"@type":"ListItem","position":2,"name":"Interescolar de Debate 2017 \u201c La libertad religiosa como derecho fundamental\u201d"}]},{"@type":"WebSite","@id":"https:\/\/derechoyreligion-uc.urantiacos.cl\/en\/#website","url":"https:\/\/derechoyreligion-uc.urantiacos.cl\/en\/","name":"Centro UC Derecho y Religi\u00f3n","description":"","potentialAction":[{"@type":"SearchAction","target":{"@type":"EntryPoint","urlTemplate":"https:\/\/derechoyreligion-uc.urantiacos.cl\/en\/?s={search_term_string}"},"query-input":{"@type":"PropertyValueSpecification","valueRequired":true,"valueName":"search_term_string"}}],"inLanguage":"en-US"},{"@type":"Person","@id":"https:\/\/derechoyreligion-uc.urantiacos.cl\/en\/#\/schema\/person\/6cc7f593e2f49e3b770a06f63b58e3b1","name":"manadmin","sameAs":["https:\/\/derechoyreligion-uc.urantiacos.cl"]}]}},"_links":{"self":[{"href":"https:\/\/derechoyreligion-uc.urantiacos.cl\/en\/wp-json\/wp\/v2\/posts\/1416","targetHints":{"allow":["GET"]}}],"collection":[{"href":"https:\/\/derechoyreligion-uc.urantiacos.cl\/en\/wp-json\/wp\/v2\/posts"}],"about":[{"href":"https:\/\/derechoyreligion-uc.urantiacos.cl\/en\/wp-json\/wp\/v2\/types\/post"}],"author":[{"embeddable":true,"href":"https:\/\/derechoyreligion-uc.urantiacos.cl\/en\/wp-json\/wp\/v2\/users\/1"}],"replies":[{"embeddable":true,"href":"https:\/\/derechoyreligion-uc.urantiacos.cl\/en\/wp-json\/wp\/v2\/comments?post=1416"}],"version-history":[{"count":0,"href":"https:\/\/derechoyreligion-uc.urantiacos.cl\/en\/wp-json\/wp\/v2\/posts\/1416\/revisions"}],"wp:featuredmedia":[{"embeddable":true,"href":"https:\/\/derechoyreligion-uc.urantiacos.cl\/en\/wp-json\/wp\/v2\/media\/1557"}],"wp:attachment":[{"href":"https:\/\/derechoyreligion-uc.urantiacos.cl\/en\/wp-json\/wp\/v2\/media?parent=1416"}],"wp:term":[{"taxonomy":"category","embeddable":true,"href":"https:\/\/derechoyreligion-uc.urantiacos.cl\/en\/wp-json\/wp\/v2\/categories?post=1416"},{"taxonomy":"post_tag","embeddable":true,"href":"https:\/\/derechoyreligion-uc.urantiacos.cl\/en\/wp-json\/wp\/v2\/tags?post=1416"}],"curies":[{"name":"wp","href":"https:\/\/api.w.org\/{rel}","templated":true}]}}