
{"id":1415,"date":"2017-06-21T00:00:00","date_gmt":"2017-06-21T04:00:00","guid":{"rendered":"https:\/\/derechoyreligion-uc.urantiacos.cl\/profesora-ana-maria-celis-participa-en-g20-interfaith-summit-on-religion-sustainable-development-and-the-refugee-crisis\/"},"modified":"2017-06-21T00:00:00","modified_gmt":"2017-06-21T04:00:00","slug":"profesora-ana-maria-celis-participa-en-g20-interfaith-summit-on-religion-sustainable-development-and-the-refugee-crisis","status":"publish","type":"post","link":"https:\/\/derechoyreligion-uc.urantiacos.cl\/en\/profesora-ana-maria-celis-participa-en-g20-interfaith-summit-on-religion-sustainable-development-and-the-refugee-crisis\/","title":{"rendered":"Profesora Ana Mar\u00eda Celis participa en G20 Interfaith Summit on Religion, Sustainable Development, and the Refugee Crisis"},"content":{"rendered":"<article>\n<span><br \/>\n<\/span><\/p>\n<p><span>POSTDAM &#8211; La Directora del Centro UC Derecho y Religi\u00f3n, profesora Ana Mar\u00eda Celis particip\u00f3 en la Cumbre Interreligiosa del G20 sobre \u201cReligi\u00f3n, Desarrollo Sustentable y la Crisis de Refugiados\u201d realizada entre los d\u00edas 15 y 17 de junio de 2017, en la Universidad de Postdam, Alemania. <\/span><\/p>\n<p><span>El G20 Interfaith \u00a0Summit tiene por objeto facilitar la paz y armon\u00eda entre personas de distintas religiones y tradiciones filos\u00f3ficas, mientras se exploran caminos para trabajar en conjunto el fortalecimiento del desarrollo humano entendido en el m\u00e1s amplio sentido. Las cumbres anuales del G20 Interfaith re\u00fane a l\u00edderes de opini\u00f3n, acad\u00e9micos, abogados, y l\u00edderes pol\u00edticos con l\u00edderes religiosos provenientes de todas partes del mundo durante tres d\u00edas de discusi\u00f3n y di\u00e1logo, como una contribuci\u00f3n sustancial al Foro Econ\u00f3mico del G20.<\/span><\/p>\n<p><span>El viernes 16 la profesora Celis expuso en la 2\u00aa Sesi\u00f3n Plenaria el tema \u201cFreedom of Religion or Belief, the Religious Sector, and Sustainable Development\u201d y fue moderadora en la sesi\u00f3n simult\u00e1nea \u201cImpacts of Interfaith Collaboration\u201d.<\/span><\/p>\n<p><span><span>M\u00e1s informaci\u00f3n en<\/span><span>https:\/\/www.g20interfaith.org\/sites\/default\/files\/Concept%20Paper%20%28Germany%29%202017%20%28Web%29.pdf<\/span><\/span><\/p>\n<\/article>\n","protected":false},"excerpt":{"rendered":"<p>POSTDAM &#8211; La Directora del Centro UC Derecho y Religi\u00f3n, profesora Ana Mar\u00eda Celis particip\u00f3 en la Cumbre Interreligiosa del G20 sobre \u201cReligi\u00f3n, Desarrollo Sustentable y la Crisis de Refugiados\u201d realizada entre los d\u00edas 15 y 17 de junio de 2017, en la Universidad de Postdam, Alemania.<\/p>\n","protected":false},"author":1,"featured_media":0,"comment_status":"","ping_status":"","sticky":false,"template":"","format":"standard","meta":{"_acf_changed":false,"footnotes":""},"categories":[1],"tags":[],"class_list":["post-1415","post","type-post","status-publish","format-standard","hentry","category-noticias"],"acf":[],"yoast_head":"<!-- This site is optimized with the Yoast SEO plugin v27.1.1 - https:\/\/yoast.com\/product\/yoast-seo-wordpress\/ -->\n<title>Profesora Ana Mar\u00eda Celis participa en G20 Interfaith Summit on Religion, Sustainable Development, and the Refugee Crisis - Centro UC Derecho y Religi\u00f3n<\/title>\n<meta name=\"robots\" content=\"index, follow, max-snippet:-1, max-image-preview:large, max-video-preview:-1\" \/>\n<link rel=\"canonical\" href=\"https:\/\/derechoyreligion-uc.urantiacos.cl\/en\/profesora-ana-maria-celis-participa-en-g20-interfaith-summit-on-religion-sustainable-development-and-the-refugee-crisis\/\" \/>\n<meta property=\"og:locale\" content=\"en_US\" \/>\n<meta property=\"og:type\" content=\"article\" \/>\n<meta property=\"og:title\" content=\"Profesora Ana Mar\u00eda Celis participa en G20 Interfaith Summit on Religion, Sustainable Development, and the Refugee Crisis - Centro UC Derecho y Religi\u00f3n\" \/>\n<meta property=\"og:description\" content=\"POSTDAM - La Directora del Centro UC Derecho y Religi\u00f3n, profesora Ana Mar\u00eda Celis particip\u00f3 en la Cumbre Interreligiosa del G20 sobre \u201cReligi\u00f3n, Desarrollo Sustentable y la Crisis de Refugiados\u201d realizada entre los d\u00edas 15 y 17 de junio de 2017, en la Universidad de Postdam, Alemania.\" \/>\n<meta property=\"og:url\" content=\"https:\/\/derechoyreligion-uc.urantiacos.cl\/en\/profesora-ana-maria-celis-participa-en-g20-interfaith-summit-on-religion-sustainable-development-and-the-refugee-crisis\/\" \/>\n<meta property=\"og:site_name\" content=\"Centro UC Derecho y Religi\u00f3n\" \/>\n<meta property=\"article:published_time\" content=\"2017-06-21T04:00:00+00:00\" \/>\n<meta name=\"author\" content=\"manadmin\" \/>\n<meta name=\"twitter:card\" content=\"summary_large_image\" \/>\n<meta name=\"twitter:label1\" content=\"Written by\" \/>\n\t<meta name=\"twitter:data1\" content=\"manadmin\" \/>\n\t<meta name=\"twitter:label2\" content=\"Est. reading time\" \/>\n\t<meta name=\"twitter:data2\" content=\"1 minute\" \/>\n<script type=\"application\/ld+json\" class=\"yoast-schema-graph\">{\"@context\":\"https:\/\/schema.org\",\"@graph\":[{\"@type\":\"Article\",\"@id\":\"https:\/\/derechoyreligion-uc.urantiacos.cl\/en\/profesora-ana-maria-celis-participa-en-g20-interfaith-summit-on-religion-sustainable-development-and-the-refugee-crisis\/#article\",\"isPartOf\":{\"@id\":\"https:\/\/derechoyreligion-uc.urantiacos.cl\/en\/profesora-ana-maria-celis-participa-en-g20-interfaith-summit-on-religion-sustainable-development-and-the-refugee-crisis\/\"},\"author\":{\"name\":\"manadmin\",\"@id\":\"https:\/\/derechoyreligion-uc.urantiacos.cl\/en\/#\/schema\/person\/6cc7f593e2f49e3b770a06f63b58e3b1\"},\"headline\":\"Profesora Ana Mar\u00eda Celis participa en G20 Interfaith Summit on Religion, Sustainable Development, and the Refugee Crisis\",\"datePublished\":\"2017-06-21T04:00:00+00:00\",\"mainEntityOfPage\":{\"@id\":\"https:\/\/derechoyreligion-uc.urantiacos.cl\/en\/profesora-ana-maria-celis-participa-en-g20-interfaith-summit-on-religion-sustainable-development-and-the-refugee-crisis\/\"},\"wordCount\":216,\"articleSection\":[\"Noticias\"],\"inLanguage\":\"en-US\"},{\"@type\":\"WebPage\",\"@id\":\"https:\/\/derechoyreligion-uc.urantiacos.cl\/en\/profesora-ana-maria-celis-participa-en-g20-interfaith-summit-on-religion-sustainable-development-and-the-refugee-crisis\/\",\"url\":\"https:\/\/derechoyreligion-uc.urantiacos.cl\/en\/profesora-ana-maria-celis-participa-en-g20-interfaith-summit-on-religion-sustainable-development-and-the-refugee-crisis\/\",\"name\":\"Profesora Ana Mar\u00eda Celis participa en G20 Interfaith Summit on Religion, Sustainable Development, and the Refugee Crisis - Centro UC Derecho y Religi\u00f3n\",\"isPartOf\":{\"@id\":\"https:\/\/derechoyreligion-uc.urantiacos.cl\/en\/#website\"},\"datePublished\":\"2017-06-21T04:00:00+00:00\",\"author\":{\"@id\":\"https:\/\/derechoyreligion-uc.urantiacos.cl\/en\/#\/schema\/person\/6cc7f593e2f49e3b770a06f63b58e3b1\"},\"breadcrumb\":{\"@id\":\"https:\/\/derechoyreligion-uc.urantiacos.cl\/en\/profesora-ana-maria-celis-participa-en-g20-interfaith-summit-on-religion-sustainable-development-and-the-refugee-crisis\/#breadcrumb\"},\"inLanguage\":\"en-US\",\"potentialAction\":[{\"@type\":\"ReadAction\",\"target\":[\"https:\/\/derechoyreligion-uc.urantiacos.cl\/en\/profesora-ana-maria-celis-participa-en-g20-interfaith-summit-on-religion-sustainable-development-and-the-refugee-crisis\/\"]}]},{\"@type\":\"BreadcrumbList\",\"@id\":\"https:\/\/derechoyreligion-uc.urantiacos.cl\/en\/profesora-ana-maria-celis-participa-en-g20-interfaith-summit-on-religion-sustainable-development-and-the-refugee-crisis\/#breadcrumb\",\"itemListElement\":[{\"@type\":\"ListItem\",\"position\":1,\"name\":\"Portada\",\"item\":\"https:\/\/derechoyreligion-uc.urantiacos.cl\/en\/\"},{\"@type\":\"ListItem\",\"position\":2,\"name\":\"Profesora Ana Mar\u00eda Celis participa en G20 Interfaith Summit on Religion, Sustainable Development, and the Refugee Crisis\"}]},{\"@type\":\"WebSite\",\"@id\":\"https:\/\/derechoyreligion-uc.urantiacos.cl\/en\/#website\",\"url\":\"https:\/\/derechoyreligion-uc.urantiacos.cl\/en\/\",\"name\":\"Centro UC Derecho y Religi\u00f3n\",\"description\":\"\",\"potentialAction\":[{\"@type\":\"SearchAction\",\"target\":{\"@type\":\"EntryPoint\",\"urlTemplate\":\"https:\/\/derechoyreligion-uc.urantiacos.cl\/en\/?s={search_term_string}\"},\"query-input\":{\"@type\":\"PropertyValueSpecification\",\"valueRequired\":true,\"valueName\":\"search_term_string\"}}],\"inLanguage\":\"en-US\"},{\"@type\":\"Person\",\"@id\":\"https:\/\/derechoyreligion-uc.urantiacos.cl\/en\/#\/schema\/person\/6cc7f593e2f49e3b770a06f63b58e3b1\",\"name\":\"manadmin\",\"sameAs\":[\"https:\/\/derechoyreligion-uc.urantiacos.cl\"]}]}<\/script>\n<!-- \/ Yoast SEO plugin. -->","yoast_head_json":{"title":"Profesora Ana Mar\u00eda Celis participa en G20 Interfaith Summit on Religion, Sustainable Development, and the Refugee Crisis - Centro UC Derecho y Religi\u00f3n","robots":{"index":"index","follow":"follow","max-snippet":"max-snippet:-1","max-image-preview":"max-image-preview:large","max-video-preview":"max-video-preview:-1"},"canonical":"https:\/\/derechoyreligion-uc.urantiacos.cl\/en\/profesora-ana-maria-celis-participa-en-g20-interfaith-summit-on-religion-sustainable-development-and-the-refugee-crisis\/","og_locale":"en_US","og_type":"article","og_title":"Profesora Ana Mar\u00eda Celis participa en G20 Interfaith Summit on Religion, Sustainable Development, and the Refugee Crisis - Centro UC Derecho y Religi\u00f3n","og_description":"POSTDAM - La Directora del Centro UC Derecho y Religi\u00f3n, profesora Ana Mar\u00eda Celis particip\u00f3 en la Cumbre Interreligiosa del G20 sobre \u201cReligi\u00f3n, Desarrollo Sustentable y la Crisis de Refugiados\u201d realizada entre los d\u00edas 15 y 17 de junio de 2017, en la Universidad de Postdam, Alemania.","og_url":"https:\/\/derechoyreligion-uc.urantiacos.cl\/en\/profesora-ana-maria-celis-participa-en-g20-interfaith-summit-on-religion-sustainable-development-and-the-refugee-crisis\/","og_site_name":"Centro UC Derecho y Religi\u00f3n","article_published_time":"2017-06-21T04:00:00+00:00","author":"manadmin","twitter_card":"summary_large_image","twitter_misc":{"Written by":"manadmin","Est. reading time":"1 minute"},"schema":{"@context":"https:\/\/schema.org","@graph":[{"@type":"Article","@id":"https:\/\/derechoyreligion-uc.urantiacos.cl\/en\/profesora-ana-maria-celis-participa-en-g20-interfaith-summit-on-religion-sustainable-development-and-the-refugee-crisis\/#article","isPartOf":{"@id":"https:\/\/derechoyreligion-uc.urantiacos.cl\/en\/profesora-ana-maria-celis-participa-en-g20-interfaith-summit-on-religion-sustainable-development-and-the-refugee-crisis\/"},"author":{"name":"manadmin","@id":"https:\/\/derechoyreligion-uc.urantiacos.cl\/en\/#\/schema\/person\/6cc7f593e2f49e3b770a06f63b58e3b1"},"headline":"Profesora Ana Mar\u00eda Celis participa en G20 Interfaith Summit on Religion, Sustainable Development, and the Refugee Crisis","datePublished":"2017-06-21T04:00:00+00:00","mainEntityOfPage":{"@id":"https:\/\/derechoyreligion-uc.urantiacos.cl\/en\/profesora-ana-maria-celis-participa-en-g20-interfaith-summit-on-religion-sustainable-development-and-the-refugee-crisis\/"},"wordCount":216,"articleSection":["Noticias"],"inLanguage":"en-US"},{"@type":"WebPage","@id":"https:\/\/derechoyreligion-uc.urantiacos.cl\/en\/profesora-ana-maria-celis-participa-en-g20-interfaith-summit-on-religion-sustainable-development-and-the-refugee-crisis\/","url":"https:\/\/derechoyreligion-uc.urantiacos.cl\/en\/profesora-ana-maria-celis-participa-en-g20-interfaith-summit-on-religion-sustainable-development-and-the-refugee-crisis\/","name":"Profesora Ana Mar\u00eda Celis participa en G20 Interfaith Summit on Religion, Sustainable Development, and the Refugee Crisis - Centro UC Derecho y Religi\u00f3n","isPartOf":{"@id":"https:\/\/derechoyreligion-uc.urantiacos.cl\/en\/#website"},"datePublished":"2017-06-21T04:00:00+00:00","author":{"@id":"https:\/\/derechoyreligion-uc.urantiacos.cl\/en\/#\/schema\/person\/6cc7f593e2f49e3b770a06f63b58e3b1"},"breadcrumb":{"@id":"https:\/\/derechoyreligion-uc.urantiacos.cl\/en\/profesora-ana-maria-celis-participa-en-g20-interfaith-summit-on-religion-sustainable-development-and-the-refugee-crisis\/#breadcrumb"},"inLanguage":"en-US","potentialAction":[{"@type":"ReadAction","target":["https:\/\/derechoyreligion-uc.urantiacos.cl\/en\/profesora-ana-maria-celis-participa-en-g20-interfaith-summit-on-religion-sustainable-development-and-the-refugee-crisis\/"]}]},{"@type":"BreadcrumbList","@id":"https:\/\/derechoyreligion-uc.urantiacos.cl\/en\/profesora-ana-maria-celis-participa-en-g20-interfaith-summit-on-religion-sustainable-development-and-the-refugee-crisis\/#breadcrumb","itemListElement":[{"@type":"ListItem","position":1,"name":"Portada","item":"https:\/\/derechoyreligion-uc.urantiacos.cl\/en\/"},{"@type":"ListItem","position":2,"name":"Profesora Ana Mar\u00eda Celis participa en G20 Interfaith Summit on Religion, Sustainable Development, and the Refugee Crisis"}]},{"@type":"WebSite","@id":"https:\/\/derechoyreligion-uc.urantiacos.cl\/en\/#website","url":"https:\/\/derechoyreligion-uc.urantiacos.cl\/en\/","name":"Centro UC Derecho y Religi\u00f3n","description":"","potentialAction":[{"@type":"SearchAction","target":{"@type":"EntryPoint","urlTemplate":"https:\/\/derechoyreligion-uc.urantiacos.cl\/en\/?s={search_term_string}"},"query-input":{"@type":"PropertyValueSpecification","valueRequired":true,"valueName":"search_term_string"}}],"inLanguage":"en-US"},{"@type":"Person","@id":"https:\/\/derechoyreligion-uc.urantiacos.cl\/en\/#\/schema\/person\/6cc7f593e2f49e3b770a06f63b58e3b1","name":"manadmin","sameAs":["https:\/\/derechoyreligion-uc.urantiacos.cl"]}]}},"_links":{"self":[{"href":"https:\/\/derechoyreligion-uc.urantiacos.cl\/en\/wp-json\/wp\/v2\/posts\/1415","targetHints":{"allow":["GET"]}}],"collection":[{"href":"https:\/\/derechoyreligion-uc.urantiacos.cl\/en\/wp-json\/wp\/v2\/posts"}],"about":[{"href":"https:\/\/derechoyreligion-uc.urantiacos.cl\/en\/wp-json\/wp\/v2\/types\/post"}],"author":[{"embeddable":true,"href":"https:\/\/derechoyreligion-uc.urantiacos.cl\/en\/wp-json\/wp\/v2\/users\/1"}],"replies":[{"embeddable":true,"href":"https:\/\/derechoyreligion-uc.urantiacos.cl\/en\/wp-json\/wp\/v2\/comments?post=1415"}],"version-history":[{"count":0,"href":"https:\/\/derechoyreligion-uc.urantiacos.cl\/en\/wp-json\/wp\/v2\/posts\/1415\/revisions"}],"wp:attachment":[{"href":"https:\/\/derechoyreligion-uc.urantiacos.cl\/en\/wp-json\/wp\/v2\/media?parent=1415"}],"wp:term":[{"taxonomy":"category","embeddable":true,"href":"https:\/\/derechoyreligion-uc.urantiacos.cl\/en\/wp-json\/wp\/v2\/categories?post=1415"},{"taxonomy":"post_tag","embeddable":true,"href":"https:\/\/derechoyreligion-uc.urantiacos.cl\/en\/wp-json\/wp\/v2\/tags?post=1415"}],"curies":[{"name":"wp","href":"https:\/\/api.w.org\/{rel}","templated":true}]}}