
{"id":1414,"date":"2017-06-26T00:00:00","date_gmt":"2017-06-26T04:00:00","guid":{"rendered":"https:\/\/derechoyreligion-uc.urantiacos.cl\/profesora-ana-maria-celis-participa-en-european-academy-of-religion-2017-ex-nihilo-zero-conference\/"},"modified":"2017-06-26T00:00:00","modified_gmt":"2017-06-26T04:00:00","slug":"profesora-ana-maria-celis-participa-en-european-academy-of-religion-2017-ex-nihilo-zero-conference","status":"publish","type":"post","link":"https:\/\/derechoyreligion-uc.urantiacos.cl\/en\/profesora-ana-maria-celis-participa-en-european-academy-of-religion-2017-ex-nihilo-zero-conference\/","title":{"rendered":"Profesora Ana Mar\u00eda Celis participa en European Academy of Religion 2017 \u2013 Ex Nihilo \u201cZero\u201d Conference"},"content":{"rendered":"<article>\n<span><br \/>\n<\/span><\/p>\n<p><span>BOLONIA &#8211; La Directora del Centro UC Derecho y Religi\u00f3n, profesora Ana Mar\u00eda Celis particip\u00f3 en la Ex Nihilo \u201cZero\u201d Conference de la European Academy of Religion 2017 realizada entre los d\u00edas 18 y 22 de junio de 2017, en la<\/span><span> Universit\u00e0<\/span><span> di Bologna, Bolonia, Italia.<\/span><\/p>\n<p><span>La \u00a0European Academy of Religion es una organizaci\u00f3n patrocinada, entre otros, por el Parlamento Europeo, Unesco, Ministerio de Asuntos Exteriores y Cooperaci\u00f3n Internacional de Italia, Ministerio de Educaci\u00f3n, Universidad e Investigaci\u00f3n de Italia.\u00a0 El prop\u00f3sito de la conferencia \u2013 que precede a la 1\u00aa Convenci\u00f3n que se realizar\u00e1 en marzo de 2018 \u2013 fue testear la iniciativa de la European Academy of Religion como una plataforma de investigaci\u00f3n y de redes de cooperaci\u00f3n acad\u00e9mica. El organizador del encuentro fue la Fondazione per le Scienze Religiose Giovanni XXIII.<\/span><\/p>\n<p><span>La Conferencia cont\u00f3 con 507 instituciones registradas, 980 participantes registrados, 600 papers, 1900 acad\u00e9micos en contacto, 7 locaciones en Bolonia, 133 paneles y 200 sesiones en 5 d\u00edas.<\/span><\/p>\n<p><span>Se trat\u00f3 de un espacio p\u00fablico de confrontaci\u00f3n y di\u00e1logo sobre las m\u00faltiples dimensiones de la experiencia religiosa entre organizaciones cient\u00edficas, centros de estudio, desarrollo y conocimiento, revistas y editores. Juristas, historiadores, fil\u00f3sofos, fil\u00f3logos, entre otros, intercambiaron ideas y presentaron sus investigaciones en un intenso y extenso programa.<\/span><\/p>\n<p><span>El lunes 19 de junio la profesora Celis expuso en el panel acerca de: <em>Freedom of Religi\u00f3n or Belief and National Security: a Regional Analysis<\/em>, con la ponencia \u201cLatin America and National Security\u201d, junto a Brett Scharffs (USA), Tahir Mahmood (India) y Pieter Coertzen (Sud\u00e1frica).<\/span><\/p>\n<p><span>Adem\u00e1s expuso en el panel sobre International <em>Academic Consortiums for Law and Religi\u00f3n Research<\/em> donde estuvo a cargo de \u201cPresentation about International Consortium for Law and Religion (ICLARS)\u201d de la que es presidenta.\u00a0<\/span><\/p>\n<\/article>\n","protected":false},"excerpt":{"rendered":"<p>BOLONIA &#8211; La Directora del Centro UC Derecho y Religi\u00f3n, profesora Ana Mar\u00eda Celis particip\u00f3 en la Ex Nihilo \u201cZero\u201d Conference de la European Academy of Religion 2017 realizada entre los d\u00edas 18 y 22 de junio de 2017, en laUniversit\u00e0di Bologna, Bolonia, Italia.<\/p>\n","protected":false},"author":1,"featured_media":0,"comment_status":"","ping_status":"","sticky":false,"template":"","format":"standard","meta":{"_acf_changed":false,"footnotes":""},"categories":[1],"tags":[],"class_list":["post-1414","post","type-post","status-publish","format-standard","hentry","category-noticias"],"acf":[],"yoast_head":"<!-- This site is optimized with the Yoast SEO plugin v27.1.1 - https:\/\/yoast.com\/product\/yoast-seo-wordpress\/ -->\n<title>Profesora Ana Mar\u00eda Celis participa en European Academy of Religion 2017 \u2013 Ex Nihilo \u201cZero\u201d Conference - Centro UC Derecho y Religi\u00f3n<\/title>\n<meta name=\"robots\" content=\"index, follow, max-snippet:-1, max-image-preview:large, max-video-preview:-1\" \/>\n<link rel=\"canonical\" href=\"https:\/\/derechoyreligion-uc.urantiacos.cl\/en\/profesora-ana-maria-celis-participa-en-european-academy-of-religion-2017-ex-nihilo-zero-conference\/\" \/>\n<meta property=\"og:locale\" content=\"en_US\" \/>\n<meta property=\"og:type\" content=\"article\" \/>\n<meta property=\"og:title\" content=\"Profesora Ana Mar\u00eda Celis participa en European Academy of Religion 2017 \u2013 Ex Nihilo \u201cZero\u201d Conference - Centro UC Derecho y Religi\u00f3n\" \/>\n<meta property=\"og:description\" content=\"BOLONIA - La Directora del Centro UC Derecho y Religi\u00f3n, profesora Ana Mar\u00eda Celis particip\u00f3 en la Ex Nihilo \u201cZero\u201d Conference de la European Academy of Religion 2017 realizada entre los d\u00edas 18 y 22 de junio de 2017, en laUniversit\u00e0di Bologna, Bolonia, Italia.\" \/>\n<meta property=\"og:url\" content=\"https:\/\/derechoyreligion-uc.urantiacos.cl\/en\/profesora-ana-maria-celis-participa-en-european-academy-of-religion-2017-ex-nihilo-zero-conference\/\" \/>\n<meta property=\"og:site_name\" content=\"Centro UC Derecho y Religi\u00f3n\" \/>\n<meta property=\"article:published_time\" content=\"2017-06-26T04:00:00+00:00\" \/>\n<meta name=\"author\" content=\"manadmin\" \/>\n<meta name=\"twitter:card\" content=\"summary_large_image\" \/>\n<meta name=\"twitter:label1\" content=\"Written by\" \/>\n\t<meta name=\"twitter:data1\" content=\"manadmin\" \/>\n\t<meta name=\"twitter:label2\" content=\"Est. reading time\" \/>\n\t<meta name=\"twitter:data2\" content=\"1 minute\" \/>\n<script type=\"application\/ld+json\" class=\"yoast-schema-graph\">{\"@context\":\"https:\/\/schema.org\",\"@graph\":[{\"@type\":\"Article\",\"@id\":\"https:\/\/derechoyreligion-uc.urantiacos.cl\/en\/profesora-ana-maria-celis-participa-en-european-academy-of-religion-2017-ex-nihilo-zero-conference\/#article\",\"isPartOf\":{\"@id\":\"https:\/\/derechoyreligion-uc.urantiacos.cl\/en\/profesora-ana-maria-celis-participa-en-european-academy-of-religion-2017-ex-nihilo-zero-conference\/\"},\"author\":{\"name\":\"manadmin\",\"@id\":\"https:\/\/derechoyreligion-uc.urantiacos.cl\/en\/#\/schema\/person\/6cc7f593e2f49e3b770a06f63b58e3b1\"},\"headline\":\"Profesora Ana Mar\u00eda Celis participa en European Academy of Religion 2017 \u2013 Ex Nihilo \u201cZero\u201d Conference\",\"datePublished\":\"2017-06-26T04:00:00+00:00\",\"mainEntityOfPage\":{\"@id\":\"https:\/\/derechoyreligion-uc.urantiacos.cl\/en\/profesora-ana-maria-celis-participa-en-european-academy-of-religion-2017-ex-nihilo-zero-conference\/\"},\"wordCount\":310,\"articleSection\":[\"Noticias\"],\"inLanguage\":\"en-US\"},{\"@type\":\"WebPage\",\"@id\":\"https:\/\/derechoyreligion-uc.urantiacos.cl\/en\/profesora-ana-maria-celis-participa-en-european-academy-of-religion-2017-ex-nihilo-zero-conference\/\",\"url\":\"https:\/\/derechoyreligion-uc.urantiacos.cl\/en\/profesora-ana-maria-celis-participa-en-european-academy-of-religion-2017-ex-nihilo-zero-conference\/\",\"name\":\"Profesora Ana Mar\u00eda Celis participa en European Academy of Religion 2017 \u2013 Ex Nihilo \u201cZero\u201d Conference - Centro UC Derecho y Religi\u00f3n\",\"isPartOf\":{\"@id\":\"https:\/\/derechoyreligion-uc.urantiacos.cl\/en\/#website\"},\"datePublished\":\"2017-06-26T04:00:00+00:00\",\"author\":{\"@id\":\"https:\/\/derechoyreligion-uc.urantiacos.cl\/en\/#\/schema\/person\/6cc7f593e2f49e3b770a06f63b58e3b1\"},\"breadcrumb\":{\"@id\":\"https:\/\/derechoyreligion-uc.urantiacos.cl\/en\/profesora-ana-maria-celis-participa-en-european-academy-of-religion-2017-ex-nihilo-zero-conference\/#breadcrumb\"},\"inLanguage\":\"en-US\",\"potentialAction\":[{\"@type\":\"ReadAction\",\"target\":[\"https:\/\/derechoyreligion-uc.urantiacos.cl\/en\/profesora-ana-maria-celis-participa-en-european-academy-of-religion-2017-ex-nihilo-zero-conference\/\"]}]},{\"@type\":\"BreadcrumbList\",\"@id\":\"https:\/\/derechoyreligion-uc.urantiacos.cl\/en\/profesora-ana-maria-celis-participa-en-european-academy-of-religion-2017-ex-nihilo-zero-conference\/#breadcrumb\",\"itemListElement\":[{\"@type\":\"ListItem\",\"position\":1,\"name\":\"Portada\",\"item\":\"https:\/\/derechoyreligion-uc.urantiacos.cl\/en\/\"},{\"@type\":\"ListItem\",\"position\":2,\"name\":\"Profesora Ana Mar\u00eda Celis participa en European Academy of Religion 2017 \u2013 Ex Nihilo \u201cZero\u201d Conference\"}]},{\"@type\":\"WebSite\",\"@id\":\"https:\/\/derechoyreligion-uc.urantiacos.cl\/en\/#website\",\"url\":\"https:\/\/derechoyreligion-uc.urantiacos.cl\/en\/\",\"name\":\"Centro UC Derecho y Religi\u00f3n\",\"description\":\"\",\"potentialAction\":[{\"@type\":\"SearchAction\",\"target\":{\"@type\":\"EntryPoint\",\"urlTemplate\":\"https:\/\/derechoyreligion-uc.urantiacos.cl\/en\/?s={search_term_string}\"},\"query-input\":{\"@type\":\"PropertyValueSpecification\",\"valueRequired\":true,\"valueName\":\"search_term_string\"}}],\"inLanguage\":\"en-US\"},{\"@type\":\"Person\",\"@id\":\"https:\/\/derechoyreligion-uc.urantiacos.cl\/en\/#\/schema\/person\/6cc7f593e2f49e3b770a06f63b58e3b1\",\"name\":\"manadmin\",\"sameAs\":[\"https:\/\/derechoyreligion-uc.urantiacos.cl\"]}]}<\/script>\n<!-- \/ Yoast SEO plugin. -->","yoast_head_json":{"title":"Profesora Ana Mar\u00eda Celis participa en European Academy of Religion 2017 \u2013 Ex Nihilo \u201cZero\u201d Conference - Centro UC Derecho y Religi\u00f3n","robots":{"index":"index","follow":"follow","max-snippet":"max-snippet:-1","max-image-preview":"max-image-preview:large","max-video-preview":"max-video-preview:-1"},"canonical":"https:\/\/derechoyreligion-uc.urantiacos.cl\/en\/profesora-ana-maria-celis-participa-en-european-academy-of-religion-2017-ex-nihilo-zero-conference\/","og_locale":"en_US","og_type":"article","og_title":"Profesora Ana Mar\u00eda Celis participa en European Academy of Religion 2017 \u2013 Ex Nihilo \u201cZero\u201d Conference - Centro UC Derecho y Religi\u00f3n","og_description":"BOLONIA - La Directora del Centro UC Derecho y Religi\u00f3n, profesora Ana Mar\u00eda Celis particip\u00f3 en la Ex Nihilo \u201cZero\u201d Conference de la European Academy of Religion 2017 realizada entre los d\u00edas 18 y 22 de junio de 2017, en laUniversit\u00e0di Bologna, Bolonia, Italia.","og_url":"https:\/\/derechoyreligion-uc.urantiacos.cl\/en\/profesora-ana-maria-celis-participa-en-european-academy-of-religion-2017-ex-nihilo-zero-conference\/","og_site_name":"Centro UC Derecho y Religi\u00f3n","article_published_time":"2017-06-26T04:00:00+00:00","author":"manadmin","twitter_card":"summary_large_image","twitter_misc":{"Written by":"manadmin","Est. reading time":"1 minute"},"schema":{"@context":"https:\/\/schema.org","@graph":[{"@type":"Article","@id":"https:\/\/derechoyreligion-uc.urantiacos.cl\/en\/profesora-ana-maria-celis-participa-en-european-academy-of-religion-2017-ex-nihilo-zero-conference\/#article","isPartOf":{"@id":"https:\/\/derechoyreligion-uc.urantiacos.cl\/en\/profesora-ana-maria-celis-participa-en-european-academy-of-religion-2017-ex-nihilo-zero-conference\/"},"author":{"name":"manadmin","@id":"https:\/\/derechoyreligion-uc.urantiacos.cl\/en\/#\/schema\/person\/6cc7f593e2f49e3b770a06f63b58e3b1"},"headline":"Profesora Ana Mar\u00eda Celis participa en European Academy of Religion 2017 \u2013 Ex Nihilo \u201cZero\u201d Conference","datePublished":"2017-06-26T04:00:00+00:00","mainEntityOfPage":{"@id":"https:\/\/derechoyreligion-uc.urantiacos.cl\/en\/profesora-ana-maria-celis-participa-en-european-academy-of-religion-2017-ex-nihilo-zero-conference\/"},"wordCount":310,"articleSection":["Noticias"],"inLanguage":"en-US"},{"@type":"WebPage","@id":"https:\/\/derechoyreligion-uc.urantiacos.cl\/en\/profesora-ana-maria-celis-participa-en-european-academy-of-religion-2017-ex-nihilo-zero-conference\/","url":"https:\/\/derechoyreligion-uc.urantiacos.cl\/en\/profesora-ana-maria-celis-participa-en-european-academy-of-religion-2017-ex-nihilo-zero-conference\/","name":"Profesora Ana Mar\u00eda Celis participa en European Academy of Religion 2017 \u2013 Ex Nihilo \u201cZero\u201d Conference - Centro UC Derecho y Religi\u00f3n","isPartOf":{"@id":"https:\/\/derechoyreligion-uc.urantiacos.cl\/en\/#website"},"datePublished":"2017-06-26T04:00:00+00:00","author":{"@id":"https:\/\/derechoyreligion-uc.urantiacos.cl\/en\/#\/schema\/person\/6cc7f593e2f49e3b770a06f63b58e3b1"},"breadcrumb":{"@id":"https:\/\/derechoyreligion-uc.urantiacos.cl\/en\/profesora-ana-maria-celis-participa-en-european-academy-of-religion-2017-ex-nihilo-zero-conference\/#breadcrumb"},"inLanguage":"en-US","potentialAction":[{"@type":"ReadAction","target":["https:\/\/derechoyreligion-uc.urantiacos.cl\/en\/profesora-ana-maria-celis-participa-en-european-academy-of-religion-2017-ex-nihilo-zero-conference\/"]}]},{"@type":"BreadcrumbList","@id":"https:\/\/derechoyreligion-uc.urantiacos.cl\/en\/profesora-ana-maria-celis-participa-en-european-academy-of-religion-2017-ex-nihilo-zero-conference\/#breadcrumb","itemListElement":[{"@type":"ListItem","position":1,"name":"Portada","item":"https:\/\/derechoyreligion-uc.urantiacos.cl\/en\/"},{"@type":"ListItem","position":2,"name":"Profesora Ana Mar\u00eda Celis participa en European Academy of Religion 2017 \u2013 Ex Nihilo \u201cZero\u201d Conference"}]},{"@type":"WebSite","@id":"https:\/\/derechoyreligion-uc.urantiacos.cl\/en\/#website","url":"https:\/\/derechoyreligion-uc.urantiacos.cl\/en\/","name":"Centro UC Derecho y Religi\u00f3n","description":"","potentialAction":[{"@type":"SearchAction","target":{"@type":"EntryPoint","urlTemplate":"https:\/\/derechoyreligion-uc.urantiacos.cl\/en\/?s={search_term_string}"},"query-input":{"@type":"PropertyValueSpecification","valueRequired":true,"valueName":"search_term_string"}}],"inLanguage":"en-US"},{"@type":"Person","@id":"https:\/\/derechoyreligion-uc.urantiacos.cl\/en\/#\/schema\/person\/6cc7f593e2f49e3b770a06f63b58e3b1","name":"manadmin","sameAs":["https:\/\/derechoyreligion-uc.urantiacos.cl"]}]}},"_links":{"self":[{"href":"https:\/\/derechoyreligion-uc.urantiacos.cl\/en\/wp-json\/wp\/v2\/posts\/1414","targetHints":{"allow":["GET"]}}],"collection":[{"href":"https:\/\/derechoyreligion-uc.urantiacos.cl\/en\/wp-json\/wp\/v2\/posts"}],"about":[{"href":"https:\/\/derechoyreligion-uc.urantiacos.cl\/en\/wp-json\/wp\/v2\/types\/post"}],"author":[{"embeddable":true,"href":"https:\/\/derechoyreligion-uc.urantiacos.cl\/en\/wp-json\/wp\/v2\/users\/1"}],"replies":[{"embeddable":true,"href":"https:\/\/derechoyreligion-uc.urantiacos.cl\/en\/wp-json\/wp\/v2\/comments?post=1414"}],"version-history":[{"count":0,"href":"https:\/\/derechoyreligion-uc.urantiacos.cl\/en\/wp-json\/wp\/v2\/posts\/1414\/revisions"}],"wp:attachment":[{"href":"https:\/\/derechoyreligion-uc.urantiacos.cl\/en\/wp-json\/wp\/v2\/media?parent=1414"}],"wp:term":[{"taxonomy":"category","embeddable":true,"href":"https:\/\/derechoyreligion-uc.urantiacos.cl\/en\/wp-json\/wp\/v2\/categories?post=1414"},{"taxonomy":"post_tag","embeddable":true,"href":"https:\/\/derechoyreligion-uc.urantiacos.cl\/en\/wp-json\/wp\/v2\/tags?post=1414"}],"curies":[{"name":"wp","href":"https:\/\/api.w.org\/{rel}","templated":true}]}}