
{"id":1413,"date":"2017-08-18T00:00:00","date_gmt":"2017-08-18T03:00:00","guid":{"rendered":"https:\/\/derechoyreligion-uc.urantiacos.cl\/seminario-acompanamiento-y-objecion-de-conciencia\/"},"modified":"2017-08-18T00:00:00","modified_gmt":"2017-08-18T03:00:00","slug":"seminario-acompanamiento-y-objecion-de-conciencia","status":"publish","type":"post","link":"https:\/\/derechoyreligion-uc.urantiacos.cl\/en\/seminario-acompanamiento-y-objecion-de-conciencia\/","title":{"rendered":"Seminario Acompa\u00f1amiento y Objeci\u00f3n de Conciencia"},"content":{"rendered":"<article>\n<span><br \/>\n<\/span><\/p>\n<p><span><em>El encuentro analiz\u00f3 los peligros y desaf\u00edos que se desprenden del proyecto de despenalizaci\u00f3n del aborto en tres causales en materia de acompa\u00f1amiento y objeci\u00f3n de conciencia.<\/em><\/span><\/p>\n<p><span><em><img decoding=\"async\" alt=\"Seminario Acompa\u00f1amiento\" src=\"https:\/\/derechoyreligion-uc.urantiacos.cl\/wp-content\/uploads\/imagenes\/Seminario_Acompa\u00f1amiento.jpg\"\/><\/em><\/span><\/p>\n<p><span>Aportar a la reflexi\u00f3n que el pa\u00eds necesita en el \u00e1mbito de la protecci\u00f3n de quien est\u00e1 por nacer, a la luz de lo que acontece respecto al proyecto de despenalizaci\u00f3n del aborto en tres causales, as\u00ed como analizar los peligros y desaf\u00edos que se abren a partir de esta normativa, fue el objetivo del seminario Acompa\u00f1amiento y Objeci\u00f3n de Conciencia: Legalidad, Experiencias y Desaf\u00edos Actuales organizado por el\u00a0<a href=\"http:\/\/centrodelafamilia.uc.cl\/\" target=\"_blank\"><span>Centro UC de la Familia<\/span><\/a>\u00a0y el\u00a0<a href=\"https:\/\/derechoyreligion.uc.cl\/es\/\" target=\"_blank\"><span>Centro UC Derecho y Religi\u00f3n.<\/span><\/a><\/span><\/p>\n<p><span>El encuentro fue inaugurado por el\u00a0<strong>decano de la Facultad, Carlos Frontaura<\/strong>, quien comenz\u00f3 agradeciendo a todos los asistentes y asegurando que la instancia busca analizar la objeci\u00f3n de conciencia desde la perspectiva del profesional de la salud y de la mujer que vive un embarazo vulnerable, tanto aquellas que ven su vida o la de su hijo en riesgo, como aquellas que sufrieron violaci\u00f3n.<\/span><\/p>\n<p><span>El decano asegur\u00f3 que en general, el proyecto\u00a0<strong>\u201cno trata sobre una mera despenalizaci\u00f3n en los tres supuestos previstos, sino que reglamenta todo un r\u00e9gimen, estableciendo una nueva institucionalidad del Ministerio de Salud; instaurando, de esta forma, bases para alcanzar derechamente una legalizaci\u00f3n del aborto\u201d.<\/strong><\/span><\/p>\n<p><span>Asimismo, explic\u00f3 que la objeci\u00f3n de conciencia del personal m\u00e9dico como el de las mujeres que viven un embarazo vulnerable fue planteando en t\u00e9rminos restringidos en el proyecto.\u00a0<strong>\u201cResulta claro que ambas f\u00f3rmulas no buscan proteger la vida de quien est\u00e1 por nacer, sino que, al contrario, fijan mecanismos destinados a anular cualquier impedimento que pueda influir en una decisi\u00f3n distinta a la de abortar\u201d.<\/strong><\/span><\/p>\n<p><span>Finaliz\u00f3 su intervenci\u00f3n agradeciendo tambi\u00e9n a las profesoras organizadoras del evento,\u00a0<a href=\"http:\/\/derecho.uc.cl\/es\/profesores\/nomina-por-departamento\/departamento-de-derecho-canonico\/775-celis-brunet-ana-maria\" target=\"_blank\"><span>Ana Mar\u00eda Celis<\/span><\/a>\u00a0y\u00a0<a href=\"http:\/\/derecho.uc.cl\/es\/profesores\/nomina-por-departamento\/departamento-de-derecho-privado\/431-dominguez-hidalgo-carmen-aida\" target=\"_blank\"><span>Carmen Dom\u00ednguez Hidalgo<\/span><\/a>,\u00a0<strong>\u201cya que a trav\u00e9s de su trabajo se demuestra que en la Facultad se mantiene la tradici\u00f3n de reflexionar y defender la justicia, cueste lo que cueste\u201d.<\/strong><\/span><\/p>\n<p><span>A continuaci\u00f3n se dio paso al primer panel del encuentro, en la que se analiz\u00f3 el marco normativo actual y la objeci\u00f3n de conciencia a nivel individual e institucional. Participaron I<strong>gnacio Covarrubias, director del Centro de Justicia Constitucional de la Universidad del Desarrollo y\u00a0<a href=\"http:\/\/derecho.uc.cl\/es\/profesores\/nomina-por-departamento\/departamento-de-derecho-canonico\/645-pimstein-scroggie-maria-elena\" target=\"_blank\"><span>Mar\u00eda Elena Pimstein<\/span><\/a>, secretaria general UC y profesora de Derecho Can\u00f3nico de la misma casa de estudios.<\/strong><\/span><\/p>\n<p><span>El segundo panel, en tanto, analiz\u00f3 la importancia del acompa\u00f1amiento en la mujer a trav\u00e9s de las experiencias de\u00a0<strong>Elisabeth Bunster<\/strong>, directora del\u00a0<a href=\"http:\/\/www.proyectoesperanza.cl\/\" target=\"_blank\"><span>Proyecto Esperanza<\/span><\/a>;\u00a0<strong>Jorge Neira<\/strong>, profesor de la Facultad de Medicina UC y director del programa de cuidados paliativos perinatales Acompa\u00f1ares; y\u00a0<strong>Viviana Massot<\/strong>, profesora adjunta en psicolog\u00eda de la ni\u00f1ez de la Pontificia Universidad Cat\u00f3lica de Argentina. La mesa fue moderada por la profesora UC Carmen Dom\u00ednguez Hidalgo.\u00a0<\/span><\/p>\n<p>\u00a0<\/p>\n<p><em><span>Fuente:\u00a0<a href=\"http:\/\/derecho.uc.cl\/es\/noticias\/19713-seminario-acompanamiento-y-objecion-de-conciencia\">http:\/\/derecho.uc.cl\/es\/noticias\/19713-seminario-acompanamiento-y-objecion-de-conciencia<\/a><\/span><\/em><\/p>\n<\/article>\n","protected":false},"excerpt":{"rendered":"<p>El encuentro analiz\u00f3 los peligros y desaf\u00edos que se desprenden del proyecto de despenalizaci\u00f3n del aborto en tres causales en materia de acompa\u00f1amiento y objeci\u00f3n de conciencia.<\/p>\n","protected":false},"author":1,"featured_media":0,"comment_status":"","ping_status":"","sticky":false,"template":"","format":"standard","meta":{"_acf_changed":false,"footnotes":""},"categories":[1],"tags":[],"class_list":["post-1413","post","type-post","status-publish","format-standard","hentry","category-noticias"],"acf":[],"yoast_head":"<!-- This site is optimized with the Yoast SEO plugin v27.1.1 - https:\/\/yoast.com\/product\/yoast-seo-wordpress\/ -->\n<title>Seminario Acompa\u00f1amiento y Objeci\u00f3n de Conciencia - Centro UC Derecho y Religi\u00f3n<\/title>\n<meta name=\"robots\" content=\"index, follow, max-snippet:-1, max-image-preview:large, max-video-preview:-1\" \/>\n<link rel=\"canonical\" href=\"https:\/\/derechoyreligion-uc.urantiacos.cl\/en\/seminario-acompanamiento-y-objecion-de-conciencia\/\" \/>\n<meta property=\"og:locale\" content=\"en_US\" \/>\n<meta property=\"og:type\" content=\"article\" \/>\n<meta property=\"og:title\" content=\"Seminario Acompa\u00f1amiento y Objeci\u00f3n de Conciencia - Centro UC Derecho y Religi\u00f3n\" \/>\n<meta property=\"og:description\" content=\"El encuentro analiz\u00f3 los peligros y desaf\u00edos que se desprenden del proyecto de despenalizaci\u00f3n del aborto en tres causales en materia de acompa\u00f1amiento y objeci\u00f3n de conciencia.\" \/>\n<meta property=\"og:url\" content=\"https:\/\/derechoyreligion-uc.urantiacos.cl\/en\/seminario-acompanamiento-y-objecion-de-conciencia\/\" \/>\n<meta property=\"og:site_name\" content=\"Centro UC Derecho y Religi\u00f3n\" \/>\n<meta property=\"article:published_time\" content=\"2017-08-18T03:00:00+00:00\" \/>\n<meta name=\"author\" content=\"manadmin\" \/>\n<meta name=\"twitter:card\" content=\"summary_large_image\" \/>\n<meta name=\"twitter:label1\" content=\"Written by\" \/>\n\t<meta name=\"twitter:data1\" content=\"manadmin\" \/>\n\t<meta name=\"twitter:label2\" content=\"Est. reading time\" \/>\n\t<meta name=\"twitter:data2\" content=\"3 minutes\" \/>\n<script type=\"application\/ld+json\" class=\"yoast-schema-graph\">{\"@context\":\"https:\/\/schema.org\",\"@graph\":[{\"@type\":\"Article\",\"@id\":\"https:\/\/derechoyreligion-uc.urantiacos.cl\/en\/seminario-acompanamiento-y-objecion-de-conciencia\/#article\",\"isPartOf\":{\"@id\":\"https:\/\/derechoyreligion-uc.urantiacos.cl\/en\/seminario-acompanamiento-y-objecion-de-conciencia\/\"},\"author\":{\"name\":\"manadmin\",\"@id\":\"https:\/\/derechoyreligion-uc.urantiacos.cl\/en\/#\/schema\/person\/6cc7f593e2f49e3b770a06f63b58e3b1\"},\"headline\":\"Seminario Acompa\u00f1amiento y Objeci\u00f3n de Conciencia\",\"datePublished\":\"2017-08-18T03:00:00+00:00\",\"mainEntityOfPage\":{\"@id\":\"https:\/\/derechoyreligion-uc.urantiacos.cl\/en\/seminario-acompanamiento-y-objecion-de-conciencia\/\"},\"wordCount\":516,\"articleSection\":[\"Noticias\"],\"inLanguage\":\"en-US\"},{\"@type\":\"WebPage\",\"@id\":\"https:\/\/derechoyreligion-uc.urantiacos.cl\/en\/seminario-acompanamiento-y-objecion-de-conciencia\/\",\"url\":\"https:\/\/derechoyreligion-uc.urantiacos.cl\/en\/seminario-acompanamiento-y-objecion-de-conciencia\/\",\"name\":\"Seminario Acompa\u00f1amiento y Objeci\u00f3n de Conciencia - Centro UC Derecho y Religi\u00f3n\",\"isPartOf\":{\"@id\":\"https:\/\/derechoyreligion-uc.urantiacos.cl\/en\/#website\"},\"datePublished\":\"2017-08-18T03:00:00+00:00\",\"author\":{\"@id\":\"https:\/\/derechoyreligion-uc.urantiacos.cl\/en\/#\/schema\/person\/6cc7f593e2f49e3b770a06f63b58e3b1\"},\"breadcrumb\":{\"@id\":\"https:\/\/derechoyreligion-uc.urantiacos.cl\/en\/seminario-acompanamiento-y-objecion-de-conciencia\/#breadcrumb\"},\"inLanguage\":\"en-US\",\"potentialAction\":[{\"@type\":\"ReadAction\",\"target\":[\"https:\/\/derechoyreligion-uc.urantiacos.cl\/en\/seminario-acompanamiento-y-objecion-de-conciencia\/\"]}]},{\"@type\":\"BreadcrumbList\",\"@id\":\"https:\/\/derechoyreligion-uc.urantiacos.cl\/en\/seminario-acompanamiento-y-objecion-de-conciencia\/#breadcrumb\",\"itemListElement\":[{\"@type\":\"ListItem\",\"position\":1,\"name\":\"Portada\",\"item\":\"https:\/\/derechoyreligion-uc.urantiacos.cl\/en\/\"},{\"@type\":\"ListItem\",\"position\":2,\"name\":\"Seminario Acompa\u00f1amiento y Objeci\u00f3n de Conciencia\"}]},{\"@type\":\"WebSite\",\"@id\":\"https:\/\/derechoyreligion-uc.urantiacos.cl\/en\/#website\",\"url\":\"https:\/\/derechoyreligion-uc.urantiacos.cl\/en\/\",\"name\":\"Centro UC Derecho y Religi\u00f3n\",\"description\":\"\",\"potentialAction\":[{\"@type\":\"SearchAction\",\"target\":{\"@type\":\"EntryPoint\",\"urlTemplate\":\"https:\/\/derechoyreligion-uc.urantiacos.cl\/en\/?s={search_term_string}\"},\"query-input\":{\"@type\":\"PropertyValueSpecification\",\"valueRequired\":true,\"valueName\":\"search_term_string\"}}],\"inLanguage\":\"en-US\"},{\"@type\":\"Person\",\"@id\":\"https:\/\/derechoyreligion-uc.urantiacos.cl\/en\/#\/schema\/person\/6cc7f593e2f49e3b770a06f63b58e3b1\",\"name\":\"manadmin\",\"sameAs\":[\"https:\/\/derechoyreligion-uc.urantiacos.cl\"]}]}<\/script>\n<!-- \/ Yoast SEO plugin. -->","yoast_head_json":{"title":"Seminario Acompa\u00f1amiento y Objeci\u00f3n de Conciencia - Centro UC Derecho y Religi\u00f3n","robots":{"index":"index","follow":"follow","max-snippet":"max-snippet:-1","max-image-preview":"max-image-preview:large","max-video-preview":"max-video-preview:-1"},"canonical":"https:\/\/derechoyreligion-uc.urantiacos.cl\/en\/seminario-acompanamiento-y-objecion-de-conciencia\/","og_locale":"en_US","og_type":"article","og_title":"Seminario Acompa\u00f1amiento y Objeci\u00f3n de Conciencia - Centro UC Derecho y Religi\u00f3n","og_description":"El encuentro analiz\u00f3 los peligros y desaf\u00edos que se desprenden del proyecto de despenalizaci\u00f3n del aborto en tres causales en materia de acompa\u00f1amiento y objeci\u00f3n de conciencia.","og_url":"https:\/\/derechoyreligion-uc.urantiacos.cl\/en\/seminario-acompanamiento-y-objecion-de-conciencia\/","og_site_name":"Centro UC Derecho y Religi\u00f3n","article_published_time":"2017-08-18T03:00:00+00:00","author":"manadmin","twitter_card":"summary_large_image","twitter_misc":{"Written by":"manadmin","Est. reading time":"3 minutes"},"schema":{"@context":"https:\/\/schema.org","@graph":[{"@type":"Article","@id":"https:\/\/derechoyreligion-uc.urantiacos.cl\/en\/seminario-acompanamiento-y-objecion-de-conciencia\/#article","isPartOf":{"@id":"https:\/\/derechoyreligion-uc.urantiacos.cl\/en\/seminario-acompanamiento-y-objecion-de-conciencia\/"},"author":{"name":"manadmin","@id":"https:\/\/derechoyreligion-uc.urantiacos.cl\/en\/#\/schema\/person\/6cc7f593e2f49e3b770a06f63b58e3b1"},"headline":"Seminario Acompa\u00f1amiento y Objeci\u00f3n de Conciencia","datePublished":"2017-08-18T03:00:00+00:00","mainEntityOfPage":{"@id":"https:\/\/derechoyreligion-uc.urantiacos.cl\/en\/seminario-acompanamiento-y-objecion-de-conciencia\/"},"wordCount":516,"articleSection":["Noticias"],"inLanguage":"en-US"},{"@type":"WebPage","@id":"https:\/\/derechoyreligion-uc.urantiacos.cl\/en\/seminario-acompanamiento-y-objecion-de-conciencia\/","url":"https:\/\/derechoyreligion-uc.urantiacos.cl\/en\/seminario-acompanamiento-y-objecion-de-conciencia\/","name":"Seminario Acompa\u00f1amiento y Objeci\u00f3n de Conciencia - Centro UC Derecho y Religi\u00f3n","isPartOf":{"@id":"https:\/\/derechoyreligion-uc.urantiacos.cl\/en\/#website"},"datePublished":"2017-08-18T03:00:00+00:00","author":{"@id":"https:\/\/derechoyreligion-uc.urantiacos.cl\/en\/#\/schema\/person\/6cc7f593e2f49e3b770a06f63b58e3b1"},"breadcrumb":{"@id":"https:\/\/derechoyreligion-uc.urantiacos.cl\/en\/seminario-acompanamiento-y-objecion-de-conciencia\/#breadcrumb"},"inLanguage":"en-US","potentialAction":[{"@type":"ReadAction","target":["https:\/\/derechoyreligion-uc.urantiacos.cl\/en\/seminario-acompanamiento-y-objecion-de-conciencia\/"]}]},{"@type":"BreadcrumbList","@id":"https:\/\/derechoyreligion-uc.urantiacos.cl\/en\/seminario-acompanamiento-y-objecion-de-conciencia\/#breadcrumb","itemListElement":[{"@type":"ListItem","position":1,"name":"Portada","item":"https:\/\/derechoyreligion-uc.urantiacos.cl\/en\/"},{"@type":"ListItem","position":2,"name":"Seminario Acompa\u00f1amiento y Objeci\u00f3n de Conciencia"}]},{"@type":"WebSite","@id":"https:\/\/derechoyreligion-uc.urantiacos.cl\/en\/#website","url":"https:\/\/derechoyreligion-uc.urantiacos.cl\/en\/","name":"Centro UC Derecho y Religi\u00f3n","description":"","potentialAction":[{"@type":"SearchAction","target":{"@type":"EntryPoint","urlTemplate":"https:\/\/derechoyreligion-uc.urantiacos.cl\/en\/?s={search_term_string}"},"query-input":{"@type":"PropertyValueSpecification","valueRequired":true,"valueName":"search_term_string"}}],"inLanguage":"en-US"},{"@type":"Person","@id":"https:\/\/derechoyreligion-uc.urantiacos.cl\/en\/#\/schema\/person\/6cc7f593e2f49e3b770a06f63b58e3b1","name":"manadmin","sameAs":["https:\/\/derechoyreligion-uc.urantiacos.cl"]}]}},"_links":{"self":[{"href":"https:\/\/derechoyreligion-uc.urantiacos.cl\/en\/wp-json\/wp\/v2\/posts\/1413","targetHints":{"allow":["GET"]}}],"collection":[{"href":"https:\/\/derechoyreligion-uc.urantiacos.cl\/en\/wp-json\/wp\/v2\/posts"}],"about":[{"href":"https:\/\/derechoyreligion-uc.urantiacos.cl\/en\/wp-json\/wp\/v2\/types\/post"}],"author":[{"embeddable":true,"href":"https:\/\/derechoyreligion-uc.urantiacos.cl\/en\/wp-json\/wp\/v2\/users\/1"}],"replies":[{"embeddable":true,"href":"https:\/\/derechoyreligion-uc.urantiacos.cl\/en\/wp-json\/wp\/v2\/comments?post=1413"}],"version-history":[{"count":0,"href":"https:\/\/derechoyreligion-uc.urantiacos.cl\/en\/wp-json\/wp\/v2\/posts\/1413\/revisions"}],"wp:attachment":[{"href":"https:\/\/derechoyreligion-uc.urantiacos.cl\/en\/wp-json\/wp\/v2\/media?parent=1413"}],"wp:term":[{"taxonomy":"category","embeddable":true,"href":"https:\/\/derechoyreligion-uc.urantiacos.cl\/en\/wp-json\/wp\/v2\/categories?post=1413"},{"taxonomy":"post_tag","embeddable":true,"href":"https:\/\/derechoyreligion-uc.urantiacos.cl\/en\/wp-json\/wp\/v2\/tags?post=1413"}],"curies":[{"name":"wp","href":"https:\/\/api.w.org\/{rel}","templated":true}]}}