
{"id":1412,"date":"2017-08-25T00:00:00","date_gmt":"2017-08-25T03:00:00","guid":{"rendered":"https:\/\/derechoyreligion-uc.urantiacos.cl\/presentacion-del-libro-el-control-de-convencionalidad-un-balance-a-10-anos-de-almonacid-arellano-vs-chile\/"},"modified":"2017-08-25T00:00:00","modified_gmt":"2017-08-25T03:00:00","slug":"presentacion-del-libro-el-control-de-convencionalidad-un-balance-a-10-anos-de-almonacid-arellano-vs-chile","status":"publish","type":"post","link":"https:\/\/derechoyreligion-uc.urantiacos.cl\/en\/presentacion-del-libro-el-control-de-convencionalidad-un-balance-a-10-anos-de-almonacid-arellano-vs-chile\/","title":{"rendered":"Presentaci\u00f3n del libro \u201cEl control de convencionalidad: un balance a 10 a\u00f1os de Almonacid Arellano vs. Chile\u201d"},"content":{"rendered":"<article>\n<span><br \/>\n<\/span><\/p>\n<p><span>SANTIAGO &#8211; Los miembros del Centro UC Derecho y Religi\u00f3n Ren\u00e9 Cort\u00ednez S.J., Paulina Eyzaguirre y Bego\u00f1a Jugo asistieron a la presentaci\u00f3n del libro \u201c<em>El control de convencionalidad: un balance a 10 a\u00f1os de Almonacid Arellano vs. Chile<\/em>\u201d del cual son co-autores algunos profesores del Departamento de Derecho P\u00fablico de la Universidad Alberto Hurtado, el que se realiz\u00f3 el 22 de agosto de 2017 en la Facultad de Derecho de dicha Universidad.<\/span><\/p>\n<p><span><img decoding=\"async\" alt=\"RCBJyPE UAH\" src=\"https:\/\/derechoyreligion-uc.urantiacos.cl\/wp-content\/uploads\/imagenes\/RCBJyPE_UAH.jpeg\"\/><\/span><\/p>\n<p><span>En la oportunidad, el Director del Instituto Max Planck de Derecho P\u00fablico Comparado y Derecho Internacional, profesor Armin von Bogdandy, dict\u00f3 la conferencia \u201cEl <em>Ius Constitutionale Commune<\/em>: la idea y el proyecto.<\/span><\/p>\n<p><span><img decoding=\"async\" alt=\"RCyBJ UAH\" src=\"https:\/\/derechoyreligion-uc.urantiacos.cl\/wp-content\/uploads\/imagenes\/RCyBJ_UAH.jpeg\"\/><\/span><\/p>\n<\/article>\n","protected":false},"excerpt":{"rendered":"<p>SANTIAGO &#8211; Los miembros del Centro UC Derecho y Religi\u00f3n Ren\u00e9 Cort\u00ednez S.J., Paulina Eyzaguirre y Bego\u00f1a Jugo asistieron a la presentaci\u00f3n del libro \u201cEl control de convencionalidad: un balance a 10 a\u00f1os de Almonacid Arellano vs. Chile\u201d del cual son co-autores algunos profesores del Departamento de Derecho P\u00fablico de la Universidad Alberto Hurtado, el que se realiz\u00f3 el 22 de agosto de 2017 en la Facultad de Derecho de dicha Universidad.<\/p>\n","protected":false},"author":1,"featured_media":1555,"comment_status":"","ping_status":"","sticky":false,"template":"","format":"standard","meta":{"_acf_changed":false,"footnotes":""},"categories":[1],"tags":[],"class_list":["post-1412","post","type-post","status-publish","format-standard","has-post-thumbnail","hentry","category-noticias"],"acf":[],"yoast_head":"<!-- This site is optimized with the Yoast SEO plugin v27.1.1 - https:\/\/yoast.com\/product\/yoast-seo-wordpress\/ -->\n<title>Presentaci\u00f3n del libro \u201cEl control de convencionalidad: un balance a 10 a\u00f1os de Almonacid Arellano vs. Chile\u201d - Centro UC Derecho y Religi\u00f3n<\/title>\n<meta name=\"robots\" content=\"index, follow, max-snippet:-1, max-image-preview:large, max-video-preview:-1\" \/>\n<link rel=\"canonical\" href=\"https:\/\/derechoyreligion-uc.urantiacos.cl\/en\/presentacion-del-libro-el-control-de-convencionalidad-un-balance-a-10-anos-de-almonacid-arellano-vs-chile\/\" \/>\n<meta property=\"og:locale\" content=\"en_US\" \/>\n<meta property=\"og:type\" content=\"article\" \/>\n<meta property=\"og:title\" content=\"Presentaci\u00f3n del libro \u201cEl control de convencionalidad: un balance a 10 a\u00f1os de Almonacid Arellano vs. Chile\u201d - Centro UC Derecho y Religi\u00f3n\" \/>\n<meta property=\"og:description\" content=\"SANTIAGO - Los miembros del Centro UC Derecho y Religi\u00f3n Ren\u00e9 Cort\u00ednez S.J., Paulina Eyzaguirre y Bego\u00f1a Jugo asistieron a la presentaci\u00f3n del libro \u201cEl control de convencionalidad: un balance a 10 a\u00f1os de Almonacid Arellano vs. Chile\u201d del cual son co-autores algunos profesores del Departamento de Derecho P\u00fablico de la Universidad Alberto Hurtado, el que se realiz\u00f3 el 22 de agosto de 2017 en la Facultad de Derecho de dicha Universidad.\" \/>\n<meta property=\"og:url\" content=\"https:\/\/derechoyreligion-uc.urantiacos.cl\/en\/presentacion-del-libro-el-control-de-convencionalidad-un-balance-a-10-anos-de-almonacid-arellano-vs-chile\/\" \/>\n<meta property=\"og:site_name\" content=\"Centro UC Derecho y Religi\u00f3n\" \/>\n<meta property=\"article:published_time\" content=\"2017-08-25T03:00:00+00:00\" \/>\n<meta property=\"og:image\" content=\"https:\/\/derechoyreligion-uc.urantiacos.cl\/wp-content\/uploads\/2025\/10\/RCBJyPE_UAH.jpeg\" \/>\n\t<meta property=\"og:image:width\" content=\"640\" \/>\n\t<meta property=\"og:image:height\" content=\"427\" \/>\n\t<meta property=\"og:image:type\" content=\"image\/jpeg\" \/>\n<meta name=\"author\" content=\"manadmin\" \/>\n<meta name=\"twitter:card\" content=\"summary_large_image\" \/>\n<meta name=\"twitter:label1\" content=\"Written by\" \/>\n\t<meta name=\"twitter:data1\" content=\"manadmin\" \/>\n\t<meta name=\"twitter:label2\" content=\"Est. reading time\" \/>\n\t<meta name=\"twitter:data2\" content=\"1 minute\" \/>\n<script type=\"application\/ld+json\" class=\"yoast-schema-graph\">{\"@context\":\"https:\/\/schema.org\",\"@graph\":[{\"@type\":\"Article\",\"@id\":\"https:\/\/derechoyreligion-uc.urantiacos.cl\/en\/presentacion-del-libro-el-control-de-convencionalidad-un-balance-a-10-anos-de-almonacid-arellano-vs-chile\/#article\",\"isPartOf\":{\"@id\":\"https:\/\/derechoyreligion-uc.urantiacos.cl\/en\/presentacion-del-libro-el-control-de-convencionalidad-un-balance-a-10-anos-de-almonacid-arellano-vs-chile\/\"},\"author\":{\"name\":\"manadmin\",\"@id\":\"https:\/\/derechoyreligion-uc.urantiacos.cl\/en\/#\/schema\/person\/6cc7f593e2f49e3b770a06f63b58e3b1\"},\"headline\":\"Presentaci\u00f3n del libro \u201cEl control de convencionalidad: un balance a 10 a\u00f1os de Almonacid Arellano vs. Chile\u201d\",\"datePublished\":\"2017-08-25T03:00:00+00:00\",\"mainEntityOfPage\":{\"@id\":\"https:\/\/derechoyreligion-uc.urantiacos.cl\/en\/presentacion-del-libro-el-control-de-convencionalidad-un-balance-a-10-anos-de-almonacid-arellano-vs-chile\/\"},\"wordCount\":127,\"image\":{\"@id\":\"https:\/\/derechoyreligion-uc.urantiacos.cl\/en\/presentacion-del-libro-el-control-de-convencionalidad-un-balance-a-10-anos-de-almonacid-arellano-vs-chile\/#primaryimage\"},\"thumbnailUrl\":\"https:\/\/derechoyreligion-uc.urantiacos.cl\/wp-content\/uploads\/2025\/10\/RCBJyPE_UAH.jpeg\",\"articleSection\":[\"Noticias\"],\"inLanguage\":\"en-US\"},{\"@type\":\"WebPage\",\"@id\":\"https:\/\/derechoyreligion-uc.urantiacos.cl\/en\/presentacion-del-libro-el-control-de-convencionalidad-un-balance-a-10-anos-de-almonacid-arellano-vs-chile\/\",\"url\":\"https:\/\/derechoyreligion-uc.urantiacos.cl\/en\/presentacion-del-libro-el-control-de-convencionalidad-un-balance-a-10-anos-de-almonacid-arellano-vs-chile\/\",\"name\":\"Presentaci\u00f3n del libro \u201cEl control de convencionalidad: un balance a 10 a\u00f1os de Almonacid Arellano vs. Chile\u201d - Centro UC Derecho y Religi\u00f3n\",\"isPartOf\":{\"@id\":\"https:\/\/derechoyreligion-uc.urantiacos.cl\/en\/#website\"},\"primaryImageOfPage\":{\"@id\":\"https:\/\/derechoyreligion-uc.urantiacos.cl\/en\/presentacion-del-libro-el-control-de-convencionalidad-un-balance-a-10-anos-de-almonacid-arellano-vs-chile\/#primaryimage\"},\"image\":{\"@id\":\"https:\/\/derechoyreligion-uc.urantiacos.cl\/en\/presentacion-del-libro-el-control-de-convencionalidad-un-balance-a-10-anos-de-almonacid-arellano-vs-chile\/#primaryimage\"},\"thumbnailUrl\":\"https:\/\/derechoyreligion-uc.urantiacos.cl\/wp-content\/uploads\/2025\/10\/RCBJyPE_UAH.jpeg\",\"datePublished\":\"2017-08-25T03:00:00+00:00\",\"author\":{\"@id\":\"https:\/\/derechoyreligion-uc.urantiacos.cl\/en\/#\/schema\/person\/6cc7f593e2f49e3b770a06f63b58e3b1\"},\"breadcrumb\":{\"@id\":\"https:\/\/derechoyreligion-uc.urantiacos.cl\/en\/presentacion-del-libro-el-control-de-convencionalidad-un-balance-a-10-anos-de-almonacid-arellano-vs-chile\/#breadcrumb\"},\"inLanguage\":\"en-US\",\"potentialAction\":[{\"@type\":\"ReadAction\",\"target\":[\"https:\/\/derechoyreligion-uc.urantiacos.cl\/en\/presentacion-del-libro-el-control-de-convencionalidad-un-balance-a-10-anos-de-almonacid-arellano-vs-chile\/\"]}]},{\"@type\":\"ImageObject\",\"inLanguage\":\"en-US\",\"@id\":\"https:\/\/derechoyreligion-uc.urantiacos.cl\/en\/presentacion-del-libro-el-control-de-convencionalidad-un-balance-a-10-anos-de-almonacid-arellano-vs-chile\/#primaryimage\",\"url\":\"https:\/\/derechoyreligion-uc.urantiacos.cl\/wp-content\/uploads\/2025\/10\/RCBJyPE_UAH.jpeg\",\"contentUrl\":\"https:\/\/derechoyreligion-uc.urantiacos.cl\/wp-content\/uploads\/2025\/10\/RCBJyPE_UAH.jpeg\",\"width\":640,\"height\":427},{\"@type\":\"BreadcrumbList\",\"@id\":\"https:\/\/derechoyreligion-uc.urantiacos.cl\/en\/presentacion-del-libro-el-control-de-convencionalidad-un-balance-a-10-anos-de-almonacid-arellano-vs-chile\/#breadcrumb\",\"itemListElement\":[{\"@type\":\"ListItem\",\"position\":1,\"name\":\"Portada\",\"item\":\"https:\/\/derechoyreligion-uc.urantiacos.cl\/en\/\"},{\"@type\":\"ListItem\",\"position\":2,\"name\":\"Presentaci\u00f3n del libro \u201cEl control de convencionalidad: un balance a 10 a\u00f1os de Almonacid Arellano vs. Chile\u201d\"}]},{\"@type\":\"WebSite\",\"@id\":\"https:\/\/derechoyreligion-uc.urantiacos.cl\/en\/#website\",\"url\":\"https:\/\/derechoyreligion-uc.urantiacos.cl\/en\/\",\"name\":\"Centro UC Derecho y Religi\u00f3n\",\"description\":\"\",\"potentialAction\":[{\"@type\":\"SearchAction\",\"target\":{\"@type\":\"EntryPoint\",\"urlTemplate\":\"https:\/\/derechoyreligion-uc.urantiacos.cl\/en\/?s={search_term_string}\"},\"query-input\":{\"@type\":\"PropertyValueSpecification\",\"valueRequired\":true,\"valueName\":\"search_term_string\"}}],\"inLanguage\":\"en-US\"},{\"@type\":\"Person\",\"@id\":\"https:\/\/derechoyreligion-uc.urantiacos.cl\/en\/#\/schema\/person\/6cc7f593e2f49e3b770a06f63b58e3b1\",\"name\":\"manadmin\",\"sameAs\":[\"https:\/\/derechoyreligion-uc.urantiacos.cl\"]}]}<\/script>\n<!-- \/ Yoast SEO plugin. -->","yoast_head_json":{"title":"Presentaci\u00f3n del libro \u201cEl control de convencionalidad: un balance a 10 a\u00f1os de Almonacid Arellano vs. Chile\u201d - Centro UC Derecho y Religi\u00f3n","robots":{"index":"index","follow":"follow","max-snippet":"max-snippet:-1","max-image-preview":"max-image-preview:large","max-video-preview":"max-video-preview:-1"},"canonical":"https:\/\/derechoyreligion-uc.urantiacos.cl\/en\/presentacion-del-libro-el-control-de-convencionalidad-un-balance-a-10-anos-de-almonacid-arellano-vs-chile\/","og_locale":"en_US","og_type":"article","og_title":"Presentaci\u00f3n del libro \u201cEl control de convencionalidad: un balance a 10 a\u00f1os de Almonacid Arellano vs. Chile\u201d - Centro UC Derecho y Religi\u00f3n","og_description":"SANTIAGO - Los miembros del Centro UC Derecho y Religi\u00f3n Ren\u00e9 Cort\u00ednez S.J., Paulina Eyzaguirre y Bego\u00f1a Jugo asistieron a la presentaci\u00f3n del libro \u201cEl control de convencionalidad: un balance a 10 a\u00f1os de Almonacid Arellano vs. Chile\u201d del cual son co-autores algunos profesores del Departamento de Derecho P\u00fablico de la Universidad Alberto Hurtado, el que se realiz\u00f3 el 22 de agosto de 2017 en la Facultad de Derecho de dicha Universidad.","og_url":"https:\/\/derechoyreligion-uc.urantiacos.cl\/en\/presentacion-del-libro-el-control-de-convencionalidad-un-balance-a-10-anos-de-almonacid-arellano-vs-chile\/","og_site_name":"Centro UC Derecho y Religi\u00f3n","article_published_time":"2017-08-25T03:00:00+00:00","og_image":[{"width":640,"height":427,"url":"https:\/\/derechoyreligion-uc.urantiacos.cl\/wp-content\/uploads\/2025\/10\/RCBJyPE_UAH.jpeg","type":"image\/jpeg"}],"author":"manadmin","twitter_card":"summary_large_image","twitter_misc":{"Written by":"manadmin","Est. reading time":"1 minute"},"schema":{"@context":"https:\/\/schema.org","@graph":[{"@type":"Article","@id":"https:\/\/derechoyreligion-uc.urantiacos.cl\/en\/presentacion-del-libro-el-control-de-convencionalidad-un-balance-a-10-anos-de-almonacid-arellano-vs-chile\/#article","isPartOf":{"@id":"https:\/\/derechoyreligion-uc.urantiacos.cl\/en\/presentacion-del-libro-el-control-de-convencionalidad-un-balance-a-10-anos-de-almonacid-arellano-vs-chile\/"},"author":{"name":"manadmin","@id":"https:\/\/derechoyreligion-uc.urantiacos.cl\/en\/#\/schema\/person\/6cc7f593e2f49e3b770a06f63b58e3b1"},"headline":"Presentaci\u00f3n del libro \u201cEl control de convencionalidad: un balance a 10 a\u00f1os de Almonacid Arellano vs. Chile\u201d","datePublished":"2017-08-25T03:00:00+00:00","mainEntityOfPage":{"@id":"https:\/\/derechoyreligion-uc.urantiacos.cl\/en\/presentacion-del-libro-el-control-de-convencionalidad-un-balance-a-10-anos-de-almonacid-arellano-vs-chile\/"},"wordCount":127,"image":{"@id":"https:\/\/derechoyreligion-uc.urantiacos.cl\/en\/presentacion-del-libro-el-control-de-convencionalidad-un-balance-a-10-anos-de-almonacid-arellano-vs-chile\/#primaryimage"},"thumbnailUrl":"https:\/\/derechoyreligion-uc.urantiacos.cl\/wp-content\/uploads\/2025\/10\/RCBJyPE_UAH.jpeg","articleSection":["Noticias"],"inLanguage":"en-US"},{"@type":"WebPage","@id":"https:\/\/derechoyreligion-uc.urantiacos.cl\/en\/presentacion-del-libro-el-control-de-convencionalidad-un-balance-a-10-anos-de-almonacid-arellano-vs-chile\/","url":"https:\/\/derechoyreligion-uc.urantiacos.cl\/en\/presentacion-del-libro-el-control-de-convencionalidad-un-balance-a-10-anos-de-almonacid-arellano-vs-chile\/","name":"Presentaci\u00f3n del libro \u201cEl control de convencionalidad: un balance a 10 a\u00f1os de Almonacid Arellano vs. Chile\u201d - Centro UC Derecho y Religi\u00f3n","isPartOf":{"@id":"https:\/\/derechoyreligion-uc.urantiacos.cl\/en\/#website"},"primaryImageOfPage":{"@id":"https:\/\/derechoyreligion-uc.urantiacos.cl\/en\/presentacion-del-libro-el-control-de-convencionalidad-un-balance-a-10-anos-de-almonacid-arellano-vs-chile\/#primaryimage"},"image":{"@id":"https:\/\/derechoyreligion-uc.urantiacos.cl\/en\/presentacion-del-libro-el-control-de-convencionalidad-un-balance-a-10-anos-de-almonacid-arellano-vs-chile\/#primaryimage"},"thumbnailUrl":"https:\/\/derechoyreligion-uc.urantiacos.cl\/wp-content\/uploads\/2025\/10\/RCBJyPE_UAH.jpeg","datePublished":"2017-08-25T03:00:00+00:00","author":{"@id":"https:\/\/derechoyreligion-uc.urantiacos.cl\/en\/#\/schema\/person\/6cc7f593e2f49e3b770a06f63b58e3b1"},"breadcrumb":{"@id":"https:\/\/derechoyreligion-uc.urantiacos.cl\/en\/presentacion-del-libro-el-control-de-convencionalidad-un-balance-a-10-anos-de-almonacid-arellano-vs-chile\/#breadcrumb"},"inLanguage":"en-US","potentialAction":[{"@type":"ReadAction","target":["https:\/\/derechoyreligion-uc.urantiacos.cl\/en\/presentacion-del-libro-el-control-de-convencionalidad-un-balance-a-10-anos-de-almonacid-arellano-vs-chile\/"]}]},{"@type":"ImageObject","inLanguage":"en-US","@id":"https:\/\/derechoyreligion-uc.urantiacos.cl\/en\/presentacion-del-libro-el-control-de-convencionalidad-un-balance-a-10-anos-de-almonacid-arellano-vs-chile\/#primaryimage","url":"https:\/\/derechoyreligion-uc.urantiacos.cl\/wp-content\/uploads\/2025\/10\/RCBJyPE_UAH.jpeg","contentUrl":"https:\/\/derechoyreligion-uc.urantiacos.cl\/wp-content\/uploads\/2025\/10\/RCBJyPE_UAH.jpeg","width":640,"height":427},{"@type":"BreadcrumbList","@id":"https:\/\/derechoyreligion-uc.urantiacos.cl\/en\/presentacion-del-libro-el-control-de-convencionalidad-un-balance-a-10-anos-de-almonacid-arellano-vs-chile\/#breadcrumb","itemListElement":[{"@type":"ListItem","position":1,"name":"Portada","item":"https:\/\/derechoyreligion-uc.urantiacos.cl\/en\/"},{"@type":"ListItem","position":2,"name":"Presentaci\u00f3n del libro \u201cEl control de convencionalidad: un balance a 10 a\u00f1os de Almonacid Arellano vs. Chile\u201d"}]},{"@type":"WebSite","@id":"https:\/\/derechoyreligion-uc.urantiacos.cl\/en\/#website","url":"https:\/\/derechoyreligion-uc.urantiacos.cl\/en\/","name":"Centro UC Derecho y Religi\u00f3n","description":"","potentialAction":[{"@type":"SearchAction","target":{"@type":"EntryPoint","urlTemplate":"https:\/\/derechoyreligion-uc.urantiacos.cl\/en\/?s={search_term_string}"},"query-input":{"@type":"PropertyValueSpecification","valueRequired":true,"valueName":"search_term_string"}}],"inLanguage":"en-US"},{"@type":"Person","@id":"https:\/\/derechoyreligion-uc.urantiacos.cl\/en\/#\/schema\/person\/6cc7f593e2f49e3b770a06f63b58e3b1","name":"manadmin","sameAs":["https:\/\/derechoyreligion-uc.urantiacos.cl"]}]}},"_links":{"self":[{"href":"https:\/\/derechoyreligion-uc.urantiacos.cl\/en\/wp-json\/wp\/v2\/posts\/1412","targetHints":{"allow":["GET"]}}],"collection":[{"href":"https:\/\/derechoyreligion-uc.urantiacos.cl\/en\/wp-json\/wp\/v2\/posts"}],"about":[{"href":"https:\/\/derechoyreligion-uc.urantiacos.cl\/en\/wp-json\/wp\/v2\/types\/post"}],"author":[{"embeddable":true,"href":"https:\/\/derechoyreligion-uc.urantiacos.cl\/en\/wp-json\/wp\/v2\/users\/1"}],"replies":[{"embeddable":true,"href":"https:\/\/derechoyreligion-uc.urantiacos.cl\/en\/wp-json\/wp\/v2\/comments?post=1412"}],"version-history":[{"count":0,"href":"https:\/\/derechoyreligion-uc.urantiacos.cl\/en\/wp-json\/wp\/v2\/posts\/1412\/revisions"}],"wp:featuredmedia":[{"embeddable":true,"href":"https:\/\/derechoyreligion-uc.urantiacos.cl\/en\/wp-json\/wp\/v2\/media\/1555"}],"wp:attachment":[{"href":"https:\/\/derechoyreligion-uc.urantiacos.cl\/en\/wp-json\/wp\/v2\/media?parent=1412"}],"wp:term":[{"taxonomy":"category","embeddable":true,"href":"https:\/\/derechoyreligion-uc.urantiacos.cl\/en\/wp-json\/wp\/v2\/categories?post=1412"},{"taxonomy":"post_tag","embeddable":true,"href":"https:\/\/derechoyreligion-uc.urantiacos.cl\/en\/wp-json\/wp\/v2\/tags?post=1412"}],"curies":[{"name":"wp","href":"https:\/\/api.w.org\/{rel}","templated":true}]}}