
{"id":1411,"date":"2017-08-24T00:00:00","date_gmt":"2017-08-24T03:00:00","guid":{"rendered":"https:\/\/derechoyreligion-uc.urantiacos.cl\/profesora-ana-maria-celis-participa-en-8th-world-congress-for-religious-freedom\/"},"modified":"2017-08-24T00:00:00","modified_gmt":"2017-08-24T03:00:00","slug":"profesora-ana-maria-celis-participa-en-8th-world-congress-for-religious-freedom","status":"publish","type":"post","link":"https:\/\/derechoyreligion-uc.urantiacos.cl\/en\/profesora-ana-maria-celis-participa-en-8th-world-congress-for-religious-freedom\/","title":{"rendered":"Profesora Ana Mar\u00eda Celis participa en 8th World Congress for Religious Freedom"},"content":{"rendered":"<article>\n<span><br \/>\n<\/span><\/p>\n<p>FORT LAUDERDALE &#8211;\u00a0La Directora del Centro UC Derecho y Religi\u00f3n, profesora Ana Mar\u00eda Celis particip\u00f3 como expositora en el 8\u00b0 Congreso Mundial de Libertad Religiosa realizada entre los d\u00edas 22 y 24 de junio de 2017, en Fort Lauderdale, Florida, Estados Unidos.\u00a0<\/p>\n<div>\u00a0<img decoding=\"async\" alt=\"35959655513 136d7941b4 z\" src=\"https:\/\/derechoyreligion-uc.urantiacos.cl\/wp-content\/uploads\/imagenes\/35959655513_136d7941b4_z.jpg\"\/><\/div>\n<div>\u00a0<\/div>\n<div>Entre los 700 asistentes, participaron m\u00e1s de 40 renombrados acad\u00e9micos, abogados, autoridades oficiales y l\u00edderes religiosos de m\u00e1s de 20 nacionalidades.\u00a0<\/div>\n<div>\u00a0<\/div>\n<div>El Congreso abord\u00f3 la situaci\u00f3n actual de la libertad religiosa y se centr\u00f3 es dos aspectos fundamentales: su promoci\u00f3n (medios y m\u00e9todos, tolerancia y solidaridad) y la paz y la libertad religiosa (libertad religiosa como incentivo a la paz, como un camino y logro a la paz, paz sostenible, modelos de coexistencia pac\u00edfica).<\/div>\n<div>\u00a0<\/div>\n<div><img decoding=\"async\" alt=\"F Lauderdale 2\" src=\"https:\/\/derechoyreligion-uc.urantiacos.cl\/wp-content\/uploads\/imagenes\/F_Lauderdale_2.jpg\"\/><\/div>\n<div>\u00a0<\/div>\n<div>\n<p><span>El mi\u00e9rcoles 23 de agosto la profesora Celis expuso en la sesi\u00f3n plenaria <em>Freedom of Religion and Hope for Peaceul Co-existence<\/em>, sobre el tema \u201cModels of peaceful coexistence, a Latin America perspective\u201d. Tambi\u00e9n particip\u00f3 en la sesi\u00f3n paralela <em>Freedom of Religion or Belief and national Security: a Regional Analysis, <\/em>con el tema \u201cConflictos de derechos y el estado de la libertad religiosa en Am\u00e9rica Latina\u201d.<\/span><\/p>\n<\/div>\n<div>\u00a0<\/div>\n<div><em>Para revisar la galer\u00eda de im\u00e1genes visite:\u00a0<span><a href=\"https:\/\/www.flickr.com\/photos\/adventistnewsnetwork\/albums\/72157688005686405\" target=\"_blank\"><span>https:\/\/www.flickr.com\/photos\/adventistnewsnetwork\/albums\/72157688005686405<\/span><\/a><\/span><\/em><span><\/p>\n<p> <\/span><\/div>\n<div>\u00a0<\/div>\n<\/article>\n","protected":false},"excerpt":{"rendered":"<p>FORT LAUDERDALE &#8211;\u00a0La Directora del Centro UC Derecho y Religi\u00f3n, profesora Ana Mar\u00eda Celis particip\u00f3 como expositora en el 8\u00b0 Congreso Mundial de Libertad Religiosa realizada entre los d\u00edas 22 y 24 de junio de 2017, en Fort Lauderdale, Florida, Estados Unidos.<\/p>\n","protected":false},"author":1,"featured_media":1556,"comment_status":"","ping_status":"","sticky":false,"template":"","format":"standard","meta":{"_acf_changed":false,"footnotes":""},"categories":[1],"tags":[],"class_list":["post-1411","post","type-post","status-publish","format-standard","has-post-thumbnail","hentry","category-noticias"],"acf":[],"yoast_head":"<!-- This site is optimized with the Yoast SEO plugin v27.1.1 - https:\/\/yoast.com\/product\/yoast-seo-wordpress\/ -->\n<title>Profesora Ana Mar\u00eda Celis participa en 8th World Congress for Religious Freedom - Centro UC Derecho y Religi\u00f3n<\/title>\n<meta name=\"robots\" content=\"index, follow, max-snippet:-1, max-image-preview:large, max-video-preview:-1\" \/>\n<link rel=\"canonical\" href=\"https:\/\/derechoyreligion-uc.urantiacos.cl\/en\/profesora-ana-maria-celis-participa-en-8th-world-congress-for-religious-freedom\/\" \/>\n<meta property=\"og:locale\" content=\"en_US\" \/>\n<meta property=\"og:type\" content=\"article\" \/>\n<meta property=\"og:title\" content=\"Profesora Ana Mar\u00eda Celis participa en 8th World Congress for Religious Freedom - Centro UC Derecho y Religi\u00f3n\" \/>\n<meta property=\"og:description\" content=\"FORT LAUDERDALE -\u00a0La Directora del Centro UC Derecho y Religi\u00f3n, profesora Ana Mar\u00eda Celis particip\u00f3 como expositora en el 8\u00b0 Congreso Mundial de Libertad Religiosa realizada entre los d\u00edas 22 y 24 de junio de 2017, en Fort Lauderdale, Florida, Estados Unidos.\" \/>\n<meta property=\"og:url\" content=\"https:\/\/derechoyreligion-uc.urantiacos.cl\/en\/profesora-ana-maria-celis-participa-en-8th-world-congress-for-religious-freedom\/\" \/>\n<meta property=\"og:site_name\" content=\"Centro UC Derecho y Religi\u00f3n\" \/>\n<meta property=\"article:published_time\" content=\"2017-08-24T03:00:00+00:00\" \/>\n<meta property=\"og:image\" content=\"https:\/\/derechoyreligion-uc.urantiacos.cl\/wp-content\/uploads\/2025\/10\/35959655513_136d7941b4_z.jpg\" \/>\n\t<meta property=\"og:image:width\" content=\"640\" \/>\n\t<meta property=\"og:image:height\" content=\"427\" \/>\n\t<meta property=\"og:image:type\" content=\"image\/jpeg\" \/>\n<meta name=\"author\" content=\"manadmin\" \/>\n<meta name=\"twitter:card\" content=\"summary_large_image\" \/>\n<meta name=\"twitter:label1\" content=\"Written by\" \/>\n\t<meta name=\"twitter:data1\" content=\"manadmin\" \/>\n\t<meta name=\"twitter:label2\" content=\"Est. reading time\" \/>\n\t<meta name=\"twitter:data2\" content=\"1 minute\" \/>\n<script type=\"application\/ld+json\" class=\"yoast-schema-graph\">{\"@context\":\"https:\/\/schema.org\",\"@graph\":[{\"@type\":\"Article\",\"@id\":\"https:\/\/derechoyreligion-uc.urantiacos.cl\/en\/profesora-ana-maria-celis-participa-en-8th-world-congress-for-religious-freedom\/#article\",\"isPartOf\":{\"@id\":\"https:\/\/derechoyreligion-uc.urantiacos.cl\/en\/profesora-ana-maria-celis-participa-en-8th-world-congress-for-religious-freedom\/\"},\"author\":{\"name\":\"manadmin\",\"@id\":\"https:\/\/derechoyreligion-uc.urantiacos.cl\/en\/#\/schema\/person\/6cc7f593e2f49e3b770a06f63b58e3b1\"},\"headline\":\"Profesora Ana Mar\u00eda Celis participa en 8th World Congress for Religious Freedom\",\"datePublished\":\"2017-08-24T03:00:00+00:00\",\"mainEntityOfPage\":{\"@id\":\"https:\/\/derechoyreligion-uc.urantiacos.cl\/en\/profesora-ana-maria-celis-participa-en-8th-world-congress-for-religious-freedom\/\"},\"wordCount\":219,\"image\":{\"@id\":\"https:\/\/derechoyreligion-uc.urantiacos.cl\/en\/profesora-ana-maria-celis-participa-en-8th-world-congress-for-religious-freedom\/#primaryimage\"},\"thumbnailUrl\":\"https:\/\/derechoyreligion-uc.urantiacos.cl\/wp-content\/uploads\/2025\/10\/35959655513_136d7941b4_z.jpg\",\"articleSection\":[\"Noticias\"],\"inLanguage\":\"en-US\"},{\"@type\":\"WebPage\",\"@id\":\"https:\/\/derechoyreligion-uc.urantiacos.cl\/en\/profesora-ana-maria-celis-participa-en-8th-world-congress-for-religious-freedom\/\",\"url\":\"https:\/\/derechoyreligion-uc.urantiacos.cl\/en\/profesora-ana-maria-celis-participa-en-8th-world-congress-for-religious-freedom\/\",\"name\":\"Profesora Ana Mar\u00eda Celis participa en 8th World Congress for Religious Freedom - Centro UC Derecho y Religi\u00f3n\",\"isPartOf\":{\"@id\":\"https:\/\/derechoyreligion-uc.urantiacos.cl\/en\/#website\"},\"primaryImageOfPage\":{\"@id\":\"https:\/\/derechoyreligion-uc.urantiacos.cl\/en\/profesora-ana-maria-celis-participa-en-8th-world-congress-for-religious-freedom\/#primaryimage\"},\"image\":{\"@id\":\"https:\/\/derechoyreligion-uc.urantiacos.cl\/en\/profesora-ana-maria-celis-participa-en-8th-world-congress-for-religious-freedom\/#primaryimage\"},\"thumbnailUrl\":\"https:\/\/derechoyreligion-uc.urantiacos.cl\/wp-content\/uploads\/2025\/10\/35959655513_136d7941b4_z.jpg\",\"datePublished\":\"2017-08-24T03:00:00+00:00\",\"author\":{\"@id\":\"https:\/\/derechoyreligion-uc.urantiacos.cl\/en\/#\/schema\/person\/6cc7f593e2f49e3b770a06f63b58e3b1\"},\"breadcrumb\":{\"@id\":\"https:\/\/derechoyreligion-uc.urantiacos.cl\/en\/profesora-ana-maria-celis-participa-en-8th-world-congress-for-religious-freedom\/#breadcrumb\"},\"inLanguage\":\"en-US\",\"potentialAction\":[{\"@type\":\"ReadAction\",\"target\":[\"https:\/\/derechoyreligion-uc.urantiacos.cl\/en\/profesora-ana-maria-celis-participa-en-8th-world-congress-for-religious-freedom\/\"]}]},{\"@type\":\"ImageObject\",\"inLanguage\":\"en-US\",\"@id\":\"https:\/\/derechoyreligion-uc.urantiacos.cl\/en\/profesora-ana-maria-celis-participa-en-8th-world-congress-for-religious-freedom\/#primaryimage\",\"url\":\"https:\/\/derechoyreligion-uc.urantiacos.cl\/wp-content\/uploads\/2025\/10\/35959655513_136d7941b4_z.jpg\",\"contentUrl\":\"https:\/\/derechoyreligion-uc.urantiacos.cl\/wp-content\/uploads\/2025\/10\/35959655513_136d7941b4_z.jpg\",\"width\":640,\"height\":427},{\"@type\":\"BreadcrumbList\",\"@id\":\"https:\/\/derechoyreligion-uc.urantiacos.cl\/en\/profesora-ana-maria-celis-participa-en-8th-world-congress-for-religious-freedom\/#breadcrumb\",\"itemListElement\":[{\"@type\":\"ListItem\",\"position\":1,\"name\":\"Portada\",\"item\":\"https:\/\/derechoyreligion-uc.urantiacos.cl\/en\/\"},{\"@type\":\"ListItem\",\"position\":2,\"name\":\"Profesora Ana Mar\u00eda Celis participa en 8th World Congress for Religious Freedom\"}]},{\"@type\":\"WebSite\",\"@id\":\"https:\/\/derechoyreligion-uc.urantiacos.cl\/en\/#website\",\"url\":\"https:\/\/derechoyreligion-uc.urantiacos.cl\/en\/\",\"name\":\"Centro UC Derecho y Religi\u00f3n\",\"description\":\"\",\"potentialAction\":[{\"@type\":\"SearchAction\",\"target\":{\"@type\":\"EntryPoint\",\"urlTemplate\":\"https:\/\/derechoyreligion-uc.urantiacos.cl\/en\/?s={search_term_string}\"},\"query-input\":{\"@type\":\"PropertyValueSpecification\",\"valueRequired\":true,\"valueName\":\"search_term_string\"}}],\"inLanguage\":\"en-US\"},{\"@type\":\"Person\",\"@id\":\"https:\/\/derechoyreligion-uc.urantiacos.cl\/en\/#\/schema\/person\/6cc7f593e2f49e3b770a06f63b58e3b1\",\"name\":\"manadmin\",\"sameAs\":[\"https:\/\/derechoyreligion-uc.urantiacos.cl\"]}]}<\/script>\n<!-- \/ Yoast SEO plugin. -->","yoast_head_json":{"title":"Profesora Ana Mar\u00eda Celis participa en 8th World Congress for Religious Freedom - Centro UC Derecho y Religi\u00f3n","robots":{"index":"index","follow":"follow","max-snippet":"max-snippet:-1","max-image-preview":"max-image-preview:large","max-video-preview":"max-video-preview:-1"},"canonical":"https:\/\/derechoyreligion-uc.urantiacos.cl\/en\/profesora-ana-maria-celis-participa-en-8th-world-congress-for-religious-freedom\/","og_locale":"en_US","og_type":"article","og_title":"Profesora Ana Mar\u00eda Celis participa en 8th World Congress for Religious Freedom - Centro UC Derecho y Religi\u00f3n","og_description":"FORT LAUDERDALE -\u00a0La Directora del Centro UC Derecho y Religi\u00f3n, profesora Ana Mar\u00eda Celis particip\u00f3 como expositora en el 8\u00b0 Congreso Mundial de Libertad Religiosa realizada entre los d\u00edas 22 y 24 de junio de 2017, en Fort Lauderdale, Florida, Estados Unidos.","og_url":"https:\/\/derechoyreligion-uc.urantiacos.cl\/en\/profesora-ana-maria-celis-participa-en-8th-world-congress-for-religious-freedom\/","og_site_name":"Centro UC Derecho y Religi\u00f3n","article_published_time":"2017-08-24T03:00:00+00:00","og_image":[{"width":640,"height":427,"url":"https:\/\/derechoyreligion-uc.urantiacos.cl\/wp-content\/uploads\/2025\/10\/35959655513_136d7941b4_z.jpg","type":"image\/jpeg"}],"author":"manadmin","twitter_card":"summary_large_image","twitter_misc":{"Written by":"manadmin","Est. reading time":"1 minute"},"schema":{"@context":"https:\/\/schema.org","@graph":[{"@type":"Article","@id":"https:\/\/derechoyreligion-uc.urantiacos.cl\/en\/profesora-ana-maria-celis-participa-en-8th-world-congress-for-religious-freedom\/#article","isPartOf":{"@id":"https:\/\/derechoyreligion-uc.urantiacos.cl\/en\/profesora-ana-maria-celis-participa-en-8th-world-congress-for-religious-freedom\/"},"author":{"name":"manadmin","@id":"https:\/\/derechoyreligion-uc.urantiacos.cl\/en\/#\/schema\/person\/6cc7f593e2f49e3b770a06f63b58e3b1"},"headline":"Profesora Ana Mar\u00eda Celis participa en 8th World Congress for Religious Freedom","datePublished":"2017-08-24T03:00:00+00:00","mainEntityOfPage":{"@id":"https:\/\/derechoyreligion-uc.urantiacos.cl\/en\/profesora-ana-maria-celis-participa-en-8th-world-congress-for-religious-freedom\/"},"wordCount":219,"image":{"@id":"https:\/\/derechoyreligion-uc.urantiacos.cl\/en\/profesora-ana-maria-celis-participa-en-8th-world-congress-for-religious-freedom\/#primaryimage"},"thumbnailUrl":"https:\/\/derechoyreligion-uc.urantiacos.cl\/wp-content\/uploads\/2025\/10\/35959655513_136d7941b4_z.jpg","articleSection":["Noticias"],"inLanguage":"en-US"},{"@type":"WebPage","@id":"https:\/\/derechoyreligion-uc.urantiacos.cl\/en\/profesora-ana-maria-celis-participa-en-8th-world-congress-for-religious-freedom\/","url":"https:\/\/derechoyreligion-uc.urantiacos.cl\/en\/profesora-ana-maria-celis-participa-en-8th-world-congress-for-religious-freedom\/","name":"Profesora Ana Mar\u00eda Celis participa en 8th World Congress for Religious Freedom - Centro UC Derecho y Religi\u00f3n","isPartOf":{"@id":"https:\/\/derechoyreligion-uc.urantiacos.cl\/en\/#website"},"primaryImageOfPage":{"@id":"https:\/\/derechoyreligion-uc.urantiacos.cl\/en\/profesora-ana-maria-celis-participa-en-8th-world-congress-for-religious-freedom\/#primaryimage"},"image":{"@id":"https:\/\/derechoyreligion-uc.urantiacos.cl\/en\/profesora-ana-maria-celis-participa-en-8th-world-congress-for-religious-freedom\/#primaryimage"},"thumbnailUrl":"https:\/\/derechoyreligion-uc.urantiacos.cl\/wp-content\/uploads\/2025\/10\/35959655513_136d7941b4_z.jpg","datePublished":"2017-08-24T03:00:00+00:00","author":{"@id":"https:\/\/derechoyreligion-uc.urantiacos.cl\/en\/#\/schema\/person\/6cc7f593e2f49e3b770a06f63b58e3b1"},"breadcrumb":{"@id":"https:\/\/derechoyreligion-uc.urantiacos.cl\/en\/profesora-ana-maria-celis-participa-en-8th-world-congress-for-religious-freedom\/#breadcrumb"},"inLanguage":"en-US","potentialAction":[{"@type":"ReadAction","target":["https:\/\/derechoyreligion-uc.urantiacos.cl\/en\/profesora-ana-maria-celis-participa-en-8th-world-congress-for-religious-freedom\/"]}]},{"@type":"ImageObject","inLanguage":"en-US","@id":"https:\/\/derechoyreligion-uc.urantiacos.cl\/en\/profesora-ana-maria-celis-participa-en-8th-world-congress-for-religious-freedom\/#primaryimage","url":"https:\/\/derechoyreligion-uc.urantiacos.cl\/wp-content\/uploads\/2025\/10\/35959655513_136d7941b4_z.jpg","contentUrl":"https:\/\/derechoyreligion-uc.urantiacos.cl\/wp-content\/uploads\/2025\/10\/35959655513_136d7941b4_z.jpg","width":640,"height":427},{"@type":"BreadcrumbList","@id":"https:\/\/derechoyreligion-uc.urantiacos.cl\/en\/profesora-ana-maria-celis-participa-en-8th-world-congress-for-religious-freedom\/#breadcrumb","itemListElement":[{"@type":"ListItem","position":1,"name":"Portada","item":"https:\/\/derechoyreligion-uc.urantiacos.cl\/en\/"},{"@type":"ListItem","position":2,"name":"Profesora Ana Mar\u00eda Celis participa en 8th World Congress for Religious Freedom"}]},{"@type":"WebSite","@id":"https:\/\/derechoyreligion-uc.urantiacos.cl\/en\/#website","url":"https:\/\/derechoyreligion-uc.urantiacos.cl\/en\/","name":"Centro UC Derecho y Religi\u00f3n","description":"","potentialAction":[{"@type":"SearchAction","target":{"@type":"EntryPoint","urlTemplate":"https:\/\/derechoyreligion-uc.urantiacos.cl\/en\/?s={search_term_string}"},"query-input":{"@type":"PropertyValueSpecification","valueRequired":true,"valueName":"search_term_string"}}],"inLanguage":"en-US"},{"@type":"Person","@id":"https:\/\/derechoyreligion-uc.urantiacos.cl\/en\/#\/schema\/person\/6cc7f593e2f49e3b770a06f63b58e3b1","name":"manadmin","sameAs":["https:\/\/derechoyreligion-uc.urantiacos.cl"]}]}},"_links":{"self":[{"href":"https:\/\/derechoyreligion-uc.urantiacos.cl\/en\/wp-json\/wp\/v2\/posts\/1411","targetHints":{"allow":["GET"]}}],"collection":[{"href":"https:\/\/derechoyreligion-uc.urantiacos.cl\/en\/wp-json\/wp\/v2\/posts"}],"about":[{"href":"https:\/\/derechoyreligion-uc.urantiacos.cl\/en\/wp-json\/wp\/v2\/types\/post"}],"author":[{"embeddable":true,"href":"https:\/\/derechoyreligion-uc.urantiacos.cl\/en\/wp-json\/wp\/v2\/users\/1"}],"replies":[{"embeddable":true,"href":"https:\/\/derechoyreligion-uc.urantiacos.cl\/en\/wp-json\/wp\/v2\/comments?post=1411"}],"version-history":[{"count":0,"href":"https:\/\/derechoyreligion-uc.urantiacos.cl\/en\/wp-json\/wp\/v2\/posts\/1411\/revisions"}],"wp:featuredmedia":[{"embeddable":true,"href":"https:\/\/derechoyreligion-uc.urantiacos.cl\/en\/wp-json\/wp\/v2\/media\/1556"}],"wp:attachment":[{"href":"https:\/\/derechoyreligion-uc.urantiacos.cl\/en\/wp-json\/wp\/v2\/media?parent=1411"}],"wp:term":[{"taxonomy":"category","embeddable":true,"href":"https:\/\/derechoyreligion-uc.urantiacos.cl\/en\/wp-json\/wp\/v2\/categories?post=1411"},{"taxonomy":"post_tag","embeddable":true,"href":"https:\/\/derechoyreligion-uc.urantiacos.cl\/en\/wp-json\/wp\/v2\/tags?post=1411"}],"curies":[{"name":"wp","href":"https:\/\/api.w.org\/{rel}","templated":true}]}}