
{"id":1410,"date":"2017-09-14T00:00:00","date_gmt":"2017-09-14T03:00:00","guid":{"rendered":"https:\/\/derechoyreligion-uc.urantiacos.cl\/xvii-coloquio-anual-del-consorcio-latinoamericano-de-libertad-religiosa\/"},"modified":"2017-09-14T00:00:00","modified_gmt":"2017-09-14T03:00:00","slug":"xvii-coloquio-anual-del-consorcio-latinoamericano-de-libertad-religiosa","status":"publish","type":"post","link":"https:\/\/derechoyreligion-uc.urantiacos.cl\/en\/xvii-coloquio-anual-del-consorcio-latinoamericano-de-libertad-religiosa\/","title":{"rendered":"XVII Coloquio Anual del Consorcio Latinoamericano de Libertad Religiosa"},"content":{"rendered":"<article>\n<span><br \/>\n<\/span><\/p>\n<p><span>MONTEVIDEO &#8211; Miembros del Centro UC Derecho y Religi\u00f3n participaron en el XVII Coloquio Anual del Consorcio Latinoamericano de Libertad Religiosa, realizado entre los d\u00edas 6 y 9 de septiembre de 2017 en la Universidad cat\u00f3lica del Uruguay, Montevideo, Uruguay.<\/span><\/p>\n<p><span><img decoding=\"async\" alt=\"image1 4\" src=\"https:\/\/derechoyreligion-uc.urantiacos.cl\/wp-content\/uploads\/imagenes\/image1_4.JPG\"\/><\/span><\/p>\n<p><span>El tema del coloquio fue \u201c<em>Principio de Laicidad y Libertad Religiosa, el Rol del Estado en la sociedad plural<\/em>\u201d. La actividad comenz\u00f3 el mi\u00e9rcoles 6 de septiembre en la que acad\u00e9micos de Espa\u00f1a, EE.UU., Brasil y Argentina y senadores de la Rep\u00fablica Oriental del Uruguay se dieron cita para reflexionar sobre el tema \u201c<em>A 100 a\u00f1os de la independencia Estado \u2013 Religi\u00f3n: actualizaci\u00f3n normativa en materia de Libertad de Conciencia y Religi\u00f3n<\/em>.\u201d <\/span><\/p>\n<p><span>El jueves 7 de septiembre, la Directora del Centro, profesora Ana Mar\u00eda Celis estuvo a cargo de la Relator\u00eda General del tema a nivel Latinoamericano y a continuaci\u00f3n se realizaron las relator\u00edas por pa\u00edses, las que continuaron el d\u00eda 8 de septiembre, junto a mesas redondas sobre tem\u00e1ticas particulares y presentaci\u00f3n de libros.<\/span><\/p>\n<p><span>En su intervenci\u00f3n, la profesora Celis se plante\u00f3 las siguientes preguntas: <\/span>1. \u00bfCu\u00e1l es la sociedad plural de Latinoam\u00e9rica y el Caribe? Y antes a\u00fan: \u00bfqu\u00e9 pa\u00edses se entienden comprendidos a nivel regional? 2. \u00bfExisten hitos comunes a nivel regional que marquen el contexto hist\u00f3rico y cultural de las relaciones institucionales entre el Estado y las agrupaciones\/asociaciones o entidades religiosas y la libertad religiosa?\u00a0 3. \u00bfC\u00f3mo se presenta el rol del Estado en relaci\u00f3n a la libertad religiosa en cuanto derecho fundamental? Y \u00bfqu\u00e9 puede anticiparse como escenarios futuros?<span>\u00a0La profesora Celis sostuvo que a nivel regional, en la actualidad, <\/span>parece que se Invoca el estado laico como modo para privatizar lo religioso y que resulta contrario a la tradici\u00f3n latinoamericana en que lo religioso se manifiesta en \u00e1mbito p\u00fablico (la llamada \u201cfiesta latinoamericana\u201d).<\/p>\n<p><img decoding=\"async\" alt=\"image2\" src=\"https:\/\/derechoyreligion-uc.urantiacos.cl\/wp-content\/uploads\/imagenes\/image2.JPG\"\/><\/p>\n<p><span>A trav\u00e9s de las relator\u00edas de cada pa\u00eds se fue reflexionando sobre el tipo de modelo que sigue cada uno.<\/span><span>En este desaf\u00edo se revisaron y discutieron sobre aspectos como: la autonom\u00eda interna de las iglesias y comunidades religiosas, personalidad jur\u00eddica de las iglesias, s\u00edmbolos religiosos en el espacio p\u00fablico, funci\u00f3n de los ministros de culto, las objeciones de conciencia, ense\u00f1anza religiosa, ritos y celebraciones populares religiosas como patrimonio cultural inmaterial, comunidades ind\u00edgenas y sus cosmovisiones, entre otros.<\/span><\/p>\n<p><span><img decoding=\"async\" alt=\"image1 2\" src=\"https:\/\/derechoyreligion-uc.urantiacos.cl\/wp-content\/uploads\/imagenes\/image1_2.JPG\"\/><\/span><\/p>\n<p>\u00a0<\/p>\n<\/article>\n","protected":false},"excerpt":{"rendered":"<p>MONTEVIDEO &#8211; Miembros del Centro UC Derecho y Religi\u00f3n participaron en el XVII Coloquio Anual del Consorcio Latinoamericano de Libertad Religiosa, realizado entre los d\u00edas 6 y 9 de septiembre de 2017 en la Universidad cat\u00f3lica del Uruguay, Montevideo, Uruguay.<\/p>\n","protected":false},"author":1,"featured_media":1554,"comment_status":"","ping_status":"","sticky":false,"template":"","format":"standard","meta":{"_acf_changed":false,"footnotes":""},"categories":[1],"tags":[],"class_list":["post-1410","post","type-post","status-publish","format-standard","has-post-thumbnail","hentry","category-noticias"],"acf":[],"yoast_head":"<!-- This site is optimized with the Yoast SEO plugin v27.1.1 - https:\/\/yoast.com\/product\/yoast-seo-wordpress\/ -->\n<title>XVII Coloquio Anual del Consorcio Latinoamericano de Libertad Religiosa - Centro UC Derecho y Religi\u00f3n<\/title>\n<meta name=\"robots\" content=\"index, follow, max-snippet:-1, max-image-preview:large, max-video-preview:-1\" \/>\n<link rel=\"canonical\" href=\"https:\/\/derechoyreligion-uc.urantiacos.cl\/en\/xvii-coloquio-anual-del-consorcio-latinoamericano-de-libertad-religiosa\/\" \/>\n<meta property=\"og:locale\" content=\"en_US\" \/>\n<meta property=\"og:type\" content=\"article\" \/>\n<meta property=\"og:title\" content=\"XVII Coloquio Anual del Consorcio Latinoamericano de Libertad Religiosa - Centro UC Derecho y Religi\u00f3n\" \/>\n<meta property=\"og:description\" content=\"MONTEVIDEO - Miembros del Centro UC Derecho y Religi\u00f3n participaron en el XVII Coloquio Anual del Consorcio Latinoamericano de Libertad Religiosa, realizado entre los d\u00edas 6 y 9 de septiembre de 2017 en la Universidad cat\u00f3lica del Uruguay, Montevideo, Uruguay.\" \/>\n<meta property=\"og:url\" content=\"https:\/\/derechoyreligion-uc.urantiacos.cl\/en\/xvii-coloquio-anual-del-consorcio-latinoamericano-de-libertad-religiosa\/\" \/>\n<meta property=\"og:site_name\" content=\"Centro UC Derecho y Religi\u00f3n\" \/>\n<meta property=\"article:published_time\" content=\"2017-09-14T03:00:00+00:00\" \/>\n<meta property=\"og:image\" content=\"https:\/\/derechoyreligion-uc.urantiacos.cl\/wp-content\/uploads\/2025\/10\/image1_4.jpg\" \/>\n\t<meta property=\"og:image:width\" content=\"1280\" \/>\n\t<meta property=\"og:image:height\" content=\"960\" \/>\n\t<meta property=\"og:image:type\" content=\"image\/jpeg\" \/>\n<meta name=\"author\" content=\"manadmin\" \/>\n<meta name=\"twitter:card\" content=\"summary_large_image\" \/>\n<meta name=\"twitter:label1\" content=\"Written by\" \/>\n\t<meta name=\"twitter:data1\" content=\"manadmin\" \/>\n\t<meta name=\"twitter:label2\" content=\"Est. reading time\" \/>\n\t<meta name=\"twitter:data2\" content=\"2 minutes\" \/>\n<script type=\"application\/ld+json\" class=\"yoast-schema-graph\">{\"@context\":\"https:\/\/schema.org\",\"@graph\":[{\"@type\":\"Article\",\"@id\":\"https:\/\/derechoyreligion-uc.urantiacos.cl\/en\/xvii-coloquio-anual-del-consorcio-latinoamericano-de-libertad-religiosa\/#article\",\"isPartOf\":{\"@id\":\"https:\/\/derechoyreligion-uc.urantiacos.cl\/en\/xvii-coloquio-anual-del-consorcio-latinoamericano-de-libertad-religiosa\/\"},\"author\":{\"name\":\"manadmin\",\"@id\":\"https:\/\/derechoyreligion-uc.urantiacos.cl\/en\/#\/schema\/person\/6cc7f593e2f49e3b770a06f63b58e3b1\"},\"headline\":\"XVII Coloquio Anual del Consorcio Latinoamericano de Libertad Religiosa\",\"datePublished\":\"2017-09-14T03:00:00+00:00\",\"mainEntityOfPage\":{\"@id\":\"https:\/\/derechoyreligion-uc.urantiacos.cl\/en\/xvii-coloquio-anual-del-consorcio-latinoamericano-de-libertad-religiosa\/\"},\"wordCount\":417,\"image\":{\"@id\":\"https:\/\/derechoyreligion-uc.urantiacos.cl\/en\/xvii-coloquio-anual-del-consorcio-latinoamericano-de-libertad-religiosa\/#primaryimage\"},\"thumbnailUrl\":\"https:\/\/derechoyreligion-uc.urantiacos.cl\/wp-content\/uploads\/2025\/10\/image1_4.jpg\",\"articleSection\":[\"Noticias\"],\"inLanguage\":\"en-US\"},{\"@type\":\"WebPage\",\"@id\":\"https:\/\/derechoyreligion-uc.urantiacos.cl\/en\/xvii-coloquio-anual-del-consorcio-latinoamericano-de-libertad-religiosa\/\",\"url\":\"https:\/\/derechoyreligion-uc.urantiacos.cl\/en\/xvii-coloquio-anual-del-consorcio-latinoamericano-de-libertad-religiosa\/\",\"name\":\"XVII Coloquio Anual del Consorcio Latinoamericano de Libertad Religiosa - Centro UC Derecho y Religi\u00f3n\",\"isPartOf\":{\"@id\":\"https:\/\/derechoyreligion-uc.urantiacos.cl\/en\/#website\"},\"primaryImageOfPage\":{\"@id\":\"https:\/\/derechoyreligion-uc.urantiacos.cl\/en\/xvii-coloquio-anual-del-consorcio-latinoamericano-de-libertad-religiosa\/#primaryimage\"},\"image\":{\"@id\":\"https:\/\/derechoyreligion-uc.urantiacos.cl\/en\/xvii-coloquio-anual-del-consorcio-latinoamericano-de-libertad-religiosa\/#primaryimage\"},\"thumbnailUrl\":\"https:\/\/derechoyreligion-uc.urantiacos.cl\/wp-content\/uploads\/2025\/10\/image1_4.jpg\",\"datePublished\":\"2017-09-14T03:00:00+00:00\",\"author\":{\"@id\":\"https:\/\/derechoyreligion-uc.urantiacos.cl\/en\/#\/schema\/person\/6cc7f593e2f49e3b770a06f63b58e3b1\"},\"breadcrumb\":{\"@id\":\"https:\/\/derechoyreligion-uc.urantiacos.cl\/en\/xvii-coloquio-anual-del-consorcio-latinoamericano-de-libertad-religiosa\/#breadcrumb\"},\"inLanguage\":\"en-US\",\"potentialAction\":[{\"@type\":\"ReadAction\",\"target\":[\"https:\/\/derechoyreligion-uc.urantiacos.cl\/en\/xvii-coloquio-anual-del-consorcio-latinoamericano-de-libertad-religiosa\/\"]}]},{\"@type\":\"ImageObject\",\"inLanguage\":\"en-US\",\"@id\":\"https:\/\/derechoyreligion-uc.urantiacos.cl\/en\/xvii-coloquio-anual-del-consorcio-latinoamericano-de-libertad-religiosa\/#primaryimage\",\"url\":\"https:\/\/derechoyreligion-uc.urantiacos.cl\/wp-content\/uploads\/2025\/10\/image1_4.jpg\",\"contentUrl\":\"https:\/\/derechoyreligion-uc.urantiacos.cl\/wp-content\/uploads\/2025\/10\/image1_4.jpg\",\"width\":1280,\"height\":960},{\"@type\":\"BreadcrumbList\",\"@id\":\"https:\/\/derechoyreligion-uc.urantiacos.cl\/en\/xvii-coloquio-anual-del-consorcio-latinoamericano-de-libertad-religiosa\/#breadcrumb\",\"itemListElement\":[{\"@type\":\"ListItem\",\"position\":1,\"name\":\"Portada\",\"item\":\"https:\/\/derechoyreligion-uc.urantiacos.cl\/en\/\"},{\"@type\":\"ListItem\",\"position\":2,\"name\":\"XVII Coloquio Anual del Consorcio Latinoamericano de Libertad Religiosa\"}]},{\"@type\":\"WebSite\",\"@id\":\"https:\/\/derechoyreligion-uc.urantiacos.cl\/en\/#website\",\"url\":\"https:\/\/derechoyreligion-uc.urantiacos.cl\/en\/\",\"name\":\"Centro UC Derecho y Religi\u00f3n\",\"description\":\"\",\"potentialAction\":[{\"@type\":\"SearchAction\",\"target\":{\"@type\":\"EntryPoint\",\"urlTemplate\":\"https:\/\/derechoyreligion-uc.urantiacos.cl\/en\/?s={search_term_string}\"},\"query-input\":{\"@type\":\"PropertyValueSpecification\",\"valueRequired\":true,\"valueName\":\"search_term_string\"}}],\"inLanguage\":\"en-US\"},{\"@type\":\"Person\",\"@id\":\"https:\/\/derechoyreligion-uc.urantiacos.cl\/en\/#\/schema\/person\/6cc7f593e2f49e3b770a06f63b58e3b1\",\"name\":\"manadmin\",\"sameAs\":[\"https:\/\/derechoyreligion-uc.urantiacos.cl\"]}]}<\/script>\n<!-- \/ Yoast SEO plugin. -->","yoast_head_json":{"title":"XVII Coloquio Anual del Consorcio Latinoamericano de Libertad Religiosa - Centro UC Derecho y Religi\u00f3n","robots":{"index":"index","follow":"follow","max-snippet":"max-snippet:-1","max-image-preview":"max-image-preview:large","max-video-preview":"max-video-preview:-1"},"canonical":"https:\/\/derechoyreligion-uc.urantiacos.cl\/en\/xvii-coloquio-anual-del-consorcio-latinoamericano-de-libertad-religiosa\/","og_locale":"en_US","og_type":"article","og_title":"XVII Coloquio Anual del Consorcio Latinoamericano de Libertad Religiosa - Centro UC Derecho y Religi\u00f3n","og_description":"MONTEVIDEO - Miembros del Centro UC Derecho y Religi\u00f3n participaron en el XVII Coloquio Anual del Consorcio Latinoamericano de Libertad Religiosa, realizado entre los d\u00edas 6 y 9 de septiembre de 2017 en la Universidad cat\u00f3lica del Uruguay, Montevideo, Uruguay.","og_url":"https:\/\/derechoyreligion-uc.urantiacos.cl\/en\/xvii-coloquio-anual-del-consorcio-latinoamericano-de-libertad-religiosa\/","og_site_name":"Centro UC Derecho y Religi\u00f3n","article_published_time":"2017-09-14T03:00:00+00:00","og_image":[{"width":1280,"height":960,"url":"https:\/\/derechoyreligion-uc.urantiacos.cl\/wp-content\/uploads\/2025\/10\/image1_4.jpg","type":"image\/jpeg"}],"author":"manadmin","twitter_card":"summary_large_image","twitter_misc":{"Written by":"manadmin","Est. reading time":"2 minutes"},"schema":{"@context":"https:\/\/schema.org","@graph":[{"@type":"Article","@id":"https:\/\/derechoyreligion-uc.urantiacos.cl\/en\/xvii-coloquio-anual-del-consorcio-latinoamericano-de-libertad-religiosa\/#article","isPartOf":{"@id":"https:\/\/derechoyreligion-uc.urantiacos.cl\/en\/xvii-coloquio-anual-del-consorcio-latinoamericano-de-libertad-religiosa\/"},"author":{"name":"manadmin","@id":"https:\/\/derechoyreligion-uc.urantiacos.cl\/en\/#\/schema\/person\/6cc7f593e2f49e3b770a06f63b58e3b1"},"headline":"XVII Coloquio Anual del Consorcio Latinoamericano de Libertad Religiosa","datePublished":"2017-09-14T03:00:00+00:00","mainEntityOfPage":{"@id":"https:\/\/derechoyreligion-uc.urantiacos.cl\/en\/xvii-coloquio-anual-del-consorcio-latinoamericano-de-libertad-religiosa\/"},"wordCount":417,"image":{"@id":"https:\/\/derechoyreligion-uc.urantiacos.cl\/en\/xvii-coloquio-anual-del-consorcio-latinoamericano-de-libertad-religiosa\/#primaryimage"},"thumbnailUrl":"https:\/\/derechoyreligion-uc.urantiacos.cl\/wp-content\/uploads\/2025\/10\/image1_4.jpg","articleSection":["Noticias"],"inLanguage":"en-US"},{"@type":"WebPage","@id":"https:\/\/derechoyreligion-uc.urantiacos.cl\/en\/xvii-coloquio-anual-del-consorcio-latinoamericano-de-libertad-religiosa\/","url":"https:\/\/derechoyreligion-uc.urantiacos.cl\/en\/xvii-coloquio-anual-del-consorcio-latinoamericano-de-libertad-religiosa\/","name":"XVII Coloquio Anual del Consorcio Latinoamericano de Libertad Religiosa - Centro UC Derecho y Religi\u00f3n","isPartOf":{"@id":"https:\/\/derechoyreligion-uc.urantiacos.cl\/en\/#website"},"primaryImageOfPage":{"@id":"https:\/\/derechoyreligion-uc.urantiacos.cl\/en\/xvii-coloquio-anual-del-consorcio-latinoamericano-de-libertad-religiosa\/#primaryimage"},"image":{"@id":"https:\/\/derechoyreligion-uc.urantiacos.cl\/en\/xvii-coloquio-anual-del-consorcio-latinoamericano-de-libertad-religiosa\/#primaryimage"},"thumbnailUrl":"https:\/\/derechoyreligion-uc.urantiacos.cl\/wp-content\/uploads\/2025\/10\/image1_4.jpg","datePublished":"2017-09-14T03:00:00+00:00","author":{"@id":"https:\/\/derechoyreligion-uc.urantiacos.cl\/en\/#\/schema\/person\/6cc7f593e2f49e3b770a06f63b58e3b1"},"breadcrumb":{"@id":"https:\/\/derechoyreligion-uc.urantiacos.cl\/en\/xvii-coloquio-anual-del-consorcio-latinoamericano-de-libertad-religiosa\/#breadcrumb"},"inLanguage":"en-US","potentialAction":[{"@type":"ReadAction","target":["https:\/\/derechoyreligion-uc.urantiacos.cl\/en\/xvii-coloquio-anual-del-consorcio-latinoamericano-de-libertad-religiosa\/"]}]},{"@type":"ImageObject","inLanguage":"en-US","@id":"https:\/\/derechoyreligion-uc.urantiacos.cl\/en\/xvii-coloquio-anual-del-consorcio-latinoamericano-de-libertad-religiosa\/#primaryimage","url":"https:\/\/derechoyreligion-uc.urantiacos.cl\/wp-content\/uploads\/2025\/10\/image1_4.jpg","contentUrl":"https:\/\/derechoyreligion-uc.urantiacos.cl\/wp-content\/uploads\/2025\/10\/image1_4.jpg","width":1280,"height":960},{"@type":"BreadcrumbList","@id":"https:\/\/derechoyreligion-uc.urantiacos.cl\/en\/xvii-coloquio-anual-del-consorcio-latinoamericano-de-libertad-religiosa\/#breadcrumb","itemListElement":[{"@type":"ListItem","position":1,"name":"Portada","item":"https:\/\/derechoyreligion-uc.urantiacos.cl\/en\/"},{"@type":"ListItem","position":2,"name":"XVII Coloquio Anual del Consorcio Latinoamericano de Libertad Religiosa"}]},{"@type":"WebSite","@id":"https:\/\/derechoyreligion-uc.urantiacos.cl\/en\/#website","url":"https:\/\/derechoyreligion-uc.urantiacos.cl\/en\/","name":"Centro UC Derecho y Religi\u00f3n","description":"","potentialAction":[{"@type":"SearchAction","target":{"@type":"EntryPoint","urlTemplate":"https:\/\/derechoyreligion-uc.urantiacos.cl\/en\/?s={search_term_string}"},"query-input":{"@type":"PropertyValueSpecification","valueRequired":true,"valueName":"search_term_string"}}],"inLanguage":"en-US"},{"@type":"Person","@id":"https:\/\/derechoyreligion-uc.urantiacos.cl\/en\/#\/schema\/person\/6cc7f593e2f49e3b770a06f63b58e3b1","name":"manadmin","sameAs":["https:\/\/derechoyreligion-uc.urantiacos.cl"]}]}},"_links":{"self":[{"href":"https:\/\/derechoyreligion-uc.urantiacos.cl\/en\/wp-json\/wp\/v2\/posts\/1410","targetHints":{"allow":["GET"]}}],"collection":[{"href":"https:\/\/derechoyreligion-uc.urantiacos.cl\/en\/wp-json\/wp\/v2\/posts"}],"about":[{"href":"https:\/\/derechoyreligion-uc.urantiacos.cl\/en\/wp-json\/wp\/v2\/types\/post"}],"author":[{"embeddable":true,"href":"https:\/\/derechoyreligion-uc.urantiacos.cl\/en\/wp-json\/wp\/v2\/users\/1"}],"replies":[{"embeddable":true,"href":"https:\/\/derechoyreligion-uc.urantiacos.cl\/en\/wp-json\/wp\/v2\/comments?post=1410"}],"version-history":[{"count":0,"href":"https:\/\/derechoyreligion-uc.urantiacos.cl\/en\/wp-json\/wp\/v2\/posts\/1410\/revisions"}],"wp:featuredmedia":[{"embeddable":true,"href":"https:\/\/derechoyreligion-uc.urantiacos.cl\/en\/wp-json\/wp\/v2\/media\/1554"}],"wp:attachment":[{"href":"https:\/\/derechoyreligion-uc.urantiacos.cl\/en\/wp-json\/wp\/v2\/media?parent=1410"}],"wp:term":[{"taxonomy":"category","embeddable":true,"href":"https:\/\/derechoyreligion-uc.urantiacos.cl\/en\/wp-json\/wp\/v2\/categories?post=1410"},{"taxonomy":"post_tag","embeddable":true,"href":"https:\/\/derechoyreligion-uc.urantiacos.cl\/en\/wp-json\/wp\/v2\/tags?post=1410"}],"curies":[{"name":"wp","href":"https:\/\/api.w.org\/{rel}","templated":true}]}}