
{"id":1408,"date":"2017-10-05T00:00:00","date_gmt":"2017-10-05T03:00:00","guid":{"rendered":"https:\/\/derechoyreligion-uc.urantiacos.cl\/adir-asociacion-chilena-de-dialogo-interreligioso\/"},"modified":"2017-10-05T00:00:00","modified_gmt":"2017-10-05T03:00:00","slug":"adir-asociacion-chilena-de-dialogo-interreligioso","status":"publish","type":"post","link":"https:\/\/derechoyreligion-uc.urantiacos.cl\/en\/adir-asociacion-chilena-de-dialogo-interreligioso\/","title":{"rendered":"ADIR Asociaci\u00f3n Chilena de Di\u00e1logo Interreligioso"},"content":{"rendered":"<article>\n<span><br \/>\n<\/span><\/p>\n<p>\u00a0<\/p>\n<p><span><img decoding=\"async\" alt=\"lanzamiento Adir logo\" src=\"https:\/\/derechoyreligion-uc.urantiacos.cl\/wp-content\/uploads\/imagenes\/lanzamiento_Adir_logo.jpg\"\/><\/span><\/p>\n<p><span>El Centro UC Derecho y Religi\u00f3n, a trav\u00e9s de su coordinadora Paulina Eyzaguirre, estuvo presente en el lanzamiento oficial de la <\/span><span>Asociaci\u00f3n Chilena de Di\u00e1logo Interreligioso para el Desarrollo Humano \u2013ADIR Chile, que busca generar reflexi\u00f3n en los grupos espirituales para la convivencia democr\u00e1tica y que nace a partir de la iniciativa del Consejo Asesor Interreligioso de la Oficina Nacional de Asuntos Religiosos (ONAR). <\/span><\/p>\n<p><span>Luego de unas primeras palabras de bienvenida y presentaci\u00f3n de la Asociaci\u00f3n se efectu\u00f3 el Acto Constitutivo y Compromiso con las firmas de su primer Directorio y posteriormente hubo una presentaci\u00f3n del Coro Interreligioso que cant\u00f3 \u201cGracias a la Vida\u201d.<\/span><\/p>\n<p><span>Adem\u00e1s, en el evento <\/span><span>se presentaron dos iniciativas de esta nueva agrupaci\u00f3n: la &#8220;Certificaci\u00f3n RDE&#8221; (Respeto Diversidad Espiritual) y el Reconocimiento &#8220;Embajador del Di\u00e1logo Interreligioso&#8221;.<\/span><span>La Certificaci\u00f3n RDE busca &#8220;certificar&#8221; a los organismos y empresas que cumplan dentro de sus pol\u00edticas el respeto a la diversidad espiritual y de esa manera generen una mayor inclusi\u00f3n religiosa, respetando vestimentas tradicionales, inclusi\u00f3n de men\u00fas kosher o halal, habilitaci\u00f3n de espacio para pr\u00e1ctica espiritual y respeto de festividades religiosas. El reconocimiento &#8220;Embajador del Di\u00e1logo Interreligioso&#8221; en esta oportunidad se otorg\u00f3 a la Presidenta de la Rep\u00fablica, Michelle Bachelet y al Ministro Secretar\u00eda General de la Presidencia, Gabriel de la Fuente.<\/span><\/p>\n<p><span>Para mayor informaci\u00f3n, visitar www.adir.cl<\/span><\/p>\n<p>\u00a0<\/p>\n<\/article>\n","protected":false},"excerpt":{"rendered":"<p>El Centro UC Derecho y Religi\u00f3n, a trav\u00e9s de su coordinadora Paulina Eyzaguirre, estuvo presente en el lanzamiento oficial de laAsociaci\u00f3n Chilena de Di\u00e1logo Interreligioso para el Desarrollo Humano \u2013ADIR Chile, que busca generar reflexi\u00f3n en los grupos espirituales para la convivencia democr\u00e1tica y que nace a partir de la iniciativa del Consejo Asesor Interreligioso de la Oficina Nacional de Asuntos Religiosos (ONAR).<\/p>\n","protected":false},"author":1,"featured_media":1552,"comment_status":"","ping_status":"","sticky":false,"template":"","format":"standard","meta":{"_acf_changed":false,"footnotes":""},"categories":[1],"tags":[],"class_list":["post-1408","post","type-post","status-publish","format-standard","has-post-thumbnail","hentry","category-noticias"],"acf":[],"yoast_head":"<!-- This site is optimized with the Yoast SEO plugin v27.1.1 - https:\/\/yoast.com\/product\/yoast-seo-wordpress\/ -->\n<title>ADIR Asociaci\u00f3n Chilena de Di\u00e1logo Interreligioso - Centro UC Derecho y Religi\u00f3n<\/title>\n<meta name=\"robots\" content=\"index, follow, max-snippet:-1, max-image-preview:large, max-video-preview:-1\" \/>\n<link rel=\"canonical\" href=\"https:\/\/derechoyreligion-uc.urantiacos.cl\/en\/adir-asociacion-chilena-de-dialogo-interreligioso\/\" \/>\n<meta property=\"og:locale\" content=\"en_US\" \/>\n<meta property=\"og:type\" content=\"article\" \/>\n<meta property=\"og:title\" content=\"ADIR Asociaci\u00f3n Chilena de Di\u00e1logo Interreligioso - Centro UC Derecho y Religi\u00f3n\" \/>\n<meta property=\"og:description\" content=\"El Centro UC Derecho y Religi\u00f3n, a trav\u00e9s de su coordinadora Paulina Eyzaguirre, estuvo presente en el lanzamiento oficial de laAsociaci\u00f3n Chilena de Di\u00e1logo Interreligioso para el Desarrollo Humano \u2013ADIR Chile, que busca generar reflexi\u00f3n en los grupos espirituales para la convivencia democr\u00e1tica y que nace a partir de la iniciativa del Consejo Asesor Interreligioso de la Oficina Nacional de Asuntos Religiosos (ONAR).\" \/>\n<meta property=\"og:url\" content=\"https:\/\/derechoyreligion-uc.urantiacos.cl\/en\/adir-asociacion-chilena-de-dialogo-interreligioso\/\" \/>\n<meta property=\"og:site_name\" content=\"Centro UC Derecho y Religi\u00f3n\" \/>\n<meta property=\"article:published_time\" content=\"2017-10-05T03:00:00+00:00\" \/>\n<meta property=\"og:image\" content=\"https:\/\/derechoyreligion-uc.urantiacos.cl\/wp-content\/uploads\/2025\/10\/lanzamiento_Adir_logo.jpg\" \/>\n\t<meta property=\"og:image:width\" content=\"600\" \/>\n\t<meta property=\"og:image:height\" content=\"430\" \/>\n\t<meta property=\"og:image:type\" content=\"image\/jpeg\" \/>\n<meta name=\"author\" content=\"manadmin\" \/>\n<meta name=\"twitter:card\" content=\"summary_large_image\" \/>\n<meta name=\"twitter:label1\" content=\"Written by\" \/>\n\t<meta name=\"twitter:data1\" content=\"manadmin\" \/>\n\t<meta name=\"twitter:label2\" content=\"Est. reading time\" \/>\n\t<meta name=\"twitter:data2\" content=\"1 minute\" \/>\n<script type=\"application\/ld+json\" class=\"yoast-schema-graph\">{\"@context\":\"https:\/\/schema.org\",\"@graph\":[{\"@type\":\"Article\",\"@id\":\"https:\/\/derechoyreligion-uc.urantiacos.cl\/en\/adir-asociacion-chilena-de-dialogo-interreligioso\/#article\",\"isPartOf\":{\"@id\":\"https:\/\/derechoyreligion-uc.urantiacos.cl\/en\/adir-asociacion-chilena-de-dialogo-interreligioso\/\"},\"author\":{\"name\":\"manadmin\",\"@id\":\"https:\/\/derechoyreligion-uc.urantiacos.cl\/en\/#\/schema\/person\/6cc7f593e2f49e3b770a06f63b58e3b1\"},\"headline\":\"ADIR Asociaci\u00f3n Chilena de Di\u00e1logo Interreligioso\",\"datePublished\":\"2017-10-05T03:00:00+00:00\",\"mainEntityOfPage\":{\"@id\":\"https:\/\/derechoyreligion-uc.urantiacos.cl\/en\/adir-asociacion-chilena-de-dialogo-interreligioso\/\"},\"wordCount\":250,\"image\":{\"@id\":\"https:\/\/derechoyreligion-uc.urantiacos.cl\/en\/adir-asociacion-chilena-de-dialogo-interreligioso\/#primaryimage\"},\"thumbnailUrl\":\"https:\/\/derechoyreligion-uc.urantiacos.cl\/wp-content\/uploads\/2025\/10\/lanzamiento_Adir_logo.jpg\",\"articleSection\":[\"Noticias\"],\"inLanguage\":\"en-US\"},{\"@type\":\"WebPage\",\"@id\":\"https:\/\/derechoyreligion-uc.urantiacos.cl\/en\/adir-asociacion-chilena-de-dialogo-interreligioso\/\",\"url\":\"https:\/\/derechoyreligion-uc.urantiacos.cl\/en\/adir-asociacion-chilena-de-dialogo-interreligioso\/\",\"name\":\"ADIR Asociaci\u00f3n Chilena de Di\u00e1logo Interreligioso - Centro UC Derecho y Religi\u00f3n\",\"isPartOf\":{\"@id\":\"https:\/\/derechoyreligion-uc.urantiacos.cl\/en\/#website\"},\"primaryImageOfPage\":{\"@id\":\"https:\/\/derechoyreligion-uc.urantiacos.cl\/en\/adir-asociacion-chilena-de-dialogo-interreligioso\/#primaryimage\"},\"image\":{\"@id\":\"https:\/\/derechoyreligion-uc.urantiacos.cl\/en\/adir-asociacion-chilena-de-dialogo-interreligioso\/#primaryimage\"},\"thumbnailUrl\":\"https:\/\/derechoyreligion-uc.urantiacos.cl\/wp-content\/uploads\/2025\/10\/lanzamiento_Adir_logo.jpg\",\"datePublished\":\"2017-10-05T03:00:00+00:00\",\"author\":{\"@id\":\"https:\/\/derechoyreligion-uc.urantiacos.cl\/en\/#\/schema\/person\/6cc7f593e2f49e3b770a06f63b58e3b1\"},\"breadcrumb\":{\"@id\":\"https:\/\/derechoyreligion-uc.urantiacos.cl\/en\/adir-asociacion-chilena-de-dialogo-interreligioso\/#breadcrumb\"},\"inLanguage\":\"en-US\",\"potentialAction\":[{\"@type\":\"ReadAction\",\"target\":[\"https:\/\/derechoyreligion-uc.urantiacos.cl\/en\/adir-asociacion-chilena-de-dialogo-interreligioso\/\"]}]},{\"@type\":\"ImageObject\",\"inLanguage\":\"en-US\",\"@id\":\"https:\/\/derechoyreligion-uc.urantiacos.cl\/en\/adir-asociacion-chilena-de-dialogo-interreligioso\/#primaryimage\",\"url\":\"https:\/\/derechoyreligion-uc.urantiacos.cl\/wp-content\/uploads\/2025\/10\/lanzamiento_Adir_logo.jpg\",\"contentUrl\":\"https:\/\/derechoyreligion-uc.urantiacos.cl\/wp-content\/uploads\/2025\/10\/lanzamiento_Adir_logo.jpg\",\"width\":600,\"height\":430},{\"@type\":\"BreadcrumbList\",\"@id\":\"https:\/\/derechoyreligion-uc.urantiacos.cl\/en\/adir-asociacion-chilena-de-dialogo-interreligioso\/#breadcrumb\",\"itemListElement\":[{\"@type\":\"ListItem\",\"position\":1,\"name\":\"Portada\",\"item\":\"https:\/\/derechoyreligion-uc.urantiacos.cl\/en\/\"},{\"@type\":\"ListItem\",\"position\":2,\"name\":\"ADIR Asociaci\u00f3n Chilena de Di\u00e1logo Interreligioso\"}]},{\"@type\":\"WebSite\",\"@id\":\"https:\/\/derechoyreligion-uc.urantiacos.cl\/en\/#website\",\"url\":\"https:\/\/derechoyreligion-uc.urantiacos.cl\/en\/\",\"name\":\"Centro UC Derecho y Religi\u00f3n\",\"description\":\"\",\"potentialAction\":[{\"@type\":\"SearchAction\",\"target\":{\"@type\":\"EntryPoint\",\"urlTemplate\":\"https:\/\/derechoyreligion-uc.urantiacos.cl\/en\/?s={search_term_string}\"},\"query-input\":{\"@type\":\"PropertyValueSpecification\",\"valueRequired\":true,\"valueName\":\"search_term_string\"}}],\"inLanguage\":\"en-US\"},{\"@type\":\"Person\",\"@id\":\"https:\/\/derechoyreligion-uc.urantiacos.cl\/en\/#\/schema\/person\/6cc7f593e2f49e3b770a06f63b58e3b1\",\"name\":\"manadmin\",\"sameAs\":[\"https:\/\/derechoyreligion-uc.urantiacos.cl\"]}]}<\/script>\n<!-- \/ Yoast SEO plugin. -->","yoast_head_json":{"title":"ADIR Asociaci\u00f3n Chilena de Di\u00e1logo Interreligioso - Centro UC Derecho y Religi\u00f3n","robots":{"index":"index","follow":"follow","max-snippet":"max-snippet:-1","max-image-preview":"max-image-preview:large","max-video-preview":"max-video-preview:-1"},"canonical":"https:\/\/derechoyreligion-uc.urantiacos.cl\/en\/adir-asociacion-chilena-de-dialogo-interreligioso\/","og_locale":"en_US","og_type":"article","og_title":"ADIR Asociaci\u00f3n Chilena de Di\u00e1logo Interreligioso - Centro UC Derecho y Religi\u00f3n","og_description":"El Centro UC Derecho y Religi\u00f3n, a trav\u00e9s de su coordinadora Paulina Eyzaguirre, estuvo presente en el lanzamiento oficial de laAsociaci\u00f3n Chilena de Di\u00e1logo Interreligioso para el Desarrollo Humano \u2013ADIR Chile, que busca generar reflexi\u00f3n en los grupos espirituales para la convivencia democr\u00e1tica y que nace a partir de la iniciativa del Consejo Asesor Interreligioso de la Oficina Nacional de Asuntos Religiosos (ONAR).","og_url":"https:\/\/derechoyreligion-uc.urantiacos.cl\/en\/adir-asociacion-chilena-de-dialogo-interreligioso\/","og_site_name":"Centro UC Derecho y Religi\u00f3n","article_published_time":"2017-10-05T03:00:00+00:00","og_image":[{"width":600,"height":430,"url":"https:\/\/derechoyreligion-uc.urantiacos.cl\/wp-content\/uploads\/2025\/10\/lanzamiento_Adir_logo.jpg","type":"image\/jpeg"}],"author":"manadmin","twitter_card":"summary_large_image","twitter_misc":{"Written by":"manadmin","Est. reading time":"1 minute"},"schema":{"@context":"https:\/\/schema.org","@graph":[{"@type":"Article","@id":"https:\/\/derechoyreligion-uc.urantiacos.cl\/en\/adir-asociacion-chilena-de-dialogo-interreligioso\/#article","isPartOf":{"@id":"https:\/\/derechoyreligion-uc.urantiacos.cl\/en\/adir-asociacion-chilena-de-dialogo-interreligioso\/"},"author":{"name":"manadmin","@id":"https:\/\/derechoyreligion-uc.urantiacos.cl\/en\/#\/schema\/person\/6cc7f593e2f49e3b770a06f63b58e3b1"},"headline":"ADIR Asociaci\u00f3n Chilena de Di\u00e1logo Interreligioso","datePublished":"2017-10-05T03:00:00+00:00","mainEntityOfPage":{"@id":"https:\/\/derechoyreligion-uc.urantiacos.cl\/en\/adir-asociacion-chilena-de-dialogo-interreligioso\/"},"wordCount":250,"image":{"@id":"https:\/\/derechoyreligion-uc.urantiacos.cl\/en\/adir-asociacion-chilena-de-dialogo-interreligioso\/#primaryimage"},"thumbnailUrl":"https:\/\/derechoyreligion-uc.urantiacos.cl\/wp-content\/uploads\/2025\/10\/lanzamiento_Adir_logo.jpg","articleSection":["Noticias"],"inLanguage":"en-US"},{"@type":"WebPage","@id":"https:\/\/derechoyreligion-uc.urantiacos.cl\/en\/adir-asociacion-chilena-de-dialogo-interreligioso\/","url":"https:\/\/derechoyreligion-uc.urantiacos.cl\/en\/adir-asociacion-chilena-de-dialogo-interreligioso\/","name":"ADIR Asociaci\u00f3n Chilena de Di\u00e1logo Interreligioso - Centro UC Derecho y Religi\u00f3n","isPartOf":{"@id":"https:\/\/derechoyreligion-uc.urantiacos.cl\/en\/#website"},"primaryImageOfPage":{"@id":"https:\/\/derechoyreligion-uc.urantiacos.cl\/en\/adir-asociacion-chilena-de-dialogo-interreligioso\/#primaryimage"},"image":{"@id":"https:\/\/derechoyreligion-uc.urantiacos.cl\/en\/adir-asociacion-chilena-de-dialogo-interreligioso\/#primaryimage"},"thumbnailUrl":"https:\/\/derechoyreligion-uc.urantiacos.cl\/wp-content\/uploads\/2025\/10\/lanzamiento_Adir_logo.jpg","datePublished":"2017-10-05T03:00:00+00:00","author":{"@id":"https:\/\/derechoyreligion-uc.urantiacos.cl\/en\/#\/schema\/person\/6cc7f593e2f49e3b770a06f63b58e3b1"},"breadcrumb":{"@id":"https:\/\/derechoyreligion-uc.urantiacos.cl\/en\/adir-asociacion-chilena-de-dialogo-interreligioso\/#breadcrumb"},"inLanguage":"en-US","potentialAction":[{"@type":"ReadAction","target":["https:\/\/derechoyreligion-uc.urantiacos.cl\/en\/adir-asociacion-chilena-de-dialogo-interreligioso\/"]}]},{"@type":"ImageObject","inLanguage":"en-US","@id":"https:\/\/derechoyreligion-uc.urantiacos.cl\/en\/adir-asociacion-chilena-de-dialogo-interreligioso\/#primaryimage","url":"https:\/\/derechoyreligion-uc.urantiacos.cl\/wp-content\/uploads\/2025\/10\/lanzamiento_Adir_logo.jpg","contentUrl":"https:\/\/derechoyreligion-uc.urantiacos.cl\/wp-content\/uploads\/2025\/10\/lanzamiento_Adir_logo.jpg","width":600,"height":430},{"@type":"BreadcrumbList","@id":"https:\/\/derechoyreligion-uc.urantiacos.cl\/en\/adir-asociacion-chilena-de-dialogo-interreligioso\/#breadcrumb","itemListElement":[{"@type":"ListItem","position":1,"name":"Portada","item":"https:\/\/derechoyreligion-uc.urantiacos.cl\/en\/"},{"@type":"ListItem","position":2,"name":"ADIR Asociaci\u00f3n Chilena de Di\u00e1logo Interreligioso"}]},{"@type":"WebSite","@id":"https:\/\/derechoyreligion-uc.urantiacos.cl\/en\/#website","url":"https:\/\/derechoyreligion-uc.urantiacos.cl\/en\/","name":"Centro UC Derecho y Religi\u00f3n","description":"","potentialAction":[{"@type":"SearchAction","target":{"@type":"EntryPoint","urlTemplate":"https:\/\/derechoyreligion-uc.urantiacos.cl\/en\/?s={search_term_string}"},"query-input":{"@type":"PropertyValueSpecification","valueRequired":true,"valueName":"search_term_string"}}],"inLanguage":"en-US"},{"@type":"Person","@id":"https:\/\/derechoyreligion-uc.urantiacos.cl\/en\/#\/schema\/person\/6cc7f593e2f49e3b770a06f63b58e3b1","name":"manadmin","sameAs":["https:\/\/derechoyreligion-uc.urantiacos.cl"]}]}},"_links":{"self":[{"href":"https:\/\/derechoyreligion-uc.urantiacos.cl\/en\/wp-json\/wp\/v2\/posts\/1408","targetHints":{"allow":["GET"]}}],"collection":[{"href":"https:\/\/derechoyreligion-uc.urantiacos.cl\/en\/wp-json\/wp\/v2\/posts"}],"about":[{"href":"https:\/\/derechoyreligion-uc.urantiacos.cl\/en\/wp-json\/wp\/v2\/types\/post"}],"author":[{"embeddable":true,"href":"https:\/\/derechoyreligion-uc.urantiacos.cl\/en\/wp-json\/wp\/v2\/users\/1"}],"replies":[{"embeddable":true,"href":"https:\/\/derechoyreligion-uc.urantiacos.cl\/en\/wp-json\/wp\/v2\/comments?post=1408"}],"version-history":[{"count":0,"href":"https:\/\/derechoyreligion-uc.urantiacos.cl\/en\/wp-json\/wp\/v2\/posts\/1408\/revisions"}],"wp:featuredmedia":[{"embeddable":true,"href":"https:\/\/derechoyreligion-uc.urantiacos.cl\/en\/wp-json\/wp\/v2\/media\/1552"}],"wp:attachment":[{"href":"https:\/\/derechoyreligion-uc.urantiacos.cl\/en\/wp-json\/wp\/v2\/media?parent=1408"}],"wp:term":[{"taxonomy":"category","embeddable":true,"href":"https:\/\/derechoyreligion-uc.urantiacos.cl\/en\/wp-json\/wp\/v2\/categories?post=1408"},{"taxonomy":"post_tag","embeddable":true,"href":"https:\/\/derechoyreligion-uc.urantiacos.cl\/en\/wp-json\/wp\/v2\/tags?post=1408"}],"curies":[{"name":"wp","href":"https:\/\/api.w.org\/{rel}","templated":true}]}}