
{"id":1407,"date":"2017-10-18T00:00:00","date_gmt":"2017-10-18T03:00:00","guid":{"rendered":"https:\/\/derechoyreligion-uc.urantiacos.cl\/acompanamiento-y-objecion-de-conciencia\/"},"modified":"2017-10-18T00:00:00","modified_gmt":"2017-10-18T03:00:00","slug":"acompanamiento-y-objecion-de-conciencia","status":"publish","type":"post","link":"https:\/\/derechoyreligion-uc.urantiacos.cl\/en\/acompanamiento-y-objecion-de-conciencia\/","title":{"rendered":"Acompa\u00f1amiento y Objeci\u00f3n de Conciencia"},"content":{"rendered":"<article>\n<span><br \/>\n<\/span><\/p>\n<p><img decoding=\"async\" alt=\"afiche seminario acompa\u00f1amiento 2017 b\" src=\"https:\/\/derechoyreligion-uc.urantiacos.cl\/wp-content\/uploads\/imagenes\/afiche_seminario_acompa\u00f1amiento_2017_b.jpg\"\/><\/p>\n<p>PROGRAMA: SEMINARIO SOBRE ACOMPA\u00d1AMIENTO TERAP\u00c9UTICO Y OBJECI\u00d3N DE CONCIENCIA.<\/p>\n<p>13:30 HRS. INSCRIPCIONES Y REGISTRO.<\/p>\n<p>14:00 HRS. DISCURSO DE INAUGURACI\u00d3N: Directora Escuela Enfermer\u00eda. Mar\u00eda Isabel Catoni Salamanca. Enfermera Matrona, Pontificia Universidad Cat\u00f3lica de Chile. Mag\u00edster en Fundamentaci\u00f3n Filos\u00f3fica, Universidad de Los Andes.Especialista en Enfermer\u00eda M\u00e9dico Quir\u00fargica, Pontificia Universidad Cat\u00f3lica de Chile.<\/p>\n<p>14:10 HRS. PRIMERA MESA REDONDA: Programa de Acompa\u00f1amiento e Interrupci\u00f3n del embarazo.<br \/>Introducci\u00f3n Moderadora: Carmen Dom\u00ednguez Hidalgo. Directora del Centro UC de la Familia. Doctor en Derecho,<br \/>Universidad Complutense de Madrid.<br \/>PRIMERA INTERVENCI\u00d3N: Jorge Neira. Profesor Facultad de Medicina UC. Mag\u00edster Bio\u00e9tica, Pontificia Universidad Cat\u00f3lica de Chile.<br \/>SEGUNDA INTERVENCI\u00d3N: Elizabeth Bunster. Directora del Proyecto Esperanza. Egresada Mag\u00edster en Psicolog\u00eda Social Comunitaria, Pontificia Universidad Cat\u00f3lica de Chile.<\/p>\n<p>PREGUNTAS MESA.<br \/>PREGUNTAS P\u00daBLICO.<\/p>\n<p>15:10 HRS. SEGUNDA MESA REDONDA: Alcances y Ejercicio de la Objeci\u00f3n de Conciencia.<br \/>Introducci\u00f3n Moderadora: Ana Mar\u00eda Celis. Directora del Centro UC Derecho y Religi\u00f3n. Doctora en Derecho Can\u00f3nico, Pontificia Universidad Gregoriana.<br \/>PRIMERA INTERVENCI\u00d3N: Ignacio Covarrubias. Director Centro de Justicia Constitucional, Universidad del Desarrollo. Doctor en Derecho, Universidad de los Andes.<br \/>SEGUNDA INTERVENCI\u00d3N: Mar\u00eda Elena Pimstein. Secretaria General UC. Abogada Pontificia Universidad Cat\u00f3lica de Chile.<\/p>\n<p>PREGUNTAS MESA.<br \/>PREGUNTAS P\u00daBLICO<\/p>\n<p>16:00 HRS: Coffee de salida.<\/p>\n<p>M\u00e1s informaciones: http:\/\/centrodelafamilia.uc.cl\/<\/p>\n<p>Inscripciones: <span>Esta direcci\u00f3n de correo electr\u00f3nico est\u00e1 siendo protegida contra los robots de spam. Necesita tener JavaScript habilitado para poder verlo.<\/span> o (2) 23542152<\/p>\n<\/article>\n","protected":false},"excerpt":{"rendered":"<p>PROGRAMA: SEMINARIO SOBRE ACOMPA\u00d1AMIENTO TERAP\u00c9UTICO Y OBJECI\u00d3N DE CONCIENCIA.<\/p>\n","protected":false},"author":1,"featured_media":0,"comment_status":"","ping_status":"","sticky":false,"template":"","format":"standard","meta":{"_acf_changed":false,"footnotes":""},"categories":[1],"tags":[],"class_list":["post-1407","post","type-post","status-publish","format-standard","hentry","category-noticias"],"acf":[],"yoast_head":"<!-- This site is optimized with the Yoast SEO plugin v27.1.1 - https:\/\/yoast.com\/product\/yoast-seo-wordpress\/ -->\n<title>Acompa\u00f1amiento y Objeci\u00f3n de Conciencia - Centro UC Derecho y Religi\u00f3n<\/title>\n<meta name=\"robots\" content=\"index, follow, max-snippet:-1, max-image-preview:large, max-video-preview:-1\" \/>\n<link rel=\"canonical\" href=\"https:\/\/derechoyreligion-uc.urantiacos.cl\/en\/acompanamiento-y-objecion-de-conciencia\/\" \/>\n<meta property=\"og:locale\" content=\"en_US\" \/>\n<meta property=\"og:type\" content=\"article\" \/>\n<meta property=\"og:title\" content=\"Acompa\u00f1amiento y Objeci\u00f3n de Conciencia - Centro UC Derecho y Religi\u00f3n\" \/>\n<meta property=\"og:description\" content=\"PROGRAMA: SEMINARIO SOBRE ACOMPA\u00d1AMIENTO TERAP\u00c9UTICO Y OBJECI\u00d3N DE CONCIENCIA.\" \/>\n<meta property=\"og:url\" content=\"https:\/\/derechoyreligion-uc.urantiacos.cl\/en\/acompanamiento-y-objecion-de-conciencia\/\" \/>\n<meta property=\"og:site_name\" content=\"Centro UC Derecho y Religi\u00f3n\" \/>\n<meta property=\"article:published_time\" content=\"2017-10-18T03:00:00+00:00\" \/>\n<meta name=\"author\" content=\"manadmin\" \/>\n<meta name=\"twitter:card\" content=\"summary_large_image\" \/>\n<meta name=\"twitter:label1\" content=\"Written by\" \/>\n\t<meta name=\"twitter:data1\" content=\"manadmin\" \/>\n\t<meta name=\"twitter:label2\" content=\"Est. reading time\" \/>\n\t<meta name=\"twitter:data2\" content=\"1 minute\" \/>\n<script type=\"application\/ld+json\" class=\"yoast-schema-graph\">{\"@context\":\"https:\/\/schema.org\",\"@graph\":[{\"@type\":\"Article\",\"@id\":\"https:\/\/derechoyreligion-uc.urantiacos.cl\/en\/acompanamiento-y-objecion-de-conciencia\/#article\",\"isPartOf\":{\"@id\":\"https:\/\/derechoyreligion-uc.urantiacos.cl\/en\/acompanamiento-y-objecion-de-conciencia\/\"},\"author\":{\"name\":\"manadmin\",\"@id\":\"https:\/\/derechoyreligion-uc.urantiacos.cl\/en\/#\/schema\/person\/6cc7f593e2f49e3b770a06f63b58e3b1\"},\"headline\":\"Acompa\u00f1amiento y Objeci\u00f3n de Conciencia\",\"datePublished\":\"2017-10-18T03:00:00+00:00\",\"mainEntityOfPage\":{\"@id\":\"https:\/\/derechoyreligion-uc.urantiacos.cl\/en\/acompanamiento-y-objecion-de-conciencia\/\"},\"wordCount\":265,\"articleSection\":[\"Noticias\"],\"inLanguage\":\"en-US\"},{\"@type\":\"WebPage\",\"@id\":\"https:\/\/derechoyreligion-uc.urantiacos.cl\/en\/acompanamiento-y-objecion-de-conciencia\/\",\"url\":\"https:\/\/derechoyreligion-uc.urantiacos.cl\/en\/acompanamiento-y-objecion-de-conciencia\/\",\"name\":\"Acompa\u00f1amiento y Objeci\u00f3n de Conciencia - Centro UC Derecho y Religi\u00f3n\",\"isPartOf\":{\"@id\":\"https:\/\/derechoyreligion-uc.urantiacos.cl\/en\/#website\"},\"datePublished\":\"2017-10-18T03:00:00+00:00\",\"author\":{\"@id\":\"https:\/\/derechoyreligion-uc.urantiacos.cl\/en\/#\/schema\/person\/6cc7f593e2f49e3b770a06f63b58e3b1\"},\"breadcrumb\":{\"@id\":\"https:\/\/derechoyreligion-uc.urantiacos.cl\/en\/acompanamiento-y-objecion-de-conciencia\/#breadcrumb\"},\"inLanguage\":\"en-US\",\"potentialAction\":[{\"@type\":\"ReadAction\",\"target\":[\"https:\/\/derechoyreligion-uc.urantiacos.cl\/en\/acompanamiento-y-objecion-de-conciencia\/\"]}]},{\"@type\":\"BreadcrumbList\",\"@id\":\"https:\/\/derechoyreligion-uc.urantiacos.cl\/en\/acompanamiento-y-objecion-de-conciencia\/#breadcrumb\",\"itemListElement\":[{\"@type\":\"ListItem\",\"position\":1,\"name\":\"Portada\",\"item\":\"https:\/\/derechoyreligion-uc.urantiacos.cl\/en\/\"},{\"@type\":\"ListItem\",\"position\":2,\"name\":\"Acompa\u00f1amiento y Objeci\u00f3n de Conciencia\"}]},{\"@type\":\"WebSite\",\"@id\":\"https:\/\/derechoyreligion-uc.urantiacos.cl\/en\/#website\",\"url\":\"https:\/\/derechoyreligion-uc.urantiacos.cl\/en\/\",\"name\":\"Centro UC Derecho y Religi\u00f3n\",\"description\":\"\",\"potentialAction\":[{\"@type\":\"SearchAction\",\"target\":{\"@type\":\"EntryPoint\",\"urlTemplate\":\"https:\/\/derechoyreligion-uc.urantiacos.cl\/en\/?s={search_term_string}\"},\"query-input\":{\"@type\":\"PropertyValueSpecification\",\"valueRequired\":true,\"valueName\":\"search_term_string\"}}],\"inLanguage\":\"en-US\"},{\"@type\":\"Person\",\"@id\":\"https:\/\/derechoyreligion-uc.urantiacos.cl\/en\/#\/schema\/person\/6cc7f593e2f49e3b770a06f63b58e3b1\",\"name\":\"manadmin\",\"sameAs\":[\"https:\/\/derechoyreligion-uc.urantiacos.cl\"]}]}<\/script>\n<!-- \/ Yoast SEO plugin. -->","yoast_head_json":{"title":"Acompa\u00f1amiento y Objeci\u00f3n de Conciencia - Centro UC Derecho y Religi\u00f3n","robots":{"index":"index","follow":"follow","max-snippet":"max-snippet:-1","max-image-preview":"max-image-preview:large","max-video-preview":"max-video-preview:-1"},"canonical":"https:\/\/derechoyreligion-uc.urantiacos.cl\/en\/acompanamiento-y-objecion-de-conciencia\/","og_locale":"en_US","og_type":"article","og_title":"Acompa\u00f1amiento y Objeci\u00f3n de Conciencia - Centro UC Derecho y Religi\u00f3n","og_description":"PROGRAMA: SEMINARIO SOBRE ACOMPA\u00d1AMIENTO TERAP\u00c9UTICO Y OBJECI\u00d3N DE CONCIENCIA.","og_url":"https:\/\/derechoyreligion-uc.urantiacos.cl\/en\/acompanamiento-y-objecion-de-conciencia\/","og_site_name":"Centro UC Derecho y Religi\u00f3n","article_published_time":"2017-10-18T03:00:00+00:00","author":"manadmin","twitter_card":"summary_large_image","twitter_misc":{"Written by":"manadmin","Est. reading time":"1 minute"},"schema":{"@context":"https:\/\/schema.org","@graph":[{"@type":"Article","@id":"https:\/\/derechoyreligion-uc.urantiacos.cl\/en\/acompanamiento-y-objecion-de-conciencia\/#article","isPartOf":{"@id":"https:\/\/derechoyreligion-uc.urantiacos.cl\/en\/acompanamiento-y-objecion-de-conciencia\/"},"author":{"name":"manadmin","@id":"https:\/\/derechoyreligion-uc.urantiacos.cl\/en\/#\/schema\/person\/6cc7f593e2f49e3b770a06f63b58e3b1"},"headline":"Acompa\u00f1amiento y Objeci\u00f3n de Conciencia","datePublished":"2017-10-18T03:00:00+00:00","mainEntityOfPage":{"@id":"https:\/\/derechoyreligion-uc.urantiacos.cl\/en\/acompanamiento-y-objecion-de-conciencia\/"},"wordCount":265,"articleSection":["Noticias"],"inLanguage":"en-US"},{"@type":"WebPage","@id":"https:\/\/derechoyreligion-uc.urantiacos.cl\/en\/acompanamiento-y-objecion-de-conciencia\/","url":"https:\/\/derechoyreligion-uc.urantiacos.cl\/en\/acompanamiento-y-objecion-de-conciencia\/","name":"Acompa\u00f1amiento y Objeci\u00f3n de Conciencia - Centro UC Derecho y Religi\u00f3n","isPartOf":{"@id":"https:\/\/derechoyreligion-uc.urantiacos.cl\/en\/#website"},"datePublished":"2017-10-18T03:00:00+00:00","author":{"@id":"https:\/\/derechoyreligion-uc.urantiacos.cl\/en\/#\/schema\/person\/6cc7f593e2f49e3b770a06f63b58e3b1"},"breadcrumb":{"@id":"https:\/\/derechoyreligion-uc.urantiacos.cl\/en\/acompanamiento-y-objecion-de-conciencia\/#breadcrumb"},"inLanguage":"en-US","potentialAction":[{"@type":"ReadAction","target":["https:\/\/derechoyreligion-uc.urantiacos.cl\/en\/acompanamiento-y-objecion-de-conciencia\/"]}]},{"@type":"BreadcrumbList","@id":"https:\/\/derechoyreligion-uc.urantiacos.cl\/en\/acompanamiento-y-objecion-de-conciencia\/#breadcrumb","itemListElement":[{"@type":"ListItem","position":1,"name":"Portada","item":"https:\/\/derechoyreligion-uc.urantiacos.cl\/en\/"},{"@type":"ListItem","position":2,"name":"Acompa\u00f1amiento y Objeci\u00f3n de Conciencia"}]},{"@type":"WebSite","@id":"https:\/\/derechoyreligion-uc.urantiacos.cl\/en\/#website","url":"https:\/\/derechoyreligion-uc.urantiacos.cl\/en\/","name":"Centro UC Derecho y Religi\u00f3n","description":"","potentialAction":[{"@type":"SearchAction","target":{"@type":"EntryPoint","urlTemplate":"https:\/\/derechoyreligion-uc.urantiacos.cl\/en\/?s={search_term_string}"},"query-input":{"@type":"PropertyValueSpecification","valueRequired":true,"valueName":"search_term_string"}}],"inLanguage":"en-US"},{"@type":"Person","@id":"https:\/\/derechoyreligion-uc.urantiacos.cl\/en\/#\/schema\/person\/6cc7f593e2f49e3b770a06f63b58e3b1","name":"manadmin","sameAs":["https:\/\/derechoyreligion-uc.urantiacos.cl"]}]}},"_links":{"self":[{"href":"https:\/\/derechoyreligion-uc.urantiacos.cl\/en\/wp-json\/wp\/v2\/posts\/1407","targetHints":{"allow":["GET"]}}],"collection":[{"href":"https:\/\/derechoyreligion-uc.urantiacos.cl\/en\/wp-json\/wp\/v2\/posts"}],"about":[{"href":"https:\/\/derechoyreligion-uc.urantiacos.cl\/en\/wp-json\/wp\/v2\/types\/post"}],"author":[{"embeddable":true,"href":"https:\/\/derechoyreligion-uc.urantiacos.cl\/en\/wp-json\/wp\/v2\/users\/1"}],"replies":[{"embeddable":true,"href":"https:\/\/derechoyreligion-uc.urantiacos.cl\/en\/wp-json\/wp\/v2\/comments?post=1407"}],"version-history":[{"count":0,"href":"https:\/\/derechoyreligion-uc.urantiacos.cl\/en\/wp-json\/wp\/v2\/posts\/1407\/revisions"}],"wp:attachment":[{"href":"https:\/\/derechoyreligion-uc.urantiacos.cl\/en\/wp-json\/wp\/v2\/media?parent=1407"}],"wp:term":[{"taxonomy":"category","embeddable":true,"href":"https:\/\/derechoyreligion-uc.urantiacos.cl\/en\/wp-json\/wp\/v2\/categories?post=1407"},{"taxonomy":"post_tag","embeddable":true,"href":"https:\/\/derechoyreligion-uc.urantiacos.cl\/en\/wp-json\/wp\/v2\/tags?post=1407"}],"curies":[{"name":"wp","href":"https:\/\/api.w.org\/{rel}","templated":true}]}}