
{"id":1406,"date":"2017-11-16T00:00:00","date_gmt":"2017-11-16T03:00:00","guid":{"rendered":"https:\/\/derechoyreligion-uc.urantiacos.cl\/ii-seminario-sobre-acompanamiento-terapeutico-y-objecion-de-conciencia\/"},"modified":"2017-11-16T00:00:00","modified_gmt":"2017-11-16T03:00:00","slug":"ii-seminario-sobre-acompanamiento-terapeutico-y-objecion-de-conciencia","status":"publish","type":"post","link":"https:\/\/derechoyreligion-uc.urantiacos.cl\/en\/ii-seminario-sobre-acompanamiento-terapeutico-y-objecion-de-conciencia\/","title":{"rendered":"II Seminario sobre Acompa\u00f1amiento Terap\u00e9utico y Objeci\u00f3n de conciencia"},"content":{"rendered":"<article>\n<span><br \/>\n<\/span><\/p>\n<p><img decoding=\"async\" alt=\"Foto 1 seminario acompa\u00f1amiento\" src=\"https:\/\/derechoyreligion-uc.urantiacos.cl\/wp-content\/uploads\/imagenes\/Foto_1_seminario_acompa\u00f1amiento.jpg\"\/><\/p>\n<p><em><span>Ese fue el tema central del segundo encuentro en esta materia organizado por el Centro UC de la Familia, el Centro UC Derecho y Religi\u00f3n y la Escuela de Enfermer\u00eda UC.<\/span><\/em><\/p>\n<p><span>El 31 de octubre reci\u00e9n pasado, se llev\u00f3 a cabo la segunda versi\u00f3n del Seminario sobre Acompa\u00f1amiento Terap\u00e9utico y Objeci\u00f3n de Conciencia, organizado por el\u00a0<\/span><a href=\"http:\/\/centrodelafamilia.uc.cl\/\" target=\"_blank\"><span>Centro UC de la Familia<\/span><\/a><span>, el\u00a0<\/span><a href=\"https:\/\/derechoyreligion.uc.cl\/es\/\" target=\"_blank\"><span>Centro UC Derecho y Religi\u00f3n<\/span><\/a><span>\u00a0y la Escuela de Enfermer\u00eda, actividad que tuvo lugar en las dependencias de esta \u00faltima en el Campus San Joaqu\u00edn.<\/span><\/p>\n<p><span>La presentaci\u00f3n de este encuentro estuvo a cargo de la directora de la Escuela de Enfermer\u00eda, Mar\u00eda Isabel Catoni Salamanca, quien destac\u00f3 el rol que tendr\u00edan los profesionales de la salud a la luz de la nueva normativa que admite la interrupci\u00f3n del embarazo en tres causales.<\/span><\/p>\n<p><span>El evento se dividi\u00f3 en dos partes. La primera, que abord\u00f3 el acompa\u00f1amiento terap\u00e9utico, cont\u00f3 con la participaci\u00f3n de doctor Jorge Neira, profesor de la Facultad de Medicina de nuestra Universidad y director del Programa Acompa\u00f1ares, programa que auxilia a familias que conciben un hijo con alguna malformaci\u00f3n cong\u00e9nita letal, durante el proceso de embarazo, pre y postparto; y de la directora de Proyecto Esperanza, Elizabeth Bunster, quien lleva 20 a\u00f1os brindando apoyo tanto a mujeres vulnerables que se han realizado un aborto.<\/span><\/p>\n<p><span>En la segunda parte, sobre objeci\u00f3n de conciencia, intervinieron Ignacio Covarrubias, profesor de Derecho Constitucional e investigador del Centro de Justicia Constitucional de la Universidad del Desarrollo, junto a la secretaria general de la Pontificia Universidad Cat\u00f3lica y profesora de Derecho Can\u00f3nico de nuestra Facultad,\u00a0<\/span><a href=\"http:\/\/derecho.uc.cl\/es\/profesores\/nomina-por-departamento\/departamento-de-derecho-canonico\/645-pimstein-scroggie-maria-elena\" target=\"_blank\"><span>Mar\u00eda Elena Pimstein<\/span><\/a><span>.<\/span><\/p>\n<p><span>Las mesas fueron moderadas por las Directoras del Centro UC de la Familia, Carmen Dom\u00ednguez Hidalgo y por la Directora del Centro UC Derecho y Religi\u00f3n, Ana Mar\u00eda Celis, respectivamente.<\/span><\/p>\n<p><span><img decoding=\"async\" alt=\"Foto 2 seminario acompa\u00f1amiento\" src=\"https:\/\/derechoyreligion-uc.urantiacos.cl\/wp-content\/uploads\/imagenes\/Foto_2_seminario_acompa\u00f1amiento.jpeg\"\/><\/span><\/p>\n<p><span><img decoding=\"async\" alt=\"Foto 3 seminario acompa\u00f1amiento\" src=\"https:\/\/derechoyreligion-uc.urantiacos.cl\/wp-content\/uploads\/imagenes\/Foto_3_seminario_acompa\u00f1amiento.jpeg\"\/><\/span><\/p>\n<\/article>\n","protected":false},"excerpt":{"rendered":"<p>Ese fue el tema central del segundo encuentro en esta materia organizado por el Centro UC de la Familia, el Centro UC Derecho y Religi\u00f3n y la Escuela de Enfermer\u00eda UC.<\/p>\n","protected":false},"author":1,"featured_media":0,"comment_status":"","ping_status":"","sticky":false,"template":"","format":"standard","meta":{"_acf_changed":false,"footnotes":""},"categories":[1],"tags":[],"class_list":["post-1406","post","type-post","status-publish","format-standard","hentry","category-noticias"],"acf":[],"yoast_head":"<!-- This site is optimized with the Yoast SEO plugin v27.1.1 - https:\/\/yoast.com\/product\/yoast-seo-wordpress\/ -->\n<title>II Seminario sobre Acompa\u00f1amiento Terap\u00e9utico y Objeci\u00f3n de conciencia - Centro UC Derecho y Religi\u00f3n<\/title>\n<meta name=\"robots\" content=\"index, follow, max-snippet:-1, max-image-preview:large, max-video-preview:-1\" \/>\n<link rel=\"canonical\" href=\"https:\/\/derechoyreligion-uc.urantiacos.cl\/en\/ii-seminario-sobre-acompanamiento-terapeutico-y-objecion-de-conciencia\/\" \/>\n<meta property=\"og:locale\" content=\"en_US\" \/>\n<meta property=\"og:type\" content=\"article\" \/>\n<meta property=\"og:title\" content=\"II Seminario sobre Acompa\u00f1amiento Terap\u00e9utico y Objeci\u00f3n de conciencia - Centro UC Derecho y Religi\u00f3n\" \/>\n<meta property=\"og:description\" content=\"Ese fue el tema central del segundo encuentro en esta materia organizado por el Centro UC de la Familia, el Centro UC Derecho y Religi\u00f3n y la Escuela de Enfermer\u00eda UC.\" \/>\n<meta property=\"og:url\" content=\"https:\/\/derechoyreligion-uc.urantiacos.cl\/en\/ii-seminario-sobre-acompanamiento-terapeutico-y-objecion-de-conciencia\/\" \/>\n<meta property=\"og:site_name\" content=\"Centro UC Derecho y Religi\u00f3n\" \/>\n<meta property=\"article:published_time\" content=\"2017-11-16T03:00:00+00:00\" \/>\n<meta name=\"author\" content=\"manadmin\" \/>\n<meta name=\"twitter:card\" content=\"summary_large_image\" \/>\n<meta name=\"twitter:label1\" content=\"Written by\" \/>\n\t<meta name=\"twitter:data1\" content=\"manadmin\" \/>\n\t<meta name=\"twitter:label2\" content=\"Est. reading time\" \/>\n\t<meta name=\"twitter:data2\" content=\"2 minutes\" \/>\n<script type=\"application\/ld+json\" class=\"yoast-schema-graph\">{\"@context\":\"https:\/\/schema.org\",\"@graph\":[{\"@type\":\"Article\",\"@id\":\"https:\/\/derechoyreligion-uc.urantiacos.cl\/en\/ii-seminario-sobre-acompanamiento-terapeutico-y-objecion-de-conciencia\/#article\",\"isPartOf\":{\"@id\":\"https:\/\/derechoyreligion-uc.urantiacos.cl\/en\/ii-seminario-sobre-acompanamiento-terapeutico-y-objecion-de-conciencia\/\"},\"author\":{\"name\":\"manadmin\",\"@id\":\"https:\/\/derechoyreligion-uc.urantiacos.cl\/en\/#\/schema\/person\/6cc7f593e2f49e3b770a06f63b58e3b1\"},\"headline\":\"II Seminario sobre Acompa\u00f1amiento Terap\u00e9utico y Objeci\u00f3n de conciencia\",\"datePublished\":\"2017-11-16T03:00:00+00:00\",\"mainEntityOfPage\":{\"@id\":\"https:\/\/derechoyreligion-uc.urantiacos.cl\/en\/ii-seminario-sobre-acompanamiento-terapeutico-y-objecion-de-conciencia\/\"},\"wordCount\":334,\"articleSection\":[\"Noticias\"],\"inLanguage\":\"en-US\"},{\"@type\":\"WebPage\",\"@id\":\"https:\/\/derechoyreligion-uc.urantiacos.cl\/en\/ii-seminario-sobre-acompanamiento-terapeutico-y-objecion-de-conciencia\/\",\"url\":\"https:\/\/derechoyreligion-uc.urantiacos.cl\/en\/ii-seminario-sobre-acompanamiento-terapeutico-y-objecion-de-conciencia\/\",\"name\":\"II Seminario sobre Acompa\u00f1amiento Terap\u00e9utico y Objeci\u00f3n de conciencia - Centro UC Derecho y Religi\u00f3n\",\"isPartOf\":{\"@id\":\"https:\/\/derechoyreligion-uc.urantiacos.cl\/en\/#website\"},\"datePublished\":\"2017-11-16T03:00:00+00:00\",\"author\":{\"@id\":\"https:\/\/derechoyreligion-uc.urantiacos.cl\/en\/#\/schema\/person\/6cc7f593e2f49e3b770a06f63b58e3b1\"},\"breadcrumb\":{\"@id\":\"https:\/\/derechoyreligion-uc.urantiacos.cl\/en\/ii-seminario-sobre-acompanamiento-terapeutico-y-objecion-de-conciencia\/#breadcrumb\"},\"inLanguage\":\"en-US\",\"potentialAction\":[{\"@type\":\"ReadAction\",\"target\":[\"https:\/\/derechoyreligion-uc.urantiacos.cl\/en\/ii-seminario-sobre-acompanamiento-terapeutico-y-objecion-de-conciencia\/\"]}]},{\"@type\":\"BreadcrumbList\",\"@id\":\"https:\/\/derechoyreligion-uc.urantiacos.cl\/en\/ii-seminario-sobre-acompanamiento-terapeutico-y-objecion-de-conciencia\/#breadcrumb\",\"itemListElement\":[{\"@type\":\"ListItem\",\"position\":1,\"name\":\"Portada\",\"item\":\"https:\/\/derechoyreligion-uc.urantiacos.cl\/en\/\"},{\"@type\":\"ListItem\",\"position\":2,\"name\":\"II Seminario sobre Acompa\u00f1amiento Terap\u00e9utico y Objeci\u00f3n de conciencia\"}]},{\"@type\":\"WebSite\",\"@id\":\"https:\/\/derechoyreligion-uc.urantiacos.cl\/en\/#website\",\"url\":\"https:\/\/derechoyreligion-uc.urantiacos.cl\/en\/\",\"name\":\"Centro UC Derecho y Religi\u00f3n\",\"description\":\"\",\"potentialAction\":[{\"@type\":\"SearchAction\",\"target\":{\"@type\":\"EntryPoint\",\"urlTemplate\":\"https:\/\/derechoyreligion-uc.urantiacos.cl\/en\/?s={search_term_string}\"},\"query-input\":{\"@type\":\"PropertyValueSpecification\",\"valueRequired\":true,\"valueName\":\"search_term_string\"}}],\"inLanguage\":\"en-US\"},{\"@type\":\"Person\",\"@id\":\"https:\/\/derechoyreligion-uc.urantiacos.cl\/en\/#\/schema\/person\/6cc7f593e2f49e3b770a06f63b58e3b1\",\"name\":\"manadmin\",\"sameAs\":[\"https:\/\/derechoyreligion-uc.urantiacos.cl\"]}]}<\/script>\n<!-- \/ Yoast SEO plugin. -->","yoast_head_json":{"title":"II Seminario sobre Acompa\u00f1amiento Terap\u00e9utico y Objeci\u00f3n de conciencia - Centro UC Derecho y Religi\u00f3n","robots":{"index":"index","follow":"follow","max-snippet":"max-snippet:-1","max-image-preview":"max-image-preview:large","max-video-preview":"max-video-preview:-1"},"canonical":"https:\/\/derechoyreligion-uc.urantiacos.cl\/en\/ii-seminario-sobre-acompanamiento-terapeutico-y-objecion-de-conciencia\/","og_locale":"en_US","og_type":"article","og_title":"II Seminario sobre Acompa\u00f1amiento Terap\u00e9utico y Objeci\u00f3n de conciencia - Centro UC Derecho y Religi\u00f3n","og_description":"Ese fue el tema central del segundo encuentro en esta materia organizado por el Centro UC de la Familia, el Centro UC Derecho y Religi\u00f3n y la Escuela de Enfermer\u00eda UC.","og_url":"https:\/\/derechoyreligion-uc.urantiacos.cl\/en\/ii-seminario-sobre-acompanamiento-terapeutico-y-objecion-de-conciencia\/","og_site_name":"Centro UC Derecho y Religi\u00f3n","article_published_time":"2017-11-16T03:00:00+00:00","author":"manadmin","twitter_card":"summary_large_image","twitter_misc":{"Written by":"manadmin","Est. reading time":"2 minutes"},"schema":{"@context":"https:\/\/schema.org","@graph":[{"@type":"Article","@id":"https:\/\/derechoyreligion-uc.urantiacos.cl\/en\/ii-seminario-sobre-acompanamiento-terapeutico-y-objecion-de-conciencia\/#article","isPartOf":{"@id":"https:\/\/derechoyreligion-uc.urantiacos.cl\/en\/ii-seminario-sobre-acompanamiento-terapeutico-y-objecion-de-conciencia\/"},"author":{"name":"manadmin","@id":"https:\/\/derechoyreligion-uc.urantiacos.cl\/en\/#\/schema\/person\/6cc7f593e2f49e3b770a06f63b58e3b1"},"headline":"II Seminario sobre Acompa\u00f1amiento Terap\u00e9utico y Objeci\u00f3n de conciencia","datePublished":"2017-11-16T03:00:00+00:00","mainEntityOfPage":{"@id":"https:\/\/derechoyreligion-uc.urantiacos.cl\/en\/ii-seminario-sobre-acompanamiento-terapeutico-y-objecion-de-conciencia\/"},"wordCount":334,"articleSection":["Noticias"],"inLanguage":"en-US"},{"@type":"WebPage","@id":"https:\/\/derechoyreligion-uc.urantiacos.cl\/en\/ii-seminario-sobre-acompanamiento-terapeutico-y-objecion-de-conciencia\/","url":"https:\/\/derechoyreligion-uc.urantiacos.cl\/en\/ii-seminario-sobre-acompanamiento-terapeutico-y-objecion-de-conciencia\/","name":"II Seminario sobre Acompa\u00f1amiento Terap\u00e9utico y Objeci\u00f3n de conciencia - Centro UC Derecho y Religi\u00f3n","isPartOf":{"@id":"https:\/\/derechoyreligion-uc.urantiacos.cl\/en\/#website"},"datePublished":"2017-11-16T03:00:00+00:00","author":{"@id":"https:\/\/derechoyreligion-uc.urantiacos.cl\/en\/#\/schema\/person\/6cc7f593e2f49e3b770a06f63b58e3b1"},"breadcrumb":{"@id":"https:\/\/derechoyreligion-uc.urantiacos.cl\/en\/ii-seminario-sobre-acompanamiento-terapeutico-y-objecion-de-conciencia\/#breadcrumb"},"inLanguage":"en-US","potentialAction":[{"@type":"ReadAction","target":["https:\/\/derechoyreligion-uc.urantiacos.cl\/en\/ii-seminario-sobre-acompanamiento-terapeutico-y-objecion-de-conciencia\/"]}]},{"@type":"BreadcrumbList","@id":"https:\/\/derechoyreligion-uc.urantiacos.cl\/en\/ii-seminario-sobre-acompanamiento-terapeutico-y-objecion-de-conciencia\/#breadcrumb","itemListElement":[{"@type":"ListItem","position":1,"name":"Portada","item":"https:\/\/derechoyreligion-uc.urantiacos.cl\/en\/"},{"@type":"ListItem","position":2,"name":"II Seminario sobre Acompa\u00f1amiento Terap\u00e9utico y Objeci\u00f3n de conciencia"}]},{"@type":"WebSite","@id":"https:\/\/derechoyreligion-uc.urantiacos.cl\/en\/#website","url":"https:\/\/derechoyreligion-uc.urantiacos.cl\/en\/","name":"Centro UC Derecho y Religi\u00f3n","description":"","potentialAction":[{"@type":"SearchAction","target":{"@type":"EntryPoint","urlTemplate":"https:\/\/derechoyreligion-uc.urantiacos.cl\/en\/?s={search_term_string}"},"query-input":{"@type":"PropertyValueSpecification","valueRequired":true,"valueName":"search_term_string"}}],"inLanguage":"en-US"},{"@type":"Person","@id":"https:\/\/derechoyreligion-uc.urantiacos.cl\/en\/#\/schema\/person\/6cc7f593e2f49e3b770a06f63b58e3b1","name":"manadmin","sameAs":["https:\/\/derechoyreligion-uc.urantiacos.cl"]}]}},"_links":{"self":[{"href":"https:\/\/derechoyreligion-uc.urantiacos.cl\/en\/wp-json\/wp\/v2\/posts\/1406","targetHints":{"allow":["GET"]}}],"collection":[{"href":"https:\/\/derechoyreligion-uc.urantiacos.cl\/en\/wp-json\/wp\/v2\/posts"}],"about":[{"href":"https:\/\/derechoyreligion-uc.urantiacos.cl\/en\/wp-json\/wp\/v2\/types\/post"}],"author":[{"embeddable":true,"href":"https:\/\/derechoyreligion-uc.urantiacos.cl\/en\/wp-json\/wp\/v2\/users\/1"}],"replies":[{"embeddable":true,"href":"https:\/\/derechoyreligion-uc.urantiacos.cl\/en\/wp-json\/wp\/v2\/comments?post=1406"}],"version-history":[{"count":0,"href":"https:\/\/derechoyreligion-uc.urantiacos.cl\/en\/wp-json\/wp\/v2\/posts\/1406\/revisions"}],"wp:attachment":[{"href":"https:\/\/derechoyreligion-uc.urantiacos.cl\/en\/wp-json\/wp\/v2\/media?parent=1406"}],"wp:term":[{"taxonomy":"category","embeddable":true,"href":"https:\/\/derechoyreligion-uc.urantiacos.cl\/en\/wp-json\/wp\/v2\/categories?post=1406"},{"taxonomy":"post_tag","embeddable":true,"href":"https:\/\/derechoyreligion-uc.urantiacos.cl\/en\/wp-json\/wp\/v2\/tags?post=1406"}],"curies":[{"name":"wp","href":"https:\/\/api.w.org\/{rel}","templated":true}]}}