
{"id":1405,"date":"2018-05-22T00:00:00","date_gmt":"2018-05-22T04:00:00","guid":{"rendered":"https:\/\/derechoyreligion-uc.urantiacos.cl\/profesora-ana-maria-celis-sobre-visita-de-obispos-al-papa-en-roma-este-es-un-gesto-mas-pastoral-que-juridico\/"},"modified":"2018-05-22T00:00:00","modified_gmt":"2018-05-22T04:00:00","slug":"profesora-ana-maria-celis-sobre-visita-de-obispos-al-papa-en-roma-este-es-un-gesto-mas-pastoral-que-juridico","status":"publish","type":"post","link":"https:\/\/derechoyreligion-uc.urantiacos.cl\/en\/profesora-ana-maria-celis-sobre-visita-de-obispos-al-papa-en-roma-este-es-un-gesto-mas-pastoral-que-juridico\/","title":{"rendered":"Profesora Ana Mar\u00eda Celis sobre visita de Obispos al Papa en Roma: &#8220;Este es un gesto m\u00e1s pastoral que jur\u00eddico&#8221;"},"content":{"rendered":"<article>\n<span><br \/>\n<\/span><\/p>\n<p>SANTIAGO- En el marco de la reciente visita de los Obispos miembros de la Conferencia Episcopal de Chile al Papa en Roma, la Profesora Ana Mar\u00eda Celis, Directora del Centro UC Derecho y Religi\u00f3n y miembro del Consejo de Prevenci\u00f3n de Abusos y Acompa\u00f1amiento CECH, dio una extensa entrevista en 24horas.<\/p>\n<p>En esa oportunidad, la Profesora Celis se refiri\u00f3 al caso en cuesti\u00f3n, aportando un an\u00e1lisis elocuente y acabado sobre los distintos temas que abarcan esta situaci\u00f3n.<\/p>\n<p><img decoding=\"async\" alt=\"AMC 24 hrs. 2\" src=\"https:\/\/derechoyreligion-uc.urantiacos.cl\/wp-content\/uploads\/imagenes\/AMC_24_hrs._2.jpg\"\/><\/p>\n<p>Puede revisar la entrevista completa en el siguiente link:<a href=\"http:\/\/www.24horas.cl\/programas\/entrevistas\/experta-en-derecho-canonico-analiza-renuncia-masiva-de-obispos-este-es-un-gesto-mas-pastoral-que-juridico-2716924\" target=\"_blank\">Experta en derecho can\u00f3nico analiza &#8220;Renuncia masiva&#8221; de obispos: &#8220;Este es un gesto m\u00e1s pastoral que jur\u00eddico&#8221;<\/a><\/p>\n<p>\u00a0<\/p>\n<p><em><span>Fuente:\u00a0<a href=\"http:\/\/www.24horas.cl\/programas\/entrevistas\/experta-en-derecho-canonico-analiza-renuncia-masiva-de-obispos-este-es-un-gesto-mas-pastoral-que-juridico-2716924\">http:\/\/www.24horas.cl\/programas\/entrevistas\/experta-en-derecho-canonico-analiza-renuncia-masiva-de-obispos-este-es-un-gesto-mas-pastoral-que-juridico-2716924#<\/a>\u00a0<\/span><\/em><\/p>\n<\/article>\n","protected":false},"excerpt":{"rendered":"<p>SANTIAGO- En el marco de la reciente visita de los Obispos miembros de la Conferencia Episcopal de Chile al Papa en Roma, la Profesora Ana Mar\u00eda Celis, Directora del Centro UC Derecho y Religi\u00f3n y miembro del Consejo de Prevenci\u00f3n de Abusos y Acompa\u00f1amiento CECH, dio una extensa entrevista en 24horas.<\/p>\n","protected":false},"author":1,"featured_media":1551,"comment_status":"","ping_status":"","sticky":false,"template":"","format":"standard","meta":{"_acf_changed":false,"footnotes":""},"categories":[1],"tags":[],"class_list":["post-1405","post","type-post","status-publish","format-standard","has-post-thumbnail","hentry","category-noticias"],"acf":[],"yoast_head":"<!-- This site is optimized with the Yoast SEO plugin v27.1.1 - https:\/\/yoast.com\/product\/yoast-seo-wordpress\/ -->\n<title>Profesora Ana Mar\u00eda Celis sobre visita de Obispos al Papa en Roma: &quot;Este es un gesto m\u00e1s pastoral que jur\u00eddico&quot; - Centro UC Derecho y Religi\u00f3n<\/title>\n<meta name=\"robots\" content=\"index, follow, max-snippet:-1, max-image-preview:large, max-video-preview:-1\" \/>\n<link rel=\"canonical\" href=\"https:\/\/derechoyreligion-uc.urantiacos.cl\/en\/profesora-ana-maria-celis-sobre-visita-de-obispos-al-papa-en-roma-este-es-un-gesto-mas-pastoral-que-juridico\/\" \/>\n<meta property=\"og:locale\" content=\"en_US\" \/>\n<meta property=\"og:type\" content=\"article\" \/>\n<meta property=\"og:title\" content=\"Profesora Ana Mar\u00eda Celis sobre visita de Obispos al Papa en Roma: &quot;Este es un gesto m\u00e1s pastoral que jur\u00eddico&quot; - Centro UC Derecho y Religi\u00f3n\" \/>\n<meta property=\"og:description\" content=\"SANTIAGO- En el marco de la reciente visita de los Obispos miembros de la Conferencia Episcopal de Chile al Papa en Roma, la Profesora Ana Mar\u00eda Celis, Directora del Centro UC Derecho y Religi\u00f3n y miembro del Consejo de Prevenci\u00f3n de Abusos y Acompa\u00f1amiento CECH, dio una extensa entrevista en 24horas.\" \/>\n<meta property=\"og:url\" content=\"https:\/\/derechoyreligion-uc.urantiacos.cl\/en\/profesora-ana-maria-celis-sobre-visita-de-obispos-al-papa-en-roma-este-es-un-gesto-mas-pastoral-que-juridico\/\" \/>\n<meta property=\"og:site_name\" content=\"Centro UC Derecho y Religi\u00f3n\" \/>\n<meta property=\"article:published_time\" content=\"2018-05-22T04:00:00+00:00\" \/>\n<meta property=\"og:image\" content=\"https:\/\/derechoyreligion-uc.urantiacos.cl\/wp-content\/uploads\/2025\/10\/AMC_24_hrs._2.jpg\" \/>\n\t<meta property=\"og:image:width\" content=\"1175\" \/>\n\t<meta property=\"og:image:height\" content=\"472\" \/>\n\t<meta property=\"og:image:type\" content=\"image\/jpeg\" \/>\n<meta name=\"author\" content=\"manadmin\" \/>\n<meta name=\"twitter:card\" content=\"summary_large_image\" \/>\n<meta name=\"twitter:label1\" content=\"Written by\" \/>\n\t<meta name=\"twitter:data1\" content=\"manadmin\" \/>\n\t<meta name=\"twitter:label2\" content=\"Est. reading time\" \/>\n\t<meta name=\"twitter:data2\" content=\"1 minute\" \/>\n<script type=\"application\/ld+json\" class=\"yoast-schema-graph\">{\"@context\":\"https:\/\/schema.org\",\"@graph\":[{\"@type\":\"Article\",\"@id\":\"https:\/\/derechoyreligion-uc.urantiacos.cl\/en\/profesora-ana-maria-celis-sobre-visita-de-obispos-al-papa-en-roma-este-es-un-gesto-mas-pastoral-que-juridico\/#article\",\"isPartOf\":{\"@id\":\"https:\/\/derechoyreligion-uc.urantiacos.cl\/en\/profesora-ana-maria-celis-sobre-visita-de-obispos-al-papa-en-roma-este-es-un-gesto-mas-pastoral-que-juridico\/\"},\"author\":{\"name\":\"manadmin\",\"@id\":\"https:\/\/derechoyreligion-uc.urantiacos.cl\/en\/#\/schema\/person\/6cc7f593e2f49e3b770a06f63b58e3b1\"},\"headline\":\"Profesora Ana Mar\u00eda Celis sobre visita de Obispos al Papa en Roma: &#8220;Este es un gesto m\u00e1s pastoral que jur\u00eddico&#8221;\",\"datePublished\":\"2018-05-22T04:00:00+00:00\",\"mainEntityOfPage\":{\"@id\":\"https:\/\/derechoyreligion-uc.urantiacos.cl\/en\/profesora-ana-maria-celis-sobre-visita-de-obispos-al-papa-en-roma-este-es-un-gesto-mas-pastoral-que-juridico\/\"},\"wordCount\":144,\"image\":{\"@id\":\"https:\/\/derechoyreligion-uc.urantiacos.cl\/en\/profesora-ana-maria-celis-sobre-visita-de-obispos-al-papa-en-roma-este-es-un-gesto-mas-pastoral-que-juridico\/#primaryimage\"},\"thumbnailUrl\":\"https:\/\/derechoyreligion-uc.urantiacos.cl\/wp-content\/uploads\/2025\/10\/AMC_24_hrs._2.jpg\",\"articleSection\":[\"Noticias\"],\"inLanguage\":\"en-US\"},{\"@type\":\"WebPage\",\"@id\":\"https:\/\/derechoyreligion-uc.urantiacos.cl\/en\/profesora-ana-maria-celis-sobre-visita-de-obispos-al-papa-en-roma-este-es-un-gesto-mas-pastoral-que-juridico\/\",\"url\":\"https:\/\/derechoyreligion-uc.urantiacos.cl\/en\/profesora-ana-maria-celis-sobre-visita-de-obispos-al-papa-en-roma-este-es-un-gesto-mas-pastoral-que-juridico\/\",\"name\":\"Profesora Ana Mar\u00eda Celis sobre visita de Obispos al Papa en Roma: \\\"Este es un gesto m\u00e1s pastoral que jur\u00eddico\\\" - Centro UC Derecho y Religi\u00f3n\",\"isPartOf\":{\"@id\":\"https:\/\/derechoyreligion-uc.urantiacos.cl\/en\/#website\"},\"primaryImageOfPage\":{\"@id\":\"https:\/\/derechoyreligion-uc.urantiacos.cl\/en\/profesora-ana-maria-celis-sobre-visita-de-obispos-al-papa-en-roma-este-es-un-gesto-mas-pastoral-que-juridico\/#primaryimage\"},\"image\":{\"@id\":\"https:\/\/derechoyreligion-uc.urantiacos.cl\/en\/profesora-ana-maria-celis-sobre-visita-de-obispos-al-papa-en-roma-este-es-un-gesto-mas-pastoral-que-juridico\/#primaryimage\"},\"thumbnailUrl\":\"https:\/\/derechoyreligion-uc.urantiacos.cl\/wp-content\/uploads\/2025\/10\/AMC_24_hrs._2.jpg\",\"datePublished\":\"2018-05-22T04:00:00+00:00\",\"author\":{\"@id\":\"https:\/\/derechoyreligion-uc.urantiacos.cl\/en\/#\/schema\/person\/6cc7f593e2f49e3b770a06f63b58e3b1\"},\"breadcrumb\":{\"@id\":\"https:\/\/derechoyreligion-uc.urantiacos.cl\/en\/profesora-ana-maria-celis-sobre-visita-de-obispos-al-papa-en-roma-este-es-un-gesto-mas-pastoral-que-juridico\/#breadcrumb\"},\"inLanguage\":\"en-US\",\"potentialAction\":[{\"@type\":\"ReadAction\",\"target\":[\"https:\/\/derechoyreligion-uc.urantiacos.cl\/en\/profesora-ana-maria-celis-sobre-visita-de-obispos-al-papa-en-roma-este-es-un-gesto-mas-pastoral-que-juridico\/\"]}]},{\"@type\":\"ImageObject\",\"inLanguage\":\"en-US\",\"@id\":\"https:\/\/derechoyreligion-uc.urantiacos.cl\/en\/profesora-ana-maria-celis-sobre-visita-de-obispos-al-papa-en-roma-este-es-un-gesto-mas-pastoral-que-juridico\/#primaryimage\",\"url\":\"https:\/\/derechoyreligion-uc.urantiacos.cl\/wp-content\/uploads\/2025\/10\/AMC_24_hrs._2.jpg\",\"contentUrl\":\"https:\/\/derechoyreligion-uc.urantiacos.cl\/wp-content\/uploads\/2025\/10\/AMC_24_hrs._2.jpg\",\"width\":1175,\"height\":472},{\"@type\":\"BreadcrumbList\",\"@id\":\"https:\/\/derechoyreligion-uc.urantiacos.cl\/en\/profesora-ana-maria-celis-sobre-visita-de-obispos-al-papa-en-roma-este-es-un-gesto-mas-pastoral-que-juridico\/#breadcrumb\",\"itemListElement\":[{\"@type\":\"ListItem\",\"position\":1,\"name\":\"Portada\",\"item\":\"https:\/\/derechoyreligion-uc.urantiacos.cl\/en\/\"},{\"@type\":\"ListItem\",\"position\":2,\"name\":\"Profesora Ana Mar\u00eda Celis sobre visita de Obispos al Papa en Roma: &#8220;Este es un gesto m\u00e1s pastoral que jur\u00eddico&#8221;\"}]},{\"@type\":\"WebSite\",\"@id\":\"https:\/\/derechoyreligion-uc.urantiacos.cl\/en\/#website\",\"url\":\"https:\/\/derechoyreligion-uc.urantiacos.cl\/en\/\",\"name\":\"Centro UC Derecho y Religi\u00f3n\",\"description\":\"\",\"potentialAction\":[{\"@type\":\"SearchAction\",\"target\":{\"@type\":\"EntryPoint\",\"urlTemplate\":\"https:\/\/derechoyreligion-uc.urantiacos.cl\/en\/?s={search_term_string}\"},\"query-input\":{\"@type\":\"PropertyValueSpecification\",\"valueRequired\":true,\"valueName\":\"search_term_string\"}}],\"inLanguage\":\"en-US\"},{\"@type\":\"Person\",\"@id\":\"https:\/\/derechoyreligion-uc.urantiacos.cl\/en\/#\/schema\/person\/6cc7f593e2f49e3b770a06f63b58e3b1\",\"name\":\"manadmin\",\"sameAs\":[\"https:\/\/derechoyreligion-uc.urantiacos.cl\"]}]}<\/script>\n<!-- \/ Yoast SEO plugin. -->","yoast_head_json":{"title":"Profesora Ana Mar\u00eda Celis sobre visita de Obispos al Papa en Roma: \"Este es un gesto m\u00e1s pastoral que jur\u00eddico\" - Centro UC Derecho y Religi\u00f3n","robots":{"index":"index","follow":"follow","max-snippet":"max-snippet:-1","max-image-preview":"max-image-preview:large","max-video-preview":"max-video-preview:-1"},"canonical":"https:\/\/derechoyreligion-uc.urantiacos.cl\/en\/profesora-ana-maria-celis-sobre-visita-de-obispos-al-papa-en-roma-este-es-un-gesto-mas-pastoral-que-juridico\/","og_locale":"en_US","og_type":"article","og_title":"Profesora Ana Mar\u00eda Celis sobre visita de Obispos al Papa en Roma: \"Este es un gesto m\u00e1s pastoral que jur\u00eddico\" - Centro UC Derecho y Religi\u00f3n","og_description":"SANTIAGO- En el marco de la reciente visita de los Obispos miembros de la Conferencia Episcopal de Chile al Papa en Roma, la Profesora Ana Mar\u00eda Celis, Directora del Centro UC Derecho y Religi\u00f3n y miembro del Consejo de Prevenci\u00f3n de Abusos y Acompa\u00f1amiento CECH, dio una extensa entrevista en 24horas.","og_url":"https:\/\/derechoyreligion-uc.urantiacos.cl\/en\/profesora-ana-maria-celis-sobre-visita-de-obispos-al-papa-en-roma-este-es-un-gesto-mas-pastoral-que-juridico\/","og_site_name":"Centro UC Derecho y Religi\u00f3n","article_published_time":"2018-05-22T04:00:00+00:00","og_image":[{"width":1175,"height":472,"url":"https:\/\/derechoyreligion-uc.urantiacos.cl\/wp-content\/uploads\/2025\/10\/AMC_24_hrs._2.jpg","type":"image\/jpeg"}],"author":"manadmin","twitter_card":"summary_large_image","twitter_misc":{"Written by":"manadmin","Est. reading time":"1 minute"},"schema":{"@context":"https:\/\/schema.org","@graph":[{"@type":"Article","@id":"https:\/\/derechoyreligion-uc.urantiacos.cl\/en\/profesora-ana-maria-celis-sobre-visita-de-obispos-al-papa-en-roma-este-es-un-gesto-mas-pastoral-que-juridico\/#article","isPartOf":{"@id":"https:\/\/derechoyreligion-uc.urantiacos.cl\/en\/profesora-ana-maria-celis-sobre-visita-de-obispos-al-papa-en-roma-este-es-un-gesto-mas-pastoral-que-juridico\/"},"author":{"name":"manadmin","@id":"https:\/\/derechoyreligion-uc.urantiacos.cl\/en\/#\/schema\/person\/6cc7f593e2f49e3b770a06f63b58e3b1"},"headline":"Profesora Ana Mar\u00eda Celis sobre visita de Obispos al Papa en Roma: &#8220;Este es un gesto m\u00e1s pastoral que jur\u00eddico&#8221;","datePublished":"2018-05-22T04:00:00+00:00","mainEntityOfPage":{"@id":"https:\/\/derechoyreligion-uc.urantiacos.cl\/en\/profesora-ana-maria-celis-sobre-visita-de-obispos-al-papa-en-roma-este-es-un-gesto-mas-pastoral-que-juridico\/"},"wordCount":144,"image":{"@id":"https:\/\/derechoyreligion-uc.urantiacos.cl\/en\/profesora-ana-maria-celis-sobre-visita-de-obispos-al-papa-en-roma-este-es-un-gesto-mas-pastoral-que-juridico\/#primaryimage"},"thumbnailUrl":"https:\/\/derechoyreligion-uc.urantiacos.cl\/wp-content\/uploads\/2025\/10\/AMC_24_hrs._2.jpg","articleSection":["Noticias"],"inLanguage":"en-US"},{"@type":"WebPage","@id":"https:\/\/derechoyreligion-uc.urantiacos.cl\/en\/profesora-ana-maria-celis-sobre-visita-de-obispos-al-papa-en-roma-este-es-un-gesto-mas-pastoral-que-juridico\/","url":"https:\/\/derechoyreligion-uc.urantiacos.cl\/en\/profesora-ana-maria-celis-sobre-visita-de-obispos-al-papa-en-roma-este-es-un-gesto-mas-pastoral-que-juridico\/","name":"Profesora Ana Mar\u00eda Celis sobre visita de Obispos al Papa en Roma: \"Este es un gesto m\u00e1s pastoral que jur\u00eddico\" - Centro UC Derecho y Religi\u00f3n","isPartOf":{"@id":"https:\/\/derechoyreligion-uc.urantiacos.cl\/en\/#website"},"primaryImageOfPage":{"@id":"https:\/\/derechoyreligion-uc.urantiacos.cl\/en\/profesora-ana-maria-celis-sobre-visita-de-obispos-al-papa-en-roma-este-es-un-gesto-mas-pastoral-que-juridico\/#primaryimage"},"image":{"@id":"https:\/\/derechoyreligion-uc.urantiacos.cl\/en\/profesora-ana-maria-celis-sobre-visita-de-obispos-al-papa-en-roma-este-es-un-gesto-mas-pastoral-que-juridico\/#primaryimage"},"thumbnailUrl":"https:\/\/derechoyreligion-uc.urantiacos.cl\/wp-content\/uploads\/2025\/10\/AMC_24_hrs._2.jpg","datePublished":"2018-05-22T04:00:00+00:00","author":{"@id":"https:\/\/derechoyreligion-uc.urantiacos.cl\/en\/#\/schema\/person\/6cc7f593e2f49e3b770a06f63b58e3b1"},"breadcrumb":{"@id":"https:\/\/derechoyreligion-uc.urantiacos.cl\/en\/profesora-ana-maria-celis-sobre-visita-de-obispos-al-papa-en-roma-este-es-un-gesto-mas-pastoral-que-juridico\/#breadcrumb"},"inLanguage":"en-US","potentialAction":[{"@type":"ReadAction","target":["https:\/\/derechoyreligion-uc.urantiacos.cl\/en\/profesora-ana-maria-celis-sobre-visita-de-obispos-al-papa-en-roma-este-es-un-gesto-mas-pastoral-que-juridico\/"]}]},{"@type":"ImageObject","inLanguage":"en-US","@id":"https:\/\/derechoyreligion-uc.urantiacos.cl\/en\/profesora-ana-maria-celis-sobre-visita-de-obispos-al-papa-en-roma-este-es-un-gesto-mas-pastoral-que-juridico\/#primaryimage","url":"https:\/\/derechoyreligion-uc.urantiacos.cl\/wp-content\/uploads\/2025\/10\/AMC_24_hrs._2.jpg","contentUrl":"https:\/\/derechoyreligion-uc.urantiacos.cl\/wp-content\/uploads\/2025\/10\/AMC_24_hrs._2.jpg","width":1175,"height":472},{"@type":"BreadcrumbList","@id":"https:\/\/derechoyreligion-uc.urantiacos.cl\/en\/profesora-ana-maria-celis-sobre-visita-de-obispos-al-papa-en-roma-este-es-un-gesto-mas-pastoral-que-juridico\/#breadcrumb","itemListElement":[{"@type":"ListItem","position":1,"name":"Portada","item":"https:\/\/derechoyreligion-uc.urantiacos.cl\/en\/"},{"@type":"ListItem","position":2,"name":"Profesora Ana Mar\u00eda Celis sobre visita de Obispos al Papa en Roma: &#8220;Este es un gesto m\u00e1s pastoral que jur\u00eddico&#8221;"}]},{"@type":"WebSite","@id":"https:\/\/derechoyreligion-uc.urantiacos.cl\/en\/#website","url":"https:\/\/derechoyreligion-uc.urantiacos.cl\/en\/","name":"Centro UC Derecho y Religi\u00f3n","description":"","potentialAction":[{"@type":"SearchAction","target":{"@type":"EntryPoint","urlTemplate":"https:\/\/derechoyreligion-uc.urantiacos.cl\/en\/?s={search_term_string}"},"query-input":{"@type":"PropertyValueSpecification","valueRequired":true,"valueName":"search_term_string"}}],"inLanguage":"en-US"},{"@type":"Person","@id":"https:\/\/derechoyreligion-uc.urantiacos.cl\/en\/#\/schema\/person\/6cc7f593e2f49e3b770a06f63b58e3b1","name":"manadmin","sameAs":["https:\/\/derechoyreligion-uc.urantiacos.cl"]}]}},"_links":{"self":[{"href":"https:\/\/derechoyreligion-uc.urantiacos.cl\/en\/wp-json\/wp\/v2\/posts\/1405","targetHints":{"allow":["GET"]}}],"collection":[{"href":"https:\/\/derechoyreligion-uc.urantiacos.cl\/en\/wp-json\/wp\/v2\/posts"}],"about":[{"href":"https:\/\/derechoyreligion-uc.urantiacos.cl\/en\/wp-json\/wp\/v2\/types\/post"}],"author":[{"embeddable":true,"href":"https:\/\/derechoyreligion-uc.urantiacos.cl\/en\/wp-json\/wp\/v2\/users\/1"}],"replies":[{"embeddable":true,"href":"https:\/\/derechoyreligion-uc.urantiacos.cl\/en\/wp-json\/wp\/v2\/comments?post=1405"}],"version-history":[{"count":0,"href":"https:\/\/derechoyreligion-uc.urantiacos.cl\/en\/wp-json\/wp\/v2\/posts\/1405\/revisions"}],"wp:featuredmedia":[{"embeddable":true,"href":"https:\/\/derechoyreligion-uc.urantiacos.cl\/en\/wp-json\/wp\/v2\/media\/1551"}],"wp:attachment":[{"href":"https:\/\/derechoyreligion-uc.urantiacos.cl\/en\/wp-json\/wp\/v2\/media?parent=1405"}],"wp:term":[{"taxonomy":"category","embeddable":true,"href":"https:\/\/derechoyreligion-uc.urantiacos.cl\/en\/wp-json\/wp\/v2\/categories?post=1405"},{"taxonomy":"post_tag","embeddable":true,"href":"https:\/\/derechoyreligion-uc.urantiacos.cl\/en\/wp-json\/wp\/v2\/tags?post=1405"}],"curies":[{"name":"wp","href":"https:\/\/api.w.org\/{rel}","templated":true}]}}