
{"id":1404,"date":"2018-06-15T00:00:00","date_gmt":"2018-06-15T04:00:00","guid":{"rendered":"https:\/\/derechoyreligion-uc.urantiacos.cl\/el-arzobispo-de-malta-charles-scicluna-y-el-oficial-de-la-congregacion-para-la-doctrina-de-la-fe-jordi-bertomeu-expusieron-en-el-seminario-consideraciones-tecnico-canonicas-en-las-causas\/"},"modified":"2018-06-15T00:00:00","modified_gmt":"2018-06-15T04:00:00","slug":"el-arzobispo-de-malta-charles-scicluna-y-el-oficial-de-la-congregacion-para-la-doctrina-de-la-fe-jordi-bertomeu-expusieron-en-el-seminario-consideraciones-tecnico-canonicas-en-las-causas","status":"publish","type":"post","link":"https:\/\/derechoyreligion-uc.urantiacos.cl\/en\/el-arzobispo-de-malta-charles-scicluna-y-el-oficial-de-la-congregacion-para-la-doctrina-de-la-fe-jordi-bertomeu-expusieron-en-el-seminario-consideraciones-tecnico-canonicas-en-las-causas\/","title":{"rendered":"El arzobispo de Malta, Charles Scicluna, y el oficial de la Congregaci\u00f3n para la Doctrina de la Fe, Jordi Bertomeu, expusieron en el \u201cSeminario: Consideraciones t\u00e9cnico-can\u00f3nicas en las causas por delitos m\u00e1s graves contra menores de edad\u201d."},"content":{"rendered":"<article>\n<span><br \/>\n<\/span><\/p>\n<p><span><span>El d\u00eda mi\u00e9rcoles 13 de junio, el arzobispo de Malta, Charles Scicluna, y el oficial de la Congregaci\u00f3n para la Doctrina de la Fe, Jordi Bertomeu, e<\/span>xpusieron en el \u201c<strong><span>Seminario: Consideraciones t\u00e9cnico-can\u00f3nicas en las causas por delitos m\u00e1s graves contra menores de edad\u201d, en la Facultad de Derecho de la Pontificia Universidad Cat\u00f3lica de Chile.<\/span><\/strong><\/span><\/p>\n<p><span><strong><span><img decoding=\"async\" alt=\"bf8cb314-207d-476e-887d-92e638ebd108\" src=\"https:\/\/derechoyreligion-uc.urantiacos.cl\/wp-content\/uploads\/imagenes\/bf8cb314-207d-476e-887d-92e638ebd108.jpg\"\/><\/span><\/strong><\/span><\/p>\n<p><span><strong><span>El encuentro, fue organizado por el Consejo Nacional de la Conferencia Episcopal (CECh) de Prevenci\u00f3n de Abusos y Acompa\u00f1amiento a las V\u00edctimas, la Asociaci\u00f3n Chilena de Derecho Can\u00f3nico y el Centro UC \u2013 Derecho y Religi\u00f3n de la Facultad de Derecho.<\/span><\/strong><\/span><\/p>\n<p><span>\u00a0<\/span><\/p>\n<p><span><\/span><span>A la actividad asistieron sacerdotes, abogados laicos y laicas, representantes de casi todas las di\u00f3cesis, integrantes de los consejos de prevenci\u00f3n locales o miembros de tribunales eclesi\u00e1sticos. Tambi\u00e9n asistieron los miembros del Consejo Nacional de la Conferencia Episcopal (CECh) de Prevenci\u00f3n de Abusos y Acompa\u00f1amiento a las V\u00edctimas, algunos abogados de la Asociaci\u00f3n Chilena de Derecho Can\u00f3nico y miembros del Centro UC &#8211; Derecho y Religi\u00f3n.\u00a0<\/span><\/p>\n<p><span>\u00a0<img decoding=\"async\" alt=\"1dba6d2e-ea5f-482d-a856-136b5559e62a\" src=\"https:\/\/derechoyreligion-uc.urantiacos.cl\/wp-content\/uploads\/imagenes\/1dba6d2e-ea5f-482d-a856-136b5559e62a.jpg\"\/><\/span><\/p>\n<p><span><strong><span>Por su parte, la profesora Ana Mar\u00eda Celis, directora del Centro UC Derecho y Religi\u00f3n, se refiri\u00f3 a la importancia que ha tenido para los abogados canonistas de Chile el poder reunirse con monse\u00f1ores Scicluna y Bertomeu para aprender de la experiencia internacional la mejor manera de llevar a cabo este tipo de casos en Chile<\/span><\/strong><span>: \u201cCreo que nos han dado un impulso sobre todo para actuar coordinadamente. Hasta ahora ignor\u00e1bamos qui\u00e9nes estaban a cargo de investigaciones o no colabor\u00e1bamos laicos, cl\u00e9rigos y religiosos cada uno desde su experiencia. Por cierto, van a continuar las capacitaciones y esperamos poder extenderlo para que las personas en su propio lugar puedan tener la atenci\u00f3n debida\u201d.\u00a0<\/span><span><\/p>\n<p> <span>La acad\u00e9mica explic\u00f3 que los sacerdotes visitantes hicieron un llamado de atenci\u00f3n por las extensas primeras indagaciones que se hacen en Chile: \u201c<strong><span>En ocasiones, dedicamos mucho tiempo a las investigaciones previas, lo que implica que investigamos casi como si fuera un proceso. Nos pidieron expl\u00edcitamente que lo hici\u00e9ramos mucho m\u00e1s r\u00e1pido, para que llegaran los antecedentes a la Santa Sede y se pudiera tomar la decisi\u00f3n de qu\u00e9 tipo de procesos iniciar<\/span><\/strong>\u201d.\u00a0<\/span><\/p>\n<p> <span>Luego de la exposici\u00f3n privada de los enviados del Papa, se continu\u00f3 todo el d\u00eda con la jornada formativa dirigida a problematizar acerca de aspectos que se suscitan en el desarrollo de las causas nacionales sobre delitos m\u00e1s graves contra menores de edad.<\/span><\/span><\/span><\/p>\n<p><span>\u00a0<\/span><\/p>\n<p><span>\u00a0<\/span><span>\u00a0<\/span><\/p>\n<p><em><span>Fuente: <a href=\"http:\/\/derecho.uc.cl\/es\/noticias\/21548-monsenor-scicluna-en-visita-a-la-uc-reconocer-y-admitir-la-verdad-completa-es-el-punto-de-partida-para-una-curacion-autentica\"><span>http:\/\/derecho.uc.cl\/es\/noticias\/21548-monsenor-scicluna-en-visita-a-la-uc-reconocer-y-admitir-la-verdad-completa-es-el-punto-de-partida-para-una-curacion-autentica<\/span><\/a><\/span><\/em><\/p>\n<p>\u00a0<\/p>\n<\/article>\n","protected":false},"excerpt":{"rendered":"<p>El d\u00eda mi\u00e9rcoles 13 de junio, el arzobispo de Malta, Charles Scicluna, y el oficial de la Congregaci\u00f3n para la Doctrina de la Fe, Jordi Bertomeu, expusieron en el \u201cSeminario: Consideraciones t\u00e9cnico-can\u00f3nicas en las causas por delitos m\u00e1s graves contra menores de edad\u201d, en la Facultad de Derecho de la Pontificia Universidad Cat\u00f3lica de Chile.<\/p>\n","protected":false},"author":1,"featured_media":1550,"comment_status":"","ping_status":"","sticky":false,"template":"","format":"standard","meta":{"_acf_changed":false,"footnotes":""},"categories":[1],"tags":[],"class_list":["post-1404","post","type-post","status-publish","format-standard","has-post-thumbnail","hentry","category-noticias"],"acf":[],"yoast_head":"<!-- This site is optimized with the Yoast SEO plugin v27.1.1 - https:\/\/yoast.com\/product\/yoast-seo-wordpress\/ -->\n<title>El arzobispo de Malta, Charles Scicluna, y el oficial de la Congregaci\u00f3n para la Doctrina de la Fe, Jordi Bertomeu, expusieron en el \u201cSeminario: Consideraciones t\u00e9cnico-can\u00f3nicas en las causas por delitos m\u00e1s graves contra menores de edad\u201d. - Centro UC Derecho y Religi\u00f3n<\/title>\n<meta name=\"robots\" content=\"index, follow, max-snippet:-1, max-image-preview:large, max-video-preview:-1\" \/>\n<link rel=\"canonical\" href=\"https:\/\/derechoyreligion-uc.urantiacos.cl\/en\/el-arzobispo-de-malta-charles-scicluna-y-el-oficial-de-la-congregacion-para-la-doctrina-de-la-fe-jordi-bertomeu-expusieron-en-el-seminario-consideraciones-tecnico-canonicas-en-las-causas\/\" \/>\n<meta property=\"og:locale\" content=\"en_US\" \/>\n<meta property=\"og:type\" content=\"article\" \/>\n<meta property=\"og:title\" content=\"El arzobispo de Malta, Charles Scicluna, y el oficial de la Congregaci\u00f3n para la Doctrina de la Fe, Jordi Bertomeu, expusieron en el \u201cSeminario: Consideraciones t\u00e9cnico-can\u00f3nicas en las causas por delitos m\u00e1s graves contra menores de edad\u201d. - Centro UC Derecho y Religi\u00f3n\" \/>\n<meta property=\"og:description\" content=\"El d\u00eda mi\u00e9rcoles 13 de junio, el arzobispo de Malta, Charles Scicluna, y el oficial de la Congregaci\u00f3n para la Doctrina de la Fe, Jordi Bertomeu, expusieron en el \u201cSeminario: Consideraciones t\u00e9cnico-can\u00f3nicas en las causas por delitos m\u00e1s graves contra menores de edad\u201d, en la Facultad de Derecho de la Pontificia Universidad Cat\u00f3lica de Chile.\" \/>\n<meta property=\"og:url\" content=\"https:\/\/derechoyreligion-uc.urantiacos.cl\/en\/el-arzobispo-de-malta-charles-scicluna-y-el-oficial-de-la-congregacion-para-la-doctrina-de-la-fe-jordi-bertomeu-expusieron-en-el-seminario-consideraciones-tecnico-canonicas-en-las-causas\/\" \/>\n<meta property=\"og:site_name\" content=\"Centro UC Derecho y Religi\u00f3n\" \/>\n<meta property=\"article:published_time\" content=\"2018-06-15T04:00:00+00:00\" \/>\n<meta property=\"og:image\" content=\"https:\/\/derechoyreligion-uc.urantiacos.cl\/wp-content\/uploads\/2025\/10\/bf8cb314-207d-476e-887d-92e638ebd108.jpg\" \/>\n\t<meta property=\"og:image:width\" content=\"1280\" \/>\n\t<meta property=\"og:image:height\" content=\"960\" \/>\n\t<meta property=\"og:image:type\" content=\"image\/jpeg\" \/>\n<meta name=\"author\" content=\"manadmin\" \/>\n<meta name=\"twitter:card\" content=\"summary_large_image\" \/>\n<meta name=\"twitter:label1\" content=\"Written by\" \/>\n\t<meta name=\"twitter:data1\" content=\"manadmin\" \/>\n\t<meta name=\"twitter:label2\" content=\"Est. reading time\" \/>\n\t<meta name=\"twitter:data2\" content=\"2 minutes\" \/>\n<script type=\"application\/ld+json\" class=\"yoast-schema-graph\">{\"@context\":\"https:\/\/schema.org\",\"@graph\":[{\"@type\":\"Article\",\"@id\":\"https:\/\/derechoyreligion-uc.urantiacos.cl\/en\/el-arzobispo-de-malta-charles-scicluna-y-el-oficial-de-la-congregacion-para-la-doctrina-de-la-fe-jordi-bertomeu-expusieron-en-el-seminario-consideraciones-tecnico-canonicas-en-las-causas\/#article\",\"isPartOf\":{\"@id\":\"https:\/\/derechoyreligion-uc.urantiacos.cl\/en\/el-arzobispo-de-malta-charles-scicluna-y-el-oficial-de-la-congregacion-para-la-doctrina-de-la-fe-jordi-bertomeu-expusieron-en-el-seminario-consideraciones-tecnico-canonicas-en-las-causas\/\"},\"author\":{\"name\":\"manadmin\",\"@id\":\"https:\/\/derechoyreligion-uc.urantiacos.cl\/en\/#\/schema\/person\/6cc7f593e2f49e3b770a06f63b58e3b1\"},\"headline\":\"El arzobispo de Malta, Charles Scicluna, y el oficial de la Congregaci\u00f3n para la Doctrina de la Fe, Jordi Bertomeu, expusieron en el \u201cSeminario: Consideraciones t\u00e9cnico-can\u00f3nicas en las causas por delitos m\u00e1s graves contra menores de edad\u201d.\",\"datePublished\":\"2018-06-15T04:00:00+00:00\",\"mainEntityOfPage\":{\"@id\":\"https:\/\/derechoyreligion-uc.urantiacos.cl\/en\/el-arzobispo-de-malta-charles-scicluna-y-el-oficial-de-la-congregacion-para-la-doctrina-de-la-fe-jordi-bertomeu-expusieron-en-el-seminario-consideraciones-tecnico-canonicas-en-las-causas\/\"},\"wordCount\":478,\"image\":{\"@id\":\"https:\/\/derechoyreligion-uc.urantiacos.cl\/en\/el-arzobispo-de-malta-charles-scicluna-y-el-oficial-de-la-congregacion-para-la-doctrina-de-la-fe-jordi-bertomeu-expusieron-en-el-seminario-consideraciones-tecnico-canonicas-en-las-causas\/#primaryimage\"},\"thumbnailUrl\":\"https:\/\/derechoyreligion-uc.urantiacos.cl\/wp-content\/uploads\/2025\/10\/bf8cb314-207d-476e-887d-92e638ebd108.jpg\",\"articleSection\":[\"Noticias\"],\"inLanguage\":\"en-US\"},{\"@type\":\"WebPage\",\"@id\":\"https:\/\/derechoyreligion-uc.urantiacos.cl\/en\/el-arzobispo-de-malta-charles-scicluna-y-el-oficial-de-la-congregacion-para-la-doctrina-de-la-fe-jordi-bertomeu-expusieron-en-el-seminario-consideraciones-tecnico-canonicas-en-las-causas\/\",\"url\":\"https:\/\/derechoyreligion-uc.urantiacos.cl\/en\/el-arzobispo-de-malta-charles-scicluna-y-el-oficial-de-la-congregacion-para-la-doctrina-de-la-fe-jordi-bertomeu-expusieron-en-el-seminario-consideraciones-tecnico-canonicas-en-las-causas\/\",\"name\":\"El arzobispo de Malta, Charles Scicluna, y el oficial de la Congregaci\u00f3n para la Doctrina de la Fe, Jordi Bertomeu, expusieron en el \u201cSeminario: Consideraciones t\u00e9cnico-can\u00f3nicas en las causas por delitos m\u00e1s graves contra menores de edad\u201d. - Centro UC Derecho y Religi\u00f3n\",\"isPartOf\":{\"@id\":\"https:\/\/derechoyreligion-uc.urantiacos.cl\/en\/#website\"},\"primaryImageOfPage\":{\"@id\":\"https:\/\/derechoyreligion-uc.urantiacos.cl\/en\/el-arzobispo-de-malta-charles-scicluna-y-el-oficial-de-la-congregacion-para-la-doctrina-de-la-fe-jordi-bertomeu-expusieron-en-el-seminario-consideraciones-tecnico-canonicas-en-las-causas\/#primaryimage\"},\"image\":{\"@id\":\"https:\/\/derechoyreligion-uc.urantiacos.cl\/en\/el-arzobispo-de-malta-charles-scicluna-y-el-oficial-de-la-congregacion-para-la-doctrina-de-la-fe-jordi-bertomeu-expusieron-en-el-seminario-consideraciones-tecnico-canonicas-en-las-causas\/#primaryimage\"},\"thumbnailUrl\":\"https:\/\/derechoyreligion-uc.urantiacos.cl\/wp-content\/uploads\/2025\/10\/bf8cb314-207d-476e-887d-92e638ebd108.jpg\",\"datePublished\":\"2018-06-15T04:00:00+00:00\",\"author\":{\"@id\":\"https:\/\/derechoyreligion-uc.urantiacos.cl\/en\/#\/schema\/person\/6cc7f593e2f49e3b770a06f63b58e3b1\"},\"breadcrumb\":{\"@id\":\"https:\/\/derechoyreligion-uc.urantiacos.cl\/en\/el-arzobispo-de-malta-charles-scicluna-y-el-oficial-de-la-congregacion-para-la-doctrina-de-la-fe-jordi-bertomeu-expusieron-en-el-seminario-consideraciones-tecnico-canonicas-en-las-causas\/#breadcrumb\"},\"inLanguage\":\"en-US\",\"potentialAction\":[{\"@type\":\"ReadAction\",\"target\":[\"https:\/\/derechoyreligion-uc.urantiacos.cl\/en\/el-arzobispo-de-malta-charles-scicluna-y-el-oficial-de-la-congregacion-para-la-doctrina-de-la-fe-jordi-bertomeu-expusieron-en-el-seminario-consideraciones-tecnico-canonicas-en-las-causas\/\"]}]},{\"@type\":\"ImageObject\",\"inLanguage\":\"en-US\",\"@id\":\"https:\/\/derechoyreligion-uc.urantiacos.cl\/en\/el-arzobispo-de-malta-charles-scicluna-y-el-oficial-de-la-congregacion-para-la-doctrina-de-la-fe-jordi-bertomeu-expusieron-en-el-seminario-consideraciones-tecnico-canonicas-en-las-causas\/#primaryimage\",\"url\":\"https:\/\/derechoyreligion-uc.urantiacos.cl\/wp-content\/uploads\/2025\/10\/bf8cb314-207d-476e-887d-92e638ebd108.jpg\",\"contentUrl\":\"https:\/\/derechoyreligion-uc.urantiacos.cl\/wp-content\/uploads\/2025\/10\/bf8cb314-207d-476e-887d-92e638ebd108.jpg\",\"width\":1280,\"height\":960},{\"@type\":\"BreadcrumbList\",\"@id\":\"https:\/\/derechoyreligion-uc.urantiacos.cl\/en\/el-arzobispo-de-malta-charles-scicluna-y-el-oficial-de-la-congregacion-para-la-doctrina-de-la-fe-jordi-bertomeu-expusieron-en-el-seminario-consideraciones-tecnico-canonicas-en-las-causas\/#breadcrumb\",\"itemListElement\":[{\"@type\":\"ListItem\",\"position\":1,\"name\":\"Portada\",\"item\":\"https:\/\/derechoyreligion-uc.urantiacos.cl\/en\/\"},{\"@type\":\"ListItem\",\"position\":2,\"name\":\"El arzobispo de Malta, Charles Scicluna, y el oficial de la Congregaci\u00f3n para la Doctrina de la Fe, Jordi Bertomeu, expusieron en el \u201cSeminario: Consideraciones t\u00e9cnico-can\u00f3nicas en las causas por delitos m\u00e1s graves contra menores de edad\u201d.\"}]},{\"@type\":\"WebSite\",\"@id\":\"https:\/\/derechoyreligion-uc.urantiacos.cl\/en\/#website\",\"url\":\"https:\/\/derechoyreligion-uc.urantiacos.cl\/en\/\",\"name\":\"Centro UC Derecho y Religi\u00f3n\",\"description\":\"\",\"potentialAction\":[{\"@type\":\"SearchAction\",\"target\":{\"@type\":\"EntryPoint\",\"urlTemplate\":\"https:\/\/derechoyreligion-uc.urantiacos.cl\/en\/?s={search_term_string}\"},\"query-input\":{\"@type\":\"PropertyValueSpecification\",\"valueRequired\":true,\"valueName\":\"search_term_string\"}}],\"inLanguage\":\"en-US\"},{\"@type\":\"Person\",\"@id\":\"https:\/\/derechoyreligion-uc.urantiacos.cl\/en\/#\/schema\/person\/6cc7f593e2f49e3b770a06f63b58e3b1\",\"name\":\"manadmin\",\"sameAs\":[\"https:\/\/derechoyreligion-uc.urantiacos.cl\"]}]}<\/script>\n<!-- \/ Yoast SEO plugin. -->","yoast_head_json":{"title":"El arzobispo de Malta, Charles Scicluna, y el oficial de la Congregaci\u00f3n para la Doctrina de la Fe, Jordi Bertomeu, expusieron en el \u201cSeminario: Consideraciones t\u00e9cnico-can\u00f3nicas en las causas por delitos m\u00e1s graves contra menores de edad\u201d. - Centro UC Derecho y Religi\u00f3n","robots":{"index":"index","follow":"follow","max-snippet":"max-snippet:-1","max-image-preview":"max-image-preview:large","max-video-preview":"max-video-preview:-1"},"canonical":"https:\/\/derechoyreligion-uc.urantiacos.cl\/en\/el-arzobispo-de-malta-charles-scicluna-y-el-oficial-de-la-congregacion-para-la-doctrina-de-la-fe-jordi-bertomeu-expusieron-en-el-seminario-consideraciones-tecnico-canonicas-en-las-causas\/","og_locale":"en_US","og_type":"article","og_title":"El arzobispo de Malta, Charles Scicluna, y el oficial de la Congregaci\u00f3n para la Doctrina de la Fe, Jordi Bertomeu, expusieron en el \u201cSeminario: Consideraciones t\u00e9cnico-can\u00f3nicas en las causas por delitos m\u00e1s graves contra menores de edad\u201d. - Centro UC Derecho y Religi\u00f3n","og_description":"El d\u00eda mi\u00e9rcoles 13 de junio, el arzobispo de Malta, Charles Scicluna, y el oficial de la Congregaci\u00f3n para la Doctrina de la Fe, Jordi Bertomeu, expusieron en el \u201cSeminario: Consideraciones t\u00e9cnico-can\u00f3nicas en las causas por delitos m\u00e1s graves contra menores de edad\u201d, en la Facultad de Derecho de la Pontificia Universidad Cat\u00f3lica de Chile.","og_url":"https:\/\/derechoyreligion-uc.urantiacos.cl\/en\/el-arzobispo-de-malta-charles-scicluna-y-el-oficial-de-la-congregacion-para-la-doctrina-de-la-fe-jordi-bertomeu-expusieron-en-el-seminario-consideraciones-tecnico-canonicas-en-las-causas\/","og_site_name":"Centro UC Derecho y Religi\u00f3n","article_published_time":"2018-06-15T04:00:00+00:00","og_image":[{"width":1280,"height":960,"url":"https:\/\/derechoyreligion-uc.urantiacos.cl\/wp-content\/uploads\/2025\/10\/bf8cb314-207d-476e-887d-92e638ebd108.jpg","type":"image\/jpeg"}],"author":"manadmin","twitter_card":"summary_large_image","twitter_misc":{"Written by":"manadmin","Est. reading time":"2 minutes"},"schema":{"@context":"https:\/\/schema.org","@graph":[{"@type":"Article","@id":"https:\/\/derechoyreligion-uc.urantiacos.cl\/en\/el-arzobispo-de-malta-charles-scicluna-y-el-oficial-de-la-congregacion-para-la-doctrina-de-la-fe-jordi-bertomeu-expusieron-en-el-seminario-consideraciones-tecnico-canonicas-en-las-causas\/#article","isPartOf":{"@id":"https:\/\/derechoyreligion-uc.urantiacos.cl\/en\/el-arzobispo-de-malta-charles-scicluna-y-el-oficial-de-la-congregacion-para-la-doctrina-de-la-fe-jordi-bertomeu-expusieron-en-el-seminario-consideraciones-tecnico-canonicas-en-las-causas\/"},"author":{"name":"manadmin","@id":"https:\/\/derechoyreligion-uc.urantiacos.cl\/en\/#\/schema\/person\/6cc7f593e2f49e3b770a06f63b58e3b1"},"headline":"El arzobispo de Malta, Charles Scicluna, y el oficial de la Congregaci\u00f3n para la Doctrina de la Fe, Jordi Bertomeu, expusieron en el \u201cSeminario: Consideraciones t\u00e9cnico-can\u00f3nicas en las causas por delitos m\u00e1s graves contra menores de edad\u201d.","datePublished":"2018-06-15T04:00:00+00:00","mainEntityOfPage":{"@id":"https:\/\/derechoyreligion-uc.urantiacos.cl\/en\/el-arzobispo-de-malta-charles-scicluna-y-el-oficial-de-la-congregacion-para-la-doctrina-de-la-fe-jordi-bertomeu-expusieron-en-el-seminario-consideraciones-tecnico-canonicas-en-las-causas\/"},"wordCount":478,"image":{"@id":"https:\/\/derechoyreligion-uc.urantiacos.cl\/en\/el-arzobispo-de-malta-charles-scicluna-y-el-oficial-de-la-congregacion-para-la-doctrina-de-la-fe-jordi-bertomeu-expusieron-en-el-seminario-consideraciones-tecnico-canonicas-en-las-causas\/#primaryimage"},"thumbnailUrl":"https:\/\/derechoyreligion-uc.urantiacos.cl\/wp-content\/uploads\/2025\/10\/bf8cb314-207d-476e-887d-92e638ebd108.jpg","articleSection":["Noticias"],"inLanguage":"en-US"},{"@type":"WebPage","@id":"https:\/\/derechoyreligion-uc.urantiacos.cl\/en\/el-arzobispo-de-malta-charles-scicluna-y-el-oficial-de-la-congregacion-para-la-doctrina-de-la-fe-jordi-bertomeu-expusieron-en-el-seminario-consideraciones-tecnico-canonicas-en-las-causas\/","url":"https:\/\/derechoyreligion-uc.urantiacos.cl\/en\/el-arzobispo-de-malta-charles-scicluna-y-el-oficial-de-la-congregacion-para-la-doctrina-de-la-fe-jordi-bertomeu-expusieron-en-el-seminario-consideraciones-tecnico-canonicas-en-las-causas\/","name":"El arzobispo de Malta, Charles Scicluna, y el oficial de la Congregaci\u00f3n para la Doctrina de la Fe, Jordi Bertomeu, expusieron en el \u201cSeminario: Consideraciones t\u00e9cnico-can\u00f3nicas en las causas por delitos m\u00e1s graves contra menores de edad\u201d. - Centro UC Derecho y Religi\u00f3n","isPartOf":{"@id":"https:\/\/derechoyreligion-uc.urantiacos.cl\/en\/#website"},"primaryImageOfPage":{"@id":"https:\/\/derechoyreligion-uc.urantiacos.cl\/en\/el-arzobispo-de-malta-charles-scicluna-y-el-oficial-de-la-congregacion-para-la-doctrina-de-la-fe-jordi-bertomeu-expusieron-en-el-seminario-consideraciones-tecnico-canonicas-en-las-causas\/#primaryimage"},"image":{"@id":"https:\/\/derechoyreligion-uc.urantiacos.cl\/en\/el-arzobispo-de-malta-charles-scicluna-y-el-oficial-de-la-congregacion-para-la-doctrina-de-la-fe-jordi-bertomeu-expusieron-en-el-seminario-consideraciones-tecnico-canonicas-en-las-causas\/#primaryimage"},"thumbnailUrl":"https:\/\/derechoyreligion-uc.urantiacos.cl\/wp-content\/uploads\/2025\/10\/bf8cb314-207d-476e-887d-92e638ebd108.jpg","datePublished":"2018-06-15T04:00:00+00:00","author":{"@id":"https:\/\/derechoyreligion-uc.urantiacos.cl\/en\/#\/schema\/person\/6cc7f593e2f49e3b770a06f63b58e3b1"},"breadcrumb":{"@id":"https:\/\/derechoyreligion-uc.urantiacos.cl\/en\/el-arzobispo-de-malta-charles-scicluna-y-el-oficial-de-la-congregacion-para-la-doctrina-de-la-fe-jordi-bertomeu-expusieron-en-el-seminario-consideraciones-tecnico-canonicas-en-las-causas\/#breadcrumb"},"inLanguage":"en-US","potentialAction":[{"@type":"ReadAction","target":["https:\/\/derechoyreligion-uc.urantiacos.cl\/en\/el-arzobispo-de-malta-charles-scicluna-y-el-oficial-de-la-congregacion-para-la-doctrina-de-la-fe-jordi-bertomeu-expusieron-en-el-seminario-consideraciones-tecnico-canonicas-en-las-causas\/"]}]},{"@type":"ImageObject","inLanguage":"en-US","@id":"https:\/\/derechoyreligion-uc.urantiacos.cl\/en\/el-arzobispo-de-malta-charles-scicluna-y-el-oficial-de-la-congregacion-para-la-doctrina-de-la-fe-jordi-bertomeu-expusieron-en-el-seminario-consideraciones-tecnico-canonicas-en-las-causas\/#primaryimage","url":"https:\/\/derechoyreligion-uc.urantiacos.cl\/wp-content\/uploads\/2025\/10\/bf8cb314-207d-476e-887d-92e638ebd108.jpg","contentUrl":"https:\/\/derechoyreligion-uc.urantiacos.cl\/wp-content\/uploads\/2025\/10\/bf8cb314-207d-476e-887d-92e638ebd108.jpg","width":1280,"height":960},{"@type":"BreadcrumbList","@id":"https:\/\/derechoyreligion-uc.urantiacos.cl\/en\/el-arzobispo-de-malta-charles-scicluna-y-el-oficial-de-la-congregacion-para-la-doctrina-de-la-fe-jordi-bertomeu-expusieron-en-el-seminario-consideraciones-tecnico-canonicas-en-las-causas\/#breadcrumb","itemListElement":[{"@type":"ListItem","position":1,"name":"Portada","item":"https:\/\/derechoyreligion-uc.urantiacos.cl\/en\/"},{"@type":"ListItem","position":2,"name":"El arzobispo de Malta, Charles Scicluna, y el oficial de la Congregaci\u00f3n para la Doctrina de la Fe, Jordi Bertomeu, expusieron en el \u201cSeminario: Consideraciones t\u00e9cnico-can\u00f3nicas en las causas por delitos m\u00e1s graves contra menores de edad\u201d."}]},{"@type":"WebSite","@id":"https:\/\/derechoyreligion-uc.urantiacos.cl\/en\/#website","url":"https:\/\/derechoyreligion-uc.urantiacos.cl\/en\/","name":"Centro UC Derecho y Religi\u00f3n","description":"","potentialAction":[{"@type":"SearchAction","target":{"@type":"EntryPoint","urlTemplate":"https:\/\/derechoyreligion-uc.urantiacos.cl\/en\/?s={search_term_string}"},"query-input":{"@type":"PropertyValueSpecification","valueRequired":true,"valueName":"search_term_string"}}],"inLanguage":"en-US"},{"@type":"Person","@id":"https:\/\/derechoyreligion-uc.urantiacos.cl\/en\/#\/schema\/person\/6cc7f593e2f49e3b770a06f63b58e3b1","name":"manadmin","sameAs":["https:\/\/derechoyreligion-uc.urantiacos.cl"]}]}},"_links":{"self":[{"href":"https:\/\/derechoyreligion-uc.urantiacos.cl\/en\/wp-json\/wp\/v2\/posts\/1404","targetHints":{"allow":["GET"]}}],"collection":[{"href":"https:\/\/derechoyreligion-uc.urantiacos.cl\/en\/wp-json\/wp\/v2\/posts"}],"about":[{"href":"https:\/\/derechoyreligion-uc.urantiacos.cl\/en\/wp-json\/wp\/v2\/types\/post"}],"author":[{"embeddable":true,"href":"https:\/\/derechoyreligion-uc.urantiacos.cl\/en\/wp-json\/wp\/v2\/users\/1"}],"replies":[{"embeddable":true,"href":"https:\/\/derechoyreligion-uc.urantiacos.cl\/en\/wp-json\/wp\/v2\/comments?post=1404"}],"version-history":[{"count":0,"href":"https:\/\/derechoyreligion-uc.urantiacos.cl\/en\/wp-json\/wp\/v2\/posts\/1404\/revisions"}],"wp:featuredmedia":[{"embeddable":true,"href":"https:\/\/derechoyreligion-uc.urantiacos.cl\/en\/wp-json\/wp\/v2\/media\/1550"}],"wp:attachment":[{"href":"https:\/\/derechoyreligion-uc.urantiacos.cl\/en\/wp-json\/wp\/v2\/media?parent=1404"}],"wp:term":[{"taxonomy":"category","embeddable":true,"href":"https:\/\/derechoyreligion-uc.urantiacos.cl\/en\/wp-json\/wp\/v2\/categories?post=1404"},{"taxonomy":"post_tag","embeddable":true,"href":"https:\/\/derechoyreligion-uc.urantiacos.cl\/en\/wp-json\/wp\/v2\/tags?post=1404"}],"curies":[{"name":"wp","href":"https:\/\/api.w.org\/{rel}","templated":true}]}}