
{"id":1403,"date":"2018-07-17T00:00:00","date_gmt":"2018-07-17T04:00:00","guid":{"rendered":"https:\/\/derechoyreligion-uc.urantiacos.cl\/realizacion-del-ii-interescolar-de-debate-sobre-libertad-religiosa-colegio-huelen-gana-el-torneo\/"},"modified":"2018-07-17T00:00:00","modified_gmt":"2018-07-17T04:00:00","slug":"realizacion-del-ii-interescolar-de-debate-sobre-libertad-religiosa-colegio-huelen-gana-el-torneo","status":"publish","type":"post","link":"https:\/\/derechoyreligion-uc.urantiacos.cl\/en\/realizacion-del-ii-interescolar-de-debate-sobre-libertad-religiosa-colegio-huelen-gana-el-torneo\/","title":{"rendered":"Realizaci\u00f3n del II Interescolar de Debate sobre Libertad Religiosa: Colegio Huel\u00e9n gana el Torneo"},"content":{"rendered":"<article>\n<span><br \/>\n<\/span><\/p>\n<p><em>En la instancia participaron 11 colegios y la iniciativa Penta UC. El segundo lugar qued\u00f3 en manos del colegio Monte Tabor y Nazaret.<\/em><\/p>\n<p><em>\u00a0 \u00a0 \u00a0 \u00a0 \u00a0 \u00a0 \u00a0 \u00a0 \u00a0 \u00a0 \u00a0 \u00a0 \u00a0<img decoding=\"async\" alt=\"IMG 8044\" src=\"https:\/\/derechoyreligion-uc.urantiacos.cl\/wp-content\/uploads\/imagenes\/IMG_8044.JPG\"\/>\u00a0 \u00a0 \u00a0 \u00a0 \u00a0 \u00a0 \u00a0 \u00a0 \u00a0 \u00a0 \u00a0 \u00a0\u00a0\u00a0<img decoding=\"async\" alt=\"IMG 8075\" src=\"https:\/\/derechoyreligion-uc.urantiacos.cl\/wp-content\/uploads\/imagenes\/IMG_8075.JPG\"\/><\/em><\/p>\n<p>Los d\u00edas 6 y 7 de julio en la Casa Central de la Pontificia Universidad Cat\u00f3lica de Chile se llev\u00f3 a cabo el<strong>\u00a0II Interescolar de Debate sobre Libertad Religiosa<\/strong>\u00a0organizado por la<strong>\u00a0Fundaci\u00f3n Voces Cat\u00f3licas, la Fundaci\u00f3n Ayuda a la Iglesia que Sufre (ACN), la Facultad de Derecho UC, a trav\u00e9s del Centro UC Derecho y Religi\u00f3n, y el medio de comunicaci\u00f3n digital El L\u00edbero.<\/strong><\/p>\n<p><strong><img decoding=\"async\" alt=\"IMG 8134\" src=\"https:\/\/derechoyreligion-uc.urantiacos.cl\/wp-content\/uploads\/imagenes\/IMG_8134.JPG\"\/>\u00a0 \u00a0 \u00a0 \u00a0\u00a0<img decoding=\"async\" alt=\"IMG 8151\" src=\"https:\/\/derechoyreligion-uc.urantiacos.cl\/wp-content\/uploads\/imagenes\/IMG_8151.JPG\"\/><\/strong><\/p>\n<p>En el encuentro participaron los colegios\u00a0<strong>Huel\u00e9n, Isabel La Cat\u00f3lica, Everest, Colegio Puerto Varas<\/strong>\u00a0(que viajaron desde la regi\u00f3n de Los Lagos al evento),\u00a0<strong>San Agust\u00edn, Compa\u00f1\u00eda de Mar\u00eda Apoquindo, Alc\u00e1zar de Las Condes, San Jos\u00e9 de Chicureo, San Nicol\u00e1s Di\u00e1cono, Monte Tabor y Nazaret, y Tabancura,<\/strong>\u00a0adem\u00e1s de la iniciativa\u00a0<strong>Penta UC<\/strong>.<\/p>\n<p>Los equipos participantes debieron defender posici\u00f3n a favor o en contra de determinadas premisas relacionadas con la libertad religiosa y los diversos alcances que ella tiene. El objetivo del encuentro, seg\u00fan se\u00f1alaron los organizadores, fue generar instancias de reflexi\u00f3n sobre el espacio y la envergadura que la libertad religiosa tiene en la sociedad como derecho fundamental.<\/p>\n<p><img decoding=\"async\" alt=\"IMG 8196\" src=\"https:\/\/derechoyreligion-uc.urantiacos.cl\/wp-content\/uploads\/imagenes\/IMG_8196.JPG\"\/>\u00a0<img decoding=\"async\" alt=\"IMG 8198\" src=\"https:\/\/derechoyreligion-uc.urantiacos.cl\/wp-content\/uploads\/imagenes\/IMG_8198.jpg\"\/>\u00a0<img decoding=\"async\" alt=\"IMG 8208\" src=\"https:\/\/derechoyreligion-uc.urantiacos.cl\/wp-content\/uploads\/imagenes\/IMG_8208.JPG\"\/><\/p>\n<p>El jurado del torneo estuvo compuesto por destacados acad\u00e9micos tanto de la Facultad de Derecho UC como de otras instituciones, cuya deliberaci\u00f3n result\u00f3 ser esencial para el desarrollo del debate. Estos fueron: Mar\u00eda Esther G\u00f3mez, Virginia Latorre, Magdalena R\u00edos, Sebasti\u00e1n Z\u00e1rate, Cristi\u00e1n Le\u00f3n, Francisca Montalva, Patricia Imbarack, Eduardo Sep\u00falveda, Valeria L\u00f3pez, Mar\u00eda Paz Madrid, Francisca Ibarra, Soledad Herrera, Paulina Eyzaguirre y Javier Peralta.<\/p>\n<p><img decoding=\"async\" alt=\"IMG 8214\" src=\"https:\/\/derechoyreligion-uc.urantiacos.cl\/wp-content\/uploads\/imagenes\/IMG_8214.JPG\"\/>\u00a0 \u00a0 \u00a0 \u00a0\u00a0<img decoding=\"async\" alt=\"IMG 8211\" src=\"https:\/\/derechoyreligion-uc.urantiacos.cl\/wp-content\/uploads\/imagenes\/IMG_8211.JPG\"\/>\u00a0<\/p>\n<p>En tanto, el jurado que particip\u00f3 de la ronda final estuvo compuesto por Ana Mar\u00eda Celis, directora Centro UC Derecho y Religi\u00f3n; Mar\u00eda Covarrubias, presidenta de la Fundaci\u00f3n Ayuda a la Iglesia que Sufre Chile; Mar\u00eda Paz Lagos, presidenta Voces Cat\u00f3licas; Mar\u00eda Bego\u00f1a Jugo, investigadora Centro UC Derecho y Religi\u00f3n; y Sergio Carrasco, periodista, director comunicaciones Voces Cat\u00f3licas.\u00a0<\/p>\n<p><span>El ganador de la competencia fue el colegio\u00a0<\/span><strong>Huel\u00e9n<\/strong><span>, que disput\u00f3 la final con el colegio<\/span><strong>\u00a0Monte Tabor y Nazaret<\/strong><span>\u00a0que se llev\u00f3 el segundo lugar.<\/span><\/p>\n<p><img decoding=\"async\" alt=\"IMG 8216\" src=\"https:\/\/derechoyreligion-uc.urantiacos.cl\/wp-content\/uploads\/imagenes\/IMG_8216.JPG\"\/><\/p>\n<p><img decoding=\"async\" alt=\"IMG 8272\" src=\"https:\/\/derechoyreligion-uc.urantiacos.cl\/wp-content\/uploads\/imagenes\/IMG_8272.JPG\"\/><\/p>\n<p><img decoding=\"async\" alt=\"IMG 8260\" src=\"https:\/\/derechoyreligion-uc.urantiacos.cl\/wp-content\/uploads\/imagenes\/IMG_8260.JPG\"\/><\/p>\n<p><img decoding=\"async\" alt=\"IMG 8261\" src=\"https:\/\/derechoyreligion-uc.urantiacos.cl\/wp-content\/uploads\/imagenes\/IMG_8261.JPG\"\/><\/p>\n<p><img decoding=\"async\" alt=\"IMG 8262\" src=\"https:\/\/derechoyreligion-uc.urantiacos.cl\/wp-content\/uploads\/imagenes\/IMG_8262.JPG\"\/><\/p>\n<p><img decoding=\"async\" alt=\"IMG 8270\" src=\"https:\/\/derechoyreligion-uc.urantiacos.cl\/wp-content\/uploads\/imagenes\/IMG_8270.JPG\"\/><\/p>\n<p><img decoding=\"async\" alt=\"IMG 8272\" src=\"https:\/\/derechoyreligion-uc.urantiacos.cl\/wp-content\/uploads\/imagenes\/IMG_8272.JPG\"\/><\/p>\n<p><img decoding=\"async\" alt=\"IMG 8275\" src=\"https:\/\/derechoyreligion-uc.urantiacos.cl\/wp-content\/uploads\/imagenes\/IMG_8275.JPG\"\/><\/p>\n<p><img decoding=\"async\" alt=\"IMG 8280\" src=\"https:\/\/derechoyreligion-uc.urantiacos.cl\/wp-content\/uploads\/imagenes\/IMG_8280.JPG\"\/><\/p>\n<p><img decoding=\"async\" alt=\"IMG 8285\" src=\"https:\/\/derechoyreligion-uc.urantiacos.cl\/wp-content\/uploads\/imagenes\/IMG_8285.JPG\"\/><\/p>\n<p><img decoding=\"async\" alt=\"IMG 8290\" src=\"https:\/\/derechoyreligion-uc.urantiacos.cl\/wp-content\/uploads\/imagenes\/IMG_8290.JPG\"\/><\/p>\n<p><img decoding=\"async\" alt=\"IMG 8295\" src=\"https:\/\/derechoyreligion-uc.urantiacos.cl\/wp-content\/uploads\/imagenes\/IMG_8295.JPG\"\/><\/p>\n<p><img decoding=\"async\" alt=\"IMG 8302\" src=\"https:\/\/derechoyreligion-uc.urantiacos.cl\/wp-content\/uploads\/imagenes\/IMG_8302.JPG\"\/><\/p>\n<p><img decoding=\"async\" alt=\"IMG 8300\" src=\"https:\/\/derechoyreligion-uc.urantiacos.cl\/wp-content\/uploads\/imagenes\/IMG_8300.JPG\"\/><\/p>\n<p><img decoding=\"async\" alt=\"IMG 8307\" src=\"https:\/\/derechoyreligion-uc.urantiacos.cl\/wp-content\/uploads\/imagenes\/IMG_8307.JPG\"\/><\/p>\n<p>\u00a0<\/p>\n<p><img decoding=\"async\" alt=\"IMG 8310\" src=\"https:\/\/derechoyreligion-uc.urantiacos.cl\/wp-content\/uploads\/imagenes\/IMG_8310.JPG\"\/><\/p>\n<p>\u00a0<\/p>\n<p><img decoding=\"async\" alt=\"IMG 8314\" src=\"https:\/\/derechoyreligion-uc.urantiacos.cl\/wp-content\/uploads\/imagenes\/IMG_8314.JPG\"\/><\/p>\n<p><img decoding=\"async\" alt=\"IMG 8322\" src=\"https:\/\/derechoyreligion-uc.urantiacos.cl\/wp-content\/uploads\/imagenes\/IMG_8322.JPG\"\/><\/p>\n<p><img decoding=\"async\" alt=\"IMG 8317\" src=\"https:\/\/derechoyreligion-uc.urantiacos.cl\/wp-content\/uploads\/imagenes\/IMG_8317.JPG\"\/><\/p>\n<p><img decoding=\"async\" alt=\"IMG 8325\" src=\"https:\/\/derechoyreligion-uc.urantiacos.cl\/wp-content\/uploads\/imagenes\/IMG_8325.JPG\"\/><\/p>\n<p><img decoding=\"async\" alt=\"IMG 8330\" src=\"https:\/\/derechoyreligion-uc.urantiacos.cl\/wp-content\/uploads\/imagenes\/IMG_8330.JPG\"\/><\/p>\n<p><img decoding=\"async\" alt=\"IMG 8340\" src=\"https:\/\/derechoyreligion-uc.urantiacos.cl\/wp-content\/uploads\/imagenes\/IMG_8340.JPG\"\/><\/p>\n<p><img decoding=\"async\" alt=\"IMG 8347\" src=\"https:\/\/derechoyreligion-uc.urantiacos.cl\/wp-content\/uploads\/imagenes\/IMG_8347.JPG\"\/><\/p>\n<p>\u00a0<img decoding=\"async\" alt=\"IMG 8350\" src=\"https:\/\/derechoyreligion-uc.urantiacos.cl\/wp-content\/uploads\/imagenes\/IMG_8350.JPG\"\/><\/p>\n<p><img decoding=\"async\" alt=\"IMG 8358\" src=\"https:\/\/derechoyreligion-uc.urantiacos.cl\/wp-content\/uploads\/imagenes\/IMG_8358.JPG\"\/><\/p>\n<p><img decoding=\"async\" alt=\"IMG 8362\" src=\"https:\/\/derechoyreligion-uc.urantiacos.cl\/wp-content\/uploads\/imagenes\/IMG_8362.JPG\"\/><\/p>\n<p><img decoding=\"async\" alt=\"IMG 8368\" src=\"https:\/\/derechoyreligion-uc.urantiacos.cl\/wp-content\/uploads\/imagenes\/IMG_8368.JPG\"\/><\/p>\n<p>\u00a0<\/p>\n<p><em><span>\u00a0Fuente:\u00a0<a href=\"http:\/\/derecho.uc.cl\/es\/noticias\/21673-colegio-huelen-se-alzo-como-ganador-del-ii-interescolar-de-debate-sobre-libertad-religiosa\">http:\/\/derecho.uc.cl\/es\/noticias\/21673-colegio-huelen-se-alzo-como-ganador-del-ii-interescolar-de-debate-sobre-libertad-religiosa<\/a><\/span><\/em><\/p>\n<p>\u00a0<\/p>\n<\/article>\n","protected":false},"excerpt":{"rendered":"<p>En la instancia participaron 11 colegios y la iniciativa Penta UC. El segundo lugar qued\u00f3 en manos del colegio Monte Tabor y Nazaret.<\/p>\n","protected":false},"author":1,"featured_media":1549,"comment_status":"","ping_status":"","sticky":false,"template":"","format":"standard","meta":{"_acf_changed":false,"footnotes":""},"categories":[1],"tags":[],"class_list":["post-1403","post","type-post","status-publish","format-standard","has-post-thumbnail","hentry","category-noticias"],"acf":[],"yoast_head":"<!-- This site is optimized with the Yoast SEO plugin v27.1.1 - https:\/\/yoast.com\/product\/yoast-seo-wordpress\/ -->\n<title>Realizaci\u00f3n del II Interescolar de Debate sobre Libertad Religiosa: Colegio Huel\u00e9n gana el Torneo - Centro UC Derecho y Religi\u00f3n<\/title>\n<meta name=\"robots\" content=\"index, follow, max-snippet:-1, max-image-preview:large, max-video-preview:-1\" \/>\n<link rel=\"canonical\" href=\"https:\/\/derechoyreligion-uc.urantiacos.cl\/en\/realizacion-del-ii-interescolar-de-debate-sobre-libertad-religiosa-colegio-huelen-gana-el-torneo\/\" \/>\n<meta property=\"og:locale\" content=\"en_US\" \/>\n<meta property=\"og:type\" content=\"article\" \/>\n<meta property=\"og:title\" content=\"Realizaci\u00f3n del II Interescolar de Debate sobre Libertad Religiosa: Colegio Huel\u00e9n gana el Torneo - Centro UC Derecho y Religi\u00f3n\" \/>\n<meta property=\"og:description\" content=\"En la instancia participaron 11 colegios y la iniciativa Penta UC. El segundo lugar qued\u00f3 en manos del colegio Monte Tabor y Nazaret.\" \/>\n<meta property=\"og:url\" content=\"https:\/\/derechoyreligion-uc.urantiacos.cl\/en\/realizacion-del-ii-interescolar-de-debate-sobre-libertad-religiosa-colegio-huelen-gana-el-torneo\/\" \/>\n<meta property=\"og:site_name\" content=\"Centro UC Derecho y Religi\u00f3n\" \/>\n<meta property=\"article:published_time\" content=\"2018-07-17T04:00:00+00:00\" \/>\n<meta property=\"og:image\" content=\"https:\/\/derechoyreligion-uc.urantiacos.cl\/wp-content\/uploads\/2025\/10\/IMG_8044-scaled.jpg\" \/>\n\t<meta property=\"og:image:width\" content=\"2560\" \/>\n\t<meta property=\"og:image:height\" content=\"1707\" \/>\n\t<meta property=\"og:image:type\" content=\"image\/jpeg\" \/>\n<meta name=\"author\" content=\"manadmin\" \/>\n<meta name=\"twitter:card\" content=\"summary_large_image\" \/>\n<meta name=\"twitter:label1\" content=\"Written by\" \/>\n\t<meta name=\"twitter:data1\" content=\"manadmin\" \/>\n\t<meta name=\"twitter:label2\" content=\"Est. reading time\" \/>\n\t<meta name=\"twitter:data2\" content=\"2 minutes\" \/>\n<script type=\"application\/ld+json\" class=\"yoast-schema-graph\">{\"@context\":\"https:\/\/schema.org\",\"@graph\":[{\"@type\":\"Article\",\"@id\":\"https:\/\/derechoyreligion-uc.urantiacos.cl\/en\/realizacion-del-ii-interescolar-de-debate-sobre-libertad-religiosa-colegio-huelen-gana-el-torneo\/#article\",\"isPartOf\":{\"@id\":\"https:\/\/derechoyreligion-uc.urantiacos.cl\/en\/realizacion-del-ii-interescolar-de-debate-sobre-libertad-religiosa-colegio-huelen-gana-el-torneo\/\"},\"author\":{\"name\":\"manadmin\",\"@id\":\"https:\/\/derechoyreligion-uc.urantiacos.cl\/en\/#\/schema\/person\/6cc7f593e2f49e3b770a06f63b58e3b1\"},\"headline\":\"Realizaci\u00f3n del II Interescolar de Debate sobre Libertad Religiosa: Colegio Huel\u00e9n gana el Torneo\",\"datePublished\":\"2018-07-17T04:00:00+00:00\",\"mainEntityOfPage\":{\"@id\":\"https:\/\/derechoyreligion-uc.urantiacos.cl\/en\/realizacion-del-ii-interescolar-de-debate-sobre-libertad-religiosa-colegio-huelen-gana-el-torneo\/\"},\"wordCount\":412,\"image\":{\"@id\":\"https:\/\/derechoyreligion-uc.urantiacos.cl\/en\/realizacion-del-ii-interescolar-de-debate-sobre-libertad-religiosa-colegio-huelen-gana-el-torneo\/#primaryimage\"},\"thumbnailUrl\":\"https:\/\/derechoyreligion-uc.urantiacos.cl\/wp-content\/uploads\/2025\/10\/IMG_8044-scaled.jpg\",\"articleSection\":[\"Noticias\"],\"inLanguage\":\"en-US\"},{\"@type\":\"WebPage\",\"@id\":\"https:\/\/derechoyreligion-uc.urantiacos.cl\/en\/realizacion-del-ii-interescolar-de-debate-sobre-libertad-religiosa-colegio-huelen-gana-el-torneo\/\",\"url\":\"https:\/\/derechoyreligion-uc.urantiacos.cl\/en\/realizacion-del-ii-interescolar-de-debate-sobre-libertad-religiosa-colegio-huelen-gana-el-torneo\/\",\"name\":\"Realizaci\u00f3n del II Interescolar de Debate sobre Libertad Religiosa: Colegio Huel\u00e9n gana el Torneo - Centro UC Derecho y Religi\u00f3n\",\"isPartOf\":{\"@id\":\"https:\/\/derechoyreligion-uc.urantiacos.cl\/en\/#website\"},\"primaryImageOfPage\":{\"@id\":\"https:\/\/derechoyreligion-uc.urantiacos.cl\/en\/realizacion-del-ii-interescolar-de-debate-sobre-libertad-religiosa-colegio-huelen-gana-el-torneo\/#primaryimage\"},\"image\":{\"@id\":\"https:\/\/derechoyreligion-uc.urantiacos.cl\/en\/realizacion-del-ii-interescolar-de-debate-sobre-libertad-religiosa-colegio-huelen-gana-el-torneo\/#primaryimage\"},\"thumbnailUrl\":\"https:\/\/derechoyreligion-uc.urantiacos.cl\/wp-content\/uploads\/2025\/10\/IMG_8044-scaled.jpg\",\"datePublished\":\"2018-07-17T04:00:00+00:00\",\"author\":{\"@id\":\"https:\/\/derechoyreligion-uc.urantiacos.cl\/en\/#\/schema\/person\/6cc7f593e2f49e3b770a06f63b58e3b1\"},\"breadcrumb\":{\"@id\":\"https:\/\/derechoyreligion-uc.urantiacos.cl\/en\/realizacion-del-ii-interescolar-de-debate-sobre-libertad-religiosa-colegio-huelen-gana-el-torneo\/#breadcrumb\"},\"inLanguage\":\"en-US\",\"potentialAction\":[{\"@type\":\"ReadAction\",\"target\":[\"https:\/\/derechoyreligion-uc.urantiacos.cl\/en\/realizacion-del-ii-interescolar-de-debate-sobre-libertad-religiosa-colegio-huelen-gana-el-torneo\/\"]}]},{\"@type\":\"ImageObject\",\"inLanguage\":\"en-US\",\"@id\":\"https:\/\/derechoyreligion-uc.urantiacos.cl\/en\/realizacion-del-ii-interescolar-de-debate-sobre-libertad-religiosa-colegio-huelen-gana-el-torneo\/#primaryimage\",\"url\":\"https:\/\/derechoyreligion-uc.urantiacos.cl\/wp-content\/uploads\/2025\/10\/IMG_8044-scaled.jpg\",\"contentUrl\":\"https:\/\/derechoyreligion-uc.urantiacos.cl\/wp-content\/uploads\/2025\/10\/IMG_8044-scaled.jpg\",\"width\":2560,\"height\":1707},{\"@type\":\"BreadcrumbList\",\"@id\":\"https:\/\/derechoyreligion-uc.urantiacos.cl\/en\/realizacion-del-ii-interescolar-de-debate-sobre-libertad-religiosa-colegio-huelen-gana-el-torneo\/#breadcrumb\",\"itemListElement\":[{\"@type\":\"ListItem\",\"position\":1,\"name\":\"Portada\",\"item\":\"https:\/\/derechoyreligion-uc.urantiacos.cl\/en\/\"},{\"@type\":\"ListItem\",\"position\":2,\"name\":\"Realizaci\u00f3n del II Interescolar de Debate sobre Libertad Religiosa: Colegio Huel\u00e9n gana el Torneo\"}]},{\"@type\":\"WebSite\",\"@id\":\"https:\/\/derechoyreligion-uc.urantiacos.cl\/en\/#website\",\"url\":\"https:\/\/derechoyreligion-uc.urantiacos.cl\/en\/\",\"name\":\"Centro UC Derecho y Religi\u00f3n\",\"description\":\"\",\"potentialAction\":[{\"@type\":\"SearchAction\",\"target\":{\"@type\":\"EntryPoint\",\"urlTemplate\":\"https:\/\/derechoyreligion-uc.urantiacos.cl\/en\/?s={search_term_string}\"},\"query-input\":{\"@type\":\"PropertyValueSpecification\",\"valueRequired\":true,\"valueName\":\"search_term_string\"}}],\"inLanguage\":\"en-US\"},{\"@type\":\"Person\",\"@id\":\"https:\/\/derechoyreligion-uc.urantiacos.cl\/en\/#\/schema\/person\/6cc7f593e2f49e3b770a06f63b58e3b1\",\"name\":\"manadmin\",\"sameAs\":[\"https:\/\/derechoyreligion-uc.urantiacos.cl\"]}]}<\/script>\n<!-- \/ Yoast SEO plugin. -->","yoast_head_json":{"title":"Realizaci\u00f3n del II Interescolar de Debate sobre Libertad Religiosa: Colegio Huel\u00e9n gana el Torneo - Centro UC Derecho y Religi\u00f3n","robots":{"index":"index","follow":"follow","max-snippet":"max-snippet:-1","max-image-preview":"max-image-preview:large","max-video-preview":"max-video-preview:-1"},"canonical":"https:\/\/derechoyreligion-uc.urantiacos.cl\/en\/realizacion-del-ii-interescolar-de-debate-sobre-libertad-religiosa-colegio-huelen-gana-el-torneo\/","og_locale":"en_US","og_type":"article","og_title":"Realizaci\u00f3n del II Interescolar de Debate sobre Libertad Religiosa: Colegio Huel\u00e9n gana el Torneo - Centro UC Derecho y Religi\u00f3n","og_description":"En la instancia participaron 11 colegios y la iniciativa Penta UC. El segundo lugar qued\u00f3 en manos del colegio Monte Tabor y Nazaret.","og_url":"https:\/\/derechoyreligion-uc.urantiacos.cl\/en\/realizacion-del-ii-interescolar-de-debate-sobre-libertad-religiosa-colegio-huelen-gana-el-torneo\/","og_site_name":"Centro UC Derecho y Religi\u00f3n","article_published_time":"2018-07-17T04:00:00+00:00","og_image":[{"width":2560,"height":1707,"url":"https:\/\/derechoyreligion-uc.urantiacos.cl\/wp-content\/uploads\/2025\/10\/IMG_8044-scaled.jpg","type":"image\/jpeg"}],"author":"manadmin","twitter_card":"summary_large_image","twitter_misc":{"Written by":"manadmin","Est. reading time":"2 minutes"},"schema":{"@context":"https:\/\/schema.org","@graph":[{"@type":"Article","@id":"https:\/\/derechoyreligion-uc.urantiacos.cl\/en\/realizacion-del-ii-interescolar-de-debate-sobre-libertad-religiosa-colegio-huelen-gana-el-torneo\/#article","isPartOf":{"@id":"https:\/\/derechoyreligion-uc.urantiacos.cl\/en\/realizacion-del-ii-interescolar-de-debate-sobre-libertad-religiosa-colegio-huelen-gana-el-torneo\/"},"author":{"name":"manadmin","@id":"https:\/\/derechoyreligion-uc.urantiacos.cl\/en\/#\/schema\/person\/6cc7f593e2f49e3b770a06f63b58e3b1"},"headline":"Realizaci\u00f3n del II Interescolar de Debate sobre Libertad Religiosa: Colegio Huel\u00e9n gana el Torneo","datePublished":"2018-07-17T04:00:00+00:00","mainEntityOfPage":{"@id":"https:\/\/derechoyreligion-uc.urantiacos.cl\/en\/realizacion-del-ii-interescolar-de-debate-sobre-libertad-religiosa-colegio-huelen-gana-el-torneo\/"},"wordCount":412,"image":{"@id":"https:\/\/derechoyreligion-uc.urantiacos.cl\/en\/realizacion-del-ii-interescolar-de-debate-sobre-libertad-religiosa-colegio-huelen-gana-el-torneo\/#primaryimage"},"thumbnailUrl":"https:\/\/derechoyreligion-uc.urantiacos.cl\/wp-content\/uploads\/2025\/10\/IMG_8044-scaled.jpg","articleSection":["Noticias"],"inLanguage":"en-US"},{"@type":"WebPage","@id":"https:\/\/derechoyreligion-uc.urantiacos.cl\/en\/realizacion-del-ii-interescolar-de-debate-sobre-libertad-religiosa-colegio-huelen-gana-el-torneo\/","url":"https:\/\/derechoyreligion-uc.urantiacos.cl\/en\/realizacion-del-ii-interescolar-de-debate-sobre-libertad-religiosa-colegio-huelen-gana-el-torneo\/","name":"Realizaci\u00f3n del II Interescolar de Debate sobre Libertad Religiosa: Colegio Huel\u00e9n gana el Torneo - Centro UC Derecho y Religi\u00f3n","isPartOf":{"@id":"https:\/\/derechoyreligion-uc.urantiacos.cl\/en\/#website"},"primaryImageOfPage":{"@id":"https:\/\/derechoyreligion-uc.urantiacos.cl\/en\/realizacion-del-ii-interescolar-de-debate-sobre-libertad-religiosa-colegio-huelen-gana-el-torneo\/#primaryimage"},"image":{"@id":"https:\/\/derechoyreligion-uc.urantiacos.cl\/en\/realizacion-del-ii-interescolar-de-debate-sobre-libertad-religiosa-colegio-huelen-gana-el-torneo\/#primaryimage"},"thumbnailUrl":"https:\/\/derechoyreligion-uc.urantiacos.cl\/wp-content\/uploads\/2025\/10\/IMG_8044-scaled.jpg","datePublished":"2018-07-17T04:00:00+00:00","author":{"@id":"https:\/\/derechoyreligion-uc.urantiacos.cl\/en\/#\/schema\/person\/6cc7f593e2f49e3b770a06f63b58e3b1"},"breadcrumb":{"@id":"https:\/\/derechoyreligion-uc.urantiacos.cl\/en\/realizacion-del-ii-interescolar-de-debate-sobre-libertad-religiosa-colegio-huelen-gana-el-torneo\/#breadcrumb"},"inLanguage":"en-US","potentialAction":[{"@type":"ReadAction","target":["https:\/\/derechoyreligion-uc.urantiacos.cl\/en\/realizacion-del-ii-interescolar-de-debate-sobre-libertad-religiosa-colegio-huelen-gana-el-torneo\/"]}]},{"@type":"ImageObject","inLanguage":"en-US","@id":"https:\/\/derechoyreligion-uc.urantiacos.cl\/en\/realizacion-del-ii-interescolar-de-debate-sobre-libertad-religiosa-colegio-huelen-gana-el-torneo\/#primaryimage","url":"https:\/\/derechoyreligion-uc.urantiacos.cl\/wp-content\/uploads\/2025\/10\/IMG_8044-scaled.jpg","contentUrl":"https:\/\/derechoyreligion-uc.urantiacos.cl\/wp-content\/uploads\/2025\/10\/IMG_8044-scaled.jpg","width":2560,"height":1707},{"@type":"BreadcrumbList","@id":"https:\/\/derechoyreligion-uc.urantiacos.cl\/en\/realizacion-del-ii-interescolar-de-debate-sobre-libertad-religiosa-colegio-huelen-gana-el-torneo\/#breadcrumb","itemListElement":[{"@type":"ListItem","position":1,"name":"Portada","item":"https:\/\/derechoyreligion-uc.urantiacos.cl\/en\/"},{"@type":"ListItem","position":2,"name":"Realizaci\u00f3n del II Interescolar de Debate sobre Libertad Religiosa: Colegio Huel\u00e9n gana el Torneo"}]},{"@type":"WebSite","@id":"https:\/\/derechoyreligion-uc.urantiacos.cl\/en\/#website","url":"https:\/\/derechoyreligion-uc.urantiacos.cl\/en\/","name":"Centro UC Derecho y Religi\u00f3n","description":"","potentialAction":[{"@type":"SearchAction","target":{"@type":"EntryPoint","urlTemplate":"https:\/\/derechoyreligion-uc.urantiacos.cl\/en\/?s={search_term_string}"},"query-input":{"@type":"PropertyValueSpecification","valueRequired":true,"valueName":"search_term_string"}}],"inLanguage":"en-US"},{"@type":"Person","@id":"https:\/\/derechoyreligion-uc.urantiacos.cl\/en\/#\/schema\/person\/6cc7f593e2f49e3b770a06f63b58e3b1","name":"manadmin","sameAs":["https:\/\/derechoyreligion-uc.urantiacos.cl"]}]}},"_links":{"self":[{"href":"https:\/\/derechoyreligion-uc.urantiacos.cl\/en\/wp-json\/wp\/v2\/posts\/1403","targetHints":{"allow":["GET"]}}],"collection":[{"href":"https:\/\/derechoyreligion-uc.urantiacos.cl\/en\/wp-json\/wp\/v2\/posts"}],"about":[{"href":"https:\/\/derechoyreligion-uc.urantiacos.cl\/en\/wp-json\/wp\/v2\/types\/post"}],"author":[{"embeddable":true,"href":"https:\/\/derechoyreligion-uc.urantiacos.cl\/en\/wp-json\/wp\/v2\/users\/1"}],"replies":[{"embeddable":true,"href":"https:\/\/derechoyreligion-uc.urantiacos.cl\/en\/wp-json\/wp\/v2\/comments?post=1403"}],"version-history":[{"count":0,"href":"https:\/\/derechoyreligion-uc.urantiacos.cl\/en\/wp-json\/wp\/v2\/posts\/1403\/revisions"}],"wp:featuredmedia":[{"embeddable":true,"href":"https:\/\/derechoyreligion-uc.urantiacos.cl\/en\/wp-json\/wp\/v2\/media\/1549"}],"wp:attachment":[{"href":"https:\/\/derechoyreligion-uc.urantiacos.cl\/en\/wp-json\/wp\/v2\/media?parent=1403"}],"wp:term":[{"taxonomy":"category","embeddable":true,"href":"https:\/\/derechoyreligion-uc.urantiacos.cl\/en\/wp-json\/wp\/v2\/categories?post=1403"},{"taxonomy":"post_tag","embeddable":true,"href":"https:\/\/derechoyreligion-uc.urantiacos.cl\/en\/wp-json\/wp\/v2\/tags?post=1403"}],"curies":[{"name":"wp","href":"https:\/\/api.w.org\/{rel}","templated":true}]}}