
{"id":1401,"date":"2018-09-21T00:00:00","date_gmt":"2018-09-21T03:00:00","guid":{"rendered":"https:\/\/derechoyreligion-uc.urantiacos.cl\/expertos-expusieron-sobre-la-neutralidad-del-estado-frente-a-la-diversidad-de-creencias-en-derecho-uc\/"},"modified":"2018-09-21T00:00:00","modified_gmt":"2018-09-21T03:00:00","slug":"expertos-expusieron-sobre-la-neutralidad-del-estado-frente-a-la-diversidad-de-creencias-en-derecho-uc","status":"publish","type":"post","link":"https:\/\/derechoyreligion-uc.urantiacos.cl\/en\/expertos-expusieron-sobre-la-neutralidad-del-estado-frente-a-la-diversidad-de-creencias-en-derecho-uc\/","title":{"rendered":"Expertos expusieron sobre la neutralidad del Estado frente a la diversidad de creencias en Derecho UC"},"content":{"rendered":"<article>\n<span><br \/>\n<\/span><\/p>\n<p><em>El seminario internacional fue organizado por el Centro UC Derecho y Religi\u00f3n y cont\u00f3 con la participaci\u00f3n de Rajeev Bhargava, profesor del Centre for the Study of Developing Societies de India, y Javier Garc\u00eda Oliva, profesor de la Universidad de Manchester, Reino Unido.<\/em><\/p>\n<p><em><img decoding=\"async\" alt=\"Rajeev\" src=\"https:\/\/derechoyreligion-uc.urantiacos.cl\/wp-content\/uploads\/imagenes\/Rajeev.jpg\"\/><\/em><\/p>\n<p>Con la presencia de alumnos y profesores de la Facultad, se desarroll\u00f3 el seminario internacional La neutralidad del Estado frente a la diversidad de creencias. El encuentro fue organizado por el\u00a0<a href=\"https:\/\/derechoyreligion.uc.cl\/es\/\" target=\"_blank\">Centro UC de Derecho y Religi\u00f3n<\/a>\u00a0y tuvo como objetivo contrastar la din\u00e1mica de las relaciones institucionales entre el Estado y la Religi\u00f3n en India y Reino Unido a trav\u00e9s de la participaci\u00f3n de los expositores\u00a0<a href=\"https:\/\/www.csds.in\/rajeev_bhargava\" target=\"_blank\">Rajeev Bhargava<\/a>, profesor del Centre for the Study of Developing Societies de India, y\u00a0<a href=\"https:\/\/www.research.manchester.ac.uk\/portal\/javier.oliva.html\" target=\"_blank\">Javier Garc\u00eda Oliva<\/a>, profesor de la Universidad de Manchester, Reino Unido.<\/p>\n<p>El profesor Bhargava protagoniz\u00f3 el primer bloque del encuentro, que cont\u00f3 con los comentarios del profesor Derecho UC\u00a0<a href=\"http:\/\/derecho.uc.cl\/es\/profesores\/nomina-por-departamento\/departamento-de-derecho-publico\/4447-urbina-molfino-francisco-javier\" target=\"_blank\">Francisco Javier Urbina<\/a>. En su intervenci\u00f3n, Bhargava explic\u00f3 que\u00a0<strong>\u201cla neutralidad implica o presupone la existencia de la diversidad&#8230; entonces hablamos aqu\u00ed de la neutralidad de un Estado democr\u00e1tico frente a grupos religiosamente diversos\u201d.<\/strong><\/p>\n<p>Asimismo, explic\u00f3 que la neutralidad puede significar, por un lado, que no hay acci\u00f3n porque un Estado no toma partido, lo que a su juicio es imposible para un estado democr\u00e1tico, o bien puede significar ayudar u obstaculizar a todos los grupos de la misma manera y en el mismo grado.\u00a0<strong>\u201cEsta segunda opci\u00f3n me parece que va en la direcci\u00f3n correcta, aunque puede tener fallas, porque hay situaciones en las que los estados no pueden dar el mismo tratamiento a todos en el mismo grado, tratando a individuos y grupos como iguales, siendo que pueden requerir un trato diferente. Si es as\u00ed, es mejor que los estados democr\u00e1ticos mantengan, lo que yo llamo una \u2018distancia principal\u2019 de todos los grupos religiosos para que puedan intervenir o abstenerse de interferir, dependiendo del contexto y el valor preciso que se socava. Tambi\u00e9n significa que el Estado debe tener un respeto cr\u00edtico hacia todos los grupos religiosos\u201d.<\/strong><\/p>\n<p>Posteriormente, el profesor Javier Garc\u00eda Oliva se refiri\u00f3 a la experiencia de Reino Unido, y cont\u00f3 con los comentarios de Ren\u00e9 Cort\u00ednez, investigador del Centro UC Derecho y Religi\u00f3n y profesor de la Universidad Alberto Hurtado, y Sergio Micco, del Instituto de Asuntos P\u00fablicos de la Universidad de Chile. En su exposici\u00f3n, el acad\u00e9mico explic\u00f3 que mantener la neutralidad del Estado implica que las elecciones de individuos y grupos deben respetarse, incluso cuando sean contrarias a los principios liberales. Los grupos minoritarios tienen libertad para rechazar los principios liberadles cuando se trata de asuntos internos, pero el Estado tiene justificaci\u00f3n para intervenir si intenta imponer sus puntos de vista o pr\u00e1cticas a los que no son miembros. Se\u00f1al\u00f3 que se ha observado que las autoridades estatales tienden a no intervenir en los asuntos \u02bbinternos\u02bc de los grupos religiosos minoritarios, lo que puede llevar a que los miembros vulnerables (ni\u00f1os, adultos vulnerables) no reciban el mismo nivel de protecci\u00f3n de las autoridades estatales.<\/p>\n<p>Seg\u00fan Garc\u00eda, las personas no deber\u00edan recibir menos apoyo de las instituciones estatales porque provienen de una comunidad religiosa minoritaria, pero las pol\u00edticas destinadas a promover la neutralidad del Estado en realidad tienen el efecto opuesto, al poner en desventaja a algunos ciudadanos sobre la base de su identidad religiosa, \u00e9tnica y\/o cultural.<\/p>\n<p><strong>\u201cLas garant\u00edas absolutas de la Constituci\u00f3n y los Derechos Humanos en la legislaci\u00f3n del Reino Unido son claras y efectivas. Estos problemas no requieren reformas a ese nivel; se necesita una orientaci\u00f3n m\u00e1s sofisticada y un \u2018soft law\u2019 para garantizar que los instrumentos de Derechos Humanos vigentes funcionen de manera m\u00e1s efectiva. La neutralidad genuina del estado requiere la misma protecci\u00f3n para todos\u201d<\/strong>, afirm\u00f3 el experto.<\/p>\n<p>El encuentro fue moderado por la profesora Ana Mar\u00eda Celis y finaliz\u00f3 con una nutrida ronda de preguntas a los expositores.<\/p>\n<p>\u00a0<\/p>\n<p><a href=\"https:\/\/www.flickr.com\/photos\/comunidadderechouc\/albums\/72157698330038312\" target=\"_blank\">Revisa la galer\u00eda de im\u00e1genes aqu\u00ed<\/a>\u00a0<\/p>\n<p>\u00a0<\/p>\n<p><span><em>Fuente:\u00a0<a href=\"http:\/\/derecho.uc.cl\/es\/noticias\/22013-expertos-expusieron-sobre-la-neutralidad-del-estado-frente-a-la-diversidad-de-creencias-en-derecho-uc\">http:\/\/derecho.uc.cl\/es\/noticias\/22013-expertos-expusieron-sobre-la-neutralidad-del-estado-frente-a-la-diversidad-de-creencias-en-derecho-uc<\/a><\/em><\/span><\/p>\n<\/article>\n","protected":false},"excerpt":{"rendered":"<p>El seminario internacional fue organizado por el Centro UC Derecho y Religi\u00f3n y cont\u00f3 con la participaci\u00f3n de Rajeev Bhargava, profesor del Centre for the Study of Developing Societies de India, y Javier Garc\u00eda Oliva, profesor de la Universidad de Manchester, Reino Unido.<\/p>\n","protected":false},"author":1,"featured_media":1547,"comment_status":"","ping_status":"","sticky":false,"template":"","format":"standard","meta":{"_acf_changed":false,"footnotes":""},"categories":[1],"tags":[],"class_list":["post-1401","post","type-post","status-publish","format-standard","has-post-thumbnail","hentry","category-noticias"],"acf":[],"yoast_head":"<!-- This site is optimized with the Yoast SEO plugin v27.1.1 - https:\/\/yoast.com\/product\/yoast-seo-wordpress\/ -->\n<title>Expertos expusieron sobre la neutralidad del Estado frente a la diversidad de creencias en Derecho UC - Centro UC Derecho y Religi\u00f3n<\/title>\n<meta name=\"robots\" content=\"index, follow, max-snippet:-1, max-image-preview:large, max-video-preview:-1\" \/>\n<link rel=\"canonical\" href=\"https:\/\/derechoyreligion-uc.urantiacos.cl\/en\/expertos-expusieron-sobre-la-neutralidad-del-estado-frente-a-la-diversidad-de-creencias-en-derecho-uc\/\" \/>\n<meta property=\"og:locale\" content=\"en_US\" \/>\n<meta property=\"og:type\" content=\"article\" \/>\n<meta property=\"og:title\" content=\"Expertos expusieron sobre la neutralidad del Estado frente a la diversidad de creencias en Derecho UC - Centro UC Derecho y Religi\u00f3n\" \/>\n<meta property=\"og:description\" content=\"El seminario internacional fue organizado por el Centro UC Derecho y Religi\u00f3n y cont\u00f3 con la participaci\u00f3n de Rajeev Bhargava, profesor del Centre for the Study of Developing Societies de India, y Javier Garc\u00eda Oliva, profesor de la Universidad de Manchester, Reino Unido.\" \/>\n<meta property=\"og:url\" content=\"https:\/\/derechoyreligion-uc.urantiacos.cl\/en\/expertos-expusieron-sobre-la-neutralidad-del-estado-frente-a-la-diversidad-de-creencias-en-derecho-uc\/\" \/>\n<meta property=\"og:site_name\" content=\"Centro UC Derecho y Religi\u00f3n\" \/>\n<meta property=\"article:published_time\" content=\"2018-09-21T03:00:00+00:00\" \/>\n<meta property=\"og:image\" content=\"https:\/\/derechoyreligion-uc.urantiacos.cl\/wp-content\/uploads\/2025\/10\/Rajeev-scaled.jpg\" \/>\n\t<meta property=\"og:image:width\" content=\"2560\" \/>\n\t<meta property=\"og:image:height\" content=\"1707\" \/>\n\t<meta property=\"og:image:type\" content=\"image\/jpeg\" \/>\n<meta name=\"author\" content=\"manadmin\" \/>\n<meta name=\"twitter:card\" content=\"summary_large_image\" \/>\n<meta name=\"twitter:label1\" content=\"Written by\" \/>\n\t<meta name=\"twitter:data1\" content=\"manadmin\" \/>\n\t<meta name=\"twitter:label2\" content=\"Est. reading time\" \/>\n\t<meta name=\"twitter:data2\" content=\"4 minutes\" \/>\n<script type=\"application\/ld+json\" class=\"yoast-schema-graph\">{\"@context\":\"https:\/\/schema.org\",\"@graph\":[{\"@type\":\"Article\",\"@id\":\"https:\/\/derechoyreligion-uc.urantiacos.cl\/en\/expertos-expusieron-sobre-la-neutralidad-del-estado-frente-a-la-diversidad-de-creencias-en-derecho-uc\/#article\",\"isPartOf\":{\"@id\":\"https:\/\/derechoyreligion-uc.urantiacos.cl\/en\/expertos-expusieron-sobre-la-neutralidad-del-estado-frente-a-la-diversidad-de-creencias-en-derecho-uc\/\"},\"author\":{\"name\":\"manadmin\",\"@id\":\"https:\/\/derechoyreligion-uc.urantiacos.cl\/en\/#\/schema\/person\/6cc7f593e2f49e3b770a06f63b58e3b1\"},\"headline\":\"Expertos expusieron sobre la neutralidad del Estado frente a la diversidad de creencias en Derecho UC\",\"datePublished\":\"2018-09-21T03:00:00+00:00\",\"mainEntityOfPage\":{\"@id\":\"https:\/\/derechoyreligion-uc.urantiacos.cl\/en\/expertos-expusieron-sobre-la-neutralidad-del-estado-frente-a-la-diversidad-de-creencias-en-derecho-uc\/\"},\"wordCount\":718,\"image\":{\"@id\":\"https:\/\/derechoyreligion-uc.urantiacos.cl\/en\/expertos-expusieron-sobre-la-neutralidad-del-estado-frente-a-la-diversidad-de-creencias-en-derecho-uc\/#primaryimage\"},\"thumbnailUrl\":\"https:\/\/derechoyreligion-uc.urantiacos.cl\/wp-content\/uploads\/2025\/10\/Rajeev-scaled.jpg\",\"articleSection\":[\"Noticias\"],\"inLanguage\":\"en-US\"},{\"@type\":\"WebPage\",\"@id\":\"https:\/\/derechoyreligion-uc.urantiacos.cl\/en\/expertos-expusieron-sobre-la-neutralidad-del-estado-frente-a-la-diversidad-de-creencias-en-derecho-uc\/\",\"url\":\"https:\/\/derechoyreligion-uc.urantiacos.cl\/en\/expertos-expusieron-sobre-la-neutralidad-del-estado-frente-a-la-diversidad-de-creencias-en-derecho-uc\/\",\"name\":\"Expertos expusieron sobre la neutralidad del Estado frente a la diversidad de creencias en Derecho UC - Centro UC Derecho y Religi\u00f3n\",\"isPartOf\":{\"@id\":\"https:\/\/derechoyreligion-uc.urantiacos.cl\/en\/#website\"},\"primaryImageOfPage\":{\"@id\":\"https:\/\/derechoyreligion-uc.urantiacos.cl\/en\/expertos-expusieron-sobre-la-neutralidad-del-estado-frente-a-la-diversidad-de-creencias-en-derecho-uc\/#primaryimage\"},\"image\":{\"@id\":\"https:\/\/derechoyreligion-uc.urantiacos.cl\/en\/expertos-expusieron-sobre-la-neutralidad-del-estado-frente-a-la-diversidad-de-creencias-en-derecho-uc\/#primaryimage\"},\"thumbnailUrl\":\"https:\/\/derechoyreligion-uc.urantiacos.cl\/wp-content\/uploads\/2025\/10\/Rajeev-scaled.jpg\",\"datePublished\":\"2018-09-21T03:00:00+00:00\",\"author\":{\"@id\":\"https:\/\/derechoyreligion-uc.urantiacos.cl\/en\/#\/schema\/person\/6cc7f593e2f49e3b770a06f63b58e3b1\"},\"breadcrumb\":{\"@id\":\"https:\/\/derechoyreligion-uc.urantiacos.cl\/en\/expertos-expusieron-sobre-la-neutralidad-del-estado-frente-a-la-diversidad-de-creencias-en-derecho-uc\/#breadcrumb\"},\"inLanguage\":\"en-US\",\"potentialAction\":[{\"@type\":\"ReadAction\",\"target\":[\"https:\/\/derechoyreligion-uc.urantiacos.cl\/en\/expertos-expusieron-sobre-la-neutralidad-del-estado-frente-a-la-diversidad-de-creencias-en-derecho-uc\/\"]}]},{\"@type\":\"ImageObject\",\"inLanguage\":\"en-US\",\"@id\":\"https:\/\/derechoyreligion-uc.urantiacos.cl\/en\/expertos-expusieron-sobre-la-neutralidad-del-estado-frente-a-la-diversidad-de-creencias-en-derecho-uc\/#primaryimage\",\"url\":\"https:\/\/derechoyreligion-uc.urantiacos.cl\/wp-content\/uploads\/2025\/10\/Rajeev-scaled.jpg\",\"contentUrl\":\"https:\/\/derechoyreligion-uc.urantiacos.cl\/wp-content\/uploads\/2025\/10\/Rajeev-scaled.jpg\",\"width\":2560,\"height\":1707},{\"@type\":\"BreadcrumbList\",\"@id\":\"https:\/\/derechoyreligion-uc.urantiacos.cl\/en\/expertos-expusieron-sobre-la-neutralidad-del-estado-frente-a-la-diversidad-de-creencias-en-derecho-uc\/#breadcrumb\",\"itemListElement\":[{\"@type\":\"ListItem\",\"position\":1,\"name\":\"Portada\",\"item\":\"https:\/\/derechoyreligion-uc.urantiacos.cl\/en\/\"},{\"@type\":\"ListItem\",\"position\":2,\"name\":\"Expertos expusieron sobre la neutralidad del Estado frente a la diversidad de creencias en Derecho UC\"}]},{\"@type\":\"WebSite\",\"@id\":\"https:\/\/derechoyreligion-uc.urantiacos.cl\/en\/#website\",\"url\":\"https:\/\/derechoyreligion-uc.urantiacos.cl\/en\/\",\"name\":\"Centro UC Derecho y Religi\u00f3n\",\"description\":\"\",\"potentialAction\":[{\"@type\":\"SearchAction\",\"target\":{\"@type\":\"EntryPoint\",\"urlTemplate\":\"https:\/\/derechoyreligion-uc.urantiacos.cl\/en\/?s={search_term_string}\"},\"query-input\":{\"@type\":\"PropertyValueSpecification\",\"valueRequired\":true,\"valueName\":\"search_term_string\"}}],\"inLanguage\":\"en-US\"},{\"@type\":\"Person\",\"@id\":\"https:\/\/derechoyreligion-uc.urantiacos.cl\/en\/#\/schema\/person\/6cc7f593e2f49e3b770a06f63b58e3b1\",\"name\":\"manadmin\",\"sameAs\":[\"https:\/\/derechoyreligion-uc.urantiacos.cl\"]}]}<\/script>\n<!-- \/ Yoast SEO plugin. -->","yoast_head_json":{"title":"Expertos expusieron sobre la neutralidad del Estado frente a la diversidad de creencias en Derecho UC - Centro UC Derecho y Religi\u00f3n","robots":{"index":"index","follow":"follow","max-snippet":"max-snippet:-1","max-image-preview":"max-image-preview:large","max-video-preview":"max-video-preview:-1"},"canonical":"https:\/\/derechoyreligion-uc.urantiacos.cl\/en\/expertos-expusieron-sobre-la-neutralidad-del-estado-frente-a-la-diversidad-de-creencias-en-derecho-uc\/","og_locale":"en_US","og_type":"article","og_title":"Expertos expusieron sobre la neutralidad del Estado frente a la diversidad de creencias en Derecho UC - Centro UC Derecho y Religi\u00f3n","og_description":"El seminario internacional fue organizado por el Centro UC Derecho y Religi\u00f3n y cont\u00f3 con la participaci\u00f3n de Rajeev Bhargava, profesor del Centre for the Study of Developing Societies de India, y Javier Garc\u00eda Oliva, profesor de la Universidad de Manchester, Reino Unido.","og_url":"https:\/\/derechoyreligion-uc.urantiacos.cl\/en\/expertos-expusieron-sobre-la-neutralidad-del-estado-frente-a-la-diversidad-de-creencias-en-derecho-uc\/","og_site_name":"Centro UC Derecho y Religi\u00f3n","article_published_time":"2018-09-21T03:00:00+00:00","og_image":[{"width":2560,"height":1707,"url":"https:\/\/derechoyreligion-uc.urantiacos.cl\/wp-content\/uploads\/2025\/10\/Rajeev-scaled.jpg","type":"image\/jpeg"}],"author":"manadmin","twitter_card":"summary_large_image","twitter_misc":{"Written by":"manadmin","Est. reading time":"4 minutes"},"schema":{"@context":"https:\/\/schema.org","@graph":[{"@type":"Article","@id":"https:\/\/derechoyreligion-uc.urantiacos.cl\/en\/expertos-expusieron-sobre-la-neutralidad-del-estado-frente-a-la-diversidad-de-creencias-en-derecho-uc\/#article","isPartOf":{"@id":"https:\/\/derechoyreligion-uc.urantiacos.cl\/en\/expertos-expusieron-sobre-la-neutralidad-del-estado-frente-a-la-diversidad-de-creencias-en-derecho-uc\/"},"author":{"name":"manadmin","@id":"https:\/\/derechoyreligion-uc.urantiacos.cl\/en\/#\/schema\/person\/6cc7f593e2f49e3b770a06f63b58e3b1"},"headline":"Expertos expusieron sobre la neutralidad del Estado frente a la diversidad de creencias en Derecho UC","datePublished":"2018-09-21T03:00:00+00:00","mainEntityOfPage":{"@id":"https:\/\/derechoyreligion-uc.urantiacos.cl\/en\/expertos-expusieron-sobre-la-neutralidad-del-estado-frente-a-la-diversidad-de-creencias-en-derecho-uc\/"},"wordCount":718,"image":{"@id":"https:\/\/derechoyreligion-uc.urantiacos.cl\/en\/expertos-expusieron-sobre-la-neutralidad-del-estado-frente-a-la-diversidad-de-creencias-en-derecho-uc\/#primaryimage"},"thumbnailUrl":"https:\/\/derechoyreligion-uc.urantiacos.cl\/wp-content\/uploads\/2025\/10\/Rajeev-scaled.jpg","articleSection":["Noticias"],"inLanguage":"en-US"},{"@type":"WebPage","@id":"https:\/\/derechoyreligion-uc.urantiacos.cl\/en\/expertos-expusieron-sobre-la-neutralidad-del-estado-frente-a-la-diversidad-de-creencias-en-derecho-uc\/","url":"https:\/\/derechoyreligion-uc.urantiacos.cl\/en\/expertos-expusieron-sobre-la-neutralidad-del-estado-frente-a-la-diversidad-de-creencias-en-derecho-uc\/","name":"Expertos expusieron sobre la neutralidad del Estado frente a la diversidad de creencias en Derecho UC - Centro UC Derecho y Religi\u00f3n","isPartOf":{"@id":"https:\/\/derechoyreligion-uc.urantiacos.cl\/en\/#website"},"primaryImageOfPage":{"@id":"https:\/\/derechoyreligion-uc.urantiacos.cl\/en\/expertos-expusieron-sobre-la-neutralidad-del-estado-frente-a-la-diversidad-de-creencias-en-derecho-uc\/#primaryimage"},"image":{"@id":"https:\/\/derechoyreligion-uc.urantiacos.cl\/en\/expertos-expusieron-sobre-la-neutralidad-del-estado-frente-a-la-diversidad-de-creencias-en-derecho-uc\/#primaryimage"},"thumbnailUrl":"https:\/\/derechoyreligion-uc.urantiacos.cl\/wp-content\/uploads\/2025\/10\/Rajeev-scaled.jpg","datePublished":"2018-09-21T03:00:00+00:00","author":{"@id":"https:\/\/derechoyreligion-uc.urantiacos.cl\/en\/#\/schema\/person\/6cc7f593e2f49e3b770a06f63b58e3b1"},"breadcrumb":{"@id":"https:\/\/derechoyreligion-uc.urantiacos.cl\/en\/expertos-expusieron-sobre-la-neutralidad-del-estado-frente-a-la-diversidad-de-creencias-en-derecho-uc\/#breadcrumb"},"inLanguage":"en-US","potentialAction":[{"@type":"ReadAction","target":["https:\/\/derechoyreligion-uc.urantiacos.cl\/en\/expertos-expusieron-sobre-la-neutralidad-del-estado-frente-a-la-diversidad-de-creencias-en-derecho-uc\/"]}]},{"@type":"ImageObject","inLanguage":"en-US","@id":"https:\/\/derechoyreligion-uc.urantiacos.cl\/en\/expertos-expusieron-sobre-la-neutralidad-del-estado-frente-a-la-diversidad-de-creencias-en-derecho-uc\/#primaryimage","url":"https:\/\/derechoyreligion-uc.urantiacos.cl\/wp-content\/uploads\/2025\/10\/Rajeev-scaled.jpg","contentUrl":"https:\/\/derechoyreligion-uc.urantiacos.cl\/wp-content\/uploads\/2025\/10\/Rajeev-scaled.jpg","width":2560,"height":1707},{"@type":"BreadcrumbList","@id":"https:\/\/derechoyreligion-uc.urantiacos.cl\/en\/expertos-expusieron-sobre-la-neutralidad-del-estado-frente-a-la-diversidad-de-creencias-en-derecho-uc\/#breadcrumb","itemListElement":[{"@type":"ListItem","position":1,"name":"Portada","item":"https:\/\/derechoyreligion-uc.urantiacos.cl\/en\/"},{"@type":"ListItem","position":2,"name":"Expertos expusieron sobre la neutralidad del Estado frente a la diversidad de creencias en Derecho UC"}]},{"@type":"WebSite","@id":"https:\/\/derechoyreligion-uc.urantiacos.cl\/en\/#website","url":"https:\/\/derechoyreligion-uc.urantiacos.cl\/en\/","name":"Centro UC Derecho y Religi\u00f3n","description":"","potentialAction":[{"@type":"SearchAction","target":{"@type":"EntryPoint","urlTemplate":"https:\/\/derechoyreligion-uc.urantiacos.cl\/en\/?s={search_term_string}"},"query-input":{"@type":"PropertyValueSpecification","valueRequired":true,"valueName":"search_term_string"}}],"inLanguage":"en-US"},{"@type":"Person","@id":"https:\/\/derechoyreligion-uc.urantiacos.cl\/en\/#\/schema\/person\/6cc7f593e2f49e3b770a06f63b58e3b1","name":"manadmin","sameAs":["https:\/\/derechoyreligion-uc.urantiacos.cl"]}]}},"_links":{"self":[{"href":"https:\/\/derechoyreligion-uc.urantiacos.cl\/en\/wp-json\/wp\/v2\/posts\/1401","targetHints":{"allow":["GET"]}}],"collection":[{"href":"https:\/\/derechoyreligion-uc.urantiacos.cl\/en\/wp-json\/wp\/v2\/posts"}],"about":[{"href":"https:\/\/derechoyreligion-uc.urantiacos.cl\/en\/wp-json\/wp\/v2\/types\/post"}],"author":[{"embeddable":true,"href":"https:\/\/derechoyreligion-uc.urantiacos.cl\/en\/wp-json\/wp\/v2\/users\/1"}],"replies":[{"embeddable":true,"href":"https:\/\/derechoyreligion-uc.urantiacos.cl\/en\/wp-json\/wp\/v2\/comments?post=1401"}],"version-history":[{"count":0,"href":"https:\/\/derechoyreligion-uc.urantiacos.cl\/en\/wp-json\/wp\/v2\/posts\/1401\/revisions"}],"wp:featuredmedia":[{"embeddable":true,"href":"https:\/\/derechoyreligion-uc.urantiacos.cl\/en\/wp-json\/wp\/v2\/media\/1547"}],"wp:attachment":[{"href":"https:\/\/derechoyreligion-uc.urantiacos.cl\/en\/wp-json\/wp\/v2\/media?parent=1401"}],"wp:term":[{"taxonomy":"category","embeddable":true,"href":"https:\/\/derechoyreligion-uc.urantiacos.cl\/en\/wp-json\/wp\/v2\/categories?post=1401"},{"taxonomy":"post_tag","embeddable":true,"href":"https:\/\/derechoyreligion-uc.urantiacos.cl\/en\/wp-json\/wp\/v2\/tags?post=1401"}],"curies":[{"name":"wp","href":"https:\/\/api.w.org\/{rel}","templated":true}]}}