
{"id":1400,"date":"2018-12-10T00:00:00","date_gmt":"2018-12-10T03:00:00","guid":{"rendered":"https:\/\/derechoyreligion-uc.urantiacos.cl\/expertos-presentaron-en-derecho-uc-el-informe-de-libertad-religiosa-en-el-mundo\/"},"modified":"2018-12-10T00:00:00","modified_gmt":"2018-12-10T03:00:00","slug":"expertos-presentaron-en-derecho-uc-el-informe-de-libertad-religiosa-en-el-mundo","status":"publish","type":"post","link":"https:\/\/derechoyreligion-uc.urantiacos.cl\/en\/expertos-presentaron-en-derecho-uc-el-informe-de-libertad-religiosa-en-el-mundo\/","title":{"rendered":"Expertos presentaron en Derecho UC el Informe de Libertad Religiosa en el Mundo"},"content":{"rendered":"<article>\n<span><br \/>\n<\/span><\/p>\n<p><span><em>Las conclusiones del informe se entregaron en el marco del seminario \u2018La Libertad Religiosa Hoy, en el Contexto de los 70 a\u00f1os de la Declaraci\u00f3n Universal de DD.HH.\u2019 organizado por el Centro UC Derecho y Religi\u00f3n y la Fundaci\u00f3n Pontificia Ayuda a la Iglesia que Sufre.<\/em><\/span><\/p>\n<p><span><em><img decoding=\"async\" alt=\"IMG 9122\" src=\"https:\/\/derechoyreligion-uc.urantiacos.cl\/wp-content\/uploads\/imagenes\/IMG_9122.JPG\"\/><\/em><\/span><\/p>\n<p><span>Con una gran convocatoria, se desarroll\u00f3 el seminario La Libertad Religiosa Hoy, en el Contexto de los 70 a\u00f1os de la Declaraci\u00f3n Universal de DD.HH. en el que se presentaron los resultados del Informe de Libertad Religiosa en el Mundo, que cada dos a\u00f1os prepara la\u00a0<\/span><a href=\"http:\/\/www.acn-chile.org\/\"><span>Fundaci\u00f3n Pontificia Ayuda a la Iglesia que sufre (ACN)<\/span><\/a><span>. La actividad se llev\u00f3 a cabo en el Sal\u00f3n Aquiles Portaluppi de la Facultad de Derecho UC y fue organizada por el\u00a0<\/span><a href=\"https:\/\/derechoyreligion.uc.cl\/es\/\"><span>Centro UC Derecho y Religi\u00f3n\u00a0<\/span><\/a><span>y ACN Chile.<\/span><\/p>\n<p><span>Participaron del encuentro los expertos\u00a0<strong>Magdalena Lira<\/strong>, directora de Comunicaciones de ACN Chile;\u00a0<strong>Carlos Frontaura<\/strong>, decano de la Facultad de Derecho UC y Consejero del\u00a0<a href=\"https:\/\/www.indh.cl\/\"><span>Instituto Nacional de Derechos Humanos<\/span><\/a>;\u00a0<strong>Paulina Eyzaguirre<\/strong>, investigadora del Centro UC Derecho y Religi\u00f3n; y\u00a0<strong>Sergio Micco<\/strong>, acad\u00e9mico del Instituto de\u00a0<a href=\"http:\/\/www.inap.uchile.cl\/\"><span>Asuntos P\u00fablicos de la Universidad de Chile<\/span><\/a>\u00a0y Consejero del Instituto Nacional de Derechos Humanos.<\/span><\/p>\n<p><span><img decoding=\"async\" alt=\"foto 1\" src=\"https:\/\/derechoyreligion-uc.urantiacos.cl\/wp-content\/uploads\/imagenes\/foto_1.jpg\"\/><\/span><\/p>\n<p><span>En su exposici\u00f3n, Magdalena Lira present\u00f3 los resultados obtenidos de la XIV versi\u00f3n del Informe de Libertad\u00a0 Religiosa en el Mundo 2018 realizado por ACN, el cual cuenta con datos actualizados sobre la realidad de la libertad religiosa en 196 pa\u00edses. Dentro de las principales conclusiones obtenidas se destaca que el 61% de la poblaci\u00f3n mundial vive en pa\u00edses donde no se respeta la libertad religiosa, lo que significa que 6 de cada 10 personas no pueden expresar con total libertad su fe.<\/span><\/p>\n<p><span>A continuaci\u00f3n, el decano Carlos Frontaura tom\u00f3 la palabra e hizo una s\u00edntesis hist\u00f3rica desde la antig\u00fcedad y hasta nuestros d\u00edas, exponiendo como en distintos momentos la libertad religiosa cobr\u00f3 mayor relevancia o fue subvalorada, hasta articularse como un derecho fundamental.<\/span><\/p>\n<p>\u00a0<\/p>\n<p><span><\/span><span>Paulina Eyzaguirre, en tanto, entreg\u00f3 un an\u00e1lisis comparado del panorama de Am\u00e9rica Latina en relaci\u00f3n con el resto del mundo, en base a los datos entregados por el Informe de Libertad\u00a0 Religiosa en el Mundo, asegurando que \u201c<strong>nuestro continente es una zona sin grandes conflictos religiosos, d\u00f3nde se ve una gran homogeneidad, no obstante \u00e9sta tiene matices porque dentro de la homogeneidad se advierte diversidad. Asimismo destac\u00f3 la originalidad de Am\u00e9rica Latina y el aporte que puede dar al mundo en este tema, especialmente por lograr una convivencia pac\u00edfica\u201d<\/strong>.<\/span><\/p>\n<p><span><img decoding=\"async\" alt=\"IMG 9078\" src=\"https:\/\/derechoyreligion-uc.urantiacos.cl\/wp-content\/uploads\/imagenes\/IMG_9078.JPG\"\/><\/span><\/p>\n<p><span>Por \u00faltimo, el abogado y acad\u00e9mico Sergio Micco hizo una exposici\u00f3n que contrast\u00f3 la visi\u00f3n de la Poetisa Gabriela Mistral con el tratamiento que el estado chileno le ha dado, hist\u00f3ricamente y en la actualidad, al conflicto Mapuche.\u00a0<\/span><\/p>\n<p><span><img decoding=\"async\" alt=\"IMG 9096\" src=\"https:\/\/derechoyreligion-uc.urantiacos.cl\/wp-content\/uploads\/imagenes\/IMG_9096.JPG\"\/><\/span><\/p>\n<p>\u00a0<\/p>\n<p>\u00a0<\/p>\n<p>\u00a0<\/p>\n<p><span><em>Fuente:\u00a0<a href=\"http:\/\/derecho.uc.cl\/es\/noticias\/22370-expertos-presentaron-en-derecho-uc-el-informe-de-libertad-religiosa-en-el-mundo\">http:\/\/derecho.uc.cl\/es\/noticias\/22370-expertos-presentaron-en-derecho-uc-el-informe-de-libertad-religiosa-en-el-mundo<\/a><\/em><\/span><\/p>\n<\/article>\n","protected":false},"excerpt":{"rendered":"<p>Las conclusiones del informe se entregaron en el marco del seminario \u2018La Libertad Religiosa Hoy, en el Contexto de los 70 a\u00f1os de la Declaraci\u00f3n Universal de DD.HH.\u2019 organizado por el Centro UC Derecho y Religi\u00f3n y la Fundaci\u00f3n Pontificia Ayuda a la Iglesia que Sufre.<\/p>\n","protected":false},"author":1,"featured_media":1546,"comment_status":"","ping_status":"","sticky":false,"template":"","format":"standard","meta":{"_acf_changed":false,"footnotes":""},"categories":[1],"tags":[],"class_list":["post-1400","post","type-post","status-publish","format-standard","has-post-thumbnail","hentry","category-noticias"],"acf":[],"yoast_head":"<!-- This site is optimized with the Yoast SEO plugin v27.1.1 - https:\/\/yoast.com\/product\/yoast-seo-wordpress\/ -->\n<title>Expertos presentaron en Derecho UC el Informe de Libertad Religiosa en el Mundo - Centro UC Derecho y Religi\u00f3n<\/title>\n<meta name=\"robots\" content=\"index, follow, max-snippet:-1, max-image-preview:large, max-video-preview:-1\" \/>\n<link rel=\"canonical\" href=\"https:\/\/derechoyreligion-uc.urantiacos.cl\/en\/expertos-presentaron-en-derecho-uc-el-informe-de-libertad-religiosa-en-el-mundo\/\" \/>\n<meta property=\"og:locale\" content=\"en_US\" \/>\n<meta property=\"og:type\" content=\"article\" \/>\n<meta property=\"og:title\" content=\"Expertos presentaron en Derecho UC el Informe de Libertad Religiosa en el Mundo - Centro UC Derecho y Religi\u00f3n\" \/>\n<meta property=\"og:description\" content=\"Las conclusiones del informe se entregaron en el marco del seminario \u2018La Libertad Religiosa Hoy, en el Contexto de los 70 a\u00f1os de la Declaraci\u00f3n Universal de DD.HH.\u2019 organizado por el Centro UC Derecho y Religi\u00f3n y la Fundaci\u00f3n Pontificia Ayuda a la Iglesia que Sufre.\" \/>\n<meta property=\"og:url\" content=\"https:\/\/derechoyreligion-uc.urantiacos.cl\/en\/expertos-presentaron-en-derecho-uc-el-informe-de-libertad-religiosa-en-el-mundo\/\" \/>\n<meta property=\"og:site_name\" content=\"Centro UC Derecho y Religi\u00f3n\" \/>\n<meta property=\"article:published_time\" content=\"2018-12-10T03:00:00+00:00\" \/>\n<meta property=\"og:image\" content=\"https:\/\/derechoyreligion-uc.urantiacos.cl\/wp-content\/uploads\/2025\/10\/IMG_9122-scaled.jpg\" \/>\n\t<meta property=\"og:image:width\" content=\"2560\" \/>\n\t<meta property=\"og:image:height\" content=\"1707\" \/>\n\t<meta property=\"og:image:type\" content=\"image\/jpeg\" \/>\n<meta name=\"author\" content=\"manadmin\" \/>\n<meta name=\"twitter:card\" content=\"summary_large_image\" \/>\n<meta name=\"twitter:label1\" content=\"Written by\" \/>\n\t<meta name=\"twitter:data1\" content=\"manadmin\" \/>\n\t<meta name=\"twitter:label2\" content=\"Est. reading time\" \/>\n\t<meta name=\"twitter:data2\" content=\"2 minutes\" \/>\n<script type=\"application\/ld+json\" class=\"yoast-schema-graph\">{\"@context\":\"https:\/\/schema.org\",\"@graph\":[{\"@type\":\"Article\",\"@id\":\"https:\/\/derechoyreligion-uc.urantiacos.cl\/en\/expertos-presentaron-en-derecho-uc-el-informe-de-libertad-religiosa-en-el-mundo\/#article\",\"isPartOf\":{\"@id\":\"https:\/\/derechoyreligion-uc.urantiacos.cl\/en\/expertos-presentaron-en-derecho-uc-el-informe-de-libertad-religiosa-en-el-mundo\/\"},\"author\":{\"name\":\"manadmin\",\"@id\":\"https:\/\/derechoyreligion-uc.urantiacos.cl\/en\/#\/schema\/person\/6cc7f593e2f49e3b770a06f63b58e3b1\"},\"headline\":\"Expertos presentaron en Derecho UC el Informe de Libertad Religiosa en el Mundo\",\"datePublished\":\"2018-12-10T03:00:00+00:00\",\"mainEntityOfPage\":{\"@id\":\"https:\/\/derechoyreligion-uc.urantiacos.cl\/en\/expertos-presentaron-en-derecho-uc-el-informe-de-libertad-religiosa-en-el-mundo\/\"},\"wordCount\":492,\"image\":{\"@id\":\"https:\/\/derechoyreligion-uc.urantiacos.cl\/en\/expertos-presentaron-en-derecho-uc-el-informe-de-libertad-religiosa-en-el-mundo\/#primaryimage\"},\"thumbnailUrl\":\"https:\/\/derechoyreligion-uc.urantiacos.cl\/wp-content\/uploads\/2025\/10\/IMG_9122-scaled.jpg\",\"articleSection\":[\"Noticias\"],\"inLanguage\":\"en-US\"},{\"@type\":\"WebPage\",\"@id\":\"https:\/\/derechoyreligion-uc.urantiacos.cl\/en\/expertos-presentaron-en-derecho-uc-el-informe-de-libertad-religiosa-en-el-mundo\/\",\"url\":\"https:\/\/derechoyreligion-uc.urantiacos.cl\/en\/expertos-presentaron-en-derecho-uc-el-informe-de-libertad-religiosa-en-el-mundo\/\",\"name\":\"Expertos presentaron en Derecho UC el Informe de Libertad Religiosa en el Mundo - Centro UC Derecho y Religi\u00f3n\",\"isPartOf\":{\"@id\":\"https:\/\/derechoyreligion-uc.urantiacos.cl\/en\/#website\"},\"primaryImageOfPage\":{\"@id\":\"https:\/\/derechoyreligion-uc.urantiacos.cl\/en\/expertos-presentaron-en-derecho-uc-el-informe-de-libertad-religiosa-en-el-mundo\/#primaryimage\"},\"image\":{\"@id\":\"https:\/\/derechoyreligion-uc.urantiacos.cl\/en\/expertos-presentaron-en-derecho-uc-el-informe-de-libertad-religiosa-en-el-mundo\/#primaryimage\"},\"thumbnailUrl\":\"https:\/\/derechoyreligion-uc.urantiacos.cl\/wp-content\/uploads\/2025\/10\/IMG_9122-scaled.jpg\",\"datePublished\":\"2018-12-10T03:00:00+00:00\",\"author\":{\"@id\":\"https:\/\/derechoyreligion-uc.urantiacos.cl\/en\/#\/schema\/person\/6cc7f593e2f49e3b770a06f63b58e3b1\"},\"breadcrumb\":{\"@id\":\"https:\/\/derechoyreligion-uc.urantiacos.cl\/en\/expertos-presentaron-en-derecho-uc-el-informe-de-libertad-religiosa-en-el-mundo\/#breadcrumb\"},\"inLanguage\":\"en-US\",\"potentialAction\":[{\"@type\":\"ReadAction\",\"target\":[\"https:\/\/derechoyreligion-uc.urantiacos.cl\/en\/expertos-presentaron-en-derecho-uc-el-informe-de-libertad-religiosa-en-el-mundo\/\"]}]},{\"@type\":\"ImageObject\",\"inLanguage\":\"en-US\",\"@id\":\"https:\/\/derechoyreligion-uc.urantiacos.cl\/en\/expertos-presentaron-en-derecho-uc-el-informe-de-libertad-religiosa-en-el-mundo\/#primaryimage\",\"url\":\"https:\/\/derechoyreligion-uc.urantiacos.cl\/wp-content\/uploads\/2025\/10\/IMG_9122-scaled.jpg\",\"contentUrl\":\"https:\/\/derechoyreligion-uc.urantiacos.cl\/wp-content\/uploads\/2025\/10\/IMG_9122-scaled.jpg\",\"width\":2560,\"height\":1707},{\"@type\":\"BreadcrumbList\",\"@id\":\"https:\/\/derechoyreligion-uc.urantiacos.cl\/en\/expertos-presentaron-en-derecho-uc-el-informe-de-libertad-religiosa-en-el-mundo\/#breadcrumb\",\"itemListElement\":[{\"@type\":\"ListItem\",\"position\":1,\"name\":\"Portada\",\"item\":\"https:\/\/derechoyreligion-uc.urantiacos.cl\/en\/\"},{\"@type\":\"ListItem\",\"position\":2,\"name\":\"Expertos presentaron en Derecho UC el Informe de Libertad Religiosa en el Mundo\"}]},{\"@type\":\"WebSite\",\"@id\":\"https:\/\/derechoyreligion-uc.urantiacos.cl\/en\/#website\",\"url\":\"https:\/\/derechoyreligion-uc.urantiacos.cl\/en\/\",\"name\":\"Centro UC Derecho y Religi\u00f3n\",\"description\":\"\",\"potentialAction\":[{\"@type\":\"SearchAction\",\"target\":{\"@type\":\"EntryPoint\",\"urlTemplate\":\"https:\/\/derechoyreligion-uc.urantiacos.cl\/en\/?s={search_term_string}\"},\"query-input\":{\"@type\":\"PropertyValueSpecification\",\"valueRequired\":true,\"valueName\":\"search_term_string\"}}],\"inLanguage\":\"en-US\"},{\"@type\":\"Person\",\"@id\":\"https:\/\/derechoyreligion-uc.urantiacos.cl\/en\/#\/schema\/person\/6cc7f593e2f49e3b770a06f63b58e3b1\",\"name\":\"manadmin\",\"sameAs\":[\"https:\/\/derechoyreligion-uc.urantiacos.cl\"]}]}<\/script>\n<!-- \/ Yoast SEO plugin. -->","yoast_head_json":{"title":"Expertos presentaron en Derecho UC el Informe de Libertad Religiosa en el Mundo - Centro UC Derecho y Religi\u00f3n","robots":{"index":"index","follow":"follow","max-snippet":"max-snippet:-1","max-image-preview":"max-image-preview:large","max-video-preview":"max-video-preview:-1"},"canonical":"https:\/\/derechoyreligion-uc.urantiacos.cl\/en\/expertos-presentaron-en-derecho-uc-el-informe-de-libertad-religiosa-en-el-mundo\/","og_locale":"en_US","og_type":"article","og_title":"Expertos presentaron en Derecho UC el Informe de Libertad Religiosa en el Mundo - Centro UC Derecho y Religi\u00f3n","og_description":"Las conclusiones del informe se entregaron en el marco del seminario \u2018La Libertad Religiosa Hoy, en el Contexto de los 70 a\u00f1os de la Declaraci\u00f3n Universal de DD.HH.\u2019 organizado por el Centro UC Derecho y Religi\u00f3n y la Fundaci\u00f3n Pontificia Ayuda a la Iglesia que Sufre.","og_url":"https:\/\/derechoyreligion-uc.urantiacos.cl\/en\/expertos-presentaron-en-derecho-uc-el-informe-de-libertad-religiosa-en-el-mundo\/","og_site_name":"Centro UC Derecho y Religi\u00f3n","article_published_time":"2018-12-10T03:00:00+00:00","og_image":[{"width":2560,"height":1707,"url":"https:\/\/derechoyreligion-uc.urantiacos.cl\/wp-content\/uploads\/2025\/10\/IMG_9122-scaled.jpg","type":"image\/jpeg"}],"author":"manadmin","twitter_card":"summary_large_image","twitter_misc":{"Written by":"manadmin","Est. reading time":"2 minutes"},"schema":{"@context":"https:\/\/schema.org","@graph":[{"@type":"Article","@id":"https:\/\/derechoyreligion-uc.urantiacos.cl\/en\/expertos-presentaron-en-derecho-uc-el-informe-de-libertad-religiosa-en-el-mundo\/#article","isPartOf":{"@id":"https:\/\/derechoyreligion-uc.urantiacos.cl\/en\/expertos-presentaron-en-derecho-uc-el-informe-de-libertad-religiosa-en-el-mundo\/"},"author":{"name":"manadmin","@id":"https:\/\/derechoyreligion-uc.urantiacos.cl\/en\/#\/schema\/person\/6cc7f593e2f49e3b770a06f63b58e3b1"},"headline":"Expertos presentaron en Derecho UC el Informe de Libertad Religiosa en el Mundo","datePublished":"2018-12-10T03:00:00+00:00","mainEntityOfPage":{"@id":"https:\/\/derechoyreligion-uc.urantiacos.cl\/en\/expertos-presentaron-en-derecho-uc-el-informe-de-libertad-religiosa-en-el-mundo\/"},"wordCount":492,"image":{"@id":"https:\/\/derechoyreligion-uc.urantiacos.cl\/en\/expertos-presentaron-en-derecho-uc-el-informe-de-libertad-religiosa-en-el-mundo\/#primaryimage"},"thumbnailUrl":"https:\/\/derechoyreligion-uc.urantiacos.cl\/wp-content\/uploads\/2025\/10\/IMG_9122-scaled.jpg","articleSection":["Noticias"],"inLanguage":"en-US"},{"@type":"WebPage","@id":"https:\/\/derechoyreligion-uc.urantiacos.cl\/en\/expertos-presentaron-en-derecho-uc-el-informe-de-libertad-religiosa-en-el-mundo\/","url":"https:\/\/derechoyreligion-uc.urantiacos.cl\/en\/expertos-presentaron-en-derecho-uc-el-informe-de-libertad-religiosa-en-el-mundo\/","name":"Expertos presentaron en Derecho UC el Informe de Libertad Religiosa en el Mundo - Centro UC Derecho y Religi\u00f3n","isPartOf":{"@id":"https:\/\/derechoyreligion-uc.urantiacos.cl\/en\/#website"},"primaryImageOfPage":{"@id":"https:\/\/derechoyreligion-uc.urantiacos.cl\/en\/expertos-presentaron-en-derecho-uc-el-informe-de-libertad-religiosa-en-el-mundo\/#primaryimage"},"image":{"@id":"https:\/\/derechoyreligion-uc.urantiacos.cl\/en\/expertos-presentaron-en-derecho-uc-el-informe-de-libertad-religiosa-en-el-mundo\/#primaryimage"},"thumbnailUrl":"https:\/\/derechoyreligion-uc.urantiacos.cl\/wp-content\/uploads\/2025\/10\/IMG_9122-scaled.jpg","datePublished":"2018-12-10T03:00:00+00:00","author":{"@id":"https:\/\/derechoyreligion-uc.urantiacos.cl\/en\/#\/schema\/person\/6cc7f593e2f49e3b770a06f63b58e3b1"},"breadcrumb":{"@id":"https:\/\/derechoyreligion-uc.urantiacos.cl\/en\/expertos-presentaron-en-derecho-uc-el-informe-de-libertad-religiosa-en-el-mundo\/#breadcrumb"},"inLanguage":"en-US","potentialAction":[{"@type":"ReadAction","target":["https:\/\/derechoyreligion-uc.urantiacos.cl\/en\/expertos-presentaron-en-derecho-uc-el-informe-de-libertad-religiosa-en-el-mundo\/"]}]},{"@type":"ImageObject","inLanguage":"en-US","@id":"https:\/\/derechoyreligion-uc.urantiacos.cl\/en\/expertos-presentaron-en-derecho-uc-el-informe-de-libertad-religiosa-en-el-mundo\/#primaryimage","url":"https:\/\/derechoyreligion-uc.urantiacos.cl\/wp-content\/uploads\/2025\/10\/IMG_9122-scaled.jpg","contentUrl":"https:\/\/derechoyreligion-uc.urantiacos.cl\/wp-content\/uploads\/2025\/10\/IMG_9122-scaled.jpg","width":2560,"height":1707},{"@type":"BreadcrumbList","@id":"https:\/\/derechoyreligion-uc.urantiacos.cl\/en\/expertos-presentaron-en-derecho-uc-el-informe-de-libertad-religiosa-en-el-mundo\/#breadcrumb","itemListElement":[{"@type":"ListItem","position":1,"name":"Portada","item":"https:\/\/derechoyreligion-uc.urantiacos.cl\/en\/"},{"@type":"ListItem","position":2,"name":"Expertos presentaron en Derecho UC el Informe de Libertad Religiosa en el Mundo"}]},{"@type":"WebSite","@id":"https:\/\/derechoyreligion-uc.urantiacos.cl\/en\/#website","url":"https:\/\/derechoyreligion-uc.urantiacos.cl\/en\/","name":"Centro UC Derecho y Religi\u00f3n","description":"","potentialAction":[{"@type":"SearchAction","target":{"@type":"EntryPoint","urlTemplate":"https:\/\/derechoyreligion-uc.urantiacos.cl\/en\/?s={search_term_string}"},"query-input":{"@type":"PropertyValueSpecification","valueRequired":true,"valueName":"search_term_string"}}],"inLanguage":"en-US"},{"@type":"Person","@id":"https:\/\/derechoyreligion-uc.urantiacos.cl\/en\/#\/schema\/person\/6cc7f593e2f49e3b770a06f63b58e3b1","name":"manadmin","sameAs":["https:\/\/derechoyreligion-uc.urantiacos.cl"]}]}},"_links":{"self":[{"href":"https:\/\/derechoyreligion-uc.urantiacos.cl\/en\/wp-json\/wp\/v2\/posts\/1400","targetHints":{"allow":["GET"]}}],"collection":[{"href":"https:\/\/derechoyreligion-uc.urantiacos.cl\/en\/wp-json\/wp\/v2\/posts"}],"about":[{"href":"https:\/\/derechoyreligion-uc.urantiacos.cl\/en\/wp-json\/wp\/v2\/types\/post"}],"author":[{"embeddable":true,"href":"https:\/\/derechoyreligion-uc.urantiacos.cl\/en\/wp-json\/wp\/v2\/users\/1"}],"replies":[{"embeddable":true,"href":"https:\/\/derechoyreligion-uc.urantiacos.cl\/en\/wp-json\/wp\/v2\/comments?post=1400"}],"version-history":[{"count":0,"href":"https:\/\/derechoyreligion-uc.urantiacos.cl\/en\/wp-json\/wp\/v2\/posts\/1400\/revisions"}],"wp:featuredmedia":[{"embeddable":true,"href":"https:\/\/derechoyreligion-uc.urantiacos.cl\/en\/wp-json\/wp\/v2\/media\/1546"}],"wp:attachment":[{"href":"https:\/\/derechoyreligion-uc.urantiacos.cl\/en\/wp-json\/wp\/v2\/media?parent=1400"}],"wp:term":[{"taxonomy":"category","embeddable":true,"href":"https:\/\/derechoyreligion-uc.urantiacos.cl\/en\/wp-json\/wp\/v2\/categories?post=1400"},{"taxonomy":"post_tag","embeddable":true,"href":"https:\/\/derechoyreligion-uc.urantiacos.cl\/en\/wp-json\/wp\/v2\/tags?post=1400"}],"curies":[{"name":"wp","href":"https:\/\/api.w.org\/{rel}","templated":true}]}}