
{"id":1399,"date":"2018-12-18T00:00:00","date_gmt":"2018-12-18T03:00:00","guid":{"rendered":"https:\/\/derechoyreligion-uc.urantiacos.cl\/el-centro-de-estudios-de-la-religion-convoca-a-la-quinta-version-del-diplomado-estudios-de-la-religion-2019\/"},"modified":"2018-12-18T00:00:00","modified_gmt":"2018-12-18T03:00:00","slug":"el-centro-de-estudios-de-la-religion-convoca-a-la-quinta-version-del-diplomado-estudios-de-la-religion-2019","status":"publish","type":"post","link":"https:\/\/derechoyreligion-uc.urantiacos.cl\/en\/el-centro-de-estudios-de-la-religion-convoca-a-la-quinta-version-del-diplomado-estudios-de-la-religion-2019\/","title":{"rendered":"El Centro de Estudios de la Religi\u00f3n convoca a la quinta versi\u00f3n del Diplomado Estudios de la Religi\u00f3n 2019"},"content":{"rendered":"<article>\n<span><br \/>\n<\/span><\/p>\n<p>El Centro de Estudios de la Religi\u00f3n convoca a la quinta versi\u00f3n del Diplomado Estudios de la Religi\u00f3n 2019.<\/p>\n<p><img decoding=\"async\" alt=\"Diplomado 2019 - Afiche 1\" src=\"https:\/\/derechoyreligion-uc.urantiacos.cl\/wp-content\/uploads\/imagenes\/Diplomado_2019_-_Afiche_1.png\"\/><\/p>\n<p>Puede revistar el contenido del Diplomado, descargando este documento:\u00a0\u00a0<a href=\"https:\/\/derechoyreligion.uc.cl\/es\/docman\/actualidad\/1351-diplomado-en-estudios-de-la-religion-2019\" target=\"_blank\">Diplomado en Estudios de la Religi\u00f3n 2019<\/a><\/p>\n<p>\u00a0<\/p>\n<p>O bien ingresar al sitio <a href=\"http:\/\/diplomados.uc.cl\/\" target=\"_blank\">diplomados.uc.cl<\/a> y <a href=\"http:\/\/cer.uc.cl\/es\/\" target=\"_blank\">cer.uc.cl<\/a><\/p>\n<\/article>\n","protected":false},"excerpt":{"rendered":"<p>El Centro de Estudios de la Religi\u00f3n convoca a la quinta versi\u00f3n del Diplomado Estudios de la Religi\u00f3n 2019.<\/p>\n","protected":false},"author":1,"featured_media":1545,"comment_status":"","ping_status":"","sticky":false,"template":"","format":"standard","meta":{"_acf_changed":false,"footnotes":""},"categories":[1],"tags":[],"class_list":["post-1399","post","type-post","status-publish","format-standard","has-post-thumbnail","hentry","category-noticias"],"acf":[],"yoast_head":"<!-- This site is optimized with the Yoast SEO plugin v27.1.1 - https:\/\/yoast.com\/product\/yoast-seo-wordpress\/ -->\n<title>El Centro de Estudios de la Religi\u00f3n convoca a la quinta versi\u00f3n del Diplomado Estudios de la Religi\u00f3n 2019 - Centro UC Derecho y Religi\u00f3n<\/title>\n<meta name=\"robots\" content=\"index, follow, max-snippet:-1, max-image-preview:large, max-video-preview:-1\" \/>\n<link rel=\"canonical\" href=\"https:\/\/derechoyreligion-uc.urantiacos.cl\/en\/el-centro-de-estudios-de-la-religion-convoca-a-la-quinta-version-del-diplomado-estudios-de-la-religion-2019\/\" \/>\n<meta property=\"og:locale\" content=\"en_US\" \/>\n<meta property=\"og:type\" content=\"article\" \/>\n<meta property=\"og:title\" content=\"El Centro de Estudios de la Religi\u00f3n convoca a la quinta versi\u00f3n del Diplomado Estudios de la Religi\u00f3n 2019 - Centro UC Derecho y Religi\u00f3n\" \/>\n<meta property=\"og:description\" content=\"El Centro de Estudios de la Religi\u00f3n convoca a la quinta versi\u00f3n del Diplomado Estudios de la Religi\u00f3n 2019.\" \/>\n<meta property=\"og:url\" content=\"https:\/\/derechoyreligion-uc.urantiacos.cl\/en\/el-centro-de-estudios-de-la-religion-convoca-a-la-quinta-version-del-diplomado-estudios-de-la-religion-2019\/\" \/>\n<meta property=\"og:site_name\" content=\"Centro UC Derecho y Religi\u00f3n\" \/>\n<meta property=\"article:published_time\" content=\"2018-12-18T03:00:00+00:00\" \/>\n<meta property=\"og:image\" content=\"https:\/\/derechoyreligion-uc.urantiacos.cl\/wp-content\/uploads\/2025\/10\/Diplomado_2019_-_Afiche_1.png\" \/>\n\t<meta property=\"og:image:width\" content=\"2043\" \/>\n\t<meta property=\"og:image:height\" content=\"1161\" \/>\n\t<meta property=\"og:image:type\" content=\"image\/png\" \/>\n<meta name=\"author\" content=\"manadmin\" \/>\n<meta name=\"twitter:card\" content=\"summary_large_image\" \/>\n<meta name=\"twitter:label1\" content=\"Written by\" \/>\n\t<meta name=\"twitter:data1\" content=\"manadmin\" \/>\n<script type=\"application\/ld+json\" class=\"yoast-schema-graph\">{\"@context\":\"https:\/\/schema.org\",\"@graph\":[{\"@type\":\"Article\",\"@id\":\"https:\/\/derechoyreligion-uc.urantiacos.cl\/en\/el-centro-de-estudios-de-la-religion-convoca-a-la-quinta-version-del-diplomado-estudios-de-la-religion-2019\/#article\",\"isPartOf\":{\"@id\":\"https:\/\/derechoyreligion-uc.urantiacos.cl\/en\/el-centro-de-estudios-de-la-religion-convoca-a-la-quinta-version-del-diplomado-estudios-de-la-religion-2019\/\"},\"author\":{\"name\":\"manadmin\",\"@id\":\"https:\/\/derechoyreligion-uc.urantiacos.cl\/en\/#\/schema\/person\/6cc7f593e2f49e3b770a06f63b58e3b1\"},\"headline\":\"El Centro de Estudios de la Religi\u00f3n convoca a la quinta versi\u00f3n del Diplomado Estudios de la Religi\u00f3n 2019\",\"datePublished\":\"2018-12-18T03:00:00+00:00\",\"mainEntityOfPage\":{\"@id\":\"https:\/\/derechoyreligion-uc.urantiacos.cl\/en\/el-centro-de-estudios-de-la-religion-convoca-a-la-quinta-version-del-diplomado-estudios-de-la-religion-2019\/\"},\"wordCount\":70,\"image\":{\"@id\":\"https:\/\/derechoyreligion-uc.urantiacos.cl\/en\/el-centro-de-estudios-de-la-religion-convoca-a-la-quinta-version-del-diplomado-estudios-de-la-religion-2019\/#primaryimage\"},\"thumbnailUrl\":\"https:\/\/derechoyreligion-uc.urantiacos.cl\/wp-content\/uploads\/2025\/10\/Diplomado_2019_-_Afiche_1.png\",\"articleSection\":[\"Noticias\"],\"inLanguage\":\"en-US\"},{\"@type\":\"WebPage\",\"@id\":\"https:\/\/derechoyreligion-uc.urantiacos.cl\/en\/el-centro-de-estudios-de-la-religion-convoca-a-la-quinta-version-del-diplomado-estudios-de-la-religion-2019\/\",\"url\":\"https:\/\/derechoyreligion-uc.urantiacos.cl\/en\/el-centro-de-estudios-de-la-religion-convoca-a-la-quinta-version-del-diplomado-estudios-de-la-religion-2019\/\",\"name\":\"El Centro de Estudios de la Religi\u00f3n convoca a la quinta versi\u00f3n del Diplomado Estudios de la Religi\u00f3n 2019 - Centro UC Derecho y Religi\u00f3n\",\"isPartOf\":{\"@id\":\"https:\/\/derechoyreligion-uc.urantiacos.cl\/en\/#website\"},\"primaryImageOfPage\":{\"@id\":\"https:\/\/derechoyreligion-uc.urantiacos.cl\/en\/el-centro-de-estudios-de-la-religion-convoca-a-la-quinta-version-del-diplomado-estudios-de-la-religion-2019\/#primaryimage\"},\"image\":{\"@id\":\"https:\/\/derechoyreligion-uc.urantiacos.cl\/en\/el-centro-de-estudios-de-la-religion-convoca-a-la-quinta-version-del-diplomado-estudios-de-la-religion-2019\/#primaryimage\"},\"thumbnailUrl\":\"https:\/\/derechoyreligion-uc.urantiacos.cl\/wp-content\/uploads\/2025\/10\/Diplomado_2019_-_Afiche_1.png\",\"datePublished\":\"2018-12-18T03:00:00+00:00\",\"author\":{\"@id\":\"https:\/\/derechoyreligion-uc.urantiacos.cl\/en\/#\/schema\/person\/6cc7f593e2f49e3b770a06f63b58e3b1\"},\"breadcrumb\":{\"@id\":\"https:\/\/derechoyreligion-uc.urantiacos.cl\/en\/el-centro-de-estudios-de-la-religion-convoca-a-la-quinta-version-del-diplomado-estudios-de-la-religion-2019\/#breadcrumb\"},\"inLanguage\":\"en-US\",\"potentialAction\":[{\"@type\":\"ReadAction\",\"target\":[\"https:\/\/derechoyreligion-uc.urantiacos.cl\/en\/el-centro-de-estudios-de-la-religion-convoca-a-la-quinta-version-del-diplomado-estudios-de-la-religion-2019\/\"]}]},{\"@type\":\"ImageObject\",\"inLanguage\":\"en-US\",\"@id\":\"https:\/\/derechoyreligion-uc.urantiacos.cl\/en\/el-centro-de-estudios-de-la-religion-convoca-a-la-quinta-version-del-diplomado-estudios-de-la-religion-2019\/#primaryimage\",\"url\":\"https:\/\/derechoyreligion-uc.urantiacos.cl\/wp-content\/uploads\/2025\/10\/Diplomado_2019_-_Afiche_1.png\",\"contentUrl\":\"https:\/\/derechoyreligion-uc.urantiacos.cl\/wp-content\/uploads\/2025\/10\/Diplomado_2019_-_Afiche_1.png\",\"width\":2043,\"height\":1161},{\"@type\":\"BreadcrumbList\",\"@id\":\"https:\/\/derechoyreligion-uc.urantiacos.cl\/en\/el-centro-de-estudios-de-la-religion-convoca-a-la-quinta-version-del-diplomado-estudios-de-la-religion-2019\/#breadcrumb\",\"itemListElement\":[{\"@type\":\"ListItem\",\"position\":1,\"name\":\"Portada\",\"item\":\"https:\/\/derechoyreligion-uc.urantiacos.cl\/en\/\"},{\"@type\":\"ListItem\",\"position\":2,\"name\":\"El Centro de Estudios de la Religi\u00f3n convoca a la quinta versi\u00f3n del Diplomado Estudios de la Religi\u00f3n 2019\"}]},{\"@type\":\"WebSite\",\"@id\":\"https:\/\/derechoyreligion-uc.urantiacos.cl\/en\/#website\",\"url\":\"https:\/\/derechoyreligion-uc.urantiacos.cl\/en\/\",\"name\":\"Centro UC Derecho y Religi\u00f3n\",\"description\":\"\",\"potentialAction\":[{\"@type\":\"SearchAction\",\"target\":{\"@type\":\"EntryPoint\",\"urlTemplate\":\"https:\/\/derechoyreligion-uc.urantiacos.cl\/en\/?s={search_term_string}\"},\"query-input\":{\"@type\":\"PropertyValueSpecification\",\"valueRequired\":true,\"valueName\":\"search_term_string\"}}],\"inLanguage\":\"en-US\"},{\"@type\":\"Person\",\"@id\":\"https:\/\/derechoyreligion-uc.urantiacos.cl\/en\/#\/schema\/person\/6cc7f593e2f49e3b770a06f63b58e3b1\",\"name\":\"manadmin\",\"sameAs\":[\"https:\/\/derechoyreligion-uc.urantiacos.cl\"]}]}<\/script>\n<!-- \/ Yoast SEO plugin. -->","yoast_head_json":{"title":"El Centro de Estudios de la Religi\u00f3n convoca a la quinta versi\u00f3n del Diplomado Estudios de la Religi\u00f3n 2019 - Centro UC Derecho y Religi\u00f3n","robots":{"index":"index","follow":"follow","max-snippet":"max-snippet:-1","max-image-preview":"max-image-preview:large","max-video-preview":"max-video-preview:-1"},"canonical":"https:\/\/derechoyreligion-uc.urantiacos.cl\/en\/el-centro-de-estudios-de-la-religion-convoca-a-la-quinta-version-del-diplomado-estudios-de-la-religion-2019\/","og_locale":"en_US","og_type":"article","og_title":"El Centro de Estudios de la Religi\u00f3n convoca a la quinta versi\u00f3n del Diplomado Estudios de la Religi\u00f3n 2019 - Centro UC Derecho y Religi\u00f3n","og_description":"El Centro de Estudios de la Religi\u00f3n convoca a la quinta versi\u00f3n del Diplomado Estudios de la Religi\u00f3n 2019.","og_url":"https:\/\/derechoyreligion-uc.urantiacos.cl\/en\/el-centro-de-estudios-de-la-religion-convoca-a-la-quinta-version-del-diplomado-estudios-de-la-religion-2019\/","og_site_name":"Centro UC Derecho y Religi\u00f3n","article_published_time":"2018-12-18T03:00:00+00:00","og_image":[{"width":2043,"height":1161,"url":"https:\/\/derechoyreligion-uc.urantiacos.cl\/wp-content\/uploads\/2025\/10\/Diplomado_2019_-_Afiche_1.png","type":"image\/png"}],"author":"manadmin","twitter_card":"summary_large_image","twitter_misc":{"Written by":"manadmin"},"schema":{"@context":"https:\/\/schema.org","@graph":[{"@type":"Article","@id":"https:\/\/derechoyreligion-uc.urantiacos.cl\/en\/el-centro-de-estudios-de-la-religion-convoca-a-la-quinta-version-del-diplomado-estudios-de-la-religion-2019\/#article","isPartOf":{"@id":"https:\/\/derechoyreligion-uc.urantiacos.cl\/en\/el-centro-de-estudios-de-la-religion-convoca-a-la-quinta-version-del-diplomado-estudios-de-la-religion-2019\/"},"author":{"name":"manadmin","@id":"https:\/\/derechoyreligion-uc.urantiacos.cl\/en\/#\/schema\/person\/6cc7f593e2f49e3b770a06f63b58e3b1"},"headline":"El Centro de Estudios de la Religi\u00f3n convoca a la quinta versi\u00f3n del Diplomado Estudios de la Religi\u00f3n 2019","datePublished":"2018-12-18T03:00:00+00:00","mainEntityOfPage":{"@id":"https:\/\/derechoyreligion-uc.urantiacos.cl\/en\/el-centro-de-estudios-de-la-religion-convoca-a-la-quinta-version-del-diplomado-estudios-de-la-religion-2019\/"},"wordCount":70,"image":{"@id":"https:\/\/derechoyreligion-uc.urantiacos.cl\/en\/el-centro-de-estudios-de-la-religion-convoca-a-la-quinta-version-del-diplomado-estudios-de-la-religion-2019\/#primaryimage"},"thumbnailUrl":"https:\/\/derechoyreligion-uc.urantiacos.cl\/wp-content\/uploads\/2025\/10\/Diplomado_2019_-_Afiche_1.png","articleSection":["Noticias"],"inLanguage":"en-US"},{"@type":"WebPage","@id":"https:\/\/derechoyreligion-uc.urantiacos.cl\/en\/el-centro-de-estudios-de-la-religion-convoca-a-la-quinta-version-del-diplomado-estudios-de-la-religion-2019\/","url":"https:\/\/derechoyreligion-uc.urantiacos.cl\/en\/el-centro-de-estudios-de-la-religion-convoca-a-la-quinta-version-del-diplomado-estudios-de-la-religion-2019\/","name":"El Centro de Estudios de la Religi\u00f3n convoca a la quinta versi\u00f3n del Diplomado Estudios de la Religi\u00f3n 2019 - Centro UC Derecho y Religi\u00f3n","isPartOf":{"@id":"https:\/\/derechoyreligion-uc.urantiacos.cl\/en\/#website"},"primaryImageOfPage":{"@id":"https:\/\/derechoyreligion-uc.urantiacos.cl\/en\/el-centro-de-estudios-de-la-religion-convoca-a-la-quinta-version-del-diplomado-estudios-de-la-religion-2019\/#primaryimage"},"image":{"@id":"https:\/\/derechoyreligion-uc.urantiacos.cl\/en\/el-centro-de-estudios-de-la-religion-convoca-a-la-quinta-version-del-diplomado-estudios-de-la-religion-2019\/#primaryimage"},"thumbnailUrl":"https:\/\/derechoyreligion-uc.urantiacos.cl\/wp-content\/uploads\/2025\/10\/Diplomado_2019_-_Afiche_1.png","datePublished":"2018-12-18T03:00:00+00:00","author":{"@id":"https:\/\/derechoyreligion-uc.urantiacos.cl\/en\/#\/schema\/person\/6cc7f593e2f49e3b770a06f63b58e3b1"},"breadcrumb":{"@id":"https:\/\/derechoyreligion-uc.urantiacos.cl\/en\/el-centro-de-estudios-de-la-religion-convoca-a-la-quinta-version-del-diplomado-estudios-de-la-religion-2019\/#breadcrumb"},"inLanguage":"en-US","potentialAction":[{"@type":"ReadAction","target":["https:\/\/derechoyreligion-uc.urantiacos.cl\/en\/el-centro-de-estudios-de-la-religion-convoca-a-la-quinta-version-del-diplomado-estudios-de-la-religion-2019\/"]}]},{"@type":"ImageObject","inLanguage":"en-US","@id":"https:\/\/derechoyreligion-uc.urantiacos.cl\/en\/el-centro-de-estudios-de-la-religion-convoca-a-la-quinta-version-del-diplomado-estudios-de-la-religion-2019\/#primaryimage","url":"https:\/\/derechoyreligion-uc.urantiacos.cl\/wp-content\/uploads\/2025\/10\/Diplomado_2019_-_Afiche_1.png","contentUrl":"https:\/\/derechoyreligion-uc.urantiacos.cl\/wp-content\/uploads\/2025\/10\/Diplomado_2019_-_Afiche_1.png","width":2043,"height":1161},{"@type":"BreadcrumbList","@id":"https:\/\/derechoyreligion-uc.urantiacos.cl\/en\/el-centro-de-estudios-de-la-religion-convoca-a-la-quinta-version-del-diplomado-estudios-de-la-religion-2019\/#breadcrumb","itemListElement":[{"@type":"ListItem","position":1,"name":"Portada","item":"https:\/\/derechoyreligion-uc.urantiacos.cl\/en\/"},{"@type":"ListItem","position":2,"name":"El Centro de Estudios de la Religi\u00f3n convoca a la quinta versi\u00f3n del Diplomado Estudios de la Religi\u00f3n 2019"}]},{"@type":"WebSite","@id":"https:\/\/derechoyreligion-uc.urantiacos.cl\/en\/#website","url":"https:\/\/derechoyreligion-uc.urantiacos.cl\/en\/","name":"Centro UC Derecho y Religi\u00f3n","description":"","potentialAction":[{"@type":"SearchAction","target":{"@type":"EntryPoint","urlTemplate":"https:\/\/derechoyreligion-uc.urantiacos.cl\/en\/?s={search_term_string}"},"query-input":{"@type":"PropertyValueSpecification","valueRequired":true,"valueName":"search_term_string"}}],"inLanguage":"en-US"},{"@type":"Person","@id":"https:\/\/derechoyreligion-uc.urantiacos.cl\/en\/#\/schema\/person\/6cc7f593e2f49e3b770a06f63b58e3b1","name":"manadmin","sameAs":["https:\/\/derechoyreligion-uc.urantiacos.cl"]}]}},"_links":{"self":[{"href":"https:\/\/derechoyreligion-uc.urantiacos.cl\/en\/wp-json\/wp\/v2\/posts\/1399","targetHints":{"allow":["GET"]}}],"collection":[{"href":"https:\/\/derechoyreligion-uc.urantiacos.cl\/en\/wp-json\/wp\/v2\/posts"}],"about":[{"href":"https:\/\/derechoyreligion-uc.urantiacos.cl\/en\/wp-json\/wp\/v2\/types\/post"}],"author":[{"embeddable":true,"href":"https:\/\/derechoyreligion-uc.urantiacos.cl\/en\/wp-json\/wp\/v2\/users\/1"}],"replies":[{"embeddable":true,"href":"https:\/\/derechoyreligion-uc.urantiacos.cl\/en\/wp-json\/wp\/v2\/comments?post=1399"}],"version-history":[{"count":0,"href":"https:\/\/derechoyreligion-uc.urantiacos.cl\/en\/wp-json\/wp\/v2\/posts\/1399\/revisions"}],"wp:featuredmedia":[{"embeddable":true,"href":"https:\/\/derechoyreligion-uc.urantiacos.cl\/en\/wp-json\/wp\/v2\/media\/1545"}],"wp:attachment":[{"href":"https:\/\/derechoyreligion-uc.urantiacos.cl\/en\/wp-json\/wp\/v2\/media?parent=1399"}],"wp:term":[{"taxonomy":"category","embeddable":true,"href":"https:\/\/derechoyreligion-uc.urantiacos.cl\/en\/wp-json\/wp\/v2\/categories?post=1399"},{"taxonomy":"post_tag","embeddable":true,"href":"https:\/\/derechoyreligion-uc.urantiacos.cl\/en\/wp-json\/wp\/v2\/tags?post=1399"}],"curies":[{"name":"wp","href":"https:\/\/api.w.org\/{rel}","templated":true}]}}