
{"id":1398,"date":"2019-01-22T00:00:00","date_gmt":"2019-01-22T03:00:00","guid":{"rendered":"https:\/\/derechoyreligion-uc.urantiacos.cl\/miembros-del-centro-se-reunen-con-el-dr-rodrigo-cespedes-research-fellow-del-instituto-max-planck\/"},"modified":"2019-01-22T00:00:00","modified_gmt":"2019-01-22T03:00:00","slug":"miembros-del-centro-se-reunen-con-el-dr-rodrigo-cespedes-research-fellow-del-instituto-max-planck","status":"publish","type":"post","link":"https:\/\/derechoyreligion-uc.urantiacos.cl\/en\/miembros-del-centro-se-reunen-con-el-dr-rodrigo-cespedes-research-fellow-del-instituto-max-planck\/","title":{"rendered":"Miembros del Centro se reunen con el Dr. Rodrigo C\u00e9spedes, Research fellow del Instituto Max Planck"},"content":{"rendered":"<article>\n<span><br \/>\n<\/span><\/p>\n<p>Miembros del Centro UC Derecho y Religi\u00f3n tuvieron la oportunidad de reunirse con el Dr. Rodrigo C\u00e9spedes, investigador asociado del Instituto Max Planck.\u00a0<\/p>\n<p>En esta ocasi\u00f3n, fue posible sostener una conversaci\u00f3n sobre los distintos temas de investigaci\u00f3n que se realizan en el Centro y en el Instituto Max Planck, que abordan el \u00e1mbito del Derecho y la Religi\u00f3n en Am\u00e9rica Latina y Europa. El Profesor C\u00e9spedes profundiz\u00f3 sobre sus investigaciones y analiz\u00f3 distintas Sentencias de gran relevancia sobre esta materia a nivel latinoamericano y europeo.\u00a0<\/p>\n<p><img decoding=\"async\" alt=\"Rodrigo C\u00e9spedes\" src=\"https:\/\/derechoyreligion-uc.urantiacos.cl\/wp-content\/uploads\/imagenes\/Rodrigo_C\u00e9spedes.JPG\"\/><\/p>\n<p>\u00a0<\/p>\n<p>El Dr. Rodrigo C\u00e9spedes naci\u00f3 en Chile, y es Research Fellow en el Instituto Max Planck para Antropolog\u00eda Social. (Departamento de Derecho y Antropolog\u00eda). Sus actuales materias de estudio corresponden a la discriminaci\u00f3n escolar por motivos religiosos, en diversos pa\u00edses parte del sistema europeo de Derechos Humanos. \u00c9l es un abogado calificado y posee el grado de PhD. en Derecho por la Universidad de Lancaster, del Reino Unido. Previamente, fue un investigador posdoctoral en la Universidad de Manchester (Reino Unido), donde condujo investigaci\u00f3n en derecho comparado en Am\u00e9rica Latina (Chile, Argentina, Colombia, Bolivia, Costa Rica y el Sistema interamericano de Derechos Humanos). En su propio pa\u00eds, dict\u00f3 c\u00e1tedra en Derecho Administrativo, Derecho Ambiental e Introducci\u00f3n al Derecho en la Universidad del Norte en Antofagasta. A lo largo de su vida profesional, ha investigado y explorado numerosos temas que van desde la\u00a0 Jurisprudencia hasta Derecho Tributario.<\/p>\n<p><em>Fuente:\u00a0<a href=\"http:\/\/www.eth.mpg.de\/cespedes\">http:\/\/www.eth.mpg.de\/cespedes<\/a>\u00a0<\/em><\/p>\n<p><span>\u00a0<\/span><\/p>\n<\/article>\n","protected":false},"excerpt":{"rendered":"<p>Miembros del Centro UC Derecho y Religi\u00f3n tuvieron la oportunidad de reunirse con el Dr. Rodrigo C\u00e9spedes, investigador asociado del Instituto Max Planck.<\/p>\n","protected":false},"author":1,"featured_media":0,"comment_status":"","ping_status":"","sticky":false,"template":"","format":"standard","meta":{"_acf_changed":false,"footnotes":""},"categories":[1],"tags":[],"class_list":["post-1398","post","type-post","status-publish","format-standard","hentry","category-noticias"],"acf":[],"yoast_head":"<!-- This site is optimized with the Yoast SEO plugin v27.1.1 - https:\/\/yoast.com\/product\/yoast-seo-wordpress\/ -->\n<title>Miembros del Centro se reunen con el Dr. Rodrigo C\u00e9spedes, Research fellow del Instituto Max Planck - Centro UC Derecho y Religi\u00f3n<\/title>\n<meta name=\"robots\" content=\"index, follow, max-snippet:-1, max-image-preview:large, max-video-preview:-1\" \/>\n<link rel=\"canonical\" href=\"https:\/\/derechoyreligion-uc.urantiacos.cl\/en\/miembros-del-centro-se-reunen-con-el-dr-rodrigo-cespedes-research-fellow-del-instituto-max-planck\/\" \/>\n<meta property=\"og:locale\" content=\"en_US\" \/>\n<meta property=\"og:type\" content=\"article\" \/>\n<meta property=\"og:title\" content=\"Miembros del Centro se reunen con el Dr. Rodrigo C\u00e9spedes, Research fellow del Instituto Max Planck - Centro UC Derecho y Religi\u00f3n\" \/>\n<meta property=\"og:description\" content=\"Miembros del Centro UC Derecho y Religi\u00f3n tuvieron la oportunidad de reunirse con el Dr. Rodrigo C\u00e9spedes, investigador asociado del Instituto Max Planck.\" \/>\n<meta property=\"og:url\" content=\"https:\/\/derechoyreligion-uc.urantiacos.cl\/en\/miembros-del-centro-se-reunen-con-el-dr-rodrigo-cespedes-research-fellow-del-instituto-max-planck\/\" \/>\n<meta property=\"og:site_name\" content=\"Centro UC Derecho y Religi\u00f3n\" \/>\n<meta property=\"article:published_time\" content=\"2019-01-22T03:00:00+00:00\" \/>\n<meta name=\"author\" content=\"manadmin\" \/>\n<meta name=\"twitter:card\" content=\"summary_large_image\" \/>\n<meta name=\"twitter:label1\" content=\"Written by\" \/>\n\t<meta name=\"twitter:data1\" content=\"manadmin\" \/>\n\t<meta name=\"twitter:label2\" content=\"Est. reading time\" \/>\n\t<meta name=\"twitter:data2\" content=\"1 minute\" \/>\n<script type=\"application\/ld+json\" class=\"yoast-schema-graph\">{\"@context\":\"https:\/\/schema.org\",\"@graph\":[{\"@type\":\"Article\",\"@id\":\"https:\/\/derechoyreligion-uc.urantiacos.cl\/en\/miembros-del-centro-se-reunen-con-el-dr-rodrigo-cespedes-research-fellow-del-instituto-max-planck\/#article\",\"isPartOf\":{\"@id\":\"https:\/\/derechoyreligion-uc.urantiacos.cl\/en\/miembros-del-centro-se-reunen-con-el-dr-rodrigo-cespedes-research-fellow-del-instituto-max-planck\/\"},\"author\":{\"name\":\"manadmin\",\"@id\":\"https:\/\/derechoyreligion-uc.urantiacos.cl\/en\/#\/schema\/person\/6cc7f593e2f49e3b770a06f63b58e3b1\"},\"headline\":\"Miembros del Centro se reunen con el Dr. Rodrigo C\u00e9spedes, Research fellow del Instituto Max Planck\",\"datePublished\":\"2019-01-22T03:00:00+00:00\",\"mainEntityOfPage\":{\"@id\":\"https:\/\/derechoyreligion-uc.urantiacos.cl\/en\/miembros-del-centro-se-reunen-con-el-dr-rodrigo-cespedes-research-fellow-del-instituto-max-planck\/\"},\"wordCount\":272,\"articleSection\":[\"Noticias\"],\"inLanguage\":\"en-US\"},{\"@type\":\"WebPage\",\"@id\":\"https:\/\/derechoyreligion-uc.urantiacos.cl\/en\/miembros-del-centro-se-reunen-con-el-dr-rodrigo-cespedes-research-fellow-del-instituto-max-planck\/\",\"url\":\"https:\/\/derechoyreligion-uc.urantiacos.cl\/en\/miembros-del-centro-se-reunen-con-el-dr-rodrigo-cespedes-research-fellow-del-instituto-max-planck\/\",\"name\":\"Miembros del Centro se reunen con el Dr. Rodrigo C\u00e9spedes, Research fellow del Instituto Max Planck - Centro UC Derecho y Religi\u00f3n\",\"isPartOf\":{\"@id\":\"https:\/\/derechoyreligion-uc.urantiacos.cl\/en\/#website\"},\"datePublished\":\"2019-01-22T03:00:00+00:00\",\"author\":{\"@id\":\"https:\/\/derechoyreligion-uc.urantiacos.cl\/en\/#\/schema\/person\/6cc7f593e2f49e3b770a06f63b58e3b1\"},\"breadcrumb\":{\"@id\":\"https:\/\/derechoyreligion-uc.urantiacos.cl\/en\/miembros-del-centro-se-reunen-con-el-dr-rodrigo-cespedes-research-fellow-del-instituto-max-planck\/#breadcrumb\"},\"inLanguage\":\"en-US\",\"potentialAction\":[{\"@type\":\"ReadAction\",\"target\":[\"https:\/\/derechoyreligion-uc.urantiacos.cl\/en\/miembros-del-centro-se-reunen-con-el-dr-rodrigo-cespedes-research-fellow-del-instituto-max-planck\/\"]}]},{\"@type\":\"BreadcrumbList\",\"@id\":\"https:\/\/derechoyreligion-uc.urantiacos.cl\/en\/miembros-del-centro-se-reunen-con-el-dr-rodrigo-cespedes-research-fellow-del-instituto-max-planck\/#breadcrumb\",\"itemListElement\":[{\"@type\":\"ListItem\",\"position\":1,\"name\":\"Portada\",\"item\":\"https:\/\/derechoyreligion-uc.urantiacos.cl\/en\/\"},{\"@type\":\"ListItem\",\"position\":2,\"name\":\"Miembros del Centro se reunen con el Dr. Rodrigo C\u00e9spedes, Research fellow del Instituto Max Planck\"}]},{\"@type\":\"WebSite\",\"@id\":\"https:\/\/derechoyreligion-uc.urantiacos.cl\/en\/#website\",\"url\":\"https:\/\/derechoyreligion-uc.urantiacos.cl\/en\/\",\"name\":\"Centro UC Derecho y Religi\u00f3n\",\"description\":\"\",\"potentialAction\":[{\"@type\":\"SearchAction\",\"target\":{\"@type\":\"EntryPoint\",\"urlTemplate\":\"https:\/\/derechoyreligion-uc.urantiacos.cl\/en\/?s={search_term_string}\"},\"query-input\":{\"@type\":\"PropertyValueSpecification\",\"valueRequired\":true,\"valueName\":\"search_term_string\"}}],\"inLanguage\":\"en-US\"},{\"@type\":\"Person\",\"@id\":\"https:\/\/derechoyreligion-uc.urantiacos.cl\/en\/#\/schema\/person\/6cc7f593e2f49e3b770a06f63b58e3b1\",\"name\":\"manadmin\",\"sameAs\":[\"https:\/\/derechoyreligion-uc.urantiacos.cl\"]}]}<\/script>\n<!-- \/ Yoast SEO plugin. -->","yoast_head_json":{"title":"Miembros del Centro se reunen con el Dr. Rodrigo C\u00e9spedes, Research fellow del Instituto Max Planck - Centro UC Derecho y Religi\u00f3n","robots":{"index":"index","follow":"follow","max-snippet":"max-snippet:-1","max-image-preview":"max-image-preview:large","max-video-preview":"max-video-preview:-1"},"canonical":"https:\/\/derechoyreligion-uc.urantiacos.cl\/en\/miembros-del-centro-se-reunen-con-el-dr-rodrigo-cespedes-research-fellow-del-instituto-max-planck\/","og_locale":"en_US","og_type":"article","og_title":"Miembros del Centro se reunen con el Dr. Rodrigo C\u00e9spedes, Research fellow del Instituto Max Planck - Centro UC Derecho y Religi\u00f3n","og_description":"Miembros del Centro UC Derecho y Religi\u00f3n tuvieron la oportunidad de reunirse con el Dr. Rodrigo C\u00e9spedes, investigador asociado del Instituto Max Planck.","og_url":"https:\/\/derechoyreligion-uc.urantiacos.cl\/en\/miembros-del-centro-se-reunen-con-el-dr-rodrigo-cespedes-research-fellow-del-instituto-max-planck\/","og_site_name":"Centro UC Derecho y Religi\u00f3n","article_published_time":"2019-01-22T03:00:00+00:00","author":"manadmin","twitter_card":"summary_large_image","twitter_misc":{"Written by":"manadmin","Est. reading time":"1 minute"},"schema":{"@context":"https:\/\/schema.org","@graph":[{"@type":"Article","@id":"https:\/\/derechoyreligion-uc.urantiacos.cl\/en\/miembros-del-centro-se-reunen-con-el-dr-rodrigo-cespedes-research-fellow-del-instituto-max-planck\/#article","isPartOf":{"@id":"https:\/\/derechoyreligion-uc.urantiacos.cl\/en\/miembros-del-centro-se-reunen-con-el-dr-rodrigo-cespedes-research-fellow-del-instituto-max-planck\/"},"author":{"name":"manadmin","@id":"https:\/\/derechoyreligion-uc.urantiacos.cl\/en\/#\/schema\/person\/6cc7f593e2f49e3b770a06f63b58e3b1"},"headline":"Miembros del Centro se reunen con el Dr. Rodrigo C\u00e9spedes, Research fellow del Instituto Max Planck","datePublished":"2019-01-22T03:00:00+00:00","mainEntityOfPage":{"@id":"https:\/\/derechoyreligion-uc.urantiacos.cl\/en\/miembros-del-centro-se-reunen-con-el-dr-rodrigo-cespedes-research-fellow-del-instituto-max-planck\/"},"wordCount":272,"articleSection":["Noticias"],"inLanguage":"en-US"},{"@type":"WebPage","@id":"https:\/\/derechoyreligion-uc.urantiacos.cl\/en\/miembros-del-centro-se-reunen-con-el-dr-rodrigo-cespedes-research-fellow-del-instituto-max-planck\/","url":"https:\/\/derechoyreligion-uc.urantiacos.cl\/en\/miembros-del-centro-se-reunen-con-el-dr-rodrigo-cespedes-research-fellow-del-instituto-max-planck\/","name":"Miembros del Centro se reunen con el Dr. Rodrigo C\u00e9spedes, Research fellow del Instituto Max Planck - Centro UC Derecho y Religi\u00f3n","isPartOf":{"@id":"https:\/\/derechoyreligion-uc.urantiacos.cl\/en\/#website"},"datePublished":"2019-01-22T03:00:00+00:00","author":{"@id":"https:\/\/derechoyreligion-uc.urantiacos.cl\/en\/#\/schema\/person\/6cc7f593e2f49e3b770a06f63b58e3b1"},"breadcrumb":{"@id":"https:\/\/derechoyreligion-uc.urantiacos.cl\/en\/miembros-del-centro-se-reunen-con-el-dr-rodrigo-cespedes-research-fellow-del-instituto-max-planck\/#breadcrumb"},"inLanguage":"en-US","potentialAction":[{"@type":"ReadAction","target":["https:\/\/derechoyreligion-uc.urantiacos.cl\/en\/miembros-del-centro-se-reunen-con-el-dr-rodrigo-cespedes-research-fellow-del-instituto-max-planck\/"]}]},{"@type":"BreadcrumbList","@id":"https:\/\/derechoyreligion-uc.urantiacos.cl\/en\/miembros-del-centro-se-reunen-con-el-dr-rodrigo-cespedes-research-fellow-del-instituto-max-planck\/#breadcrumb","itemListElement":[{"@type":"ListItem","position":1,"name":"Portada","item":"https:\/\/derechoyreligion-uc.urantiacos.cl\/en\/"},{"@type":"ListItem","position":2,"name":"Miembros del Centro se reunen con el Dr. Rodrigo C\u00e9spedes, Research fellow del Instituto Max Planck"}]},{"@type":"WebSite","@id":"https:\/\/derechoyreligion-uc.urantiacos.cl\/en\/#website","url":"https:\/\/derechoyreligion-uc.urantiacos.cl\/en\/","name":"Centro UC Derecho y Religi\u00f3n","description":"","potentialAction":[{"@type":"SearchAction","target":{"@type":"EntryPoint","urlTemplate":"https:\/\/derechoyreligion-uc.urantiacos.cl\/en\/?s={search_term_string}"},"query-input":{"@type":"PropertyValueSpecification","valueRequired":true,"valueName":"search_term_string"}}],"inLanguage":"en-US"},{"@type":"Person","@id":"https:\/\/derechoyreligion-uc.urantiacos.cl\/en\/#\/schema\/person\/6cc7f593e2f49e3b770a06f63b58e3b1","name":"manadmin","sameAs":["https:\/\/derechoyreligion-uc.urantiacos.cl"]}]}},"_links":{"self":[{"href":"https:\/\/derechoyreligion-uc.urantiacos.cl\/en\/wp-json\/wp\/v2\/posts\/1398","targetHints":{"allow":["GET"]}}],"collection":[{"href":"https:\/\/derechoyreligion-uc.urantiacos.cl\/en\/wp-json\/wp\/v2\/posts"}],"about":[{"href":"https:\/\/derechoyreligion-uc.urantiacos.cl\/en\/wp-json\/wp\/v2\/types\/post"}],"author":[{"embeddable":true,"href":"https:\/\/derechoyreligion-uc.urantiacos.cl\/en\/wp-json\/wp\/v2\/users\/1"}],"replies":[{"embeddable":true,"href":"https:\/\/derechoyreligion-uc.urantiacos.cl\/en\/wp-json\/wp\/v2\/comments?post=1398"}],"version-history":[{"count":0,"href":"https:\/\/derechoyreligion-uc.urantiacos.cl\/en\/wp-json\/wp\/v2\/posts\/1398\/revisions"}],"wp:attachment":[{"href":"https:\/\/derechoyreligion-uc.urantiacos.cl\/en\/wp-json\/wp\/v2\/media?parent=1398"}],"wp:term":[{"taxonomy":"category","embeddable":true,"href":"https:\/\/derechoyreligion-uc.urantiacos.cl\/en\/wp-json\/wp\/v2\/categories?post=1398"},{"taxonomy":"post_tag","embeddable":true,"href":"https:\/\/derechoyreligion-uc.urantiacos.cl\/en\/wp-json\/wp\/v2\/tags?post=1398"}],"curies":[{"name":"wp","href":"https:\/\/api.w.org\/{rel}","templated":true}]}}