
{"id":1395,"date":"2020-07-10T00:00:00","date_gmt":"2020-07-10T04:00:00","guid":{"rendered":"https:\/\/derechoyreligion-uc.urantiacos.cl\/seminario-web-financiamiento-publico-a-escuelas-confesionales-a-proposito-de-espinoza-v-montana\/"},"modified":"2020-07-10T00:00:00","modified_gmt":"2020-07-10T04:00:00","slug":"seminario-web-financiamiento-publico-a-escuelas-confesionales-a-proposito-de-espinoza-v-montana","status":"publish","type":"post","link":"https:\/\/derechoyreligion-uc.urantiacos.cl\/en\/seminario-web-financiamiento-publico-a-escuelas-confesionales-a-proposito-de-espinoza-v-montana\/","title":{"rendered":"Seminario Web: Financiamiento p\u00fablico a escuelas confesionales: a prop\u00f3sito de Espinoza v. Montana"},"content":{"rendered":"<article>\n<span><br \/>\n<\/span><\/p>\n<p><span><span>E<\/span><span>l Centro UC Derecho y Religi\u00f3n organiz\u00f3 este encuentro que tuvo como invitada a la profesora de la Universidad de Notre Dame, Nicole Stelle Garnett.<\/span><span><\/span><\/span><\/p>\n<p><span>El pasado 10 de julio se desarroll\u00f3 de manera online el seminario Financiamiento P\u00fablico a Escuelas Confesionales: A Prop\u00f3sito de Espinoza V. Montana, actividad organizada por el\u00a0<a href=\"http:\/\/derechoyreligion.uc.cl\/es\/\" target=\"_blank\"><span>Centro UC Derecho y Religi\u00f3n<\/span><\/a>\u00a0y que tuvo como invitada a Nicole Stelle Garnett, profesora de John P. Murphy Foudation, de la\u00a0<a href=\"https:\/\/www.nd.edu\/\" target=\"_blank\"><span>University of Notre Dame<\/span><\/a>\u00a0(EE.UU.). El encuentro fue moderado por la profesora Derecho UC y directora del Centro,\u00a0<a href=\"http:\/\/derecho.uc.cl\/es\/profesores\/nomina-por-departamento\/departamento-de-derecho-canonico\/775-celis-brunet-ana-maria\" target=\"_blank\"><span>Ana Mar\u00eda Celis<\/span><\/a>.<\/span><\/p>\n<p><span>La profesora Celis present\u00f3 a la invitada al encuentro e hizo un resumen de la situaci\u00f3n chilena sobre el financiamiento p\u00fablico de las escuelas confesionales para luego dar la palabra a la profesora Garnett, quien se refiri\u00f3 a esta misma situaci\u00f3n en Estados Unidos.<\/span><\/p>\n<p><span>En su exposici\u00f3n titulada\u00a0<em>Religious Liberty and Education in the US: Recent Developments<\/em>, la profesora Garnett analiz\u00f3 la distribuci\u00f3n de los colegios en Estados Unidos y las disposiciones constitucionales adoptadas por dicho pa\u00eds para la prohibici\u00f3n del financiamiento a las escuelas privadas (<em>Blaine Amendments<\/em>), cuyo fundamento era manifiestamente anticat\u00f3lico.<\/span><\/p>\n<p><span>En su exposici\u00f3n explic\u00f3 que el Estado de Montana aprob\u00f3 una ley en la que se establec\u00eda un sistema de beneficios tributarios para quienes donaran dinero a organizaciones que otorgan becas a ni\u00f1os de escasos recursos, con un tope m\u00e1ximo de US$ 150. La Corte Suprema del Estado de Montana indic\u00f3 que esta ley era inconstitucional, puesto que beneficiaba a las escuelas confesionales y la Constituci\u00f3n de este Estado proh\u00edbe aportes a organizaciones religiosas.<\/span><\/p>\n<p><span>Al respecto, Garnett se\u00f1al\u00f3 que el fallo del caso\u00a0<em>Espinoza v. Montana<\/em>, expedido por la Corte Suprema de Estados Unidos el 30 de junio de 2020, expresa que si los estados han decidido financiar colegios privados, no hay raz\u00f3n para no incluir a los colegios confesionales.<\/span><\/p>\n<p><span>Posteriormente, la acad\u00e9mica se refiri\u00f3 al fallo\u00a0<em>Our Lady of Guadalupe v. Morrissey-Berru<\/em>\u00a0del 8 de julio de 2020, sobre dos profesoras contratadas por el Colegio Nuestra Se\u00f1ora de Guadalupe, Agnes Morrisey-Berru y Kristen Biel. El contrato de trabajo de ambas era bastante similar, el que establec\u00eda que la misi\u00f3n del colegio consist\u00eda en promover y desarrollar una comunidad escolar cat\u00f3lica. Asimismo, dicho contrato impon\u00eda compromisos relativos a instrucci\u00f3n religiosa y oraci\u00f3n, entre otros. Al no verificarse el cumplimiento de algunas de estos acuerdos, el colegio decidi\u00f3 no renovar el contrato. La Corte Suprema, entonces, indic\u00f3 que la Free Exercise Clause prohib\u00eda cualquier revisi\u00f3n a la decisi\u00f3n del colegio de despedir a los profesores, pues fueron considerados \u2018ministros\u2019.<\/span><\/p>\n<p><span>Finalmente, la profesora de Notre Dame concluy\u00f3 que del caso Espinoza v. Montana se reconoce que\u00a0<strong>\u201cotorgar financiamiento a los colegios confesionales no implica una violaci\u00f3n a la primera enmienda\u201d<\/strong>. Asimismo, Los estados ya no pueden invocar la\u00a0<em>Blain Amendments<\/em>\u00a0para impedir el financiamiento de programas en los cuales los padres puedan elegir la educaci\u00f3n de sus hijos (<em>parental choice programs<\/em>), abri\u00e9ndose as\u00ed, la posibilidad de tener charter schools confesionales.<\/span><\/p>\n<p><span>Por \u00faltimo, respecto del caso\u00a0<em>Our Lady of Guadalupe v. Morrissey-Berru<\/em>, no queda claro qu\u00e9 clase de trabajadores de los establecimientos educacionales quedan cubiertos por la excepci\u00f3n ministerial.<\/span><\/p>\n<p><span>El encuentro finaliz\u00f3 con una nutrida ronda de preguntas por parte de los asistentes.<\/span><\/p>\n<p><span><span>EL Link para ver el Seminario es <\/span><span><span><a href=\"https:\/\/www.youtube.com\/watch?v=QH3M6-Nkw5M\">https:\/\/www.youtube.com\/watch?v=QH3M6-Nkw5M<\/a><\/span><a href=\"https:\/\/www.youtube.com\/watch?v=QH3M6-Nkw5M\" target=\"_blank\"><\/a><\/span><\/span><\/p>\n<p><img decoding=\"async\" alt=\"Seminario Web julio 2020 Financiamiento escuelas confesionales\" src=\"https:\/\/derechoyreligion-uc.urantiacos.cl\/wp-content\/uploads\/imagenes\/Seminario_Web_julio_2020_Financiamiento_escuelas_confesionales.jpeg\"\/><\/p>\n<\/article>\n","protected":false},"excerpt":{"rendered":"<p>El Centro UC Derecho y Religi\u00f3n organiz\u00f3 este encuentro que tuvo como invitada a la profesora de la Universidad de Notre Dame, Nicole Stelle Garnett.<\/p>\n","protected":false},"author":1,"featured_media":1543,"comment_status":"","ping_status":"","sticky":false,"template":"","format":"standard","meta":{"_acf_changed":false,"footnotes":""},"categories":[1],"tags":[],"class_list":["post-1395","post","type-post","status-publish","format-standard","has-post-thumbnail","hentry","category-noticias"],"acf":[],"yoast_head":"<!-- This site is optimized with the Yoast SEO plugin v27.1.1 - https:\/\/yoast.com\/product\/yoast-seo-wordpress\/ -->\n<title>Seminario Web: Financiamiento p\u00fablico a escuelas confesionales: a prop\u00f3sito de Espinoza v. Montana - Centro UC Derecho y Religi\u00f3n<\/title>\n<meta name=\"robots\" content=\"index, follow, max-snippet:-1, max-image-preview:large, max-video-preview:-1\" \/>\n<link rel=\"canonical\" href=\"https:\/\/derechoyreligion-uc.urantiacos.cl\/en\/seminario-web-financiamiento-publico-a-escuelas-confesionales-a-proposito-de-espinoza-v-montana\/\" \/>\n<meta property=\"og:locale\" content=\"en_US\" \/>\n<meta property=\"og:type\" content=\"article\" \/>\n<meta property=\"og:title\" content=\"Seminario Web: Financiamiento p\u00fablico a escuelas confesionales: a prop\u00f3sito de Espinoza v. Montana - Centro UC Derecho y Religi\u00f3n\" \/>\n<meta property=\"og:description\" content=\"El Centro UC Derecho y Religi\u00f3n organiz\u00f3 este encuentro que tuvo como invitada a la profesora de la Universidad de Notre Dame, Nicole Stelle Garnett.\" \/>\n<meta property=\"og:url\" content=\"https:\/\/derechoyreligion-uc.urantiacos.cl\/en\/seminario-web-financiamiento-publico-a-escuelas-confesionales-a-proposito-de-espinoza-v-montana\/\" \/>\n<meta property=\"og:site_name\" content=\"Centro UC Derecho y Religi\u00f3n\" \/>\n<meta property=\"article:published_time\" content=\"2020-07-10T04:00:00+00:00\" \/>\n<meta property=\"og:image\" content=\"https:\/\/derechoyreligion-uc.urantiacos.cl\/wp-content\/uploads\/2025\/10\/Seminario_Web_julio_2020_Financiamiento_escuelas_confesionales.jpeg\" \/>\n\t<meta property=\"og:image:width\" content=\"600\" \/>\n\t<meta property=\"og:image:height\" content=\"777\" \/>\n\t<meta property=\"og:image:type\" content=\"image\/jpeg\" \/>\n<meta name=\"author\" content=\"manadmin\" \/>\n<meta name=\"twitter:card\" content=\"summary_large_image\" \/>\n<meta name=\"twitter:label1\" content=\"Written by\" \/>\n\t<meta name=\"twitter:data1\" content=\"manadmin\" \/>\n\t<meta name=\"twitter:label2\" content=\"Est. reading time\" \/>\n\t<meta name=\"twitter:data2\" content=\"3 minutes\" \/>\n<script type=\"application\/ld+json\" class=\"yoast-schema-graph\">{\"@context\":\"https:\/\/schema.org\",\"@graph\":[{\"@type\":\"Article\",\"@id\":\"https:\/\/derechoyreligion-uc.urantiacos.cl\/en\/seminario-web-financiamiento-publico-a-escuelas-confesionales-a-proposito-de-espinoza-v-montana\/#article\",\"isPartOf\":{\"@id\":\"https:\/\/derechoyreligion-uc.urantiacos.cl\/en\/seminario-web-financiamiento-publico-a-escuelas-confesionales-a-proposito-de-espinoza-v-montana\/\"},\"author\":{\"name\":\"manadmin\",\"@id\":\"https:\/\/derechoyreligion-uc.urantiacos.cl\/en\/#\/schema\/person\/6cc7f593e2f49e3b770a06f63b58e3b1\"},\"headline\":\"Seminario Web: Financiamiento p\u00fablico a escuelas confesionales: a prop\u00f3sito de Espinoza v. Montana\",\"datePublished\":\"2020-07-10T04:00:00+00:00\",\"mainEntityOfPage\":{\"@id\":\"https:\/\/derechoyreligion-uc.urantiacos.cl\/en\/seminario-web-financiamiento-publico-a-escuelas-confesionales-a-proposito-de-espinoza-v-montana\/\"},\"wordCount\":603,\"image\":{\"@id\":\"https:\/\/derechoyreligion-uc.urantiacos.cl\/en\/seminario-web-financiamiento-publico-a-escuelas-confesionales-a-proposito-de-espinoza-v-montana\/#primaryimage\"},\"thumbnailUrl\":\"https:\/\/derechoyreligion-uc.urantiacos.cl\/wp-content\/uploads\/2025\/10\/Seminario_Web_julio_2020_Financiamiento_escuelas_confesionales.jpeg\",\"articleSection\":[\"Noticias\"],\"inLanguage\":\"en-US\"},{\"@type\":\"WebPage\",\"@id\":\"https:\/\/derechoyreligion-uc.urantiacos.cl\/en\/seminario-web-financiamiento-publico-a-escuelas-confesionales-a-proposito-de-espinoza-v-montana\/\",\"url\":\"https:\/\/derechoyreligion-uc.urantiacos.cl\/en\/seminario-web-financiamiento-publico-a-escuelas-confesionales-a-proposito-de-espinoza-v-montana\/\",\"name\":\"Seminario Web: Financiamiento p\u00fablico a escuelas confesionales: a prop\u00f3sito de Espinoza v. Montana - Centro UC Derecho y Religi\u00f3n\",\"isPartOf\":{\"@id\":\"https:\/\/derechoyreligion-uc.urantiacos.cl\/en\/#website\"},\"primaryImageOfPage\":{\"@id\":\"https:\/\/derechoyreligion-uc.urantiacos.cl\/en\/seminario-web-financiamiento-publico-a-escuelas-confesionales-a-proposito-de-espinoza-v-montana\/#primaryimage\"},\"image\":{\"@id\":\"https:\/\/derechoyreligion-uc.urantiacos.cl\/en\/seminario-web-financiamiento-publico-a-escuelas-confesionales-a-proposito-de-espinoza-v-montana\/#primaryimage\"},\"thumbnailUrl\":\"https:\/\/derechoyreligion-uc.urantiacos.cl\/wp-content\/uploads\/2025\/10\/Seminario_Web_julio_2020_Financiamiento_escuelas_confesionales.jpeg\",\"datePublished\":\"2020-07-10T04:00:00+00:00\",\"author\":{\"@id\":\"https:\/\/derechoyreligion-uc.urantiacos.cl\/en\/#\/schema\/person\/6cc7f593e2f49e3b770a06f63b58e3b1\"},\"breadcrumb\":{\"@id\":\"https:\/\/derechoyreligion-uc.urantiacos.cl\/en\/seminario-web-financiamiento-publico-a-escuelas-confesionales-a-proposito-de-espinoza-v-montana\/#breadcrumb\"},\"inLanguage\":\"en-US\",\"potentialAction\":[{\"@type\":\"ReadAction\",\"target\":[\"https:\/\/derechoyreligion-uc.urantiacos.cl\/en\/seminario-web-financiamiento-publico-a-escuelas-confesionales-a-proposito-de-espinoza-v-montana\/\"]}]},{\"@type\":\"ImageObject\",\"inLanguage\":\"en-US\",\"@id\":\"https:\/\/derechoyreligion-uc.urantiacos.cl\/en\/seminario-web-financiamiento-publico-a-escuelas-confesionales-a-proposito-de-espinoza-v-montana\/#primaryimage\",\"url\":\"https:\/\/derechoyreligion-uc.urantiacos.cl\/wp-content\/uploads\/2025\/10\/Seminario_Web_julio_2020_Financiamiento_escuelas_confesionales.jpeg\",\"contentUrl\":\"https:\/\/derechoyreligion-uc.urantiacos.cl\/wp-content\/uploads\/2025\/10\/Seminario_Web_julio_2020_Financiamiento_escuelas_confesionales.jpeg\",\"width\":600,\"height\":777},{\"@type\":\"BreadcrumbList\",\"@id\":\"https:\/\/derechoyreligion-uc.urantiacos.cl\/en\/seminario-web-financiamiento-publico-a-escuelas-confesionales-a-proposito-de-espinoza-v-montana\/#breadcrumb\",\"itemListElement\":[{\"@type\":\"ListItem\",\"position\":1,\"name\":\"Portada\",\"item\":\"https:\/\/derechoyreligion-uc.urantiacos.cl\/en\/\"},{\"@type\":\"ListItem\",\"position\":2,\"name\":\"Seminario Web: Financiamiento p\u00fablico a escuelas confesionales: a prop\u00f3sito de Espinoza v. Montana\"}]},{\"@type\":\"WebSite\",\"@id\":\"https:\/\/derechoyreligion-uc.urantiacos.cl\/en\/#website\",\"url\":\"https:\/\/derechoyreligion-uc.urantiacos.cl\/en\/\",\"name\":\"Centro UC Derecho y Religi\u00f3n\",\"description\":\"\",\"potentialAction\":[{\"@type\":\"SearchAction\",\"target\":{\"@type\":\"EntryPoint\",\"urlTemplate\":\"https:\/\/derechoyreligion-uc.urantiacos.cl\/en\/?s={search_term_string}\"},\"query-input\":{\"@type\":\"PropertyValueSpecification\",\"valueRequired\":true,\"valueName\":\"search_term_string\"}}],\"inLanguage\":\"en-US\"},{\"@type\":\"Person\",\"@id\":\"https:\/\/derechoyreligion-uc.urantiacos.cl\/en\/#\/schema\/person\/6cc7f593e2f49e3b770a06f63b58e3b1\",\"name\":\"manadmin\",\"sameAs\":[\"https:\/\/derechoyreligion-uc.urantiacos.cl\"]}]}<\/script>\n<!-- \/ Yoast SEO plugin. -->","yoast_head_json":{"title":"Seminario Web: Financiamiento p\u00fablico a escuelas confesionales: a prop\u00f3sito de Espinoza v. Montana - Centro UC Derecho y Religi\u00f3n","robots":{"index":"index","follow":"follow","max-snippet":"max-snippet:-1","max-image-preview":"max-image-preview:large","max-video-preview":"max-video-preview:-1"},"canonical":"https:\/\/derechoyreligion-uc.urantiacos.cl\/en\/seminario-web-financiamiento-publico-a-escuelas-confesionales-a-proposito-de-espinoza-v-montana\/","og_locale":"en_US","og_type":"article","og_title":"Seminario Web: Financiamiento p\u00fablico a escuelas confesionales: a prop\u00f3sito de Espinoza v. Montana - Centro UC Derecho y Religi\u00f3n","og_description":"El Centro UC Derecho y Religi\u00f3n organiz\u00f3 este encuentro que tuvo como invitada a la profesora de la Universidad de Notre Dame, Nicole Stelle Garnett.","og_url":"https:\/\/derechoyreligion-uc.urantiacos.cl\/en\/seminario-web-financiamiento-publico-a-escuelas-confesionales-a-proposito-de-espinoza-v-montana\/","og_site_name":"Centro UC Derecho y Religi\u00f3n","article_published_time":"2020-07-10T04:00:00+00:00","og_image":[{"width":600,"height":777,"url":"https:\/\/derechoyreligion-uc.urantiacos.cl\/wp-content\/uploads\/2025\/10\/Seminario_Web_julio_2020_Financiamiento_escuelas_confesionales.jpeg","type":"image\/jpeg"}],"author":"manadmin","twitter_card":"summary_large_image","twitter_misc":{"Written by":"manadmin","Est. reading time":"3 minutes"},"schema":{"@context":"https:\/\/schema.org","@graph":[{"@type":"Article","@id":"https:\/\/derechoyreligion-uc.urantiacos.cl\/en\/seminario-web-financiamiento-publico-a-escuelas-confesionales-a-proposito-de-espinoza-v-montana\/#article","isPartOf":{"@id":"https:\/\/derechoyreligion-uc.urantiacos.cl\/en\/seminario-web-financiamiento-publico-a-escuelas-confesionales-a-proposito-de-espinoza-v-montana\/"},"author":{"name":"manadmin","@id":"https:\/\/derechoyreligion-uc.urantiacos.cl\/en\/#\/schema\/person\/6cc7f593e2f49e3b770a06f63b58e3b1"},"headline":"Seminario Web: Financiamiento p\u00fablico a escuelas confesionales: a prop\u00f3sito de Espinoza v. Montana","datePublished":"2020-07-10T04:00:00+00:00","mainEntityOfPage":{"@id":"https:\/\/derechoyreligion-uc.urantiacos.cl\/en\/seminario-web-financiamiento-publico-a-escuelas-confesionales-a-proposito-de-espinoza-v-montana\/"},"wordCount":603,"image":{"@id":"https:\/\/derechoyreligion-uc.urantiacos.cl\/en\/seminario-web-financiamiento-publico-a-escuelas-confesionales-a-proposito-de-espinoza-v-montana\/#primaryimage"},"thumbnailUrl":"https:\/\/derechoyreligion-uc.urantiacos.cl\/wp-content\/uploads\/2025\/10\/Seminario_Web_julio_2020_Financiamiento_escuelas_confesionales.jpeg","articleSection":["Noticias"],"inLanguage":"en-US"},{"@type":"WebPage","@id":"https:\/\/derechoyreligion-uc.urantiacos.cl\/en\/seminario-web-financiamiento-publico-a-escuelas-confesionales-a-proposito-de-espinoza-v-montana\/","url":"https:\/\/derechoyreligion-uc.urantiacos.cl\/en\/seminario-web-financiamiento-publico-a-escuelas-confesionales-a-proposito-de-espinoza-v-montana\/","name":"Seminario Web: Financiamiento p\u00fablico a escuelas confesionales: a prop\u00f3sito de Espinoza v. Montana - Centro UC Derecho y Religi\u00f3n","isPartOf":{"@id":"https:\/\/derechoyreligion-uc.urantiacos.cl\/en\/#website"},"primaryImageOfPage":{"@id":"https:\/\/derechoyreligion-uc.urantiacos.cl\/en\/seminario-web-financiamiento-publico-a-escuelas-confesionales-a-proposito-de-espinoza-v-montana\/#primaryimage"},"image":{"@id":"https:\/\/derechoyreligion-uc.urantiacos.cl\/en\/seminario-web-financiamiento-publico-a-escuelas-confesionales-a-proposito-de-espinoza-v-montana\/#primaryimage"},"thumbnailUrl":"https:\/\/derechoyreligion-uc.urantiacos.cl\/wp-content\/uploads\/2025\/10\/Seminario_Web_julio_2020_Financiamiento_escuelas_confesionales.jpeg","datePublished":"2020-07-10T04:00:00+00:00","author":{"@id":"https:\/\/derechoyreligion-uc.urantiacos.cl\/en\/#\/schema\/person\/6cc7f593e2f49e3b770a06f63b58e3b1"},"breadcrumb":{"@id":"https:\/\/derechoyreligion-uc.urantiacos.cl\/en\/seminario-web-financiamiento-publico-a-escuelas-confesionales-a-proposito-de-espinoza-v-montana\/#breadcrumb"},"inLanguage":"en-US","potentialAction":[{"@type":"ReadAction","target":["https:\/\/derechoyreligion-uc.urantiacos.cl\/en\/seminario-web-financiamiento-publico-a-escuelas-confesionales-a-proposito-de-espinoza-v-montana\/"]}]},{"@type":"ImageObject","inLanguage":"en-US","@id":"https:\/\/derechoyreligion-uc.urantiacos.cl\/en\/seminario-web-financiamiento-publico-a-escuelas-confesionales-a-proposito-de-espinoza-v-montana\/#primaryimage","url":"https:\/\/derechoyreligion-uc.urantiacos.cl\/wp-content\/uploads\/2025\/10\/Seminario_Web_julio_2020_Financiamiento_escuelas_confesionales.jpeg","contentUrl":"https:\/\/derechoyreligion-uc.urantiacos.cl\/wp-content\/uploads\/2025\/10\/Seminario_Web_julio_2020_Financiamiento_escuelas_confesionales.jpeg","width":600,"height":777},{"@type":"BreadcrumbList","@id":"https:\/\/derechoyreligion-uc.urantiacos.cl\/en\/seminario-web-financiamiento-publico-a-escuelas-confesionales-a-proposito-de-espinoza-v-montana\/#breadcrumb","itemListElement":[{"@type":"ListItem","position":1,"name":"Portada","item":"https:\/\/derechoyreligion-uc.urantiacos.cl\/en\/"},{"@type":"ListItem","position":2,"name":"Seminario Web: Financiamiento p\u00fablico a escuelas confesionales: a prop\u00f3sito de Espinoza v. Montana"}]},{"@type":"WebSite","@id":"https:\/\/derechoyreligion-uc.urantiacos.cl\/en\/#website","url":"https:\/\/derechoyreligion-uc.urantiacos.cl\/en\/","name":"Centro UC Derecho y Religi\u00f3n","description":"","potentialAction":[{"@type":"SearchAction","target":{"@type":"EntryPoint","urlTemplate":"https:\/\/derechoyreligion-uc.urantiacos.cl\/en\/?s={search_term_string}"},"query-input":{"@type":"PropertyValueSpecification","valueRequired":true,"valueName":"search_term_string"}}],"inLanguage":"en-US"},{"@type":"Person","@id":"https:\/\/derechoyreligion-uc.urantiacos.cl\/en\/#\/schema\/person\/6cc7f593e2f49e3b770a06f63b58e3b1","name":"manadmin","sameAs":["https:\/\/derechoyreligion-uc.urantiacos.cl"]}]}},"_links":{"self":[{"href":"https:\/\/derechoyreligion-uc.urantiacos.cl\/en\/wp-json\/wp\/v2\/posts\/1395","targetHints":{"allow":["GET"]}}],"collection":[{"href":"https:\/\/derechoyreligion-uc.urantiacos.cl\/en\/wp-json\/wp\/v2\/posts"}],"about":[{"href":"https:\/\/derechoyreligion-uc.urantiacos.cl\/en\/wp-json\/wp\/v2\/types\/post"}],"author":[{"embeddable":true,"href":"https:\/\/derechoyreligion-uc.urantiacos.cl\/en\/wp-json\/wp\/v2\/users\/1"}],"replies":[{"embeddable":true,"href":"https:\/\/derechoyreligion-uc.urantiacos.cl\/en\/wp-json\/wp\/v2\/comments?post=1395"}],"version-history":[{"count":0,"href":"https:\/\/derechoyreligion-uc.urantiacos.cl\/en\/wp-json\/wp\/v2\/posts\/1395\/revisions"}],"wp:featuredmedia":[{"embeddable":true,"href":"https:\/\/derechoyreligion-uc.urantiacos.cl\/en\/wp-json\/wp\/v2\/media\/1543"}],"wp:attachment":[{"href":"https:\/\/derechoyreligion-uc.urantiacos.cl\/en\/wp-json\/wp\/v2\/media?parent=1395"}],"wp:term":[{"taxonomy":"category","embeddable":true,"href":"https:\/\/derechoyreligion-uc.urantiacos.cl\/en\/wp-json\/wp\/v2\/categories?post=1395"},{"taxonomy":"post_tag","embeddable":true,"href":"https:\/\/derechoyreligion-uc.urantiacos.cl\/en\/wp-json\/wp\/v2\/tags?post=1395"}],"curies":[{"name":"wp","href":"https:\/\/api.w.org\/{rel}","templated":true}]}}