
{"id":1392,"date":"2020-08-18T00:00:00","date_gmt":"2020-08-18T04:00:00","guid":{"rendered":"https:\/\/derechoyreligion-uc.urantiacos.cl\/seminario-2020-los-desafios-de-la-libertad-religiosa-en-el-sistema-interamericano-de-derechos-humanos-ciclo-de-conferencias-de-agosto-a-diciembre\/"},"modified":"2020-08-18T00:00:00","modified_gmt":"2020-08-18T04:00:00","slug":"seminario-2020-los-desafios-de-la-libertad-religiosa-en-el-sistema-interamericano-de-derechos-humanos-ciclo-de-conferencias-de-agosto-a-diciembre","status":"publish","type":"post","link":"https:\/\/derechoyreligion-uc.urantiacos.cl\/en\/seminario-2020-los-desafios-de-la-libertad-religiosa-en-el-sistema-interamericano-de-derechos-humanos-ciclo-de-conferencias-de-agosto-a-diciembre\/","title":{"rendered":"Seminario 2020: Los desaf\u00edos de la libertad religiosa en el Sistema Interamericano de Derechos Humanos: ciclo de conferencias de agosto a diciembre"},"content":{"rendered":"<article>\n<span><br \/>\n<\/span><\/p>\n<p><img decoding=\"async\" alt=\"Seminario 2020 Desafios Libertad\" src=\"https:\/\/derechoyreligion-uc.urantiacos.cl\/wp-content\/uploads\/imagenes\/Seminario_2020_Desafios_Libertad.jpg\"\/><\/p>\n<p>Seminario 2020: Ciclo de conferencias sobre Los <strong>desaf\u00edos<\/strong> de la <strong>libertad religiosa<\/strong> en el <strong>Sistema Interamericano de Derechos Humanos<\/strong>. Las conferencias ser\u00e1n por webinar a las 18:00 horas de Ciudad de M\u00e9xico los d\u00edas:<\/p>\n<p>27 de agosto<\/p>\n<p>24 de septiembre<\/p>\n<p>29 de octubre<\/p>\n<p>26 de noviembre<\/p>\n<p>17 de diciembre &#8211; 18:00 hrs (Ciudad de M\u00e9xico) Link: https:\/\/redanahuac.zoom.us\/j\/91609688548<\/p>\n<\/article>\n","protected":false},"excerpt":{"rendered":"<p>Seminario 2020: Ciclo de conferencias sobre Losdesaf\u00edosde lalibertad religiosaen elSistema Interamericano de Derechos Humanos. Las conferencias ser\u00e1n por webinar a las 18:00 horas de Ciudad de M\u00e9xico los d\u00edas:<\/p>\n","protected":false},"author":1,"featured_media":1540,"comment_status":"","ping_status":"","sticky":false,"template":"","format":"standard","meta":{"_acf_changed":false,"footnotes":""},"categories":[1],"tags":[],"class_list":["post-1392","post","type-post","status-publish","format-standard","has-post-thumbnail","hentry","category-noticias"],"acf":[],"yoast_head":"<!-- This site is optimized with the Yoast SEO plugin v27.1.1 - https:\/\/yoast.com\/product\/yoast-seo-wordpress\/ -->\n<title>Seminario 2020: Los desaf\u00edos de la libertad religiosa en el Sistema Interamericano de Derechos Humanos: ciclo de conferencias de agosto a diciembre - Centro UC Derecho y Religi\u00f3n<\/title>\n<meta name=\"robots\" content=\"index, follow, max-snippet:-1, max-image-preview:large, max-video-preview:-1\" \/>\n<link rel=\"canonical\" href=\"https:\/\/derechoyreligion-uc.urantiacos.cl\/en\/seminario-2020-los-desafios-de-la-libertad-religiosa-en-el-sistema-interamericano-de-derechos-humanos-ciclo-de-conferencias-de-agosto-a-diciembre\/\" \/>\n<meta property=\"og:locale\" content=\"en_US\" \/>\n<meta property=\"og:type\" content=\"article\" \/>\n<meta property=\"og:title\" content=\"Seminario 2020: Los desaf\u00edos de la libertad religiosa en el Sistema Interamericano de Derechos Humanos: ciclo de conferencias de agosto a diciembre - Centro UC Derecho y Religi\u00f3n\" \/>\n<meta property=\"og:description\" content=\"Seminario 2020: Ciclo de conferencias sobre Losdesaf\u00edosde lalibertad religiosaen elSistema Interamericano de Derechos Humanos. Las conferencias ser\u00e1n por webinar a las 18:00 horas de Ciudad de M\u00e9xico los d\u00edas:\" \/>\n<meta property=\"og:url\" content=\"https:\/\/derechoyreligion-uc.urantiacos.cl\/en\/seminario-2020-los-desafios-de-la-libertad-religiosa-en-el-sistema-interamericano-de-derechos-humanos-ciclo-de-conferencias-de-agosto-a-diciembre\/\" \/>\n<meta property=\"og:site_name\" content=\"Centro UC Derecho y Religi\u00f3n\" \/>\n<meta property=\"article:published_time\" content=\"2020-08-18T04:00:00+00:00\" \/>\n<meta property=\"og:image\" content=\"https:\/\/derechoyreligion-uc.urantiacos.cl\/wp-content\/uploads\/2025\/10\/Seminario_2020_Desafios_Libertad.jpg\" \/>\n\t<meta property=\"og:image:width\" content=\"992\" \/>\n\t<meta property=\"og:image:height\" content=\"1280\" \/>\n\t<meta property=\"og:image:type\" content=\"image\/jpeg\" \/>\n<meta name=\"author\" content=\"manadmin\" \/>\n<meta name=\"twitter:card\" content=\"summary_large_image\" \/>\n<meta name=\"twitter:label1\" content=\"Written by\" \/>\n\t<meta name=\"twitter:data1\" content=\"manadmin\" \/>\n<script type=\"application\/ld+json\" class=\"yoast-schema-graph\">{\"@context\":\"https:\/\/schema.org\",\"@graph\":[{\"@type\":\"Article\",\"@id\":\"https:\/\/derechoyreligion-uc.urantiacos.cl\/en\/seminario-2020-los-desafios-de-la-libertad-religiosa-en-el-sistema-interamericano-de-derechos-humanos-ciclo-de-conferencias-de-agosto-a-diciembre\/#article\",\"isPartOf\":{\"@id\":\"https:\/\/derechoyreligion-uc.urantiacos.cl\/en\/seminario-2020-los-desafios-de-la-libertad-religiosa-en-el-sistema-interamericano-de-derechos-humanos-ciclo-de-conferencias-de-agosto-a-diciembre\/\"},\"author\":{\"name\":\"manadmin\",\"@id\":\"https:\/\/derechoyreligion-uc.urantiacos.cl\/en\/#\/schema\/person\/6cc7f593e2f49e3b770a06f63b58e3b1\"},\"headline\":\"Seminario 2020: Los desaf\u00edos de la libertad religiosa en el Sistema Interamericano de Derechos Humanos: ciclo de conferencias de agosto a diciembre\",\"datePublished\":\"2020-08-18T04:00:00+00:00\",\"mainEntityOfPage\":{\"@id\":\"https:\/\/derechoyreligion-uc.urantiacos.cl\/en\/seminario-2020-los-desafios-de-la-libertad-religiosa-en-el-sistema-interamericano-de-derechos-humanos-ciclo-de-conferencias-de-agosto-a-diciembre\/\"},\"wordCount\":80,\"image\":{\"@id\":\"https:\/\/derechoyreligion-uc.urantiacos.cl\/en\/seminario-2020-los-desafios-de-la-libertad-religiosa-en-el-sistema-interamericano-de-derechos-humanos-ciclo-de-conferencias-de-agosto-a-diciembre\/#primaryimage\"},\"thumbnailUrl\":\"https:\/\/derechoyreligion-uc.urantiacos.cl\/wp-content\/uploads\/2025\/10\/Seminario_2020_Desafios_Libertad.jpg\",\"articleSection\":[\"Noticias\"],\"inLanguage\":\"en-US\"},{\"@type\":\"WebPage\",\"@id\":\"https:\/\/derechoyreligion-uc.urantiacos.cl\/en\/seminario-2020-los-desafios-de-la-libertad-religiosa-en-el-sistema-interamericano-de-derechos-humanos-ciclo-de-conferencias-de-agosto-a-diciembre\/\",\"url\":\"https:\/\/derechoyreligion-uc.urantiacos.cl\/en\/seminario-2020-los-desafios-de-la-libertad-religiosa-en-el-sistema-interamericano-de-derechos-humanos-ciclo-de-conferencias-de-agosto-a-diciembre\/\",\"name\":\"Seminario 2020: Los desaf\u00edos de la libertad religiosa en el Sistema Interamericano de Derechos Humanos: ciclo de conferencias de agosto a diciembre - Centro UC Derecho y Religi\u00f3n\",\"isPartOf\":{\"@id\":\"https:\/\/derechoyreligion-uc.urantiacos.cl\/en\/#website\"},\"primaryImageOfPage\":{\"@id\":\"https:\/\/derechoyreligion-uc.urantiacos.cl\/en\/seminario-2020-los-desafios-de-la-libertad-religiosa-en-el-sistema-interamericano-de-derechos-humanos-ciclo-de-conferencias-de-agosto-a-diciembre\/#primaryimage\"},\"image\":{\"@id\":\"https:\/\/derechoyreligion-uc.urantiacos.cl\/en\/seminario-2020-los-desafios-de-la-libertad-religiosa-en-el-sistema-interamericano-de-derechos-humanos-ciclo-de-conferencias-de-agosto-a-diciembre\/#primaryimage\"},\"thumbnailUrl\":\"https:\/\/derechoyreligion-uc.urantiacos.cl\/wp-content\/uploads\/2025\/10\/Seminario_2020_Desafios_Libertad.jpg\",\"datePublished\":\"2020-08-18T04:00:00+00:00\",\"author\":{\"@id\":\"https:\/\/derechoyreligion-uc.urantiacos.cl\/en\/#\/schema\/person\/6cc7f593e2f49e3b770a06f63b58e3b1\"},\"breadcrumb\":{\"@id\":\"https:\/\/derechoyreligion-uc.urantiacos.cl\/en\/seminario-2020-los-desafios-de-la-libertad-religiosa-en-el-sistema-interamericano-de-derechos-humanos-ciclo-de-conferencias-de-agosto-a-diciembre\/#breadcrumb\"},\"inLanguage\":\"en-US\",\"potentialAction\":[{\"@type\":\"ReadAction\",\"target\":[\"https:\/\/derechoyreligion-uc.urantiacos.cl\/en\/seminario-2020-los-desafios-de-la-libertad-religiosa-en-el-sistema-interamericano-de-derechos-humanos-ciclo-de-conferencias-de-agosto-a-diciembre\/\"]}]},{\"@type\":\"ImageObject\",\"inLanguage\":\"en-US\",\"@id\":\"https:\/\/derechoyreligion-uc.urantiacos.cl\/en\/seminario-2020-los-desafios-de-la-libertad-religiosa-en-el-sistema-interamericano-de-derechos-humanos-ciclo-de-conferencias-de-agosto-a-diciembre\/#primaryimage\",\"url\":\"https:\/\/derechoyreligion-uc.urantiacos.cl\/wp-content\/uploads\/2025\/10\/Seminario_2020_Desafios_Libertad.jpg\",\"contentUrl\":\"https:\/\/derechoyreligion-uc.urantiacos.cl\/wp-content\/uploads\/2025\/10\/Seminario_2020_Desafios_Libertad.jpg\",\"width\":992,\"height\":1280},{\"@type\":\"BreadcrumbList\",\"@id\":\"https:\/\/derechoyreligion-uc.urantiacos.cl\/en\/seminario-2020-los-desafios-de-la-libertad-religiosa-en-el-sistema-interamericano-de-derechos-humanos-ciclo-de-conferencias-de-agosto-a-diciembre\/#breadcrumb\",\"itemListElement\":[{\"@type\":\"ListItem\",\"position\":1,\"name\":\"Portada\",\"item\":\"https:\/\/derechoyreligion-uc.urantiacos.cl\/en\/\"},{\"@type\":\"ListItem\",\"position\":2,\"name\":\"Seminario 2020: Los desaf\u00edos de la libertad religiosa en el Sistema Interamericano de Derechos Humanos: ciclo de conferencias de agosto a diciembre\"}]},{\"@type\":\"WebSite\",\"@id\":\"https:\/\/derechoyreligion-uc.urantiacos.cl\/en\/#website\",\"url\":\"https:\/\/derechoyreligion-uc.urantiacos.cl\/en\/\",\"name\":\"Centro UC Derecho y Religi\u00f3n\",\"description\":\"\",\"potentialAction\":[{\"@type\":\"SearchAction\",\"target\":{\"@type\":\"EntryPoint\",\"urlTemplate\":\"https:\/\/derechoyreligion-uc.urantiacos.cl\/en\/?s={search_term_string}\"},\"query-input\":{\"@type\":\"PropertyValueSpecification\",\"valueRequired\":true,\"valueName\":\"search_term_string\"}}],\"inLanguage\":\"en-US\"},{\"@type\":\"Person\",\"@id\":\"https:\/\/derechoyreligion-uc.urantiacos.cl\/en\/#\/schema\/person\/6cc7f593e2f49e3b770a06f63b58e3b1\",\"name\":\"manadmin\",\"sameAs\":[\"https:\/\/derechoyreligion-uc.urantiacos.cl\"]}]}<\/script>\n<!-- \/ Yoast SEO plugin. -->","yoast_head_json":{"title":"Seminario 2020: Los desaf\u00edos de la libertad religiosa en el Sistema Interamericano de Derechos Humanos: ciclo de conferencias de agosto a diciembre - Centro UC Derecho y Religi\u00f3n","robots":{"index":"index","follow":"follow","max-snippet":"max-snippet:-1","max-image-preview":"max-image-preview:large","max-video-preview":"max-video-preview:-1"},"canonical":"https:\/\/derechoyreligion-uc.urantiacos.cl\/en\/seminario-2020-los-desafios-de-la-libertad-religiosa-en-el-sistema-interamericano-de-derechos-humanos-ciclo-de-conferencias-de-agosto-a-diciembre\/","og_locale":"en_US","og_type":"article","og_title":"Seminario 2020: Los desaf\u00edos de la libertad religiosa en el Sistema Interamericano de Derechos Humanos: ciclo de conferencias de agosto a diciembre - Centro UC Derecho y Religi\u00f3n","og_description":"Seminario 2020: Ciclo de conferencias sobre Losdesaf\u00edosde lalibertad religiosaen elSistema Interamericano de Derechos Humanos. Las conferencias ser\u00e1n por webinar a las 18:00 horas de Ciudad de M\u00e9xico los d\u00edas:","og_url":"https:\/\/derechoyreligion-uc.urantiacos.cl\/en\/seminario-2020-los-desafios-de-la-libertad-religiosa-en-el-sistema-interamericano-de-derechos-humanos-ciclo-de-conferencias-de-agosto-a-diciembre\/","og_site_name":"Centro UC Derecho y Religi\u00f3n","article_published_time":"2020-08-18T04:00:00+00:00","og_image":[{"width":992,"height":1280,"url":"https:\/\/derechoyreligion-uc.urantiacos.cl\/wp-content\/uploads\/2025\/10\/Seminario_2020_Desafios_Libertad.jpg","type":"image\/jpeg"}],"author":"manadmin","twitter_card":"summary_large_image","twitter_misc":{"Written by":"manadmin"},"schema":{"@context":"https:\/\/schema.org","@graph":[{"@type":"Article","@id":"https:\/\/derechoyreligion-uc.urantiacos.cl\/en\/seminario-2020-los-desafios-de-la-libertad-religiosa-en-el-sistema-interamericano-de-derechos-humanos-ciclo-de-conferencias-de-agosto-a-diciembre\/#article","isPartOf":{"@id":"https:\/\/derechoyreligion-uc.urantiacos.cl\/en\/seminario-2020-los-desafios-de-la-libertad-religiosa-en-el-sistema-interamericano-de-derechos-humanos-ciclo-de-conferencias-de-agosto-a-diciembre\/"},"author":{"name":"manadmin","@id":"https:\/\/derechoyreligion-uc.urantiacos.cl\/en\/#\/schema\/person\/6cc7f593e2f49e3b770a06f63b58e3b1"},"headline":"Seminario 2020: Los desaf\u00edos de la libertad religiosa en el Sistema Interamericano de Derechos Humanos: ciclo de conferencias de agosto a diciembre","datePublished":"2020-08-18T04:00:00+00:00","mainEntityOfPage":{"@id":"https:\/\/derechoyreligion-uc.urantiacos.cl\/en\/seminario-2020-los-desafios-de-la-libertad-religiosa-en-el-sistema-interamericano-de-derechos-humanos-ciclo-de-conferencias-de-agosto-a-diciembre\/"},"wordCount":80,"image":{"@id":"https:\/\/derechoyreligion-uc.urantiacos.cl\/en\/seminario-2020-los-desafios-de-la-libertad-religiosa-en-el-sistema-interamericano-de-derechos-humanos-ciclo-de-conferencias-de-agosto-a-diciembre\/#primaryimage"},"thumbnailUrl":"https:\/\/derechoyreligion-uc.urantiacos.cl\/wp-content\/uploads\/2025\/10\/Seminario_2020_Desafios_Libertad.jpg","articleSection":["Noticias"],"inLanguage":"en-US"},{"@type":"WebPage","@id":"https:\/\/derechoyreligion-uc.urantiacos.cl\/en\/seminario-2020-los-desafios-de-la-libertad-religiosa-en-el-sistema-interamericano-de-derechos-humanos-ciclo-de-conferencias-de-agosto-a-diciembre\/","url":"https:\/\/derechoyreligion-uc.urantiacos.cl\/en\/seminario-2020-los-desafios-de-la-libertad-religiosa-en-el-sistema-interamericano-de-derechos-humanos-ciclo-de-conferencias-de-agosto-a-diciembre\/","name":"Seminario 2020: Los desaf\u00edos de la libertad religiosa en el Sistema Interamericano de Derechos Humanos: ciclo de conferencias de agosto a diciembre - Centro UC Derecho y Religi\u00f3n","isPartOf":{"@id":"https:\/\/derechoyreligion-uc.urantiacos.cl\/en\/#website"},"primaryImageOfPage":{"@id":"https:\/\/derechoyreligion-uc.urantiacos.cl\/en\/seminario-2020-los-desafios-de-la-libertad-religiosa-en-el-sistema-interamericano-de-derechos-humanos-ciclo-de-conferencias-de-agosto-a-diciembre\/#primaryimage"},"image":{"@id":"https:\/\/derechoyreligion-uc.urantiacos.cl\/en\/seminario-2020-los-desafios-de-la-libertad-religiosa-en-el-sistema-interamericano-de-derechos-humanos-ciclo-de-conferencias-de-agosto-a-diciembre\/#primaryimage"},"thumbnailUrl":"https:\/\/derechoyreligion-uc.urantiacos.cl\/wp-content\/uploads\/2025\/10\/Seminario_2020_Desafios_Libertad.jpg","datePublished":"2020-08-18T04:00:00+00:00","author":{"@id":"https:\/\/derechoyreligion-uc.urantiacos.cl\/en\/#\/schema\/person\/6cc7f593e2f49e3b770a06f63b58e3b1"},"breadcrumb":{"@id":"https:\/\/derechoyreligion-uc.urantiacos.cl\/en\/seminario-2020-los-desafios-de-la-libertad-religiosa-en-el-sistema-interamericano-de-derechos-humanos-ciclo-de-conferencias-de-agosto-a-diciembre\/#breadcrumb"},"inLanguage":"en-US","potentialAction":[{"@type":"ReadAction","target":["https:\/\/derechoyreligion-uc.urantiacos.cl\/en\/seminario-2020-los-desafios-de-la-libertad-religiosa-en-el-sistema-interamericano-de-derechos-humanos-ciclo-de-conferencias-de-agosto-a-diciembre\/"]}]},{"@type":"ImageObject","inLanguage":"en-US","@id":"https:\/\/derechoyreligion-uc.urantiacos.cl\/en\/seminario-2020-los-desafios-de-la-libertad-religiosa-en-el-sistema-interamericano-de-derechos-humanos-ciclo-de-conferencias-de-agosto-a-diciembre\/#primaryimage","url":"https:\/\/derechoyreligion-uc.urantiacos.cl\/wp-content\/uploads\/2025\/10\/Seminario_2020_Desafios_Libertad.jpg","contentUrl":"https:\/\/derechoyreligion-uc.urantiacos.cl\/wp-content\/uploads\/2025\/10\/Seminario_2020_Desafios_Libertad.jpg","width":992,"height":1280},{"@type":"BreadcrumbList","@id":"https:\/\/derechoyreligion-uc.urantiacos.cl\/en\/seminario-2020-los-desafios-de-la-libertad-religiosa-en-el-sistema-interamericano-de-derechos-humanos-ciclo-de-conferencias-de-agosto-a-diciembre\/#breadcrumb","itemListElement":[{"@type":"ListItem","position":1,"name":"Portada","item":"https:\/\/derechoyreligion-uc.urantiacos.cl\/en\/"},{"@type":"ListItem","position":2,"name":"Seminario 2020: Los desaf\u00edos de la libertad religiosa en el Sistema Interamericano de Derechos Humanos: ciclo de conferencias de agosto a diciembre"}]},{"@type":"WebSite","@id":"https:\/\/derechoyreligion-uc.urantiacos.cl\/en\/#website","url":"https:\/\/derechoyreligion-uc.urantiacos.cl\/en\/","name":"Centro UC Derecho y Religi\u00f3n","description":"","potentialAction":[{"@type":"SearchAction","target":{"@type":"EntryPoint","urlTemplate":"https:\/\/derechoyreligion-uc.urantiacos.cl\/en\/?s={search_term_string}"},"query-input":{"@type":"PropertyValueSpecification","valueRequired":true,"valueName":"search_term_string"}}],"inLanguage":"en-US"},{"@type":"Person","@id":"https:\/\/derechoyreligion-uc.urantiacos.cl\/en\/#\/schema\/person\/6cc7f593e2f49e3b770a06f63b58e3b1","name":"manadmin","sameAs":["https:\/\/derechoyreligion-uc.urantiacos.cl"]}]}},"_links":{"self":[{"href":"https:\/\/derechoyreligion-uc.urantiacos.cl\/en\/wp-json\/wp\/v2\/posts\/1392","targetHints":{"allow":["GET"]}}],"collection":[{"href":"https:\/\/derechoyreligion-uc.urantiacos.cl\/en\/wp-json\/wp\/v2\/posts"}],"about":[{"href":"https:\/\/derechoyreligion-uc.urantiacos.cl\/en\/wp-json\/wp\/v2\/types\/post"}],"author":[{"embeddable":true,"href":"https:\/\/derechoyreligion-uc.urantiacos.cl\/en\/wp-json\/wp\/v2\/users\/1"}],"replies":[{"embeddable":true,"href":"https:\/\/derechoyreligion-uc.urantiacos.cl\/en\/wp-json\/wp\/v2\/comments?post=1392"}],"version-history":[{"count":0,"href":"https:\/\/derechoyreligion-uc.urantiacos.cl\/en\/wp-json\/wp\/v2\/posts\/1392\/revisions"}],"wp:featuredmedia":[{"embeddable":true,"href":"https:\/\/derechoyreligion-uc.urantiacos.cl\/en\/wp-json\/wp\/v2\/media\/1540"}],"wp:attachment":[{"href":"https:\/\/derechoyreligion-uc.urantiacos.cl\/en\/wp-json\/wp\/v2\/media?parent=1392"}],"wp:term":[{"taxonomy":"category","embeddable":true,"href":"https:\/\/derechoyreligion-uc.urantiacos.cl\/en\/wp-json\/wp\/v2\/categories?post=1392"},{"taxonomy":"post_tag","embeddable":true,"href":"https:\/\/derechoyreligion-uc.urantiacos.cl\/en\/wp-json\/wp\/v2\/tags?post=1392"}],"curies":[{"name":"wp","href":"https:\/\/api.w.org\/{rel}","templated":true}]}}