
{"id":1391,"date":"2020-11-25T00:00:00","date_gmt":"2020-11-25T03:00:00","guid":{"rendered":"https:\/\/derechoyreligion-uc.urantiacos.cl\/profesora-celis-en-celebracion-dia-de-la-libertad-religiosa\/"},"modified":"2020-11-25T00:00:00","modified_gmt":"2020-11-25T03:00:00","slug":"profesora-celis-en-celebracion-dia-de-la-libertad-religiosa","status":"publish","type":"post","link":"https:\/\/derechoyreligion-uc.urantiacos.cl\/en\/profesora-celis-en-celebracion-dia-de-la-libertad-religiosa\/","title":{"rendered":"Profesora Celis en celebraci\u00f3n D\u00eda de la Libertad Religiosa"},"content":{"rendered":"<article>\n<span><br \/>\n<\/span><\/p>\n<p>La profesora Celis participar\u00e1 en la Celebraci\u00f3n del D\u00eda de la Libertad Religiosa convocado por el Consejo Argentino para la Libertad Religiosa &#8211; CALIR -.\u00a0<\/p>\n<p>25 de noviembre de 2020. 18:00 hrs (Buenos Aires)<\/p>\n<p>Por Zoom. ID 896 8982 6816 &#8211; Clave: 342463<\/p>\n<p><img decoding=\"async\" alt=\"CALIR dia Lib Relig 25.11.2020\" src=\"https:\/\/derechoyreligion-uc.urantiacos.cl\/wp-content\/uploads\/imagenes\/CALIR_dia_Lib_Relig_25.11.2020.png\"\/><\/p>\n<\/article>\n","protected":false},"excerpt":{"rendered":"<p>La profesora Celis participar\u00e1 en la Celebraci\u00f3n del D\u00eda de la Libertad Religiosa convocado por el Consejo Argentino para la Libertad Religiosa &#8211; CALIR -.<\/p>\n","protected":false},"author":1,"featured_media":1538,"comment_status":"","ping_status":"","sticky":false,"template":"","format":"standard","meta":{"_acf_changed":false,"footnotes":""},"categories":[1],"tags":[],"class_list":["post-1391","post","type-post","status-publish","format-standard","has-post-thumbnail","hentry","category-noticias"],"acf":[],"yoast_head":"<!-- This site is optimized with the Yoast SEO plugin v27.1.1 - https:\/\/yoast.com\/product\/yoast-seo-wordpress\/ -->\n<title>Profesora Celis en celebraci\u00f3n D\u00eda de la Libertad Religiosa - Centro UC Derecho y Religi\u00f3n<\/title>\n<meta name=\"robots\" content=\"index, follow, max-snippet:-1, max-image-preview:large, max-video-preview:-1\" \/>\n<link rel=\"canonical\" href=\"https:\/\/derechoyreligion-uc.urantiacos.cl\/en\/profesora-celis-en-celebracion-dia-de-la-libertad-religiosa\/\" \/>\n<meta property=\"og:locale\" content=\"en_US\" \/>\n<meta property=\"og:type\" content=\"article\" \/>\n<meta property=\"og:title\" content=\"Profesora Celis en celebraci\u00f3n D\u00eda de la Libertad Religiosa - Centro UC Derecho y Religi\u00f3n\" \/>\n<meta property=\"og:description\" content=\"La profesora Celis participar\u00e1 en la Celebraci\u00f3n del D\u00eda de la Libertad Religiosa convocado por el Consejo Argentino para la Libertad Religiosa - CALIR -.\" \/>\n<meta property=\"og:url\" content=\"https:\/\/derechoyreligion-uc.urantiacos.cl\/en\/profesora-celis-en-celebracion-dia-de-la-libertad-religiosa\/\" \/>\n<meta property=\"og:site_name\" content=\"Centro UC Derecho y Religi\u00f3n\" \/>\n<meta property=\"article:published_time\" content=\"2020-11-25T03:00:00+00:00\" \/>\n<meta property=\"og:image\" content=\"https:\/\/derechoyreligion-uc.urantiacos.cl\/wp-content\/uploads\/2025\/10\/CALIR_dia_Lib_Relig_25.11.2020.png\" \/>\n\t<meta property=\"og:image:width\" content=\"610\" \/>\n\t<meta property=\"og:image:height\" content=\"615\" \/>\n\t<meta property=\"og:image:type\" content=\"image\/png\" \/>\n<meta name=\"author\" content=\"manadmin\" \/>\n<meta name=\"twitter:card\" content=\"summary_large_image\" \/>\n<meta name=\"twitter:label1\" content=\"Written by\" \/>\n\t<meta name=\"twitter:data1\" content=\"manadmin\" \/>\n<script type=\"application\/ld+json\" class=\"yoast-schema-graph\">{\"@context\":\"https:\/\/schema.org\",\"@graph\":[{\"@type\":\"Article\",\"@id\":\"https:\/\/derechoyreligion-uc.urantiacos.cl\/en\/profesora-celis-en-celebracion-dia-de-la-libertad-religiosa\/#article\",\"isPartOf\":{\"@id\":\"https:\/\/derechoyreligion-uc.urantiacos.cl\/en\/profesora-celis-en-celebracion-dia-de-la-libertad-religiosa\/\"},\"author\":{\"name\":\"manadmin\",\"@id\":\"https:\/\/derechoyreligion-uc.urantiacos.cl\/en\/#\/schema\/person\/6cc7f593e2f49e3b770a06f63b58e3b1\"},\"headline\":\"Profesora Celis en celebraci\u00f3n D\u00eda de la Libertad Religiosa\",\"datePublished\":\"2020-11-25T03:00:00+00:00\",\"mainEntityOfPage\":{\"@id\":\"https:\/\/derechoyreligion-uc.urantiacos.cl\/en\/profesora-celis-en-celebracion-dia-de-la-libertad-religiosa\/\"},\"wordCount\":49,\"image\":{\"@id\":\"https:\/\/derechoyreligion-uc.urantiacos.cl\/en\/profesora-celis-en-celebracion-dia-de-la-libertad-religiosa\/#primaryimage\"},\"thumbnailUrl\":\"https:\/\/derechoyreligion-uc.urantiacos.cl\/wp-content\/uploads\/2025\/10\/CALIR_dia_Lib_Relig_25.11.2020.png\",\"articleSection\":[\"Noticias\"],\"inLanguage\":\"en-US\"},{\"@type\":\"WebPage\",\"@id\":\"https:\/\/derechoyreligion-uc.urantiacos.cl\/en\/profesora-celis-en-celebracion-dia-de-la-libertad-religiosa\/\",\"url\":\"https:\/\/derechoyreligion-uc.urantiacos.cl\/en\/profesora-celis-en-celebracion-dia-de-la-libertad-religiosa\/\",\"name\":\"Profesora Celis en celebraci\u00f3n D\u00eda de la Libertad Religiosa - Centro UC Derecho y Religi\u00f3n\",\"isPartOf\":{\"@id\":\"https:\/\/derechoyreligion-uc.urantiacos.cl\/en\/#website\"},\"primaryImageOfPage\":{\"@id\":\"https:\/\/derechoyreligion-uc.urantiacos.cl\/en\/profesora-celis-en-celebracion-dia-de-la-libertad-religiosa\/#primaryimage\"},\"image\":{\"@id\":\"https:\/\/derechoyreligion-uc.urantiacos.cl\/en\/profesora-celis-en-celebracion-dia-de-la-libertad-religiosa\/#primaryimage\"},\"thumbnailUrl\":\"https:\/\/derechoyreligion-uc.urantiacos.cl\/wp-content\/uploads\/2025\/10\/CALIR_dia_Lib_Relig_25.11.2020.png\",\"datePublished\":\"2020-11-25T03:00:00+00:00\",\"author\":{\"@id\":\"https:\/\/derechoyreligion-uc.urantiacos.cl\/en\/#\/schema\/person\/6cc7f593e2f49e3b770a06f63b58e3b1\"},\"breadcrumb\":{\"@id\":\"https:\/\/derechoyreligion-uc.urantiacos.cl\/en\/profesora-celis-en-celebracion-dia-de-la-libertad-religiosa\/#breadcrumb\"},\"inLanguage\":\"en-US\",\"potentialAction\":[{\"@type\":\"ReadAction\",\"target\":[\"https:\/\/derechoyreligion-uc.urantiacos.cl\/en\/profesora-celis-en-celebracion-dia-de-la-libertad-religiosa\/\"]}]},{\"@type\":\"ImageObject\",\"inLanguage\":\"en-US\",\"@id\":\"https:\/\/derechoyreligion-uc.urantiacos.cl\/en\/profesora-celis-en-celebracion-dia-de-la-libertad-religiosa\/#primaryimage\",\"url\":\"https:\/\/derechoyreligion-uc.urantiacos.cl\/wp-content\/uploads\/2025\/10\/CALIR_dia_Lib_Relig_25.11.2020.png\",\"contentUrl\":\"https:\/\/derechoyreligion-uc.urantiacos.cl\/wp-content\/uploads\/2025\/10\/CALIR_dia_Lib_Relig_25.11.2020.png\",\"width\":610,\"height\":615},{\"@type\":\"BreadcrumbList\",\"@id\":\"https:\/\/derechoyreligion-uc.urantiacos.cl\/en\/profesora-celis-en-celebracion-dia-de-la-libertad-religiosa\/#breadcrumb\",\"itemListElement\":[{\"@type\":\"ListItem\",\"position\":1,\"name\":\"Portada\",\"item\":\"https:\/\/derechoyreligion-uc.urantiacos.cl\/en\/\"},{\"@type\":\"ListItem\",\"position\":2,\"name\":\"Profesora Celis en celebraci\u00f3n D\u00eda de la Libertad Religiosa\"}]},{\"@type\":\"WebSite\",\"@id\":\"https:\/\/derechoyreligion-uc.urantiacos.cl\/en\/#website\",\"url\":\"https:\/\/derechoyreligion-uc.urantiacos.cl\/en\/\",\"name\":\"Centro UC Derecho y Religi\u00f3n\",\"description\":\"\",\"potentialAction\":[{\"@type\":\"SearchAction\",\"target\":{\"@type\":\"EntryPoint\",\"urlTemplate\":\"https:\/\/derechoyreligion-uc.urantiacos.cl\/en\/?s={search_term_string}\"},\"query-input\":{\"@type\":\"PropertyValueSpecification\",\"valueRequired\":true,\"valueName\":\"search_term_string\"}}],\"inLanguage\":\"en-US\"},{\"@type\":\"Person\",\"@id\":\"https:\/\/derechoyreligion-uc.urantiacos.cl\/en\/#\/schema\/person\/6cc7f593e2f49e3b770a06f63b58e3b1\",\"name\":\"manadmin\",\"sameAs\":[\"https:\/\/derechoyreligion-uc.urantiacos.cl\"]}]}<\/script>\n<!-- \/ Yoast SEO plugin. -->","yoast_head_json":{"title":"Profesora Celis en celebraci\u00f3n D\u00eda de la Libertad Religiosa - Centro UC Derecho y Religi\u00f3n","robots":{"index":"index","follow":"follow","max-snippet":"max-snippet:-1","max-image-preview":"max-image-preview:large","max-video-preview":"max-video-preview:-1"},"canonical":"https:\/\/derechoyreligion-uc.urantiacos.cl\/en\/profesora-celis-en-celebracion-dia-de-la-libertad-religiosa\/","og_locale":"en_US","og_type":"article","og_title":"Profesora Celis en celebraci\u00f3n D\u00eda de la Libertad Religiosa - Centro UC Derecho y Religi\u00f3n","og_description":"La profesora Celis participar\u00e1 en la Celebraci\u00f3n del D\u00eda de la Libertad Religiosa convocado por el Consejo Argentino para la Libertad Religiosa - CALIR -.","og_url":"https:\/\/derechoyreligion-uc.urantiacos.cl\/en\/profesora-celis-en-celebracion-dia-de-la-libertad-religiosa\/","og_site_name":"Centro UC Derecho y Religi\u00f3n","article_published_time":"2020-11-25T03:00:00+00:00","og_image":[{"width":610,"height":615,"url":"https:\/\/derechoyreligion-uc.urantiacos.cl\/wp-content\/uploads\/2025\/10\/CALIR_dia_Lib_Relig_25.11.2020.png","type":"image\/png"}],"author":"manadmin","twitter_card":"summary_large_image","twitter_misc":{"Written by":"manadmin"},"schema":{"@context":"https:\/\/schema.org","@graph":[{"@type":"Article","@id":"https:\/\/derechoyreligion-uc.urantiacos.cl\/en\/profesora-celis-en-celebracion-dia-de-la-libertad-religiosa\/#article","isPartOf":{"@id":"https:\/\/derechoyreligion-uc.urantiacos.cl\/en\/profesora-celis-en-celebracion-dia-de-la-libertad-religiosa\/"},"author":{"name":"manadmin","@id":"https:\/\/derechoyreligion-uc.urantiacos.cl\/en\/#\/schema\/person\/6cc7f593e2f49e3b770a06f63b58e3b1"},"headline":"Profesora Celis en celebraci\u00f3n D\u00eda de la Libertad Religiosa","datePublished":"2020-11-25T03:00:00+00:00","mainEntityOfPage":{"@id":"https:\/\/derechoyreligion-uc.urantiacos.cl\/en\/profesora-celis-en-celebracion-dia-de-la-libertad-religiosa\/"},"wordCount":49,"image":{"@id":"https:\/\/derechoyreligion-uc.urantiacos.cl\/en\/profesora-celis-en-celebracion-dia-de-la-libertad-religiosa\/#primaryimage"},"thumbnailUrl":"https:\/\/derechoyreligion-uc.urantiacos.cl\/wp-content\/uploads\/2025\/10\/CALIR_dia_Lib_Relig_25.11.2020.png","articleSection":["Noticias"],"inLanguage":"en-US"},{"@type":"WebPage","@id":"https:\/\/derechoyreligion-uc.urantiacos.cl\/en\/profesora-celis-en-celebracion-dia-de-la-libertad-religiosa\/","url":"https:\/\/derechoyreligion-uc.urantiacos.cl\/en\/profesora-celis-en-celebracion-dia-de-la-libertad-religiosa\/","name":"Profesora Celis en celebraci\u00f3n D\u00eda de la Libertad Religiosa - Centro UC Derecho y Religi\u00f3n","isPartOf":{"@id":"https:\/\/derechoyreligion-uc.urantiacos.cl\/en\/#website"},"primaryImageOfPage":{"@id":"https:\/\/derechoyreligion-uc.urantiacos.cl\/en\/profesora-celis-en-celebracion-dia-de-la-libertad-religiosa\/#primaryimage"},"image":{"@id":"https:\/\/derechoyreligion-uc.urantiacos.cl\/en\/profesora-celis-en-celebracion-dia-de-la-libertad-religiosa\/#primaryimage"},"thumbnailUrl":"https:\/\/derechoyreligion-uc.urantiacos.cl\/wp-content\/uploads\/2025\/10\/CALIR_dia_Lib_Relig_25.11.2020.png","datePublished":"2020-11-25T03:00:00+00:00","author":{"@id":"https:\/\/derechoyreligion-uc.urantiacos.cl\/en\/#\/schema\/person\/6cc7f593e2f49e3b770a06f63b58e3b1"},"breadcrumb":{"@id":"https:\/\/derechoyreligion-uc.urantiacos.cl\/en\/profesora-celis-en-celebracion-dia-de-la-libertad-religiosa\/#breadcrumb"},"inLanguage":"en-US","potentialAction":[{"@type":"ReadAction","target":["https:\/\/derechoyreligion-uc.urantiacos.cl\/en\/profesora-celis-en-celebracion-dia-de-la-libertad-religiosa\/"]}]},{"@type":"ImageObject","inLanguage":"en-US","@id":"https:\/\/derechoyreligion-uc.urantiacos.cl\/en\/profesora-celis-en-celebracion-dia-de-la-libertad-religiosa\/#primaryimage","url":"https:\/\/derechoyreligion-uc.urantiacos.cl\/wp-content\/uploads\/2025\/10\/CALIR_dia_Lib_Relig_25.11.2020.png","contentUrl":"https:\/\/derechoyreligion-uc.urantiacos.cl\/wp-content\/uploads\/2025\/10\/CALIR_dia_Lib_Relig_25.11.2020.png","width":610,"height":615},{"@type":"BreadcrumbList","@id":"https:\/\/derechoyreligion-uc.urantiacos.cl\/en\/profesora-celis-en-celebracion-dia-de-la-libertad-religiosa\/#breadcrumb","itemListElement":[{"@type":"ListItem","position":1,"name":"Portada","item":"https:\/\/derechoyreligion-uc.urantiacos.cl\/en\/"},{"@type":"ListItem","position":2,"name":"Profesora Celis en celebraci\u00f3n D\u00eda de la Libertad Religiosa"}]},{"@type":"WebSite","@id":"https:\/\/derechoyreligion-uc.urantiacos.cl\/en\/#website","url":"https:\/\/derechoyreligion-uc.urantiacos.cl\/en\/","name":"Centro UC Derecho y Religi\u00f3n","description":"","potentialAction":[{"@type":"SearchAction","target":{"@type":"EntryPoint","urlTemplate":"https:\/\/derechoyreligion-uc.urantiacos.cl\/en\/?s={search_term_string}"},"query-input":{"@type":"PropertyValueSpecification","valueRequired":true,"valueName":"search_term_string"}}],"inLanguage":"en-US"},{"@type":"Person","@id":"https:\/\/derechoyreligion-uc.urantiacos.cl\/en\/#\/schema\/person\/6cc7f593e2f49e3b770a06f63b58e3b1","name":"manadmin","sameAs":["https:\/\/derechoyreligion-uc.urantiacos.cl"]}]}},"_links":{"self":[{"href":"https:\/\/derechoyreligion-uc.urantiacos.cl\/en\/wp-json\/wp\/v2\/posts\/1391","targetHints":{"allow":["GET"]}}],"collection":[{"href":"https:\/\/derechoyreligion-uc.urantiacos.cl\/en\/wp-json\/wp\/v2\/posts"}],"about":[{"href":"https:\/\/derechoyreligion-uc.urantiacos.cl\/en\/wp-json\/wp\/v2\/types\/post"}],"author":[{"embeddable":true,"href":"https:\/\/derechoyreligion-uc.urantiacos.cl\/en\/wp-json\/wp\/v2\/users\/1"}],"replies":[{"embeddable":true,"href":"https:\/\/derechoyreligion-uc.urantiacos.cl\/en\/wp-json\/wp\/v2\/comments?post=1391"}],"version-history":[{"count":0,"href":"https:\/\/derechoyreligion-uc.urantiacos.cl\/en\/wp-json\/wp\/v2\/posts\/1391\/revisions"}],"wp:featuredmedia":[{"embeddable":true,"href":"https:\/\/derechoyreligion-uc.urantiacos.cl\/en\/wp-json\/wp\/v2\/media\/1538"}],"wp:attachment":[{"href":"https:\/\/derechoyreligion-uc.urantiacos.cl\/en\/wp-json\/wp\/v2\/media?parent=1391"}],"wp:term":[{"taxonomy":"category","embeddable":true,"href":"https:\/\/derechoyreligion-uc.urantiacos.cl\/en\/wp-json\/wp\/v2\/categories?post=1391"},{"taxonomy":"post_tag","embeddable":true,"href":"https:\/\/derechoyreligion-uc.urantiacos.cl\/en\/wp-json\/wp\/v2\/tags?post=1391"}],"curies":[{"name":"wp","href":"https:\/\/api.w.org\/{rel}","templated":true}]}}