
{"id":1389,"date":"2021-02-04T00:00:00","date_gmt":"2021-02-04T03:00:00","guid":{"rendered":"https:\/\/derechoyreligion-uc.urantiacos.cl\/corte-de-apelaciones-de-santiago-acoge-recurso-proteccion-por-denostar-a-confesion-religiosa-en-twitter\/"},"modified":"2021-02-04T00:00:00","modified_gmt":"2021-02-04T03:00:00","slug":"corte-de-apelaciones-de-santiago-acoge-recurso-proteccion-por-denostar-a-confesion-religiosa-en-twitter","status":"publish","type":"post","link":"https:\/\/derechoyreligion-uc.urantiacos.cl\/en\/corte-de-apelaciones-de-santiago-acoge-recurso-proteccion-por-denostar-a-confesion-religiosa-en-twitter\/","title":{"rendered":"Corte de Apelaciones de Santiago acoge recurso protecci\u00f3n por denostar a confesi\u00f3n religiosa en twitter"},"content":{"rendered":"<article>\n<span><br \/>\n<\/span><\/p>\n<p><a href=\"http:\/\/ojs.uc.cl\/index.php\/bjur\/article\/view\/29397\" target=\"_blank\">La Corte de Apelaciones de Santiago de Chile ()\u00a0 acogi\u00f3 recurso de protecci\u00f3n por publicaciones ofensivas contra una confesi\u00f3n religiosa en la red social Twitter<\/a>, y declar\u00f3 que el recurrido deber\u00e1 eliminar de Twitter la publicaci\u00f3n, debiendo abstenerse de efectuar nuevas publicaciones de igual tenor. Se\u00f1al\u00f3 que &#8220;&#8230;cuando la publicaci\u00f3n busca denostar a las personas y su fe religiosa, la correcta ponderaci\u00f3n de los derechos involucrados lleva necesariamente a afirmar que corresponde amparar a los actores&#8230;&#8221;.<\/p>\n<p><img decoding=\"async\" alt=\"Foto Sentencias\" src=\"https:\/\/derechoyreligion-uc.urantiacos.cl\/wp-content\/uploads\/imagenes\/Foto_Sentencias_2.png\"\/><\/p>\n<p>\u00a0<\/p>\n<p>\u00a0<\/p>\n<p>\u00a0<\/p>\n<p>\u00a0<\/p>\n<\/article>\n","protected":false},"excerpt":{"rendered":"<p>La Corte de Apelaciones de Santiago de Chile (4-2-2021)\u00a0 acogi\u00f3 recurso de protecci\u00f3n por publicaciones ofensivas contra una confesi\u00f3n religiosa en la red social Twitter, y declar\u00f3 que el recurrido deber\u00e1 eliminar de Twitter la publicaci\u00f3n, debiendo abstenerse de efectuar nuevas publicaciones de igual tenor. Se\u00f1al\u00f3 que &#8220;&#8230;cuando la publicaci\u00f3n busca denostar a las personas y su fe religiosa, la correcta ponderaci\u00f3n de los derechos involucrados lleva necesariamente a afirmar que corresponde amparar a los actores&#8230;&#8221;.<\/p>\n","protected":false},"author":1,"featured_media":1537,"comment_status":"","ping_status":"","sticky":false,"template":"","format":"standard","meta":{"_acf_changed":false,"footnotes":""},"categories":[1],"tags":[],"class_list":["post-1389","post","type-post","status-publish","format-standard","has-post-thumbnail","hentry","category-noticias"],"acf":[],"yoast_head":"<!-- This site is optimized with the Yoast SEO plugin v27.1.1 - https:\/\/yoast.com\/product\/yoast-seo-wordpress\/ -->\n<title>Corte de Apelaciones de Santiago acoge recurso protecci\u00f3n por denostar a confesi\u00f3n religiosa en twitter - Centro UC Derecho y Religi\u00f3n<\/title>\n<meta name=\"robots\" content=\"index, follow, max-snippet:-1, max-image-preview:large, max-video-preview:-1\" \/>\n<link rel=\"canonical\" href=\"https:\/\/derechoyreligion-uc.urantiacos.cl\/en\/corte-de-apelaciones-de-santiago-acoge-recurso-proteccion-por-denostar-a-confesion-religiosa-en-twitter\/\" \/>\n<meta property=\"og:locale\" content=\"en_US\" \/>\n<meta property=\"og:type\" content=\"article\" \/>\n<meta property=\"og:title\" content=\"Corte de Apelaciones de Santiago acoge recurso protecci\u00f3n por denostar a confesi\u00f3n religiosa en twitter - Centro UC Derecho y Religi\u00f3n\" \/>\n<meta property=\"og:description\" content=\"La Corte de Apelaciones de Santiago de Chile (4-2-2021)\u00a0 acogi\u00f3 recurso de protecci\u00f3n por publicaciones ofensivas contra una confesi\u00f3n religiosa en la red social Twitter, y declar\u00f3 que el recurrido deber\u00e1 eliminar de Twitter la publicaci\u00f3n, debiendo abstenerse de efectuar nuevas publicaciones de igual tenor. Se\u00f1al\u00f3 que &quot;...cuando la publicaci\u00f3n busca denostar a las personas y su fe religiosa, la correcta ponderaci\u00f3n de los derechos involucrados lleva necesariamente a afirmar que corresponde amparar a los actores...&quot;.\" \/>\n<meta property=\"og:url\" content=\"https:\/\/derechoyreligion-uc.urantiacos.cl\/en\/corte-de-apelaciones-de-santiago-acoge-recurso-proteccion-por-denostar-a-confesion-religiosa-en-twitter\/\" \/>\n<meta property=\"og:site_name\" content=\"Centro UC Derecho y Religi\u00f3n\" \/>\n<meta property=\"article:published_time\" content=\"2021-02-04T03:00:00+00:00\" \/>\n<meta property=\"og:image\" content=\"https:\/\/derechoyreligion-uc.urantiacos.cl\/wp-content\/uploads\/2025\/10\/Foto_Sentencias_2.png\" \/>\n\t<meta property=\"og:image:width\" content=\"283\" \/>\n\t<meta property=\"og:image:height\" content=\"210\" \/>\n\t<meta property=\"og:image:type\" content=\"image\/png\" \/>\n<meta name=\"author\" content=\"manadmin\" \/>\n<meta name=\"twitter:card\" content=\"summary_large_image\" \/>\n<meta name=\"twitter:label1\" content=\"Written by\" \/>\n\t<meta name=\"twitter:data1\" content=\"manadmin\" \/>\n<script type=\"application\/ld+json\" class=\"yoast-schema-graph\">{\"@context\":\"https:\/\/schema.org\",\"@graph\":[{\"@type\":\"Article\",\"@id\":\"https:\/\/derechoyreligion-uc.urantiacos.cl\/en\/corte-de-apelaciones-de-santiago-acoge-recurso-proteccion-por-denostar-a-confesion-religiosa-en-twitter\/#article\",\"isPartOf\":{\"@id\":\"https:\/\/derechoyreligion-uc.urantiacos.cl\/en\/corte-de-apelaciones-de-santiago-acoge-recurso-proteccion-por-denostar-a-confesion-religiosa-en-twitter\/\"},\"author\":{\"name\":\"manadmin\",\"@id\":\"https:\/\/derechoyreligion-uc.urantiacos.cl\/en\/#\/schema\/person\/6cc7f593e2f49e3b770a06f63b58e3b1\"},\"headline\":\"Corte de Apelaciones de Santiago acoge recurso protecci\u00f3n por denostar a confesi\u00f3n religiosa en twitter\",\"datePublished\":\"2021-02-04T03:00:00+00:00\",\"mainEntityOfPage\":{\"@id\":\"https:\/\/derechoyreligion-uc.urantiacos.cl\/en\/corte-de-apelaciones-de-santiago-acoge-recurso-proteccion-por-denostar-a-confesion-religiosa-en-twitter\/\"},\"wordCount\":98,\"image\":{\"@id\":\"https:\/\/derechoyreligion-uc.urantiacos.cl\/en\/corte-de-apelaciones-de-santiago-acoge-recurso-proteccion-por-denostar-a-confesion-religiosa-en-twitter\/#primaryimage\"},\"thumbnailUrl\":\"https:\/\/derechoyreligion-uc.urantiacos.cl\/wp-content\/uploads\/2025\/10\/Foto_Sentencias_2.png\",\"articleSection\":[\"Noticias\"],\"inLanguage\":\"en-US\"},{\"@type\":\"WebPage\",\"@id\":\"https:\/\/derechoyreligion-uc.urantiacos.cl\/en\/corte-de-apelaciones-de-santiago-acoge-recurso-proteccion-por-denostar-a-confesion-religiosa-en-twitter\/\",\"url\":\"https:\/\/derechoyreligion-uc.urantiacos.cl\/en\/corte-de-apelaciones-de-santiago-acoge-recurso-proteccion-por-denostar-a-confesion-religiosa-en-twitter\/\",\"name\":\"Corte de Apelaciones de Santiago acoge recurso protecci\u00f3n por denostar a confesi\u00f3n religiosa en twitter - Centro UC Derecho y Religi\u00f3n\",\"isPartOf\":{\"@id\":\"https:\/\/derechoyreligion-uc.urantiacos.cl\/en\/#website\"},\"primaryImageOfPage\":{\"@id\":\"https:\/\/derechoyreligion-uc.urantiacos.cl\/en\/corte-de-apelaciones-de-santiago-acoge-recurso-proteccion-por-denostar-a-confesion-religiosa-en-twitter\/#primaryimage\"},\"image\":{\"@id\":\"https:\/\/derechoyreligion-uc.urantiacos.cl\/en\/corte-de-apelaciones-de-santiago-acoge-recurso-proteccion-por-denostar-a-confesion-religiosa-en-twitter\/#primaryimage\"},\"thumbnailUrl\":\"https:\/\/derechoyreligion-uc.urantiacos.cl\/wp-content\/uploads\/2025\/10\/Foto_Sentencias_2.png\",\"datePublished\":\"2021-02-04T03:00:00+00:00\",\"author\":{\"@id\":\"https:\/\/derechoyreligion-uc.urantiacos.cl\/en\/#\/schema\/person\/6cc7f593e2f49e3b770a06f63b58e3b1\"},\"breadcrumb\":{\"@id\":\"https:\/\/derechoyreligion-uc.urantiacos.cl\/en\/corte-de-apelaciones-de-santiago-acoge-recurso-proteccion-por-denostar-a-confesion-religiosa-en-twitter\/#breadcrumb\"},\"inLanguage\":\"en-US\",\"potentialAction\":[{\"@type\":\"ReadAction\",\"target\":[\"https:\/\/derechoyreligion-uc.urantiacos.cl\/en\/corte-de-apelaciones-de-santiago-acoge-recurso-proteccion-por-denostar-a-confesion-religiosa-en-twitter\/\"]}]},{\"@type\":\"ImageObject\",\"inLanguage\":\"en-US\",\"@id\":\"https:\/\/derechoyreligion-uc.urantiacos.cl\/en\/corte-de-apelaciones-de-santiago-acoge-recurso-proteccion-por-denostar-a-confesion-religiosa-en-twitter\/#primaryimage\",\"url\":\"https:\/\/derechoyreligion-uc.urantiacos.cl\/wp-content\/uploads\/2025\/10\/Foto_Sentencias_2.png\",\"contentUrl\":\"https:\/\/derechoyreligion-uc.urantiacos.cl\/wp-content\/uploads\/2025\/10\/Foto_Sentencias_2.png\",\"width\":283,\"height\":210},{\"@type\":\"BreadcrumbList\",\"@id\":\"https:\/\/derechoyreligion-uc.urantiacos.cl\/en\/corte-de-apelaciones-de-santiago-acoge-recurso-proteccion-por-denostar-a-confesion-religiosa-en-twitter\/#breadcrumb\",\"itemListElement\":[{\"@type\":\"ListItem\",\"position\":1,\"name\":\"Portada\",\"item\":\"https:\/\/derechoyreligion-uc.urantiacos.cl\/en\/\"},{\"@type\":\"ListItem\",\"position\":2,\"name\":\"Corte de Apelaciones de Santiago acoge recurso protecci\u00f3n por denostar a confesi\u00f3n religiosa en twitter\"}]},{\"@type\":\"WebSite\",\"@id\":\"https:\/\/derechoyreligion-uc.urantiacos.cl\/en\/#website\",\"url\":\"https:\/\/derechoyreligion-uc.urantiacos.cl\/en\/\",\"name\":\"Centro UC Derecho y Religi\u00f3n\",\"description\":\"\",\"potentialAction\":[{\"@type\":\"SearchAction\",\"target\":{\"@type\":\"EntryPoint\",\"urlTemplate\":\"https:\/\/derechoyreligion-uc.urantiacos.cl\/en\/?s={search_term_string}\"},\"query-input\":{\"@type\":\"PropertyValueSpecification\",\"valueRequired\":true,\"valueName\":\"search_term_string\"}}],\"inLanguage\":\"en-US\"},{\"@type\":\"Person\",\"@id\":\"https:\/\/derechoyreligion-uc.urantiacos.cl\/en\/#\/schema\/person\/6cc7f593e2f49e3b770a06f63b58e3b1\",\"name\":\"manadmin\",\"sameAs\":[\"https:\/\/derechoyreligion-uc.urantiacos.cl\"]}]}<\/script>\n<!-- \/ Yoast SEO plugin. -->","yoast_head_json":{"title":"Corte de Apelaciones de Santiago acoge recurso protecci\u00f3n por denostar a confesi\u00f3n religiosa en twitter - Centro UC Derecho y Religi\u00f3n","robots":{"index":"index","follow":"follow","max-snippet":"max-snippet:-1","max-image-preview":"max-image-preview:large","max-video-preview":"max-video-preview:-1"},"canonical":"https:\/\/derechoyreligion-uc.urantiacos.cl\/en\/corte-de-apelaciones-de-santiago-acoge-recurso-proteccion-por-denostar-a-confesion-religiosa-en-twitter\/","og_locale":"en_US","og_type":"article","og_title":"Corte de Apelaciones de Santiago acoge recurso protecci\u00f3n por denostar a confesi\u00f3n religiosa en twitter - Centro UC Derecho y Religi\u00f3n","og_description":"La Corte de Apelaciones de Santiago de Chile (4-2-2021)\u00a0 acogi\u00f3 recurso de protecci\u00f3n por publicaciones ofensivas contra una confesi\u00f3n religiosa en la red social Twitter, y declar\u00f3 que el recurrido deber\u00e1 eliminar de Twitter la publicaci\u00f3n, debiendo abstenerse de efectuar nuevas publicaciones de igual tenor. Se\u00f1al\u00f3 que \"...cuando la publicaci\u00f3n busca denostar a las personas y su fe religiosa, la correcta ponderaci\u00f3n de los derechos involucrados lleva necesariamente a afirmar que corresponde amparar a los actores...\".","og_url":"https:\/\/derechoyreligion-uc.urantiacos.cl\/en\/corte-de-apelaciones-de-santiago-acoge-recurso-proteccion-por-denostar-a-confesion-religiosa-en-twitter\/","og_site_name":"Centro UC Derecho y Religi\u00f3n","article_published_time":"2021-02-04T03:00:00+00:00","og_image":[{"width":283,"height":210,"url":"https:\/\/derechoyreligion-uc.urantiacos.cl\/wp-content\/uploads\/2025\/10\/Foto_Sentencias_2.png","type":"image\/png"}],"author":"manadmin","twitter_card":"summary_large_image","twitter_misc":{"Written by":"manadmin"},"schema":{"@context":"https:\/\/schema.org","@graph":[{"@type":"Article","@id":"https:\/\/derechoyreligion-uc.urantiacos.cl\/en\/corte-de-apelaciones-de-santiago-acoge-recurso-proteccion-por-denostar-a-confesion-religiosa-en-twitter\/#article","isPartOf":{"@id":"https:\/\/derechoyreligion-uc.urantiacos.cl\/en\/corte-de-apelaciones-de-santiago-acoge-recurso-proteccion-por-denostar-a-confesion-religiosa-en-twitter\/"},"author":{"name":"manadmin","@id":"https:\/\/derechoyreligion-uc.urantiacos.cl\/en\/#\/schema\/person\/6cc7f593e2f49e3b770a06f63b58e3b1"},"headline":"Corte de Apelaciones de Santiago acoge recurso protecci\u00f3n por denostar a confesi\u00f3n religiosa en twitter","datePublished":"2021-02-04T03:00:00+00:00","mainEntityOfPage":{"@id":"https:\/\/derechoyreligion-uc.urantiacos.cl\/en\/corte-de-apelaciones-de-santiago-acoge-recurso-proteccion-por-denostar-a-confesion-religiosa-en-twitter\/"},"wordCount":98,"image":{"@id":"https:\/\/derechoyreligion-uc.urantiacos.cl\/en\/corte-de-apelaciones-de-santiago-acoge-recurso-proteccion-por-denostar-a-confesion-religiosa-en-twitter\/#primaryimage"},"thumbnailUrl":"https:\/\/derechoyreligion-uc.urantiacos.cl\/wp-content\/uploads\/2025\/10\/Foto_Sentencias_2.png","articleSection":["Noticias"],"inLanguage":"en-US"},{"@type":"WebPage","@id":"https:\/\/derechoyreligion-uc.urantiacos.cl\/en\/corte-de-apelaciones-de-santiago-acoge-recurso-proteccion-por-denostar-a-confesion-religiosa-en-twitter\/","url":"https:\/\/derechoyreligion-uc.urantiacos.cl\/en\/corte-de-apelaciones-de-santiago-acoge-recurso-proteccion-por-denostar-a-confesion-religiosa-en-twitter\/","name":"Corte de Apelaciones de Santiago acoge recurso protecci\u00f3n por denostar a confesi\u00f3n religiosa en twitter - Centro UC Derecho y Religi\u00f3n","isPartOf":{"@id":"https:\/\/derechoyreligion-uc.urantiacos.cl\/en\/#website"},"primaryImageOfPage":{"@id":"https:\/\/derechoyreligion-uc.urantiacos.cl\/en\/corte-de-apelaciones-de-santiago-acoge-recurso-proteccion-por-denostar-a-confesion-religiosa-en-twitter\/#primaryimage"},"image":{"@id":"https:\/\/derechoyreligion-uc.urantiacos.cl\/en\/corte-de-apelaciones-de-santiago-acoge-recurso-proteccion-por-denostar-a-confesion-religiosa-en-twitter\/#primaryimage"},"thumbnailUrl":"https:\/\/derechoyreligion-uc.urantiacos.cl\/wp-content\/uploads\/2025\/10\/Foto_Sentencias_2.png","datePublished":"2021-02-04T03:00:00+00:00","author":{"@id":"https:\/\/derechoyreligion-uc.urantiacos.cl\/en\/#\/schema\/person\/6cc7f593e2f49e3b770a06f63b58e3b1"},"breadcrumb":{"@id":"https:\/\/derechoyreligion-uc.urantiacos.cl\/en\/corte-de-apelaciones-de-santiago-acoge-recurso-proteccion-por-denostar-a-confesion-religiosa-en-twitter\/#breadcrumb"},"inLanguage":"en-US","potentialAction":[{"@type":"ReadAction","target":["https:\/\/derechoyreligion-uc.urantiacos.cl\/en\/corte-de-apelaciones-de-santiago-acoge-recurso-proteccion-por-denostar-a-confesion-religiosa-en-twitter\/"]}]},{"@type":"ImageObject","inLanguage":"en-US","@id":"https:\/\/derechoyreligion-uc.urantiacos.cl\/en\/corte-de-apelaciones-de-santiago-acoge-recurso-proteccion-por-denostar-a-confesion-religiosa-en-twitter\/#primaryimage","url":"https:\/\/derechoyreligion-uc.urantiacos.cl\/wp-content\/uploads\/2025\/10\/Foto_Sentencias_2.png","contentUrl":"https:\/\/derechoyreligion-uc.urantiacos.cl\/wp-content\/uploads\/2025\/10\/Foto_Sentencias_2.png","width":283,"height":210},{"@type":"BreadcrumbList","@id":"https:\/\/derechoyreligion-uc.urantiacos.cl\/en\/corte-de-apelaciones-de-santiago-acoge-recurso-proteccion-por-denostar-a-confesion-religiosa-en-twitter\/#breadcrumb","itemListElement":[{"@type":"ListItem","position":1,"name":"Portada","item":"https:\/\/derechoyreligion-uc.urantiacos.cl\/en\/"},{"@type":"ListItem","position":2,"name":"Corte de Apelaciones de Santiago acoge recurso protecci\u00f3n por denostar a confesi\u00f3n religiosa en twitter"}]},{"@type":"WebSite","@id":"https:\/\/derechoyreligion-uc.urantiacos.cl\/en\/#website","url":"https:\/\/derechoyreligion-uc.urantiacos.cl\/en\/","name":"Centro UC Derecho y Religi\u00f3n","description":"","potentialAction":[{"@type":"SearchAction","target":{"@type":"EntryPoint","urlTemplate":"https:\/\/derechoyreligion-uc.urantiacos.cl\/en\/?s={search_term_string}"},"query-input":{"@type":"PropertyValueSpecification","valueRequired":true,"valueName":"search_term_string"}}],"inLanguage":"en-US"},{"@type":"Person","@id":"https:\/\/derechoyreligion-uc.urantiacos.cl\/en\/#\/schema\/person\/6cc7f593e2f49e3b770a06f63b58e3b1","name":"manadmin","sameAs":["https:\/\/derechoyreligion-uc.urantiacos.cl"]}]}},"_links":{"self":[{"href":"https:\/\/derechoyreligion-uc.urantiacos.cl\/en\/wp-json\/wp\/v2\/posts\/1389","targetHints":{"allow":["GET"]}}],"collection":[{"href":"https:\/\/derechoyreligion-uc.urantiacos.cl\/en\/wp-json\/wp\/v2\/posts"}],"about":[{"href":"https:\/\/derechoyreligion-uc.urantiacos.cl\/en\/wp-json\/wp\/v2\/types\/post"}],"author":[{"embeddable":true,"href":"https:\/\/derechoyreligion-uc.urantiacos.cl\/en\/wp-json\/wp\/v2\/users\/1"}],"replies":[{"embeddable":true,"href":"https:\/\/derechoyreligion-uc.urantiacos.cl\/en\/wp-json\/wp\/v2\/comments?post=1389"}],"version-history":[{"count":0,"href":"https:\/\/derechoyreligion-uc.urantiacos.cl\/en\/wp-json\/wp\/v2\/posts\/1389\/revisions"}],"wp:featuredmedia":[{"embeddable":true,"href":"https:\/\/derechoyreligion-uc.urantiacos.cl\/en\/wp-json\/wp\/v2\/media\/1537"}],"wp:attachment":[{"href":"https:\/\/derechoyreligion-uc.urantiacos.cl\/en\/wp-json\/wp\/v2\/media?parent=1389"}],"wp:term":[{"taxonomy":"category","embeddable":true,"href":"https:\/\/derechoyreligion-uc.urantiacos.cl\/en\/wp-json\/wp\/v2\/categories?post=1389"},{"taxonomy":"post_tag","embeddable":true,"href":"https:\/\/derechoyreligion-uc.urantiacos.cl\/en\/wp-json\/wp\/v2\/tags?post=1389"}],"curies":[{"name":"wp","href":"https:\/\/api.w.org\/{rel}","templated":true}]}}