
{"id":1387,"date":"2021-04-07T00:00:00","date_gmt":"2021-04-07T04:00:00","guid":{"rendered":"https:\/\/derechoyreligion-uc.urantiacos.cl\/libertad-religiosa-en-cuarentena-comentarios-al-fallo-de-la-corte-suprema\/"},"modified":"2021-04-07T00:00:00","modified_gmt":"2021-04-07T04:00:00","slug":"libertad-religiosa-en-cuarentena-comentarios-al-fallo-de-la-corte-suprema","status":"publish","type":"post","link":"https:\/\/derechoyreligion-uc.urantiacos.cl\/en\/libertad-religiosa-en-cuarentena-comentarios-al-fallo-de-la-corte-suprema\/","title":{"rendered":"Libertad Religiosa en cuarentena: comentarios al fallo de la Corte Suprema"},"content":{"rendered":"<article>\n<span><br \/>\n<\/span><\/p>\n<p>El pasado 7 de abril, el Centro UC Derecho y Religi\u00f3n llev\u00f3 a cabo el Seminario Libertad Religiosa en Cuarentena: Comentarios al Fallo de la Corte Suprema, instancia que cont\u00f3 con la exposici\u00f3n del profesor y director ejecutivo de Comunidad y Justicia, \u00c1lvaro Ferrer y los comentarios de los acad\u00e9micos, Javier Garc\u00eda Oliva y Mar\u00eda Elena Pimstein. La conversaci\u00f3n fue moderada por la directora del Centro UC Derecho y Religi\u00f3n, Ana Mar\u00eda Celis.<\/p>\n<p>La actividad comenz\u00f3 con la presentaci\u00f3n del profesor Ferrer, quien coment\u00f3 la labor realizada por Comunidad y Justicia en relaci\u00f3n a los seis recursos de protecci\u00f3n presentados en contra de la autoridad sanitaria, por considerar como un acto ilegal y arbitrario la prohibici\u00f3n de realizar y participar en Misa, impuesta de lunes a domingo en comunas en cuarentena y los s\u00e1bados, domingos y festivos respecto de las comunas en Fase 2.<br \/>Ferrer manifest\u00f3 que &#8220;nuestro objetivo era lograr que al menos fuese posible celebrar la Misa de Navidad en las comunas en fase 2. Todos los recursos fueron declarados inadmisibles por las respectivas Cortes de Apelaciones; alcanzamos a apelar uno de ellos y la tercera Sala de la Corte Suprema confirm\u00f3 la inadmisibilidad, reiterando la jurisprudencia que ven\u00edamos viendo a lo largo de toda la pandemia: el recurso de protecci\u00f3n no es la v\u00eda id\u00f3nea para discutir el m\u00e9rito de las medidas adoptadas por la autoridad en ejercicio de sus facultades discrecionales en el contexto de un Estado de excepci\u00f3n constitucional. Decidimos desistir de los dem\u00e1s recursos&#8221;.<br \/>Luego fue el turno de la profesora Pimstein, quien coment\u00f3 que &#8220;la Corte Suprema reconoci\u00f3 que &#8216;la misa dominical es parte esencial y manifestaci\u00f3n de las creencias m\u00e1s profundas de los cat\u00f3licos&#8217;, acci\u00f3n que est\u00e1 en concordancia con la expresi\u00f3n libre de todas las creencias, garantizada a todas las personas por la Constituci\u00f3n y diversos tratados internacionales, como elemento constitutivo de su derecho fundamental de libertad religiosa&#8221;.<br \/>Adem\u00e1s, la acad\u00e9mica, agreg\u00f3 que &#8220;las creencias tocan aspectos existenciales y se expresan de muy diversas maneras, como en la celebraci\u00f3n de festividades, en la necesidad de recibir asistencia espiritual y en ritos; son parte importante de la vida de las personas que nunca se pueden &#8216;poner en par\u00e9ntesis&#8217;. Las dos sentencias de la Corte Suprema constituyen una &#8216;buena noticia&#8217;, que hay que celebrar, pero no s\u00f3lo a partir de lo inmediato, sino sobre todo pensando en la sociedad post pandemia y en la nueva constituci\u00f3n. No habr\u00e1 cambios en la sociedad si no se comprende al ser humano como ser integral, dotado de una dimensi\u00f3n religiosa y espiritual&#8221;.<br \/>Para cerrar los comentarios, el profesor Garc\u00eda se refiri\u00f3 a las dos sentencias de tribunales internacionales concernientes a la limitaci\u00f3n del culto religioso durante la pandemia, indicando que &#8220;las respuestas de los dos \u00f3rganos judiciales fueron radicalmente distintas: mientras que el tribunal ingl\u00e9s mostr\u00f3 una gran deferencia hacia el Ejecutivo, afirmando que este tipo de decisiones son de naturaleza pol\u00edtica y por ello competen a este poder, el \u00f3rgano judicial escoc\u00e9s consider\u00f3 que el Gobierno no hab\u00eda prestado suficiente atenci\u00f3n al impacto de sus medidas sobre el derecho de libertad religiosa y, por ello, declar\u00f3 estas medidas ilegales&#8221;.<br \/>Asimismo, se refiri\u00f3 a la importancia de la Cultura Constitucional de cada jurisdicci\u00f3n para comprender las respuestas de los poderes p\u00fablicos, agreg\u00f3 que &#8220;resulta innegable que los Estados deben proteger la salud p\u00fablica en la presente crisis sanitaria y que restricciones de los derechos fundamentales pueden ser necesarias. Ahora bien, a los poderes p\u00fablicos tambi\u00e9n les corresponde actuar de manera proporcionada y sin subestimar la importancia de estos derechos, incluyendo la libertad religiosa, como aut\u00e9ntico pilar de una sociedad democr\u00e1tica. Por consiguiente, habr\u00e1n de evitar el menoscabo de sus manifestaciones en la medida de lo posible&#8221;.<\/p>\n<p>\u00a0<\/p>\n<p>Si no alcanzaste a asistir, <a href=\"https:\/\/www.youtube.com\/watch?v=3xHrk9zX8cE\" target=\"_blank\">puedes verlo aqui<\/a><\/p>\n<p>\u00a0<\/p>\n<p><img decoding=\"async\" alt=\"Seminario Lib rel cuarentena Image 2021-03-31 at 22.29.42\" src=\"https:\/\/derechoyreligion-uc.urantiacos.cl\/wp-content\/uploads\/imagenes\/Seminario_Lib_rel_cuarentena_Image_2021-03-31_at_22.29.42.jpeg\"\/><\/p>\n<p>\u00a0<\/p>\n<\/article>\n","protected":false},"excerpt":{"rendered":"<p>El pasado 7 de abril, el Centro UC Derecho y Religi\u00f3n llev\u00f3 a cabo el Seminario Libertad Religiosa en Cuarentena: Comentarios al Fallo de la Corte Suprema, instancia que cont\u00f3 con la exposici\u00f3n del profesor y director ejecutivo de Comunidad y Justicia, \u00c1lvaro Ferrer y los comentarios de los acad\u00e9micos, Javier Garc\u00eda Oliva y Mar\u00eda Elena Pimstein. La conversaci\u00f3n fue moderada por la directora del Centro UC Derecho y Religi\u00f3n, Ana Mar\u00eda Celis.<\/p>\n","protected":false},"author":1,"featured_media":1534,"comment_status":"","ping_status":"","sticky":false,"template":"","format":"standard","meta":{"_acf_changed":false,"footnotes":""},"categories":[1],"tags":[],"class_list":["post-1387","post","type-post","status-publish","format-standard","has-post-thumbnail","hentry","category-noticias"],"acf":[],"yoast_head":"<!-- This site is optimized with the Yoast SEO plugin v27.1.1 - https:\/\/yoast.com\/product\/yoast-seo-wordpress\/ -->\n<title>Libertad Religiosa en cuarentena: comentarios al fallo de la Corte Suprema - Centro UC Derecho y Religi\u00f3n<\/title>\n<meta name=\"robots\" content=\"index, follow, max-snippet:-1, max-image-preview:large, max-video-preview:-1\" \/>\n<link rel=\"canonical\" href=\"https:\/\/derechoyreligion-uc.urantiacos.cl\/en\/libertad-religiosa-en-cuarentena-comentarios-al-fallo-de-la-corte-suprema\/\" \/>\n<meta property=\"og:locale\" content=\"en_US\" \/>\n<meta property=\"og:type\" content=\"article\" \/>\n<meta property=\"og:title\" content=\"Libertad Religiosa en cuarentena: comentarios al fallo de la Corte Suprema - Centro UC Derecho y Religi\u00f3n\" \/>\n<meta property=\"og:description\" content=\"El pasado 7 de abril, el Centro UC Derecho y Religi\u00f3n llev\u00f3 a cabo el Seminario Libertad Religiosa en Cuarentena: Comentarios al Fallo de la Corte Suprema, instancia que cont\u00f3 con la exposici\u00f3n del profesor y director ejecutivo de Comunidad y Justicia, \u00c1lvaro Ferrer y los comentarios de los acad\u00e9micos, Javier Garc\u00eda Oliva y Mar\u00eda Elena Pimstein. La conversaci\u00f3n fue moderada por la directora del Centro UC Derecho y Religi\u00f3n, Ana Mar\u00eda Celis.\" \/>\n<meta property=\"og:url\" content=\"https:\/\/derechoyreligion-uc.urantiacos.cl\/en\/libertad-religiosa-en-cuarentena-comentarios-al-fallo-de-la-corte-suprema\/\" \/>\n<meta property=\"og:site_name\" content=\"Centro UC Derecho y Religi\u00f3n\" \/>\n<meta property=\"article:published_time\" content=\"2021-04-07T04:00:00+00:00\" \/>\n<meta property=\"og:image\" content=\"https:\/\/derechoyreligion-uc.urantiacos.cl\/wp-content\/uploads\/2025\/10\/Seminario_Lib_rel_cuarentena_Image_2021-03-31_at_22.29.42.jpeg\" \/>\n\t<meta property=\"og:image:width\" content=\"801\" \/>\n\t<meta property=\"og:image:height\" content=\"1089\" \/>\n\t<meta property=\"og:image:type\" content=\"image\/jpeg\" \/>\n<meta name=\"author\" content=\"manadmin\" \/>\n<meta name=\"twitter:card\" content=\"summary_large_image\" \/>\n<meta name=\"twitter:label1\" content=\"Written by\" \/>\n\t<meta name=\"twitter:data1\" content=\"manadmin\" \/>\n\t<meta name=\"twitter:label2\" content=\"Est. reading time\" \/>\n\t<meta name=\"twitter:data2\" content=\"3 minutes\" \/>\n<script type=\"application\/ld+json\" class=\"yoast-schema-graph\">{\"@context\":\"https:\/\/schema.org\",\"@graph\":[{\"@type\":\"Article\",\"@id\":\"https:\/\/derechoyreligion-uc.urantiacos.cl\/en\/libertad-religiosa-en-cuarentena-comentarios-al-fallo-de-la-corte-suprema\/#article\",\"isPartOf\":{\"@id\":\"https:\/\/derechoyreligion-uc.urantiacos.cl\/en\/libertad-religiosa-en-cuarentena-comentarios-al-fallo-de-la-corte-suprema\/\"},\"author\":{\"name\":\"manadmin\",\"@id\":\"https:\/\/derechoyreligion-uc.urantiacos.cl\/en\/#\/schema\/person\/6cc7f593e2f49e3b770a06f63b58e3b1\"},\"headline\":\"Libertad Religiosa en cuarentena: comentarios al fallo de la Corte Suprema\",\"datePublished\":\"2021-04-07T04:00:00+00:00\",\"mainEntityOfPage\":{\"@id\":\"https:\/\/derechoyreligion-uc.urantiacos.cl\/en\/libertad-religiosa-en-cuarentena-comentarios-al-fallo-de-la-corte-suprema\/\"},\"wordCount\":684,\"image\":{\"@id\":\"https:\/\/derechoyreligion-uc.urantiacos.cl\/en\/libertad-religiosa-en-cuarentena-comentarios-al-fallo-de-la-corte-suprema\/#primaryimage\"},\"thumbnailUrl\":\"https:\/\/derechoyreligion-uc.urantiacos.cl\/wp-content\/uploads\/2025\/10\/Seminario_Lib_rel_cuarentena_Image_2021-03-31_at_22.29.42.jpeg\",\"articleSection\":[\"Noticias\"],\"inLanguage\":\"en-US\"},{\"@type\":\"WebPage\",\"@id\":\"https:\/\/derechoyreligion-uc.urantiacos.cl\/en\/libertad-religiosa-en-cuarentena-comentarios-al-fallo-de-la-corte-suprema\/\",\"url\":\"https:\/\/derechoyreligion-uc.urantiacos.cl\/en\/libertad-religiosa-en-cuarentena-comentarios-al-fallo-de-la-corte-suprema\/\",\"name\":\"Libertad Religiosa en cuarentena: comentarios al fallo de la Corte Suprema - Centro UC Derecho y Religi\u00f3n\",\"isPartOf\":{\"@id\":\"https:\/\/derechoyreligion-uc.urantiacos.cl\/en\/#website\"},\"primaryImageOfPage\":{\"@id\":\"https:\/\/derechoyreligion-uc.urantiacos.cl\/en\/libertad-religiosa-en-cuarentena-comentarios-al-fallo-de-la-corte-suprema\/#primaryimage\"},\"image\":{\"@id\":\"https:\/\/derechoyreligion-uc.urantiacos.cl\/en\/libertad-religiosa-en-cuarentena-comentarios-al-fallo-de-la-corte-suprema\/#primaryimage\"},\"thumbnailUrl\":\"https:\/\/derechoyreligion-uc.urantiacos.cl\/wp-content\/uploads\/2025\/10\/Seminario_Lib_rel_cuarentena_Image_2021-03-31_at_22.29.42.jpeg\",\"datePublished\":\"2021-04-07T04:00:00+00:00\",\"author\":{\"@id\":\"https:\/\/derechoyreligion-uc.urantiacos.cl\/en\/#\/schema\/person\/6cc7f593e2f49e3b770a06f63b58e3b1\"},\"breadcrumb\":{\"@id\":\"https:\/\/derechoyreligion-uc.urantiacos.cl\/en\/libertad-religiosa-en-cuarentena-comentarios-al-fallo-de-la-corte-suprema\/#breadcrumb\"},\"inLanguage\":\"en-US\",\"potentialAction\":[{\"@type\":\"ReadAction\",\"target\":[\"https:\/\/derechoyreligion-uc.urantiacos.cl\/en\/libertad-religiosa-en-cuarentena-comentarios-al-fallo-de-la-corte-suprema\/\"]}]},{\"@type\":\"ImageObject\",\"inLanguage\":\"en-US\",\"@id\":\"https:\/\/derechoyreligion-uc.urantiacos.cl\/en\/libertad-religiosa-en-cuarentena-comentarios-al-fallo-de-la-corte-suprema\/#primaryimage\",\"url\":\"https:\/\/derechoyreligion-uc.urantiacos.cl\/wp-content\/uploads\/2025\/10\/Seminario_Lib_rel_cuarentena_Image_2021-03-31_at_22.29.42.jpeg\",\"contentUrl\":\"https:\/\/derechoyreligion-uc.urantiacos.cl\/wp-content\/uploads\/2025\/10\/Seminario_Lib_rel_cuarentena_Image_2021-03-31_at_22.29.42.jpeg\",\"width\":801,\"height\":1089},{\"@type\":\"BreadcrumbList\",\"@id\":\"https:\/\/derechoyreligion-uc.urantiacos.cl\/en\/libertad-religiosa-en-cuarentena-comentarios-al-fallo-de-la-corte-suprema\/#breadcrumb\",\"itemListElement\":[{\"@type\":\"ListItem\",\"position\":1,\"name\":\"Portada\",\"item\":\"https:\/\/derechoyreligion-uc.urantiacos.cl\/en\/\"},{\"@type\":\"ListItem\",\"position\":2,\"name\":\"Libertad Religiosa en cuarentena: comentarios al fallo de la Corte Suprema\"}]},{\"@type\":\"WebSite\",\"@id\":\"https:\/\/derechoyreligion-uc.urantiacos.cl\/en\/#website\",\"url\":\"https:\/\/derechoyreligion-uc.urantiacos.cl\/en\/\",\"name\":\"Centro UC Derecho y Religi\u00f3n\",\"description\":\"\",\"potentialAction\":[{\"@type\":\"SearchAction\",\"target\":{\"@type\":\"EntryPoint\",\"urlTemplate\":\"https:\/\/derechoyreligion-uc.urantiacos.cl\/en\/?s={search_term_string}\"},\"query-input\":{\"@type\":\"PropertyValueSpecification\",\"valueRequired\":true,\"valueName\":\"search_term_string\"}}],\"inLanguage\":\"en-US\"},{\"@type\":\"Person\",\"@id\":\"https:\/\/derechoyreligion-uc.urantiacos.cl\/en\/#\/schema\/person\/6cc7f593e2f49e3b770a06f63b58e3b1\",\"name\":\"manadmin\",\"sameAs\":[\"https:\/\/derechoyreligion-uc.urantiacos.cl\"]}]}<\/script>\n<!-- \/ Yoast SEO plugin. -->","yoast_head_json":{"title":"Libertad Religiosa en cuarentena: comentarios al fallo de la Corte Suprema - Centro UC Derecho y Religi\u00f3n","robots":{"index":"index","follow":"follow","max-snippet":"max-snippet:-1","max-image-preview":"max-image-preview:large","max-video-preview":"max-video-preview:-1"},"canonical":"https:\/\/derechoyreligion-uc.urantiacos.cl\/en\/libertad-religiosa-en-cuarentena-comentarios-al-fallo-de-la-corte-suprema\/","og_locale":"en_US","og_type":"article","og_title":"Libertad Religiosa en cuarentena: comentarios al fallo de la Corte Suprema - Centro UC Derecho y Religi\u00f3n","og_description":"El pasado 7 de abril, el Centro UC Derecho y Religi\u00f3n llev\u00f3 a cabo el Seminario Libertad Religiosa en Cuarentena: Comentarios al Fallo de la Corte Suprema, instancia que cont\u00f3 con la exposici\u00f3n del profesor y director ejecutivo de Comunidad y Justicia, \u00c1lvaro Ferrer y los comentarios de los acad\u00e9micos, Javier Garc\u00eda Oliva y Mar\u00eda Elena Pimstein. La conversaci\u00f3n fue moderada por la directora del Centro UC Derecho y Religi\u00f3n, Ana Mar\u00eda Celis.","og_url":"https:\/\/derechoyreligion-uc.urantiacos.cl\/en\/libertad-religiosa-en-cuarentena-comentarios-al-fallo-de-la-corte-suprema\/","og_site_name":"Centro UC Derecho y Religi\u00f3n","article_published_time":"2021-04-07T04:00:00+00:00","og_image":[{"width":801,"height":1089,"url":"https:\/\/derechoyreligion-uc.urantiacos.cl\/wp-content\/uploads\/2025\/10\/Seminario_Lib_rel_cuarentena_Image_2021-03-31_at_22.29.42.jpeg","type":"image\/jpeg"}],"author":"manadmin","twitter_card":"summary_large_image","twitter_misc":{"Written by":"manadmin","Est. reading time":"3 minutes"},"schema":{"@context":"https:\/\/schema.org","@graph":[{"@type":"Article","@id":"https:\/\/derechoyreligion-uc.urantiacos.cl\/en\/libertad-religiosa-en-cuarentena-comentarios-al-fallo-de-la-corte-suprema\/#article","isPartOf":{"@id":"https:\/\/derechoyreligion-uc.urantiacos.cl\/en\/libertad-religiosa-en-cuarentena-comentarios-al-fallo-de-la-corte-suprema\/"},"author":{"name":"manadmin","@id":"https:\/\/derechoyreligion-uc.urantiacos.cl\/en\/#\/schema\/person\/6cc7f593e2f49e3b770a06f63b58e3b1"},"headline":"Libertad Religiosa en cuarentena: comentarios al fallo de la Corte Suprema","datePublished":"2021-04-07T04:00:00+00:00","mainEntityOfPage":{"@id":"https:\/\/derechoyreligion-uc.urantiacos.cl\/en\/libertad-religiosa-en-cuarentena-comentarios-al-fallo-de-la-corte-suprema\/"},"wordCount":684,"image":{"@id":"https:\/\/derechoyreligion-uc.urantiacos.cl\/en\/libertad-religiosa-en-cuarentena-comentarios-al-fallo-de-la-corte-suprema\/#primaryimage"},"thumbnailUrl":"https:\/\/derechoyreligion-uc.urantiacos.cl\/wp-content\/uploads\/2025\/10\/Seminario_Lib_rel_cuarentena_Image_2021-03-31_at_22.29.42.jpeg","articleSection":["Noticias"],"inLanguage":"en-US"},{"@type":"WebPage","@id":"https:\/\/derechoyreligion-uc.urantiacos.cl\/en\/libertad-religiosa-en-cuarentena-comentarios-al-fallo-de-la-corte-suprema\/","url":"https:\/\/derechoyreligion-uc.urantiacos.cl\/en\/libertad-religiosa-en-cuarentena-comentarios-al-fallo-de-la-corte-suprema\/","name":"Libertad Religiosa en cuarentena: comentarios al fallo de la Corte Suprema - Centro UC Derecho y Religi\u00f3n","isPartOf":{"@id":"https:\/\/derechoyreligion-uc.urantiacos.cl\/en\/#website"},"primaryImageOfPage":{"@id":"https:\/\/derechoyreligion-uc.urantiacos.cl\/en\/libertad-religiosa-en-cuarentena-comentarios-al-fallo-de-la-corte-suprema\/#primaryimage"},"image":{"@id":"https:\/\/derechoyreligion-uc.urantiacos.cl\/en\/libertad-religiosa-en-cuarentena-comentarios-al-fallo-de-la-corte-suprema\/#primaryimage"},"thumbnailUrl":"https:\/\/derechoyreligion-uc.urantiacos.cl\/wp-content\/uploads\/2025\/10\/Seminario_Lib_rel_cuarentena_Image_2021-03-31_at_22.29.42.jpeg","datePublished":"2021-04-07T04:00:00+00:00","author":{"@id":"https:\/\/derechoyreligion-uc.urantiacos.cl\/en\/#\/schema\/person\/6cc7f593e2f49e3b770a06f63b58e3b1"},"breadcrumb":{"@id":"https:\/\/derechoyreligion-uc.urantiacos.cl\/en\/libertad-religiosa-en-cuarentena-comentarios-al-fallo-de-la-corte-suprema\/#breadcrumb"},"inLanguage":"en-US","potentialAction":[{"@type":"ReadAction","target":["https:\/\/derechoyreligion-uc.urantiacos.cl\/en\/libertad-religiosa-en-cuarentena-comentarios-al-fallo-de-la-corte-suprema\/"]}]},{"@type":"ImageObject","inLanguage":"en-US","@id":"https:\/\/derechoyreligion-uc.urantiacos.cl\/en\/libertad-religiosa-en-cuarentena-comentarios-al-fallo-de-la-corte-suprema\/#primaryimage","url":"https:\/\/derechoyreligion-uc.urantiacos.cl\/wp-content\/uploads\/2025\/10\/Seminario_Lib_rel_cuarentena_Image_2021-03-31_at_22.29.42.jpeg","contentUrl":"https:\/\/derechoyreligion-uc.urantiacos.cl\/wp-content\/uploads\/2025\/10\/Seminario_Lib_rel_cuarentena_Image_2021-03-31_at_22.29.42.jpeg","width":801,"height":1089},{"@type":"BreadcrumbList","@id":"https:\/\/derechoyreligion-uc.urantiacos.cl\/en\/libertad-religiosa-en-cuarentena-comentarios-al-fallo-de-la-corte-suprema\/#breadcrumb","itemListElement":[{"@type":"ListItem","position":1,"name":"Portada","item":"https:\/\/derechoyreligion-uc.urantiacos.cl\/en\/"},{"@type":"ListItem","position":2,"name":"Libertad Religiosa en cuarentena: comentarios al fallo de la Corte Suprema"}]},{"@type":"WebSite","@id":"https:\/\/derechoyreligion-uc.urantiacos.cl\/en\/#website","url":"https:\/\/derechoyreligion-uc.urantiacos.cl\/en\/","name":"Centro UC Derecho y Religi\u00f3n","description":"","potentialAction":[{"@type":"SearchAction","target":{"@type":"EntryPoint","urlTemplate":"https:\/\/derechoyreligion-uc.urantiacos.cl\/en\/?s={search_term_string}"},"query-input":{"@type":"PropertyValueSpecification","valueRequired":true,"valueName":"search_term_string"}}],"inLanguage":"en-US"},{"@type":"Person","@id":"https:\/\/derechoyreligion-uc.urantiacos.cl\/en\/#\/schema\/person\/6cc7f593e2f49e3b770a06f63b58e3b1","name":"manadmin","sameAs":["https:\/\/derechoyreligion-uc.urantiacos.cl"]}]}},"_links":{"self":[{"href":"https:\/\/derechoyreligion-uc.urantiacos.cl\/en\/wp-json\/wp\/v2\/posts\/1387","targetHints":{"allow":["GET"]}}],"collection":[{"href":"https:\/\/derechoyreligion-uc.urantiacos.cl\/en\/wp-json\/wp\/v2\/posts"}],"about":[{"href":"https:\/\/derechoyreligion-uc.urantiacos.cl\/en\/wp-json\/wp\/v2\/types\/post"}],"author":[{"embeddable":true,"href":"https:\/\/derechoyreligion-uc.urantiacos.cl\/en\/wp-json\/wp\/v2\/users\/1"}],"replies":[{"embeddable":true,"href":"https:\/\/derechoyreligion-uc.urantiacos.cl\/en\/wp-json\/wp\/v2\/comments?post=1387"}],"version-history":[{"count":0,"href":"https:\/\/derechoyreligion-uc.urantiacos.cl\/en\/wp-json\/wp\/v2\/posts\/1387\/revisions"}],"wp:featuredmedia":[{"embeddable":true,"href":"https:\/\/derechoyreligion-uc.urantiacos.cl\/en\/wp-json\/wp\/v2\/media\/1534"}],"wp:attachment":[{"href":"https:\/\/derechoyreligion-uc.urantiacos.cl\/en\/wp-json\/wp\/v2\/media?parent=1387"}],"wp:term":[{"taxonomy":"category","embeddable":true,"href":"https:\/\/derechoyreligion-uc.urantiacos.cl\/en\/wp-json\/wp\/v2\/categories?post=1387"},{"taxonomy":"post_tag","embeddable":true,"href":"https:\/\/derechoyreligion-uc.urantiacos.cl\/en\/wp-json\/wp\/v2\/tags?post=1387"}],"curies":[{"name":"wp","href":"https:\/\/api.w.org\/{rel}","templated":true}]}}