
{"id":1386,"date":"2021-04-20T00:00:00","date_gmt":"2021-04-20T04:00:00","guid":{"rendered":"https:\/\/derechoyreligion-uc.urantiacos.cl\/lanzamiento-informe-libertad-religiosa-en-el-mundo-2021\/"},"modified":"2021-04-20T00:00:00","modified_gmt":"2021-04-20T04:00:00","slug":"lanzamiento-informe-libertad-religiosa-en-el-mundo-2021","status":"publish","type":"post","link":"https:\/\/derechoyreligion-uc.urantiacos.cl\/en\/lanzamiento-informe-libertad-religiosa-en-el-mundo-2021\/","title":{"rendered":"Lanzamiento Informe Libertad Religiosa en el Mundo 2021"},"content":{"rendered":"<article>\n<span><br \/>\n<\/span><\/p>\n<p>Se trata de la decimoquinta edici\u00f3n del estudio que analiza y examina la situaci\u00f3n de la libertad religiosa en los 196 pa\u00edses del mundo.<br \/>Durante la jornada del pasado martes 20 de abril se llev\u00f3 a cabo el lanzamiento del informe sobre Libertad Religiosa en el Mundo 2021: \u00bfUn Derecho Respetado?, que tiene como principal objetivo dar a conocer el estado de la libertad religiosa en el mundo y ser una voz de alerta sobre realidades que afectan profundamente la dignidad humana.<br \/>El estudio incluye un mapa de clasificaci\u00f3n de los pa\u00edses en funci\u00f3n de sus niveles de discriminaci\u00f3n y persecuci\u00f3n religiosa, y cuenta con conclusiones relevantes sobre el cumplimiento o la vulneraci\u00f3n de este derecho fundamental.<br \/>En el desglose, la directora de ACN Chile, Magdalena Lira, revel\u00f3 que &#8220;en 62 pa\u00edses de un total de 196 no se respeta la libertad religiosa (1 de cada 3), en 36 pa\u00edses hay discriminaci\u00f3n y en 26 existe persecuci\u00f3n&#8221;. Asimismo, agreg\u00f3 que &#8220;el 67% de la poblaci\u00f3n mundial vive en pa\u00edses con violaciones a la libertad religiosa y en 30 pa\u00edses se han cometido asesinatos por cuestiones de Fe&#8221;.<br \/>Dentro de las principales causas por las que se ataca la libertad religiosa, el informe estableci\u00f3 que se da principalmente en tres casos: Por gobiernos autoritarios (43 pa\u00edses); por el extremismo islamista (26 pa\u00edses); y por nacionalismos \u00e9tnicos-religiosos (4 pa\u00edses).<br \/>Por su parte la investigadora del Centro UC Derecho y Religi\u00f3n -encargado de la elaboraci\u00f3n de los informes de la mayor\u00eda de los pa\u00edses de Am\u00e9rica Latina y el Caribe- Paulina Eyzaguirre, se refiri\u00f3 a tres aspectos del informe referentes a Chile: el caso ilustrativo por los ataques a las Iglesias, su contextualizaci\u00f3n respecto a lo sucedido en otros pa\u00edses de la regi\u00f3n y el impacto de la pandemia en la libertad religiosa.<br \/>Sobre esto, sostuvo que &#8220;Chile pas\u00f3 a tener mayor protagonismo en el informe entrando en la lista de los pa\u00edses en observaci\u00f3n porque se han desarrollado factores de riesgo que podr\u00edan conducir a una degradaci\u00f3n de la libertad de conciencia y religi\u00f3n&#8221;.<br \/>En este sentido, a\u00f1adi\u00f3 Eyzaguirre, en Chile ocurrieron &#8220;ataques y quema de Iglesias y templos durante el estallido social, profanaciones del Sant\u00edsimo, incendios, saqueos, destrucci\u00f3n de im\u00e1genes y ornamentos lit\u00fargicos, interrupci\u00f3n del culto, rayados en fachadas, insultos y agresiones. En estos agravios, ocurridos en Santiago y replicados en todo el pa\u00eds entre octubre de 2019 y enero de 2020, fueron vandalizadas al menos 51 Iglesias cat\u00f3licas y seis templos evang\u00e9licos&#8221;.<br \/>Al respecto, agreg\u00f3 que durante ese tiempo los fieles se vieron perjudicados porque &#8220;se celebraron misas m\u00e1s breves, hubo cierre de templos, suspensi\u00f3n de cultos y sensaci\u00f3n de miedo en los fieles&#8221;, y en este contexto, afirm\u00f3 que &#8220;el Estado no fue capaz de asegurar el orden p\u00fablico y que fall\u00f3 en el deber de investigaci\u00f3n, detenci\u00f3n y sanci\u00f3n a los autores de estos actos&#8221;.<br \/>Finalmente, y sobre la libertad de culto en medio de la pandemia del Covid-19, la investigadora afirm\u00f3 que &#8220;en los informes de los pa\u00edses de Am\u00e9rica Latina y el Caribe indican que las restricciones impuestas a la poblaci\u00f3n normalmente se respetaron y que los l\u00edderes religiosos colaboraron con los gobiernos para convencer a los fieles de cumplir las medidas puestas por la autoridad&#8221; y por otro lado, se constat\u00f3 una desproporci\u00f3n entre las normativas relacionadas con la asistencia a los servicios religiosos, respecto de las restricciones de aforo impuestas al comercio.<br \/>En la actividad tambi\u00e9n particip\u00f3 el sacerdote iraqu\u00ed, Padre Naim Shosandy; y el director del Centro de Estudios e Investigaci\u00f3n Social, SIGNOS, Daniel Mansuy.<\/p>\n<p><a href=\"https:\/\/rfr.acninternational.org\/es\/home\/\" target=\"_blank\">Ver Informe<\/a><\/p>\n<p><a href=\"https:\/\/www.youtube.com\/watch?v=J1DHztDJYQQ\" target=\"_blank\">Ver Seminario<\/a> de Lanzamiento Informe<\/p>\n<p>\u00a0<\/p>\n<p><img decoding=\"async\" alt=\"Informe Libertad Religiosa 2021 afiche\" src=\"https:\/\/derechoyreligion-uc.urantiacos.cl\/wp-content\/uploads\/imagenes\/Informe_Libertad_Religiosa_2021_afiche.jpeg\"\/><\/p>\n<p>Inscripciones\u00a0<a href=\"https:\/\/docs.google.com\/forms\/d\/15_lJEACcqYWq2nfR9v_5cxxRuZKf7Ny2hWU6ruA7u_c\/viewform?gxids=7628&amp;edit_requested=true\" target=\"_blank\">aqu\u00ed<\/a><\/p>\n<\/article>\n","protected":false},"excerpt":{"rendered":"<p>Se trata de la decimoquinta edici\u00f3n del estudio que analiza y examina la situaci\u00f3n de la libertad religiosa en los 196 pa\u00edses del mundo.Durante la jornada del pasado martes 20 de abril se llev\u00f3 a cabo el lanzamiento del informe sobre Libertad Religiosa en el Mundo 2021: \u00bfUn Derecho Respetado?, que tiene como principal objetivo dar a conocer el estado de la libertad religiosa en el mundo y ser una voz de alerta sobre realidades que afectan profundamente la dignidad humana.El estudio incluye un mapa de clasificaci\u00f3n de los pa\u00edses en funci\u00f3n de sus niveles de discriminaci\u00f3n y persecuci\u00f3n religiosa, y cuenta con conclusiones relevantes sobre el cumplimiento o la vulneraci\u00f3n de este derecho fundamental.En el desglose, la directora de ACN Chile, Magdalena Lira, revel\u00f3 que &#8220;en 62 pa\u00edses de un total de 196 no se respeta la libertad religiosa (1 de cada 3), en 36 pa\u00edses hay discriminaci\u00f3n y en 26 existe persecuci\u00f3n&#8221;. Asimismo, agreg\u00f3 que &#8220;el 67% de la poblaci\u00f3n mundial vive en pa\u00edses con violaciones a la libertad religiosa y en 30 pa\u00edses se han cometido asesinatos por cuestiones de Fe&#8221;.Dentro de las principales causas por las que se ataca la libertad religiosa, el informe estableci\u00f3 que se da principalmente en tres casos: Por gobiernos autoritarios (43 pa\u00edses); por el extremismo islamista (26 pa\u00edses); y por nacionalismos \u00e9tnicos-religiosos (4 pa\u00edses).Por su parte la investigadora del Centro UC Derecho y Religi\u00f3n -encargado de la elaboraci\u00f3n de los informes de la mayor\u00eda de los pa\u00edses de Am\u00e9rica Latina y el Caribe- Paulina Eyzaguirre, se refiri\u00f3 a tres aspectos del informe referentes a Chile: el caso ilustrativo por los ataques a las Iglesias, su contextualizaci\u00f3n respecto a lo sucedido en otros pa\u00edses de la regi\u00f3n y el impacto de la pandemia en la libertad religiosa.Sobre esto, sostuvo que &#8220;Chile pas\u00f3 a tener mayor protagonismo en el informe entrando en la lista de los pa\u00edses en observaci\u00f3n porque se han desarrollado factores de riesgo que podr\u00edan conducir a una degradaci\u00f3n de la libertad de conciencia y religi\u00f3n&#8221;.En este sentido, a\u00f1adi\u00f3 Eyzaguirre, en Chile ocurrieron &#8220;ataques y quema de Iglesias y templos durante el estallido social, profanaciones del Sant\u00edsimo, incendios, saqueos, destrucci\u00f3n de im\u00e1genes y ornamentos lit\u00fargicos, interrupci\u00f3n del culto, rayados en fachadas, insultos y agresiones. En estos agravios, ocurridos en Santiago y replicados en todo el pa\u00eds entre octubre de 2019 y enero de 2020, fueron vandalizadas al menos 51 Iglesias cat\u00f3licas y seis templos evang\u00e9licos&#8221;.Al respecto, agreg\u00f3 que durante ese tiempo los fieles se vieron perjudicados porque &#8220;se celebraron misas m\u00e1s breves, hubo cierre de templos, suspensi\u00f3n de cultos y sensaci\u00f3n de miedo en los fieles&#8221;, y en este contexto, afirm\u00f3 que &#8220;el Estado no fue capaz de asegurar el orden p\u00fablico y que fall\u00f3 en el deber de investigaci\u00f3n, detenci\u00f3n y sanci\u00f3n a los autores de estos actos&#8221;.Finalmente, y sobre la libertad de culto en medio de la pandemia del Covid-19, la investigadora afirm\u00f3 que &#8220;en los informes de los pa\u00edses de Am\u00e9rica Latina y el Caribe indican que las restricciones impuestas a la poblaci\u00f3n normalmente se respetaron y que los l\u00edderes religiosos colaboraron con los gobiernos para convencer a los fieles de cumplir las medidas puestas por la autoridad&#8221; y por otro lado, se constat\u00f3 una desproporci\u00f3n entre las normativas relacionadas con la asistencia a los servicios religiosos, respecto de las restricciones de aforo impuestas al comercio.En la actividad tambi\u00e9n particip\u00f3 el sacerdote iraqu\u00ed, Padre Naim Shosandy; y el director del Centro de Estudios e Investigaci\u00f3n Social, SIGNOS, Daniel Mansuy.<\/p>\n","protected":false},"author":1,"featured_media":1533,"comment_status":"","ping_status":"","sticky":false,"template":"","format":"standard","meta":{"_acf_changed":false,"footnotes":""},"categories":[1],"tags":[],"class_list":["post-1386","post","type-post","status-publish","format-standard","has-post-thumbnail","hentry","category-noticias"],"acf":[],"yoast_head":"<!-- This site is optimized with the Yoast SEO plugin v27.1.1 - https:\/\/yoast.com\/product\/yoast-seo-wordpress\/ -->\n<title>Lanzamiento Informe Libertad Religiosa en el Mundo 2021 - Centro UC Derecho y Religi\u00f3n<\/title>\n<meta name=\"robots\" content=\"index, follow, max-snippet:-1, max-image-preview:large, max-video-preview:-1\" \/>\n<link rel=\"canonical\" href=\"https:\/\/derechoyreligion-uc.urantiacos.cl\/en\/lanzamiento-informe-libertad-religiosa-en-el-mundo-2021\/\" \/>\n<meta property=\"og:locale\" content=\"en_US\" \/>\n<meta property=\"og:type\" content=\"article\" \/>\n<meta property=\"og:title\" content=\"Lanzamiento Informe Libertad Religiosa en el Mundo 2021 - Centro UC Derecho y Religi\u00f3n\" \/>\n<meta property=\"og:description\" content=\"Se trata de la decimoquinta edici\u00f3n del estudio que analiza y examina la situaci\u00f3n de la libertad religiosa en los 196 pa\u00edses del mundo.Durante la jornada del pasado martes 20 de abril se llev\u00f3 a cabo el lanzamiento del informe sobre Libertad Religiosa en el Mundo 2021: \u00bfUn Derecho Respetado?, que tiene como principal objetivo dar a conocer el estado de la libertad religiosa en el mundo y ser una voz de alerta sobre realidades que afectan profundamente la dignidad humana.El estudio incluye un mapa de clasificaci\u00f3n de los pa\u00edses en funci\u00f3n de sus niveles de discriminaci\u00f3n y persecuci\u00f3n religiosa, y cuenta con conclusiones relevantes sobre el cumplimiento o la vulneraci\u00f3n de este derecho fundamental.En el desglose, la directora de ACN Chile, Magdalena Lira, revel\u00f3 que &quot;en 62 pa\u00edses de un total de 196 no se respeta la libertad religiosa (1 de cada 3), en 36 pa\u00edses hay discriminaci\u00f3n y en 26 existe persecuci\u00f3n&quot;. Asimismo, agreg\u00f3 que &quot;el 67% de la poblaci\u00f3n mundial vive en pa\u00edses con violaciones a la libertad religiosa y en 30 pa\u00edses se han cometido asesinatos por cuestiones de Fe&quot;.Dentro de las principales causas por las que se ataca la libertad religiosa, el informe estableci\u00f3 que se da principalmente en tres casos: Por gobiernos autoritarios (43 pa\u00edses); por el extremismo islamista (26 pa\u00edses); y por nacionalismos \u00e9tnicos-religiosos (4 pa\u00edses).Por su parte la investigadora del Centro UC Derecho y Religi\u00f3n -encargado de la elaboraci\u00f3n de los informes de la mayor\u00eda de los pa\u00edses de Am\u00e9rica Latina y el Caribe- Paulina Eyzaguirre, se refiri\u00f3 a tres aspectos del informe referentes a Chile: el caso ilustrativo por los ataques a las Iglesias, su contextualizaci\u00f3n respecto a lo sucedido en otros pa\u00edses de la regi\u00f3n y el impacto de la pandemia en la libertad religiosa.Sobre esto, sostuvo que &quot;Chile pas\u00f3 a tener mayor protagonismo en el informe entrando en la lista de los pa\u00edses en observaci\u00f3n porque se han desarrollado factores de riesgo que podr\u00edan conducir a una degradaci\u00f3n de la libertad de conciencia y religi\u00f3n&quot;.En este sentido, a\u00f1adi\u00f3 Eyzaguirre, en Chile ocurrieron &quot;ataques y quema de Iglesias y templos durante el estallido social, profanaciones del Sant\u00edsimo, incendios, saqueos, destrucci\u00f3n de im\u00e1genes y ornamentos lit\u00fargicos, interrupci\u00f3n del culto, rayados en fachadas, insultos y agresiones. En estos agravios, ocurridos en Santiago y replicados en todo el pa\u00eds entre octubre de 2019 y enero de 2020, fueron vandalizadas al menos 51 Iglesias cat\u00f3licas y seis templos evang\u00e9licos&quot;.Al respecto, agreg\u00f3 que durante ese tiempo los fieles se vieron perjudicados porque &quot;se celebraron misas m\u00e1s breves, hubo cierre de templos, suspensi\u00f3n de cultos y sensaci\u00f3n de miedo en los fieles&quot;, y en este contexto, afirm\u00f3 que &quot;el Estado no fue capaz de asegurar el orden p\u00fablico y que fall\u00f3 en el deber de investigaci\u00f3n, detenci\u00f3n y sanci\u00f3n a los autores de estos actos&quot;.Finalmente, y sobre la libertad de culto en medio de la pandemia del Covid-19, la investigadora afirm\u00f3 que &quot;en los informes de los pa\u00edses de Am\u00e9rica Latina y el Caribe indican que las restricciones impuestas a la poblaci\u00f3n normalmente se respetaron y que los l\u00edderes religiosos colaboraron con los gobiernos para convencer a los fieles de cumplir las medidas puestas por la autoridad&quot; y por otro lado, se constat\u00f3 una desproporci\u00f3n entre las normativas relacionadas con la asistencia a los servicios religiosos, respecto de las restricciones de aforo impuestas al comercio.En la actividad tambi\u00e9n particip\u00f3 el sacerdote iraqu\u00ed, Padre Naim Shosandy; y el director del Centro de Estudios e Investigaci\u00f3n Social, SIGNOS, Daniel Mansuy.\" \/>\n<meta property=\"og:url\" content=\"https:\/\/derechoyreligion-uc.urantiacos.cl\/en\/lanzamiento-informe-libertad-religiosa-en-el-mundo-2021\/\" \/>\n<meta property=\"og:site_name\" content=\"Centro UC Derecho y Religi\u00f3n\" \/>\n<meta property=\"article:published_time\" content=\"2021-04-20T04:00:00+00:00\" \/>\n<meta property=\"og:image\" content=\"https:\/\/derechoyreligion-uc.urantiacos.cl\/wp-content\/uploads\/2025\/10\/Informe_Libertad_Religiosa_2021_afiche.jpeg\" \/>\n\t<meta property=\"og:image:width\" content=\"720\" \/>\n\t<meta property=\"og:image:height\" content=\"1280\" \/>\n\t<meta property=\"og:image:type\" content=\"image\/jpeg\" \/>\n<meta name=\"author\" content=\"manadmin\" \/>\n<meta name=\"twitter:card\" content=\"summary_large_image\" \/>\n<meta name=\"twitter:label1\" content=\"Written by\" \/>\n\t<meta name=\"twitter:data1\" content=\"manadmin\" \/>\n\t<meta name=\"twitter:label2\" content=\"Est. reading time\" \/>\n\t<meta name=\"twitter:data2\" content=\"3 minutes\" \/>\n<script type=\"application\/ld+json\" class=\"yoast-schema-graph\">{\"@context\":\"https:\/\/schema.org\",\"@graph\":[{\"@type\":\"Article\",\"@id\":\"https:\/\/derechoyreligion-uc.urantiacos.cl\/en\/lanzamiento-informe-libertad-religiosa-en-el-mundo-2021\/#article\",\"isPartOf\":{\"@id\":\"https:\/\/derechoyreligion-uc.urantiacos.cl\/en\/lanzamiento-informe-libertad-religiosa-en-el-mundo-2021\/\"},\"author\":{\"name\":\"manadmin\",\"@id\":\"https:\/\/derechoyreligion-uc.urantiacos.cl\/en\/#\/schema\/person\/6cc7f593e2f49e3b770a06f63b58e3b1\"},\"headline\":\"Lanzamiento Informe Libertad Religiosa en el Mundo 2021\",\"datePublished\":\"2021-04-20T04:00:00+00:00\",\"mainEntityOfPage\":{\"@id\":\"https:\/\/derechoyreligion-uc.urantiacos.cl\/en\/lanzamiento-informe-libertad-religiosa-en-el-mundo-2021\/\"},\"wordCount\":646,\"image\":{\"@id\":\"https:\/\/derechoyreligion-uc.urantiacos.cl\/en\/lanzamiento-informe-libertad-religiosa-en-el-mundo-2021\/#primaryimage\"},\"thumbnailUrl\":\"https:\/\/derechoyreligion-uc.urantiacos.cl\/wp-content\/uploads\/2025\/10\/Informe_Libertad_Religiosa_2021_afiche.jpeg\",\"articleSection\":[\"Noticias\"],\"inLanguage\":\"en-US\"},{\"@type\":\"WebPage\",\"@id\":\"https:\/\/derechoyreligion-uc.urantiacos.cl\/en\/lanzamiento-informe-libertad-religiosa-en-el-mundo-2021\/\",\"url\":\"https:\/\/derechoyreligion-uc.urantiacos.cl\/en\/lanzamiento-informe-libertad-religiosa-en-el-mundo-2021\/\",\"name\":\"Lanzamiento Informe Libertad Religiosa en el Mundo 2021 - Centro UC Derecho y Religi\u00f3n\",\"isPartOf\":{\"@id\":\"https:\/\/derechoyreligion-uc.urantiacos.cl\/en\/#website\"},\"primaryImageOfPage\":{\"@id\":\"https:\/\/derechoyreligion-uc.urantiacos.cl\/en\/lanzamiento-informe-libertad-religiosa-en-el-mundo-2021\/#primaryimage\"},\"image\":{\"@id\":\"https:\/\/derechoyreligion-uc.urantiacos.cl\/en\/lanzamiento-informe-libertad-religiosa-en-el-mundo-2021\/#primaryimage\"},\"thumbnailUrl\":\"https:\/\/derechoyreligion-uc.urantiacos.cl\/wp-content\/uploads\/2025\/10\/Informe_Libertad_Religiosa_2021_afiche.jpeg\",\"datePublished\":\"2021-04-20T04:00:00+00:00\",\"author\":{\"@id\":\"https:\/\/derechoyreligion-uc.urantiacos.cl\/en\/#\/schema\/person\/6cc7f593e2f49e3b770a06f63b58e3b1\"},\"breadcrumb\":{\"@id\":\"https:\/\/derechoyreligion-uc.urantiacos.cl\/en\/lanzamiento-informe-libertad-religiosa-en-el-mundo-2021\/#breadcrumb\"},\"inLanguage\":\"en-US\",\"potentialAction\":[{\"@type\":\"ReadAction\",\"target\":[\"https:\/\/derechoyreligion-uc.urantiacos.cl\/en\/lanzamiento-informe-libertad-religiosa-en-el-mundo-2021\/\"]}]},{\"@type\":\"ImageObject\",\"inLanguage\":\"en-US\",\"@id\":\"https:\/\/derechoyreligion-uc.urantiacos.cl\/en\/lanzamiento-informe-libertad-religiosa-en-el-mundo-2021\/#primaryimage\",\"url\":\"https:\/\/derechoyreligion-uc.urantiacos.cl\/wp-content\/uploads\/2025\/10\/Informe_Libertad_Religiosa_2021_afiche.jpeg\",\"contentUrl\":\"https:\/\/derechoyreligion-uc.urantiacos.cl\/wp-content\/uploads\/2025\/10\/Informe_Libertad_Religiosa_2021_afiche.jpeg\",\"width\":720,\"height\":1280},{\"@type\":\"BreadcrumbList\",\"@id\":\"https:\/\/derechoyreligion-uc.urantiacos.cl\/en\/lanzamiento-informe-libertad-religiosa-en-el-mundo-2021\/#breadcrumb\",\"itemListElement\":[{\"@type\":\"ListItem\",\"position\":1,\"name\":\"Portada\",\"item\":\"https:\/\/derechoyreligion-uc.urantiacos.cl\/en\/\"},{\"@type\":\"ListItem\",\"position\":2,\"name\":\"Lanzamiento Informe Libertad Religiosa en el Mundo 2021\"}]},{\"@type\":\"WebSite\",\"@id\":\"https:\/\/derechoyreligion-uc.urantiacos.cl\/en\/#website\",\"url\":\"https:\/\/derechoyreligion-uc.urantiacos.cl\/en\/\",\"name\":\"Centro UC Derecho y Religi\u00f3n\",\"description\":\"\",\"potentialAction\":[{\"@type\":\"SearchAction\",\"target\":{\"@type\":\"EntryPoint\",\"urlTemplate\":\"https:\/\/derechoyreligion-uc.urantiacos.cl\/en\/?s={search_term_string}\"},\"query-input\":{\"@type\":\"PropertyValueSpecification\",\"valueRequired\":true,\"valueName\":\"search_term_string\"}}],\"inLanguage\":\"en-US\"},{\"@type\":\"Person\",\"@id\":\"https:\/\/derechoyreligion-uc.urantiacos.cl\/en\/#\/schema\/person\/6cc7f593e2f49e3b770a06f63b58e3b1\",\"name\":\"manadmin\",\"sameAs\":[\"https:\/\/derechoyreligion-uc.urantiacos.cl\"]}]}<\/script>\n<!-- \/ Yoast SEO plugin. -->","yoast_head_json":{"title":"Lanzamiento Informe Libertad Religiosa en el Mundo 2021 - Centro UC Derecho y Religi\u00f3n","robots":{"index":"index","follow":"follow","max-snippet":"max-snippet:-1","max-image-preview":"max-image-preview:large","max-video-preview":"max-video-preview:-1"},"canonical":"https:\/\/derechoyreligion-uc.urantiacos.cl\/en\/lanzamiento-informe-libertad-religiosa-en-el-mundo-2021\/","og_locale":"en_US","og_type":"article","og_title":"Lanzamiento Informe Libertad Religiosa en el Mundo 2021 - Centro UC Derecho y Religi\u00f3n","og_description":"Se trata de la decimoquinta edici\u00f3n del estudio que analiza y examina la situaci\u00f3n de la libertad religiosa en los 196 pa\u00edses del mundo.Durante la jornada del pasado martes 20 de abril se llev\u00f3 a cabo el lanzamiento del informe sobre Libertad Religiosa en el Mundo 2021: \u00bfUn Derecho Respetado?, que tiene como principal objetivo dar a conocer el estado de la libertad religiosa en el mundo y ser una voz de alerta sobre realidades que afectan profundamente la dignidad humana.El estudio incluye un mapa de clasificaci\u00f3n de los pa\u00edses en funci\u00f3n de sus niveles de discriminaci\u00f3n y persecuci\u00f3n religiosa, y cuenta con conclusiones relevantes sobre el cumplimiento o la vulneraci\u00f3n de este derecho fundamental.En el desglose, la directora de ACN Chile, Magdalena Lira, revel\u00f3 que \"en 62 pa\u00edses de un total de 196 no se respeta la libertad religiosa (1 de cada 3), en 36 pa\u00edses hay discriminaci\u00f3n y en 26 existe persecuci\u00f3n\". Asimismo, agreg\u00f3 que \"el 67% de la poblaci\u00f3n mundial vive en pa\u00edses con violaciones a la libertad religiosa y en 30 pa\u00edses se han cometido asesinatos por cuestiones de Fe\".Dentro de las principales causas por las que se ataca la libertad religiosa, el informe estableci\u00f3 que se da principalmente en tres casos: Por gobiernos autoritarios (43 pa\u00edses); por el extremismo islamista (26 pa\u00edses); y por nacionalismos \u00e9tnicos-religiosos (4 pa\u00edses).Por su parte la investigadora del Centro UC Derecho y Religi\u00f3n -encargado de la elaboraci\u00f3n de los informes de la mayor\u00eda de los pa\u00edses de Am\u00e9rica Latina y el Caribe- Paulina Eyzaguirre, se refiri\u00f3 a tres aspectos del informe referentes a Chile: el caso ilustrativo por los ataques a las Iglesias, su contextualizaci\u00f3n respecto a lo sucedido en otros pa\u00edses de la regi\u00f3n y el impacto de la pandemia en la libertad religiosa.Sobre esto, sostuvo que \"Chile pas\u00f3 a tener mayor protagonismo en el informe entrando en la lista de los pa\u00edses en observaci\u00f3n porque se han desarrollado factores de riesgo que podr\u00edan conducir a una degradaci\u00f3n de la libertad de conciencia y religi\u00f3n\".En este sentido, a\u00f1adi\u00f3 Eyzaguirre, en Chile ocurrieron \"ataques y quema de Iglesias y templos durante el estallido social, profanaciones del Sant\u00edsimo, incendios, saqueos, destrucci\u00f3n de im\u00e1genes y ornamentos lit\u00fargicos, interrupci\u00f3n del culto, rayados en fachadas, insultos y agresiones. En estos agravios, ocurridos en Santiago y replicados en todo el pa\u00eds entre octubre de 2019 y enero de 2020, fueron vandalizadas al menos 51 Iglesias cat\u00f3licas y seis templos evang\u00e9licos\".Al respecto, agreg\u00f3 que durante ese tiempo los fieles se vieron perjudicados porque \"se celebraron misas m\u00e1s breves, hubo cierre de templos, suspensi\u00f3n de cultos y sensaci\u00f3n de miedo en los fieles\", y en este contexto, afirm\u00f3 que \"el Estado no fue capaz de asegurar el orden p\u00fablico y que fall\u00f3 en el deber de investigaci\u00f3n, detenci\u00f3n y sanci\u00f3n a los autores de estos actos\".Finalmente, y sobre la libertad de culto en medio de la pandemia del Covid-19, la investigadora afirm\u00f3 que \"en los informes de los pa\u00edses de Am\u00e9rica Latina y el Caribe indican que las restricciones impuestas a la poblaci\u00f3n normalmente se respetaron y que los l\u00edderes religiosos colaboraron con los gobiernos para convencer a los fieles de cumplir las medidas puestas por la autoridad\" y por otro lado, se constat\u00f3 una desproporci\u00f3n entre las normativas relacionadas con la asistencia a los servicios religiosos, respecto de las restricciones de aforo impuestas al comercio.En la actividad tambi\u00e9n particip\u00f3 el sacerdote iraqu\u00ed, Padre Naim Shosandy; y el director del Centro de Estudios e Investigaci\u00f3n Social, SIGNOS, Daniel Mansuy.","og_url":"https:\/\/derechoyreligion-uc.urantiacos.cl\/en\/lanzamiento-informe-libertad-religiosa-en-el-mundo-2021\/","og_site_name":"Centro UC Derecho y Religi\u00f3n","article_published_time":"2021-04-20T04:00:00+00:00","og_image":[{"width":720,"height":1280,"url":"https:\/\/derechoyreligion-uc.urantiacos.cl\/wp-content\/uploads\/2025\/10\/Informe_Libertad_Religiosa_2021_afiche.jpeg","type":"image\/jpeg"}],"author":"manadmin","twitter_card":"summary_large_image","twitter_misc":{"Written by":"manadmin","Est. reading time":"3 minutes"},"schema":{"@context":"https:\/\/schema.org","@graph":[{"@type":"Article","@id":"https:\/\/derechoyreligion-uc.urantiacos.cl\/en\/lanzamiento-informe-libertad-religiosa-en-el-mundo-2021\/#article","isPartOf":{"@id":"https:\/\/derechoyreligion-uc.urantiacos.cl\/en\/lanzamiento-informe-libertad-religiosa-en-el-mundo-2021\/"},"author":{"name":"manadmin","@id":"https:\/\/derechoyreligion-uc.urantiacos.cl\/en\/#\/schema\/person\/6cc7f593e2f49e3b770a06f63b58e3b1"},"headline":"Lanzamiento Informe Libertad Religiosa en el Mundo 2021","datePublished":"2021-04-20T04:00:00+00:00","mainEntityOfPage":{"@id":"https:\/\/derechoyreligion-uc.urantiacos.cl\/en\/lanzamiento-informe-libertad-religiosa-en-el-mundo-2021\/"},"wordCount":646,"image":{"@id":"https:\/\/derechoyreligion-uc.urantiacos.cl\/en\/lanzamiento-informe-libertad-religiosa-en-el-mundo-2021\/#primaryimage"},"thumbnailUrl":"https:\/\/derechoyreligion-uc.urantiacos.cl\/wp-content\/uploads\/2025\/10\/Informe_Libertad_Religiosa_2021_afiche.jpeg","articleSection":["Noticias"],"inLanguage":"en-US"},{"@type":"WebPage","@id":"https:\/\/derechoyreligion-uc.urantiacos.cl\/en\/lanzamiento-informe-libertad-religiosa-en-el-mundo-2021\/","url":"https:\/\/derechoyreligion-uc.urantiacos.cl\/en\/lanzamiento-informe-libertad-religiosa-en-el-mundo-2021\/","name":"Lanzamiento Informe Libertad Religiosa en el Mundo 2021 - Centro UC Derecho y Religi\u00f3n","isPartOf":{"@id":"https:\/\/derechoyreligion-uc.urantiacos.cl\/en\/#website"},"primaryImageOfPage":{"@id":"https:\/\/derechoyreligion-uc.urantiacos.cl\/en\/lanzamiento-informe-libertad-religiosa-en-el-mundo-2021\/#primaryimage"},"image":{"@id":"https:\/\/derechoyreligion-uc.urantiacos.cl\/en\/lanzamiento-informe-libertad-religiosa-en-el-mundo-2021\/#primaryimage"},"thumbnailUrl":"https:\/\/derechoyreligion-uc.urantiacos.cl\/wp-content\/uploads\/2025\/10\/Informe_Libertad_Religiosa_2021_afiche.jpeg","datePublished":"2021-04-20T04:00:00+00:00","author":{"@id":"https:\/\/derechoyreligion-uc.urantiacos.cl\/en\/#\/schema\/person\/6cc7f593e2f49e3b770a06f63b58e3b1"},"breadcrumb":{"@id":"https:\/\/derechoyreligion-uc.urantiacos.cl\/en\/lanzamiento-informe-libertad-religiosa-en-el-mundo-2021\/#breadcrumb"},"inLanguage":"en-US","potentialAction":[{"@type":"ReadAction","target":["https:\/\/derechoyreligion-uc.urantiacos.cl\/en\/lanzamiento-informe-libertad-religiosa-en-el-mundo-2021\/"]}]},{"@type":"ImageObject","inLanguage":"en-US","@id":"https:\/\/derechoyreligion-uc.urantiacos.cl\/en\/lanzamiento-informe-libertad-religiosa-en-el-mundo-2021\/#primaryimage","url":"https:\/\/derechoyreligion-uc.urantiacos.cl\/wp-content\/uploads\/2025\/10\/Informe_Libertad_Religiosa_2021_afiche.jpeg","contentUrl":"https:\/\/derechoyreligion-uc.urantiacos.cl\/wp-content\/uploads\/2025\/10\/Informe_Libertad_Religiosa_2021_afiche.jpeg","width":720,"height":1280},{"@type":"BreadcrumbList","@id":"https:\/\/derechoyreligion-uc.urantiacos.cl\/en\/lanzamiento-informe-libertad-religiosa-en-el-mundo-2021\/#breadcrumb","itemListElement":[{"@type":"ListItem","position":1,"name":"Portada","item":"https:\/\/derechoyreligion-uc.urantiacos.cl\/en\/"},{"@type":"ListItem","position":2,"name":"Lanzamiento Informe Libertad Religiosa en el Mundo 2021"}]},{"@type":"WebSite","@id":"https:\/\/derechoyreligion-uc.urantiacos.cl\/en\/#website","url":"https:\/\/derechoyreligion-uc.urantiacos.cl\/en\/","name":"Centro UC Derecho y Religi\u00f3n","description":"","potentialAction":[{"@type":"SearchAction","target":{"@type":"EntryPoint","urlTemplate":"https:\/\/derechoyreligion-uc.urantiacos.cl\/en\/?s={search_term_string}"},"query-input":{"@type":"PropertyValueSpecification","valueRequired":true,"valueName":"search_term_string"}}],"inLanguage":"en-US"},{"@type":"Person","@id":"https:\/\/derechoyreligion-uc.urantiacos.cl\/en\/#\/schema\/person\/6cc7f593e2f49e3b770a06f63b58e3b1","name":"manadmin","sameAs":["https:\/\/derechoyreligion-uc.urantiacos.cl"]}]}},"_links":{"self":[{"href":"https:\/\/derechoyreligion-uc.urantiacos.cl\/en\/wp-json\/wp\/v2\/posts\/1386","targetHints":{"allow":["GET"]}}],"collection":[{"href":"https:\/\/derechoyreligion-uc.urantiacos.cl\/en\/wp-json\/wp\/v2\/posts"}],"about":[{"href":"https:\/\/derechoyreligion-uc.urantiacos.cl\/en\/wp-json\/wp\/v2\/types\/post"}],"author":[{"embeddable":true,"href":"https:\/\/derechoyreligion-uc.urantiacos.cl\/en\/wp-json\/wp\/v2\/users\/1"}],"replies":[{"embeddable":true,"href":"https:\/\/derechoyreligion-uc.urantiacos.cl\/en\/wp-json\/wp\/v2\/comments?post=1386"}],"version-history":[{"count":0,"href":"https:\/\/derechoyreligion-uc.urantiacos.cl\/en\/wp-json\/wp\/v2\/posts\/1386\/revisions"}],"wp:featuredmedia":[{"embeddable":true,"href":"https:\/\/derechoyreligion-uc.urantiacos.cl\/en\/wp-json\/wp\/v2\/media\/1533"}],"wp:attachment":[{"href":"https:\/\/derechoyreligion-uc.urantiacos.cl\/en\/wp-json\/wp\/v2\/media?parent=1386"}],"wp:term":[{"taxonomy":"category","embeddable":true,"href":"https:\/\/derechoyreligion-uc.urantiacos.cl\/en\/wp-json\/wp\/v2\/categories?post=1386"},{"taxonomy":"post_tag","embeddable":true,"href":"https:\/\/derechoyreligion-uc.urantiacos.cl\/en\/wp-json\/wp\/v2\/tags?post=1386"}],"curies":[{"name":"wp","href":"https:\/\/api.w.org\/{rel}","templated":true}]}}