
{"id":1382,"date":"2021-06-10T00:00:00","date_gmt":"2021-06-10T04:00:00","guid":{"rendered":"https:\/\/derechoyreligion-uc.urantiacos.cl\/una-primera-lectura-a-la-reforma-del-libro-vi-del-cic-consideraciones-sobre-la-proteccion-penal-de-los-menores-de-edad\/"},"modified":"2021-06-10T00:00:00","modified_gmt":"2021-06-10T04:00:00","slug":"una-primera-lectura-a-la-reforma-del-libro-vi-del-cic-consideraciones-sobre-la-proteccion-penal-de-los-menores-de-edad","status":"publish","type":"post","link":"https:\/\/derechoyreligion-uc.urantiacos.cl\/en\/una-primera-lectura-a-la-reforma-del-libro-vi-del-cic-consideraciones-sobre-la-proteccion-penal-de-los-menores-de-edad\/","title":{"rendered":"Una primera lectura a la reforma del Libro VI del CIC &#8211; Consideraciones sobre la protecci\u00f3n penal de los menores de edad"},"content":{"rendered":"<article>\n<span><br \/>\n<\/span><\/p>\n<p>El 1\u00b0 de junio se dio a conocer que el Papa Francisco promulg\u00f3 la importante y esperada modificaci\u00f3n sobre la normativa penal can\u00f3nica. Dict\u00f3 un nuevo libro VI del C\u00f3digo de Derecho Can\u00f3nico de 1983 (CIC) \u2013uno de los siete que lo conforman, relativo a las Sanciones en la Iglesia. La reforma entrar\u00e1 a regir el 8 de diciembre.<\/p>\n<p>El Consejo Nacional de Prevenci\u00f3n de Abusos y Acompa\u00f1amiento de V\u00edctimas de la Conferencia Episcopal de Chile (CECH) junto con el Departamento de Derecho Can\u00f3nico y el Centro UC de Derecho y Religi\u00f3n, organizaron el pasado 10 de junio el encuentro: &#8220;Una primera lectura de la reforma del Libro VI del C\u00f3digo de Derecho Can\u00f3nico: Consideraciones sobre la protecci\u00f3n penal de los menores de edad.&#8221; Este primer an\u00e1lisis fue expuesto por don Matteo Visioli, Sub Secretario de la Congregaci\u00f3n para la Doctrina de la Fe, cuya traducci\u00f3n del italiano la realiz\u00f3 la profesora Ana Mar\u00eda Celis, presidenta del Consejo de Prevenci\u00f3n de Abusos de la CECH y Directora del Centro UC organizador.<br \/>El encuentro fue moderado por Pilar Ram\u00edrez, Directora del Departamento de Prevenci\u00f3n de la CECH y miembro de dicho Consejo de la CECH, organismo que desde 2011 elabora pol\u00edticas de prevenci\u00f3n de abusos contra menores de edad. Manifest\u00f3 que &#8220;estas materias requieren actualizaci\u00f3n permanente&#8221; y, por eso, se organiz\u00f3 esta actividad \u2013dentro de varias que realizan para dicho objetivo-, en la &#8220;convicci\u00f3n de que la justicia es completamente necesaria para sanaci\u00f3n de las v\u00edctimas de estos delitos&#8221;.<br \/>La profesora M. Elena Pimstein, realiz\u00f3 una introducci\u00f3n en la que explic\u00f3, que Benedicto XVI encarg\u00f3 la reforma en 2007 al Pontificio Consejo para los Textos Legislativos. Seg\u00fan dijo, poco despu\u00e9s de la entrada en vigencia del CIC en 1983, qued\u00f3 en evidencia que la normativa penal deb\u00eda revisarse para adecuarla a las exigencias de la realidad de la Iglesia. Se\u00f1al\u00f3 que el proceso fue mucho m\u00e1s largo de lo esperado, pero destac\u00f3 el car\u00e1cter &#8220;sinodal&#8221; que se aprecia en su elaboraci\u00f3n, ya que los sucesivos borradores fueron enviados a diversas instituciones eclesi\u00e1sticas alrededor del mundo para requerir su parecer. &#8220;Puedo dar fe que en 2011, la Conferencia Episcopal de Chile nos convoc\u00f3 como profesores del Departamento de Derecho Can\u00f3nico de la UC para hacer nuestras observaciones.&#8221; Luego, detall\u00f3 los principales hitos en la normativa penal can\u00f3nica desde 1983 hasta hoy. Indic\u00f3 que de los 89 c\u00e1nones que compon\u00edan el Libro VI, se modificaron 63 (71%), otros 9 se trasladaron (10%) y s\u00f3lo 17 permanecen sin cambios (19%).<br \/>Don Matteo Visioli, en una interesante exposici\u00f3n abord\u00f3 la protecci\u00f3n penal de los menores de edad. Plante\u00f3 la complejidad de tratar el tema s\u00f3lo desde una perspectiva jur\u00eddica y manifest\u00f3 -con especial humanidad- la comprensi\u00f3n del mal de los delitos de &#8220;abuso&#8221;. Destac\u00f3 que los delitos contra el sexto mandamiento \u2013como se denominan can\u00f3nicamente los que com\u00fanmente se designan como abusos de menores de edad-, suponen un concepto muy amplio que, seg\u00fan el Catecismo de la Iglesia Cat\u00f3lica, comprende todo lo relativo a la sexualidad humana. Plante\u00f3 la pregunta sobre la oportunidad de haberlos incluido como delitos contra el quinto mandamiento ya que quien &#8220;escandaliza a los peque\u00f1os&#8221; (Mt. 18, 6) puede llevarlos a la muerte espiritual y eso es lo que puede ocurrir respecto de las v\u00edctimas de estos delitos. Indic\u00f3 que la novedad de la reforma, es que los sujetos punibles de este tipo de delitos, ser\u00e1n en adelante tambi\u00e9n los religiosos y todo tipo de fieles. Esto supone a cualquier fiel &#8220;que goce de una dignidad o ejercite un oficio o una funci\u00f3n estable en la Iglesia&#8221;. Obviamente, seg\u00fan afirm\u00f3, esto plantear\u00e1 algunas cuestiones sobre la proporcionalidad de las penas que se aplicar\u00e1n y que la jurisprudencia deber\u00e1 resolver. Una segunda cuesti\u00f3n sobre este nuevo tipo penal \u2013seg\u00fan indic\u00f3- radica en que puede cometerse no s\u00f3lo respecto de un &#8220;menor o persona que habitualmente que tiene un uso imperfecto de raz\u00f3n&#8221; sino tambi\u00e9n respecto de personas a las que el derecho reconoce igual tutela&#8221;. Agreg\u00f3 que una tercera novedad, la constituye haber agregado la conducta de &#8220;exhibir&#8221; -adem\u00e1s de adquirir, conservar, o divulgar-, im\u00e1genes pornogr\u00e1ficas de menores de edad o de personas que habitualmente tienen un uso imperfecto de raz\u00f3n. Explic\u00f3 que esta adici\u00f3n ampl\u00eda las conductas inicialmente sancionadas; lo que ejemplific\u00f3 a quien exhiba un v\u00eddeo pornogr\u00e1fico de un menor desde un sitio web cualquiera sin haberlo grabado en su computador. Finalmente, se refiri\u00f3 a la inclusi\u00f3n de la presunci\u00f3n de inocencia como garant\u00eda de una m\u00e1s correcta administraci\u00f3n de justicia, que &#8220;no busca mitigar la justicia ni la severidad de la aplicaci\u00f3n de una ley&#8221; pero si &#8220;evitar el riesgo de justicialismo \u2013tanto respecto de la inocencia de un sacerdote como para reconocer su culpabilidad inmediata-.<\/p>\n<p>\u00a0<\/p>\n<p><img decoding=\"async\" alt=\"CONSIDERACIONES SOBRE LA PROTECCION PENAL DE LOS MENORES DE EDAD 1 page-0001\" src=\"https:\/\/derechoyreligion-uc.urantiacos.cl\/wp-content\/uploads\/imagenes\/CONSIDERACIONES_SOBRE_LA_PROTECCION_PENAL_DE_LOS_MENORES_DE_EDAD_1_page-0001.jpg\"\/><\/p>\n<\/article>\n","protected":false},"excerpt":{"rendered":"<p>El 1\u00b0 de junio se dio a conocer que el Papa Francisco promulg\u00f3 la importante y esperada modificaci\u00f3n sobre la normativa penal can\u00f3nica. Dict\u00f3 un nuevo libro VI del C\u00f3digo de Derecho Can\u00f3nico de 1983 (CIC) \u2013uno de los siete que lo conforman, relativo a las Sanciones en la Iglesia. La reforma entrar\u00e1 a regir el 8 de diciembre.<\/p>\n","protected":false},"author":1,"featured_media":1530,"comment_status":"","ping_status":"","sticky":false,"template":"","format":"standard","meta":{"_acf_changed":false,"footnotes":""},"categories":[1],"tags":[],"class_list":["post-1382","post","type-post","status-publish","format-standard","has-post-thumbnail","hentry","category-noticias"],"acf":[],"yoast_head":"<!-- This site is optimized with the Yoast SEO plugin v27.1.1 - https:\/\/yoast.com\/product\/yoast-seo-wordpress\/ -->\n<title>Una primera lectura a la reforma del Libro VI del CIC - Consideraciones sobre la protecci\u00f3n penal de los menores de edad - Centro UC Derecho y Religi\u00f3n<\/title>\n<meta name=\"robots\" content=\"index, follow, max-snippet:-1, max-image-preview:large, max-video-preview:-1\" \/>\n<link rel=\"canonical\" href=\"https:\/\/derechoyreligion-uc.urantiacos.cl\/en\/una-primera-lectura-a-la-reforma-del-libro-vi-del-cic-consideraciones-sobre-la-proteccion-penal-de-los-menores-de-edad\/\" \/>\n<meta property=\"og:locale\" content=\"en_US\" \/>\n<meta property=\"og:type\" content=\"article\" \/>\n<meta property=\"og:title\" content=\"Una primera lectura a la reforma del Libro VI del CIC - Consideraciones sobre la protecci\u00f3n penal de los menores de edad - Centro UC Derecho y Religi\u00f3n\" \/>\n<meta property=\"og:description\" content=\"El 1\u00b0 de junio se dio a conocer que el Papa Francisco promulg\u00f3 la importante y esperada modificaci\u00f3n sobre la normativa penal can\u00f3nica. Dict\u00f3 un nuevo libro VI del C\u00f3digo de Derecho Can\u00f3nico de 1983 (CIC) \u2013uno de los siete que lo conforman, relativo a las Sanciones en la Iglesia. La reforma entrar\u00e1 a regir el 8 de diciembre.\" \/>\n<meta property=\"og:url\" content=\"https:\/\/derechoyreligion-uc.urantiacos.cl\/en\/una-primera-lectura-a-la-reforma-del-libro-vi-del-cic-consideraciones-sobre-la-proteccion-penal-de-los-menores-de-edad\/\" \/>\n<meta property=\"og:site_name\" content=\"Centro UC Derecho y Religi\u00f3n\" \/>\n<meta property=\"article:published_time\" content=\"2021-06-10T04:00:00+00:00\" \/>\n<meta property=\"og:image\" content=\"https:\/\/derechoyreligion-uc.urantiacos.cl\/wp-content\/uploads\/2025\/10\/CONSIDERACIONES_SOBRE_LA_PROTECCION_PENAL_DE_LOS_MENORES_DE_EDAD_1_page-0001.jpg\" \/>\n\t<meta property=\"og:image:width\" content=\"1250\" \/>\n\t<meta property=\"og:image:height\" content=\"1441\" \/>\n\t<meta property=\"og:image:type\" content=\"image\/jpeg\" \/>\n<meta name=\"author\" content=\"manadmin\" \/>\n<meta name=\"twitter:card\" content=\"summary_large_image\" \/>\n<meta name=\"twitter:label1\" content=\"Written by\" \/>\n\t<meta name=\"twitter:data1\" content=\"manadmin\" \/>\n\t<meta name=\"twitter:label2\" content=\"Est. reading time\" \/>\n\t<meta name=\"twitter:data2\" content=\"4 minutes\" \/>\n<script type=\"application\/ld+json\" class=\"yoast-schema-graph\">{\"@context\":\"https:\/\/schema.org\",\"@graph\":[{\"@type\":\"Article\",\"@id\":\"https:\/\/derechoyreligion-uc.urantiacos.cl\/en\/una-primera-lectura-a-la-reforma-del-libro-vi-del-cic-consideraciones-sobre-la-proteccion-penal-de-los-menores-de-edad\/#article\",\"isPartOf\":{\"@id\":\"https:\/\/derechoyreligion-uc.urantiacos.cl\/en\/una-primera-lectura-a-la-reforma-del-libro-vi-del-cic-consideraciones-sobre-la-proteccion-penal-de-los-menores-de-edad\/\"},\"author\":{\"name\":\"manadmin\",\"@id\":\"https:\/\/derechoyreligion-uc.urantiacos.cl\/en\/#\/schema\/person\/6cc7f593e2f49e3b770a06f63b58e3b1\"},\"headline\":\"Una primera lectura a la reforma del Libro VI del CIC &#8211; Consideraciones sobre la protecci\u00f3n penal de los menores de edad\",\"datePublished\":\"2021-06-10T04:00:00+00:00\",\"mainEntityOfPage\":{\"@id\":\"https:\/\/derechoyreligion-uc.urantiacos.cl\/en\/una-primera-lectura-a-la-reforma-del-libro-vi-del-cic-consideraciones-sobre-la-proteccion-penal-de-los-menores-de-edad\/\"},\"wordCount\":867,\"image\":{\"@id\":\"https:\/\/derechoyreligion-uc.urantiacos.cl\/en\/una-primera-lectura-a-la-reforma-del-libro-vi-del-cic-consideraciones-sobre-la-proteccion-penal-de-los-menores-de-edad\/#primaryimage\"},\"thumbnailUrl\":\"https:\/\/derechoyreligion-uc.urantiacos.cl\/wp-content\/uploads\/2025\/10\/CONSIDERACIONES_SOBRE_LA_PROTECCION_PENAL_DE_LOS_MENORES_DE_EDAD_1_page-0001.jpg\",\"articleSection\":[\"Noticias\"],\"inLanguage\":\"en-US\"},{\"@type\":\"WebPage\",\"@id\":\"https:\/\/derechoyreligion-uc.urantiacos.cl\/en\/una-primera-lectura-a-la-reforma-del-libro-vi-del-cic-consideraciones-sobre-la-proteccion-penal-de-los-menores-de-edad\/\",\"url\":\"https:\/\/derechoyreligion-uc.urantiacos.cl\/en\/una-primera-lectura-a-la-reforma-del-libro-vi-del-cic-consideraciones-sobre-la-proteccion-penal-de-los-menores-de-edad\/\",\"name\":\"Una primera lectura a la reforma del Libro VI del CIC - Consideraciones sobre la protecci\u00f3n penal de los menores de edad - Centro UC Derecho y Religi\u00f3n\",\"isPartOf\":{\"@id\":\"https:\/\/derechoyreligion-uc.urantiacos.cl\/en\/#website\"},\"primaryImageOfPage\":{\"@id\":\"https:\/\/derechoyreligion-uc.urantiacos.cl\/en\/una-primera-lectura-a-la-reforma-del-libro-vi-del-cic-consideraciones-sobre-la-proteccion-penal-de-los-menores-de-edad\/#primaryimage\"},\"image\":{\"@id\":\"https:\/\/derechoyreligion-uc.urantiacos.cl\/en\/una-primera-lectura-a-la-reforma-del-libro-vi-del-cic-consideraciones-sobre-la-proteccion-penal-de-los-menores-de-edad\/#primaryimage\"},\"thumbnailUrl\":\"https:\/\/derechoyreligion-uc.urantiacos.cl\/wp-content\/uploads\/2025\/10\/CONSIDERACIONES_SOBRE_LA_PROTECCION_PENAL_DE_LOS_MENORES_DE_EDAD_1_page-0001.jpg\",\"datePublished\":\"2021-06-10T04:00:00+00:00\",\"author\":{\"@id\":\"https:\/\/derechoyreligion-uc.urantiacos.cl\/en\/#\/schema\/person\/6cc7f593e2f49e3b770a06f63b58e3b1\"},\"breadcrumb\":{\"@id\":\"https:\/\/derechoyreligion-uc.urantiacos.cl\/en\/una-primera-lectura-a-la-reforma-del-libro-vi-del-cic-consideraciones-sobre-la-proteccion-penal-de-los-menores-de-edad\/#breadcrumb\"},\"inLanguage\":\"en-US\",\"potentialAction\":[{\"@type\":\"ReadAction\",\"target\":[\"https:\/\/derechoyreligion-uc.urantiacos.cl\/en\/una-primera-lectura-a-la-reforma-del-libro-vi-del-cic-consideraciones-sobre-la-proteccion-penal-de-los-menores-de-edad\/\"]}]},{\"@type\":\"ImageObject\",\"inLanguage\":\"en-US\",\"@id\":\"https:\/\/derechoyreligion-uc.urantiacos.cl\/en\/una-primera-lectura-a-la-reforma-del-libro-vi-del-cic-consideraciones-sobre-la-proteccion-penal-de-los-menores-de-edad\/#primaryimage\",\"url\":\"https:\/\/derechoyreligion-uc.urantiacos.cl\/wp-content\/uploads\/2025\/10\/CONSIDERACIONES_SOBRE_LA_PROTECCION_PENAL_DE_LOS_MENORES_DE_EDAD_1_page-0001.jpg\",\"contentUrl\":\"https:\/\/derechoyreligion-uc.urantiacos.cl\/wp-content\/uploads\/2025\/10\/CONSIDERACIONES_SOBRE_LA_PROTECCION_PENAL_DE_LOS_MENORES_DE_EDAD_1_page-0001.jpg\",\"width\":1250,\"height\":1441},{\"@type\":\"BreadcrumbList\",\"@id\":\"https:\/\/derechoyreligion-uc.urantiacos.cl\/en\/una-primera-lectura-a-la-reforma-del-libro-vi-del-cic-consideraciones-sobre-la-proteccion-penal-de-los-menores-de-edad\/#breadcrumb\",\"itemListElement\":[{\"@type\":\"ListItem\",\"position\":1,\"name\":\"Portada\",\"item\":\"https:\/\/derechoyreligion-uc.urantiacos.cl\/en\/\"},{\"@type\":\"ListItem\",\"position\":2,\"name\":\"Una primera lectura a la reforma del Libro VI del CIC &#8211; Consideraciones sobre la protecci\u00f3n penal de los menores de edad\"}]},{\"@type\":\"WebSite\",\"@id\":\"https:\/\/derechoyreligion-uc.urantiacos.cl\/en\/#website\",\"url\":\"https:\/\/derechoyreligion-uc.urantiacos.cl\/en\/\",\"name\":\"Centro UC Derecho y Religi\u00f3n\",\"description\":\"\",\"potentialAction\":[{\"@type\":\"SearchAction\",\"target\":{\"@type\":\"EntryPoint\",\"urlTemplate\":\"https:\/\/derechoyreligion-uc.urantiacos.cl\/en\/?s={search_term_string}\"},\"query-input\":{\"@type\":\"PropertyValueSpecification\",\"valueRequired\":true,\"valueName\":\"search_term_string\"}}],\"inLanguage\":\"en-US\"},{\"@type\":\"Person\",\"@id\":\"https:\/\/derechoyreligion-uc.urantiacos.cl\/en\/#\/schema\/person\/6cc7f593e2f49e3b770a06f63b58e3b1\",\"name\":\"manadmin\",\"sameAs\":[\"https:\/\/derechoyreligion-uc.urantiacos.cl\"]}]}<\/script>\n<!-- \/ Yoast SEO plugin. -->","yoast_head_json":{"title":"Una primera lectura a la reforma del Libro VI del CIC - Consideraciones sobre la protecci\u00f3n penal de los menores de edad - Centro UC Derecho y Religi\u00f3n","robots":{"index":"index","follow":"follow","max-snippet":"max-snippet:-1","max-image-preview":"max-image-preview:large","max-video-preview":"max-video-preview:-1"},"canonical":"https:\/\/derechoyreligion-uc.urantiacos.cl\/en\/una-primera-lectura-a-la-reforma-del-libro-vi-del-cic-consideraciones-sobre-la-proteccion-penal-de-los-menores-de-edad\/","og_locale":"en_US","og_type":"article","og_title":"Una primera lectura a la reforma del Libro VI del CIC - Consideraciones sobre la protecci\u00f3n penal de los menores de edad - Centro UC Derecho y Religi\u00f3n","og_description":"El 1\u00b0 de junio se dio a conocer que el Papa Francisco promulg\u00f3 la importante y esperada modificaci\u00f3n sobre la normativa penal can\u00f3nica. Dict\u00f3 un nuevo libro VI del C\u00f3digo de Derecho Can\u00f3nico de 1983 (CIC) \u2013uno de los siete que lo conforman, relativo a las Sanciones en la Iglesia. La reforma entrar\u00e1 a regir el 8 de diciembre.","og_url":"https:\/\/derechoyreligion-uc.urantiacos.cl\/en\/una-primera-lectura-a-la-reforma-del-libro-vi-del-cic-consideraciones-sobre-la-proteccion-penal-de-los-menores-de-edad\/","og_site_name":"Centro UC Derecho y Religi\u00f3n","article_published_time":"2021-06-10T04:00:00+00:00","og_image":[{"width":1250,"height":1441,"url":"https:\/\/derechoyreligion-uc.urantiacos.cl\/wp-content\/uploads\/2025\/10\/CONSIDERACIONES_SOBRE_LA_PROTECCION_PENAL_DE_LOS_MENORES_DE_EDAD_1_page-0001.jpg","type":"image\/jpeg"}],"author":"manadmin","twitter_card":"summary_large_image","twitter_misc":{"Written by":"manadmin","Est. reading time":"4 minutes"},"schema":{"@context":"https:\/\/schema.org","@graph":[{"@type":"Article","@id":"https:\/\/derechoyreligion-uc.urantiacos.cl\/en\/una-primera-lectura-a-la-reforma-del-libro-vi-del-cic-consideraciones-sobre-la-proteccion-penal-de-los-menores-de-edad\/#article","isPartOf":{"@id":"https:\/\/derechoyreligion-uc.urantiacos.cl\/en\/una-primera-lectura-a-la-reforma-del-libro-vi-del-cic-consideraciones-sobre-la-proteccion-penal-de-los-menores-de-edad\/"},"author":{"name":"manadmin","@id":"https:\/\/derechoyreligion-uc.urantiacos.cl\/en\/#\/schema\/person\/6cc7f593e2f49e3b770a06f63b58e3b1"},"headline":"Una primera lectura a la reforma del Libro VI del CIC &#8211; Consideraciones sobre la protecci\u00f3n penal de los menores de edad","datePublished":"2021-06-10T04:00:00+00:00","mainEntityOfPage":{"@id":"https:\/\/derechoyreligion-uc.urantiacos.cl\/en\/una-primera-lectura-a-la-reforma-del-libro-vi-del-cic-consideraciones-sobre-la-proteccion-penal-de-los-menores-de-edad\/"},"wordCount":867,"image":{"@id":"https:\/\/derechoyreligion-uc.urantiacos.cl\/en\/una-primera-lectura-a-la-reforma-del-libro-vi-del-cic-consideraciones-sobre-la-proteccion-penal-de-los-menores-de-edad\/#primaryimage"},"thumbnailUrl":"https:\/\/derechoyreligion-uc.urantiacos.cl\/wp-content\/uploads\/2025\/10\/CONSIDERACIONES_SOBRE_LA_PROTECCION_PENAL_DE_LOS_MENORES_DE_EDAD_1_page-0001.jpg","articleSection":["Noticias"],"inLanguage":"en-US"},{"@type":"WebPage","@id":"https:\/\/derechoyreligion-uc.urantiacos.cl\/en\/una-primera-lectura-a-la-reforma-del-libro-vi-del-cic-consideraciones-sobre-la-proteccion-penal-de-los-menores-de-edad\/","url":"https:\/\/derechoyreligion-uc.urantiacos.cl\/en\/una-primera-lectura-a-la-reforma-del-libro-vi-del-cic-consideraciones-sobre-la-proteccion-penal-de-los-menores-de-edad\/","name":"Una primera lectura a la reforma del Libro VI del CIC - Consideraciones sobre la protecci\u00f3n penal de los menores de edad - Centro UC Derecho y Religi\u00f3n","isPartOf":{"@id":"https:\/\/derechoyreligion-uc.urantiacos.cl\/en\/#website"},"primaryImageOfPage":{"@id":"https:\/\/derechoyreligion-uc.urantiacos.cl\/en\/una-primera-lectura-a-la-reforma-del-libro-vi-del-cic-consideraciones-sobre-la-proteccion-penal-de-los-menores-de-edad\/#primaryimage"},"image":{"@id":"https:\/\/derechoyreligion-uc.urantiacos.cl\/en\/una-primera-lectura-a-la-reforma-del-libro-vi-del-cic-consideraciones-sobre-la-proteccion-penal-de-los-menores-de-edad\/#primaryimage"},"thumbnailUrl":"https:\/\/derechoyreligion-uc.urantiacos.cl\/wp-content\/uploads\/2025\/10\/CONSIDERACIONES_SOBRE_LA_PROTECCION_PENAL_DE_LOS_MENORES_DE_EDAD_1_page-0001.jpg","datePublished":"2021-06-10T04:00:00+00:00","author":{"@id":"https:\/\/derechoyreligion-uc.urantiacos.cl\/en\/#\/schema\/person\/6cc7f593e2f49e3b770a06f63b58e3b1"},"breadcrumb":{"@id":"https:\/\/derechoyreligion-uc.urantiacos.cl\/en\/una-primera-lectura-a-la-reforma-del-libro-vi-del-cic-consideraciones-sobre-la-proteccion-penal-de-los-menores-de-edad\/#breadcrumb"},"inLanguage":"en-US","potentialAction":[{"@type":"ReadAction","target":["https:\/\/derechoyreligion-uc.urantiacos.cl\/en\/una-primera-lectura-a-la-reforma-del-libro-vi-del-cic-consideraciones-sobre-la-proteccion-penal-de-los-menores-de-edad\/"]}]},{"@type":"ImageObject","inLanguage":"en-US","@id":"https:\/\/derechoyreligion-uc.urantiacos.cl\/en\/una-primera-lectura-a-la-reforma-del-libro-vi-del-cic-consideraciones-sobre-la-proteccion-penal-de-los-menores-de-edad\/#primaryimage","url":"https:\/\/derechoyreligion-uc.urantiacos.cl\/wp-content\/uploads\/2025\/10\/CONSIDERACIONES_SOBRE_LA_PROTECCION_PENAL_DE_LOS_MENORES_DE_EDAD_1_page-0001.jpg","contentUrl":"https:\/\/derechoyreligion-uc.urantiacos.cl\/wp-content\/uploads\/2025\/10\/CONSIDERACIONES_SOBRE_LA_PROTECCION_PENAL_DE_LOS_MENORES_DE_EDAD_1_page-0001.jpg","width":1250,"height":1441},{"@type":"BreadcrumbList","@id":"https:\/\/derechoyreligion-uc.urantiacos.cl\/en\/una-primera-lectura-a-la-reforma-del-libro-vi-del-cic-consideraciones-sobre-la-proteccion-penal-de-los-menores-de-edad\/#breadcrumb","itemListElement":[{"@type":"ListItem","position":1,"name":"Portada","item":"https:\/\/derechoyreligion-uc.urantiacos.cl\/en\/"},{"@type":"ListItem","position":2,"name":"Una primera lectura a la reforma del Libro VI del CIC &#8211; Consideraciones sobre la protecci\u00f3n penal de los menores de edad"}]},{"@type":"WebSite","@id":"https:\/\/derechoyreligion-uc.urantiacos.cl\/en\/#website","url":"https:\/\/derechoyreligion-uc.urantiacos.cl\/en\/","name":"Centro UC Derecho y Religi\u00f3n","description":"","potentialAction":[{"@type":"SearchAction","target":{"@type":"EntryPoint","urlTemplate":"https:\/\/derechoyreligion-uc.urantiacos.cl\/en\/?s={search_term_string}"},"query-input":{"@type":"PropertyValueSpecification","valueRequired":true,"valueName":"search_term_string"}}],"inLanguage":"en-US"},{"@type":"Person","@id":"https:\/\/derechoyreligion-uc.urantiacos.cl\/en\/#\/schema\/person\/6cc7f593e2f49e3b770a06f63b58e3b1","name":"manadmin","sameAs":["https:\/\/derechoyreligion-uc.urantiacos.cl"]}]}},"_links":{"self":[{"href":"https:\/\/derechoyreligion-uc.urantiacos.cl\/en\/wp-json\/wp\/v2\/posts\/1382","targetHints":{"allow":["GET"]}}],"collection":[{"href":"https:\/\/derechoyreligion-uc.urantiacos.cl\/en\/wp-json\/wp\/v2\/posts"}],"about":[{"href":"https:\/\/derechoyreligion-uc.urantiacos.cl\/en\/wp-json\/wp\/v2\/types\/post"}],"author":[{"embeddable":true,"href":"https:\/\/derechoyreligion-uc.urantiacos.cl\/en\/wp-json\/wp\/v2\/users\/1"}],"replies":[{"embeddable":true,"href":"https:\/\/derechoyreligion-uc.urantiacos.cl\/en\/wp-json\/wp\/v2\/comments?post=1382"}],"version-history":[{"count":0,"href":"https:\/\/derechoyreligion-uc.urantiacos.cl\/en\/wp-json\/wp\/v2\/posts\/1382\/revisions"}],"wp:featuredmedia":[{"embeddable":true,"href":"https:\/\/derechoyreligion-uc.urantiacos.cl\/en\/wp-json\/wp\/v2\/media\/1530"}],"wp:attachment":[{"href":"https:\/\/derechoyreligion-uc.urantiacos.cl\/en\/wp-json\/wp\/v2\/media?parent=1382"}],"wp:term":[{"taxonomy":"category","embeddable":true,"href":"https:\/\/derechoyreligion-uc.urantiacos.cl\/en\/wp-json\/wp\/v2\/categories?post=1382"},{"taxonomy":"post_tag","embeddable":true,"href":"https:\/\/derechoyreligion-uc.urantiacos.cl\/en\/wp-json\/wp\/v2\/tags?post=1382"}],"curies":[{"name":"wp","href":"https:\/\/api.w.org\/{rel}","templated":true}]}}