
{"id":1380,"date":"2021-07-02T00:00:00","date_gmt":"2021-07-02T04:00:00","guid":{"rendered":"https:\/\/derechoyreligion-uc.urantiacos.cl\/reunion-equipo-centro-julio-2021\/"},"modified":"2021-07-02T00:00:00","modified_gmt":"2021-07-02T04:00:00","slug":"reunion-equipo-centro-julio-2021","status":"publish","type":"post","link":"https:\/\/derechoyreligion-uc.urantiacos.cl\/en\/reunion-equipo-centro-julio-2021\/","title":{"rendered":"Reuni\u00f3n equipo Centro julio 2021"},"content":{"rendered":"<article>\n<span><br \/>\n<\/span><\/p>\n<p><img decoding=\"async\" alt=\"Reunion 2 julio\" src=\"https:\/\/derechoyreligion-uc.urantiacos.cl\/wp-content\/uploads\/imagenes\/Reunion_2_julio.jpeg\"\/><\/p>\n<p>Reuni\u00f3n equipo Centro UC Derecho y Religi\u00f3n<\/p>\n<p>El viernes 2 de julio pasado tuvo lugar una reuni\u00f3n ampliada del Centro UC Derecho y Religi\u00f3n, momento en el cual se dio la bienvenida a nuevos profesores miembros del Centro y donde se present\u00f3 al grupo de pasantes que se encuentran colaborando en un Programa de Pasant\u00eda que se est\u00e1 desarrollando exitosamente.<br \/>Se celebr\u00f3 la re-incorporaci\u00f3n al Consejo Directivo del Centro de <strong>Mar\u00eda Elena Pimstein Scroggie<\/strong>, licenciada en Derecho de la Pontificia Universidad Cat\u00f3lica de Chile, abogado, actual directora del Departamento de Derecho Can\u00f3nico de la Facultad de Derecho y profesora de dicho curso. Mar\u00eda Elena es ex Secretaria General de la UC y una de los fundadores del Centro junto a Ana Mar\u00eda Celis y Ren\u00e9 Cort\u00ednez S.J.<br \/>Luego se presentaron los nuevos profesores que se incorporan como miembros del Centro: <strong>Carlos Villarroel Contreras<\/strong>, doctor en Historia de la Universidad de Los Andes, licenciado en derecho de la Pontificia Universidad Cat\u00f3lica de Chile, abogado, profesor de Historia del Derecho e Historia de las Instituciones Jur\u00eddicas, Pol\u00edticas y Sociales; y <strong>Rodrigo Pablo P\u00e9rez<\/strong>, licenciado en Derecho de la Pontificia Universidad Cat\u00f3lica de Chile, abogado, profesor de Derecho Internacional Privado y del curso Introduction to Comparative Contract Law.<br \/>Tambi\u00e9n se presentaron la mayor\u00eda de los pasantes, quienes compartieron sus motivaciones para participar en el Centro. El grupo \u2013que es coordinado por Cynthia Ram\u00edrez Catal\u00e1n- est\u00e1 compuesto adem\u00e1s por: Luis Arancibia Rivera, Juan Pablo Barr\u00eda T\u00e9llez, Valentina Contreras Acevedo, Mar\u00eda Esperanza Duarte Music, Jaime Echeverr\u00eda Celis, Maximiliano Herrera D\u00edaz, Tom\u00e1s Irarr\u00e1zaval, Mat\u00edas A. Kahn, Catalina Mu\u00f1oz Riquelme, Karen Riquelme G\u00f3mez, Alonso Salinas Garc\u00eda, Victoria Trapp Moreira y Carla Uribe Leiva.<\/p>\n<p>\u00a0<\/p>\n<\/article>\n","protected":false},"excerpt":{"rendered":"<p>Reuni\u00f3n equipo Centro UC Derecho y Religi\u00f3n<\/p>\n","protected":false},"author":1,"featured_media":1528,"comment_status":"","ping_status":"","sticky":false,"template":"","format":"standard","meta":{"_acf_changed":false,"footnotes":""},"categories":[1],"tags":[],"class_list":["post-1380","post","type-post","status-publish","format-standard","has-post-thumbnail","hentry","category-noticias"],"acf":[],"yoast_head":"<!-- This site is optimized with the Yoast SEO plugin v27.1.1 - https:\/\/yoast.com\/product\/yoast-seo-wordpress\/ -->\n<title>Reuni\u00f3n equipo Centro julio 2021 - Centro UC Derecho y Religi\u00f3n<\/title>\n<meta name=\"robots\" content=\"index, follow, max-snippet:-1, max-image-preview:large, max-video-preview:-1\" \/>\n<link rel=\"canonical\" href=\"https:\/\/derechoyreligion-uc.urantiacos.cl\/en\/reunion-equipo-centro-julio-2021\/\" \/>\n<meta property=\"og:locale\" content=\"en_US\" \/>\n<meta property=\"og:type\" content=\"article\" \/>\n<meta property=\"og:title\" content=\"Reuni\u00f3n equipo Centro julio 2021 - Centro UC Derecho y Religi\u00f3n\" \/>\n<meta property=\"og:description\" content=\"Reuni\u00f3n equipo Centro UC Derecho y Religi\u00f3n\" \/>\n<meta property=\"og:url\" content=\"https:\/\/derechoyreligion-uc.urantiacos.cl\/en\/reunion-equipo-centro-julio-2021\/\" \/>\n<meta property=\"og:site_name\" content=\"Centro UC Derecho y Religi\u00f3n\" \/>\n<meta property=\"article:published_time\" content=\"2021-07-02T04:00:00+00:00\" \/>\n<meta property=\"og:image\" content=\"https:\/\/derechoyreligion-uc.urantiacos.cl\/wp-content\/uploads\/2025\/10\/Reunion_2_julio.jpeg\" \/>\n\t<meta property=\"og:image:width\" content=\"1280\" \/>\n\t<meta property=\"og:image:height\" content=\"598\" \/>\n\t<meta property=\"og:image:type\" content=\"image\/jpeg\" \/>\n<meta name=\"author\" content=\"manadmin\" \/>\n<meta name=\"twitter:card\" content=\"summary_large_image\" \/>\n<meta name=\"twitter:label1\" content=\"Written by\" \/>\n\t<meta name=\"twitter:data1\" content=\"manadmin\" \/>\n\t<meta name=\"twitter:label2\" content=\"Est. reading time\" \/>\n\t<meta name=\"twitter:data2\" content=\"2 minutes\" \/>\n<script type=\"application\/ld+json\" class=\"yoast-schema-graph\">{\"@context\":\"https:\/\/schema.org\",\"@graph\":[{\"@type\":\"Article\",\"@id\":\"https:\/\/derechoyreligion-uc.urantiacos.cl\/en\/reunion-equipo-centro-julio-2021\/#article\",\"isPartOf\":{\"@id\":\"https:\/\/derechoyreligion-uc.urantiacos.cl\/en\/reunion-equipo-centro-julio-2021\/\"},\"author\":{\"name\":\"manadmin\",\"@id\":\"https:\/\/derechoyreligion-uc.urantiacos.cl\/en\/#\/schema\/person\/6cc7f593e2f49e3b770a06f63b58e3b1\"},\"headline\":\"Reuni\u00f3n equipo Centro julio 2021\",\"datePublished\":\"2021-07-02T04:00:00+00:00\",\"mainEntityOfPage\":{\"@id\":\"https:\/\/derechoyreligion-uc.urantiacos.cl\/en\/reunion-equipo-centro-julio-2021\/\"},\"wordCount\":314,\"image\":{\"@id\":\"https:\/\/derechoyreligion-uc.urantiacos.cl\/en\/reunion-equipo-centro-julio-2021\/#primaryimage\"},\"thumbnailUrl\":\"https:\/\/derechoyreligion-uc.urantiacos.cl\/wp-content\/uploads\/2025\/10\/Reunion_2_julio.jpeg\",\"articleSection\":[\"Noticias\"],\"inLanguage\":\"en-US\"},{\"@type\":\"WebPage\",\"@id\":\"https:\/\/derechoyreligion-uc.urantiacos.cl\/en\/reunion-equipo-centro-julio-2021\/\",\"url\":\"https:\/\/derechoyreligion-uc.urantiacos.cl\/en\/reunion-equipo-centro-julio-2021\/\",\"name\":\"Reuni\u00f3n equipo Centro julio 2021 - Centro UC Derecho y Religi\u00f3n\",\"isPartOf\":{\"@id\":\"https:\/\/derechoyreligion-uc.urantiacos.cl\/en\/#website\"},\"primaryImageOfPage\":{\"@id\":\"https:\/\/derechoyreligion-uc.urantiacos.cl\/en\/reunion-equipo-centro-julio-2021\/#primaryimage\"},\"image\":{\"@id\":\"https:\/\/derechoyreligion-uc.urantiacos.cl\/en\/reunion-equipo-centro-julio-2021\/#primaryimage\"},\"thumbnailUrl\":\"https:\/\/derechoyreligion-uc.urantiacos.cl\/wp-content\/uploads\/2025\/10\/Reunion_2_julio.jpeg\",\"datePublished\":\"2021-07-02T04:00:00+00:00\",\"author\":{\"@id\":\"https:\/\/derechoyreligion-uc.urantiacos.cl\/en\/#\/schema\/person\/6cc7f593e2f49e3b770a06f63b58e3b1\"},\"breadcrumb\":{\"@id\":\"https:\/\/derechoyreligion-uc.urantiacos.cl\/en\/reunion-equipo-centro-julio-2021\/#breadcrumb\"},\"inLanguage\":\"en-US\",\"potentialAction\":[{\"@type\":\"ReadAction\",\"target\":[\"https:\/\/derechoyreligion-uc.urantiacos.cl\/en\/reunion-equipo-centro-julio-2021\/\"]}]},{\"@type\":\"ImageObject\",\"inLanguage\":\"en-US\",\"@id\":\"https:\/\/derechoyreligion-uc.urantiacos.cl\/en\/reunion-equipo-centro-julio-2021\/#primaryimage\",\"url\":\"https:\/\/derechoyreligion-uc.urantiacos.cl\/wp-content\/uploads\/2025\/10\/Reunion_2_julio.jpeg\",\"contentUrl\":\"https:\/\/derechoyreligion-uc.urantiacos.cl\/wp-content\/uploads\/2025\/10\/Reunion_2_julio.jpeg\",\"width\":1280,\"height\":598},{\"@type\":\"BreadcrumbList\",\"@id\":\"https:\/\/derechoyreligion-uc.urantiacos.cl\/en\/reunion-equipo-centro-julio-2021\/#breadcrumb\",\"itemListElement\":[{\"@type\":\"ListItem\",\"position\":1,\"name\":\"Portada\",\"item\":\"https:\/\/derechoyreligion-uc.urantiacos.cl\/en\/\"},{\"@type\":\"ListItem\",\"position\":2,\"name\":\"Reuni\u00f3n equipo Centro julio 2021\"}]},{\"@type\":\"WebSite\",\"@id\":\"https:\/\/derechoyreligion-uc.urantiacos.cl\/en\/#website\",\"url\":\"https:\/\/derechoyreligion-uc.urantiacos.cl\/en\/\",\"name\":\"Centro UC Derecho y Religi\u00f3n\",\"description\":\"\",\"potentialAction\":[{\"@type\":\"SearchAction\",\"target\":{\"@type\":\"EntryPoint\",\"urlTemplate\":\"https:\/\/derechoyreligion-uc.urantiacos.cl\/en\/?s={search_term_string}\"},\"query-input\":{\"@type\":\"PropertyValueSpecification\",\"valueRequired\":true,\"valueName\":\"search_term_string\"}}],\"inLanguage\":\"en-US\"},{\"@type\":\"Person\",\"@id\":\"https:\/\/derechoyreligion-uc.urantiacos.cl\/en\/#\/schema\/person\/6cc7f593e2f49e3b770a06f63b58e3b1\",\"name\":\"manadmin\",\"sameAs\":[\"https:\/\/derechoyreligion-uc.urantiacos.cl\"]}]}<\/script>\n<!-- \/ Yoast SEO plugin. -->","yoast_head_json":{"title":"Reuni\u00f3n equipo Centro julio 2021 - Centro UC Derecho y Religi\u00f3n","robots":{"index":"index","follow":"follow","max-snippet":"max-snippet:-1","max-image-preview":"max-image-preview:large","max-video-preview":"max-video-preview:-1"},"canonical":"https:\/\/derechoyreligion-uc.urantiacos.cl\/en\/reunion-equipo-centro-julio-2021\/","og_locale":"en_US","og_type":"article","og_title":"Reuni\u00f3n equipo Centro julio 2021 - Centro UC Derecho y Religi\u00f3n","og_description":"Reuni\u00f3n equipo Centro UC Derecho y Religi\u00f3n","og_url":"https:\/\/derechoyreligion-uc.urantiacos.cl\/en\/reunion-equipo-centro-julio-2021\/","og_site_name":"Centro UC Derecho y Religi\u00f3n","article_published_time":"2021-07-02T04:00:00+00:00","og_image":[{"width":1280,"height":598,"url":"https:\/\/derechoyreligion-uc.urantiacos.cl\/wp-content\/uploads\/2025\/10\/Reunion_2_julio.jpeg","type":"image\/jpeg"}],"author":"manadmin","twitter_card":"summary_large_image","twitter_misc":{"Written by":"manadmin","Est. reading time":"2 minutes"},"schema":{"@context":"https:\/\/schema.org","@graph":[{"@type":"Article","@id":"https:\/\/derechoyreligion-uc.urantiacos.cl\/en\/reunion-equipo-centro-julio-2021\/#article","isPartOf":{"@id":"https:\/\/derechoyreligion-uc.urantiacos.cl\/en\/reunion-equipo-centro-julio-2021\/"},"author":{"name":"manadmin","@id":"https:\/\/derechoyreligion-uc.urantiacos.cl\/en\/#\/schema\/person\/6cc7f593e2f49e3b770a06f63b58e3b1"},"headline":"Reuni\u00f3n equipo Centro julio 2021","datePublished":"2021-07-02T04:00:00+00:00","mainEntityOfPage":{"@id":"https:\/\/derechoyreligion-uc.urantiacos.cl\/en\/reunion-equipo-centro-julio-2021\/"},"wordCount":314,"image":{"@id":"https:\/\/derechoyreligion-uc.urantiacos.cl\/en\/reunion-equipo-centro-julio-2021\/#primaryimage"},"thumbnailUrl":"https:\/\/derechoyreligion-uc.urantiacos.cl\/wp-content\/uploads\/2025\/10\/Reunion_2_julio.jpeg","articleSection":["Noticias"],"inLanguage":"en-US"},{"@type":"WebPage","@id":"https:\/\/derechoyreligion-uc.urantiacos.cl\/en\/reunion-equipo-centro-julio-2021\/","url":"https:\/\/derechoyreligion-uc.urantiacos.cl\/en\/reunion-equipo-centro-julio-2021\/","name":"Reuni\u00f3n equipo Centro julio 2021 - Centro UC Derecho y Religi\u00f3n","isPartOf":{"@id":"https:\/\/derechoyreligion-uc.urantiacos.cl\/en\/#website"},"primaryImageOfPage":{"@id":"https:\/\/derechoyreligion-uc.urantiacos.cl\/en\/reunion-equipo-centro-julio-2021\/#primaryimage"},"image":{"@id":"https:\/\/derechoyreligion-uc.urantiacos.cl\/en\/reunion-equipo-centro-julio-2021\/#primaryimage"},"thumbnailUrl":"https:\/\/derechoyreligion-uc.urantiacos.cl\/wp-content\/uploads\/2025\/10\/Reunion_2_julio.jpeg","datePublished":"2021-07-02T04:00:00+00:00","author":{"@id":"https:\/\/derechoyreligion-uc.urantiacos.cl\/en\/#\/schema\/person\/6cc7f593e2f49e3b770a06f63b58e3b1"},"breadcrumb":{"@id":"https:\/\/derechoyreligion-uc.urantiacos.cl\/en\/reunion-equipo-centro-julio-2021\/#breadcrumb"},"inLanguage":"en-US","potentialAction":[{"@type":"ReadAction","target":["https:\/\/derechoyreligion-uc.urantiacos.cl\/en\/reunion-equipo-centro-julio-2021\/"]}]},{"@type":"ImageObject","inLanguage":"en-US","@id":"https:\/\/derechoyreligion-uc.urantiacos.cl\/en\/reunion-equipo-centro-julio-2021\/#primaryimage","url":"https:\/\/derechoyreligion-uc.urantiacos.cl\/wp-content\/uploads\/2025\/10\/Reunion_2_julio.jpeg","contentUrl":"https:\/\/derechoyreligion-uc.urantiacos.cl\/wp-content\/uploads\/2025\/10\/Reunion_2_julio.jpeg","width":1280,"height":598},{"@type":"BreadcrumbList","@id":"https:\/\/derechoyreligion-uc.urantiacos.cl\/en\/reunion-equipo-centro-julio-2021\/#breadcrumb","itemListElement":[{"@type":"ListItem","position":1,"name":"Portada","item":"https:\/\/derechoyreligion-uc.urantiacos.cl\/en\/"},{"@type":"ListItem","position":2,"name":"Reuni\u00f3n equipo Centro julio 2021"}]},{"@type":"WebSite","@id":"https:\/\/derechoyreligion-uc.urantiacos.cl\/en\/#website","url":"https:\/\/derechoyreligion-uc.urantiacos.cl\/en\/","name":"Centro UC Derecho y Religi\u00f3n","description":"","potentialAction":[{"@type":"SearchAction","target":{"@type":"EntryPoint","urlTemplate":"https:\/\/derechoyreligion-uc.urantiacos.cl\/en\/?s={search_term_string}"},"query-input":{"@type":"PropertyValueSpecification","valueRequired":true,"valueName":"search_term_string"}}],"inLanguage":"en-US"},{"@type":"Person","@id":"https:\/\/derechoyreligion-uc.urantiacos.cl\/en\/#\/schema\/person\/6cc7f593e2f49e3b770a06f63b58e3b1","name":"manadmin","sameAs":["https:\/\/derechoyreligion-uc.urantiacos.cl"]}]}},"_links":{"self":[{"href":"https:\/\/derechoyreligion-uc.urantiacos.cl\/en\/wp-json\/wp\/v2\/posts\/1380","targetHints":{"allow":["GET"]}}],"collection":[{"href":"https:\/\/derechoyreligion-uc.urantiacos.cl\/en\/wp-json\/wp\/v2\/posts"}],"about":[{"href":"https:\/\/derechoyreligion-uc.urantiacos.cl\/en\/wp-json\/wp\/v2\/types\/post"}],"author":[{"embeddable":true,"href":"https:\/\/derechoyreligion-uc.urantiacos.cl\/en\/wp-json\/wp\/v2\/users\/1"}],"replies":[{"embeddable":true,"href":"https:\/\/derechoyreligion-uc.urantiacos.cl\/en\/wp-json\/wp\/v2\/comments?post=1380"}],"version-history":[{"count":0,"href":"https:\/\/derechoyreligion-uc.urantiacos.cl\/en\/wp-json\/wp\/v2\/posts\/1380\/revisions"}],"wp:featuredmedia":[{"embeddable":true,"href":"https:\/\/derechoyreligion-uc.urantiacos.cl\/en\/wp-json\/wp\/v2\/media\/1528"}],"wp:attachment":[{"href":"https:\/\/derechoyreligion-uc.urantiacos.cl\/en\/wp-json\/wp\/v2\/media?parent=1380"}],"wp:term":[{"taxonomy":"category","embeddable":true,"href":"https:\/\/derechoyreligion-uc.urantiacos.cl\/en\/wp-json\/wp\/v2\/categories?post=1380"},{"taxonomy":"post_tag","embeddable":true,"href":"https:\/\/derechoyreligion-uc.urantiacos.cl\/en\/wp-json\/wp\/v2\/tags?post=1380"}],"curies":[{"name":"wp","href":"https:\/\/api.w.org\/{rel}","templated":true}]}}