
{"id":1378,"date":"2021-09-30T00:00:00","date_gmt":"2021-09-30T03:00:00","guid":{"rendered":"https:\/\/derechoyreligion-uc.urantiacos.cl\/que-hacer-con-la-religion-en-la-republica-perspectivas-juridicas-internacionales-de-la-libertad-religiosa\/"},"modified":"2021-09-30T00:00:00","modified_gmt":"2021-09-30T03:00:00","slug":"que-hacer-con-la-religion-en-la-republica-perspectivas-juridicas-internacionales-de-la-libertad-religiosa","status":"publish","type":"post","link":"https:\/\/derechoyreligion-uc.urantiacos.cl\/en\/que-hacer-con-la-religion-en-la-republica-perspectivas-juridicas-internacionales-de-la-libertad-religiosa\/","title":{"rendered":"\u00bfQu\u00e9 hacer con la religi\u00f3n en la rep\u00fablica? Perspectivas jur\u00eddicas internacionales de la libertad religiosa"},"content":{"rendered":"<article>\n<span><br \/>\n<\/span><\/p>\n<p><img decoding=\"async\" alt=\"ONAR 30.09.2021\" src=\"https:\/\/derechoyreligion-uc.urantiacos.cl\/wp-content\/uploads\/imagenes\/ONAR_30.09.2021.jpg\"\/><\/p>\n<\/article>\n","protected":false},"excerpt":{"rendered":"","protected":false},"author":1,"featured_media":1526,"comment_status":"","ping_status":"","sticky":false,"template":"","format":"standard","meta":{"_acf_changed":false,"footnotes":""},"categories":[1],"tags":[],"class_list":["post-1378","post","type-post","status-publish","format-standard","has-post-thumbnail","hentry","category-noticias"],"acf":[],"yoast_head":"<!-- This site is optimized with the Yoast SEO plugin v27.1.1 - https:\/\/yoast.com\/product\/yoast-seo-wordpress\/ -->\n<title>\u00bfQu\u00e9 hacer con la religi\u00f3n en la rep\u00fablica? Perspectivas jur\u00eddicas internacionales de la libertad religiosa - Centro UC Derecho y Religi\u00f3n<\/title>\n<meta name=\"robots\" content=\"index, follow, max-snippet:-1, max-image-preview:large, max-video-preview:-1\" \/>\n<link rel=\"canonical\" href=\"https:\/\/derechoyreligion-uc.urantiacos.cl\/en\/que-hacer-con-la-religion-en-la-republica-perspectivas-juridicas-internacionales-de-la-libertad-religiosa\/\" \/>\n<meta property=\"og:locale\" content=\"en_US\" \/>\n<meta property=\"og:type\" content=\"article\" \/>\n<meta property=\"og:title\" content=\"\u00bfQu\u00e9 hacer con la religi\u00f3n en la rep\u00fablica? Perspectivas jur\u00eddicas internacionales de la libertad religiosa - Centro UC Derecho y Religi\u00f3n\" \/>\n<meta property=\"og:url\" content=\"https:\/\/derechoyreligion-uc.urantiacos.cl\/en\/que-hacer-con-la-religion-en-la-republica-perspectivas-juridicas-internacionales-de-la-libertad-religiosa\/\" \/>\n<meta property=\"og:site_name\" content=\"Centro UC Derecho y Religi\u00f3n\" \/>\n<meta property=\"article:published_time\" content=\"2021-09-30T03:00:00+00:00\" \/>\n<meta property=\"og:image\" content=\"https:\/\/derechoyreligion-uc.urantiacos.cl\/wp-content\/uploads\/2025\/10\/ONAR_30.09.2021.jpg\" \/>\n\t<meta property=\"og:image:width\" content=\"1275\" \/>\n\t<meta property=\"og:image:height\" content=\"1650\" \/>\n\t<meta property=\"og:image:type\" content=\"image\/jpeg\" \/>\n<meta name=\"author\" content=\"manadmin\" \/>\n<meta name=\"twitter:card\" content=\"summary_large_image\" \/>\n<meta name=\"twitter:label1\" content=\"Written by\" \/>\n\t<meta name=\"twitter:data1\" content=\"manadmin\" \/>\n<script type=\"application\/ld+json\" class=\"yoast-schema-graph\">{\"@context\":\"https:\/\/schema.org\",\"@graph\":[{\"@type\":\"Article\",\"@id\":\"https:\/\/derechoyreligion-uc.urantiacos.cl\/en\/que-hacer-con-la-religion-en-la-republica-perspectivas-juridicas-internacionales-de-la-libertad-religiosa\/#article\",\"isPartOf\":{\"@id\":\"https:\/\/derechoyreligion-uc.urantiacos.cl\/en\/que-hacer-con-la-religion-en-la-republica-perspectivas-juridicas-internacionales-de-la-libertad-religiosa\/\"},\"author\":{\"name\":\"manadmin\",\"@id\":\"https:\/\/derechoyreligion-uc.urantiacos.cl\/en\/#\/schema\/person\/6cc7f593e2f49e3b770a06f63b58e3b1\"},\"headline\":\"\u00bfQu\u00e9 hacer con la religi\u00f3n en la rep\u00fablica? Perspectivas jur\u00eddicas internacionales de la libertad religiosa\",\"datePublished\":\"2021-09-30T03:00:00+00:00\",\"mainEntityOfPage\":{\"@id\":\"https:\/\/derechoyreligion-uc.urantiacos.cl\/en\/que-hacer-con-la-religion-en-la-republica-perspectivas-juridicas-internacionales-de-la-libertad-religiosa\/\"},\"wordCount\":18,\"image\":{\"@id\":\"https:\/\/derechoyreligion-uc.urantiacos.cl\/en\/que-hacer-con-la-religion-en-la-republica-perspectivas-juridicas-internacionales-de-la-libertad-religiosa\/#primaryimage\"},\"thumbnailUrl\":\"https:\/\/derechoyreligion-uc.urantiacos.cl\/wp-content\/uploads\/2025\/10\/ONAR_30.09.2021.jpg\",\"articleSection\":[\"Noticias\"],\"inLanguage\":\"en-US\"},{\"@type\":\"WebPage\",\"@id\":\"https:\/\/derechoyreligion-uc.urantiacos.cl\/en\/que-hacer-con-la-religion-en-la-republica-perspectivas-juridicas-internacionales-de-la-libertad-religiosa\/\",\"url\":\"https:\/\/derechoyreligion-uc.urantiacos.cl\/en\/que-hacer-con-la-religion-en-la-republica-perspectivas-juridicas-internacionales-de-la-libertad-religiosa\/\",\"name\":\"\u00bfQu\u00e9 hacer con la religi\u00f3n en la rep\u00fablica? Perspectivas jur\u00eddicas internacionales de la libertad religiosa - Centro UC Derecho y Religi\u00f3n\",\"isPartOf\":{\"@id\":\"https:\/\/derechoyreligion-uc.urantiacos.cl\/en\/#website\"},\"primaryImageOfPage\":{\"@id\":\"https:\/\/derechoyreligion-uc.urantiacos.cl\/en\/que-hacer-con-la-religion-en-la-republica-perspectivas-juridicas-internacionales-de-la-libertad-religiosa\/#primaryimage\"},\"image\":{\"@id\":\"https:\/\/derechoyreligion-uc.urantiacos.cl\/en\/que-hacer-con-la-religion-en-la-republica-perspectivas-juridicas-internacionales-de-la-libertad-religiosa\/#primaryimage\"},\"thumbnailUrl\":\"https:\/\/derechoyreligion-uc.urantiacos.cl\/wp-content\/uploads\/2025\/10\/ONAR_30.09.2021.jpg\",\"datePublished\":\"2021-09-30T03:00:00+00:00\",\"author\":{\"@id\":\"https:\/\/derechoyreligion-uc.urantiacos.cl\/en\/#\/schema\/person\/6cc7f593e2f49e3b770a06f63b58e3b1\"},\"breadcrumb\":{\"@id\":\"https:\/\/derechoyreligion-uc.urantiacos.cl\/en\/que-hacer-con-la-religion-en-la-republica-perspectivas-juridicas-internacionales-de-la-libertad-religiosa\/#breadcrumb\"},\"inLanguage\":\"en-US\",\"potentialAction\":[{\"@type\":\"ReadAction\",\"target\":[\"https:\/\/derechoyreligion-uc.urantiacos.cl\/en\/que-hacer-con-la-religion-en-la-republica-perspectivas-juridicas-internacionales-de-la-libertad-religiosa\/\"]}]},{\"@type\":\"ImageObject\",\"inLanguage\":\"en-US\",\"@id\":\"https:\/\/derechoyreligion-uc.urantiacos.cl\/en\/que-hacer-con-la-religion-en-la-republica-perspectivas-juridicas-internacionales-de-la-libertad-religiosa\/#primaryimage\",\"url\":\"https:\/\/derechoyreligion-uc.urantiacos.cl\/wp-content\/uploads\/2025\/10\/ONAR_30.09.2021.jpg\",\"contentUrl\":\"https:\/\/derechoyreligion-uc.urantiacos.cl\/wp-content\/uploads\/2025\/10\/ONAR_30.09.2021.jpg\",\"width\":1275,\"height\":1650},{\"@type\":\"BreadcrumbList\",\"@id\":\"https:\/\/derechoyreligion-uc.urantiacos.cl\/en\/que-hacer-con-la-religion-en-la-republica-perspectivas-juridicas-internacionales-de-la-libertad-religiosa\/#breadcrumb\",\"itemListElement\":[{\"@type\":\"ListItem\",\"position\":1,\"name\":\"Portada\",\"item\":\"https:\/\/derechoyreligion-uc.urantiacos.cl\/en\/\"},{\"@type\":\"ListItem\",\"position\":2,\"name\":\"\u00bfQu\u00e9 hacer con la religi\u00f3n en la rep\u00fablica? Perspectivas jur\u00eddicas internacionales de la libertad religiosa\"}]},{\"@type\":\"WebSite\",\"@id\":\"https:\/\/derechoyreligion-uc.urantiacos.cl\/en\/#website\",\"url\":\"https:\/\/derechoyreligion-uc.urantiacos.cl\/en\/\",\"name\":\"Centro UC Derecho y Religi\u00f3n\",\"description\":\"\",\"potentialAction\":[{\"@type\":\"SearchAction\",\"target\":{\"@type\":\"EntryPoint\",\"urlTemplate\":\"https:\/\/derechoyreligion-uc.urantiacos.cl\/en\/?s={search_term_string}\"},\"query-input\":{\"@type\":\"PropertyValueSpecification\",\"valueRequired\":true,\"valueName\":\"search_term_string\"}}],\"inLanguage\":\"en-US\"},{\"@type\":\"Person\",\"@id\":\"https:\/\/derechoyreligion-uc.urantiacos.cl\/en\/#\/schema\/person\/6cc7f593e2f49e3b770a06f63b58e3b1\",\"name\":\"manadmin\",\"sameAs\":[\"https:\/\/derechoyreligion-uc.urantiacos.cl\"]}]}<\/script>\n<!-- \/ Yoast SEO plugin. -->","yoast_head_json":{"title":"\u00bfQu\u00e9 hacer con la religi\u00f3n en la rep\u00fablica? Perspectivas jur\u00eddicas internacionales de la libertad religiosa - Centro UC Derecho y Religi\u00f3n","robots":{"index":"index","follow":"follow","max-snippet":"max-snippet:-1","max-image-preview":"max-image-preview:large","max-video-preview":"max-video-preview:-1"},"canonical":"https:\/\/derechoyreligion-uc.urantiacos.cl\/en\/que-hacer-con-la-religion-en-la-republica-perspectivas-juridicas-internacionales-de-la-libertad-religiosa\/","og_locale":"en_US","og_type":"article","og_title":"\u00bfQu\u00e9 hacer con la religi\u00f3n en la rep\u00fablica? Perspectivas jur\u00eddicas internacionales de la libertad religiosa - Centro UC Derecho y Religi\u00f3n","og_url":"https:\/\/derechoyreligion-uc.urantiacos.cl\/en\/que-hacer-con-la-religion-en-la-republica-perspectivas-juridicas-internacionales-de-la-libertad-religiosa\/","og_site_name":"Centro UC Derecho y Religi\u00f3n","article_published_time":"2021-09-30T03:00:00+00:00","og_image":[{"width":1275,"height":1650,"url":"https:\/\/derechoyreligion-uc.urantiacos.cl\/wp-content\/uploads\/2025\/10\/ONAR_30.09.2021.jpg","type":"image\/jpeg"}],"author":"manadmin","twitter_card":"summary_large_image","twitter_misc":{"Written by":"manadmin"},"schema":{"@context":"https:\/\/schema.org","@graph":[{"@type":"Article","@id":"https:\/\/derechoyreligion-uc.urantiacos.cl\/en\/que-hacer-con-la-religion-en-la-republica-perspectivas-juridicas-internacionales-de-la-libertad-religiosa\/#article","isPartOf":{"@id":"https:\/\/derechoyreligion-uc.urantiacos.cl\/en\/que-hacer-con-la-religion-en-la-republica-perspectivas-juridicas-internacionales-de-la-libertad-religiosa\/"},"author":{"name":"manadmin","@id":"https:\/\/derechoyreligion-uc.urantiacos.cl\/en\/#\/schema\/person\/6cc7f593e2f49e3b770a06f63b58e3b1"},"headline":"\u00bfQu\u00e9 hacer con la religi\u00f3n en la rep\u00fablica? Perspectivas jur\u00eddicas internacionales de la libertad religiosa","datePublished":"2021-09-30T03:00:00+00:00","mainEntityOfPage":{"@id":"https:\/\/derechoyreligion-uc.urantiacos.cl\/en\/que-hacer-con-la-religion-en-la-republica-perspectivas-juridicas-internacionales-de-la-libertad-religiosa\/"},"wordCount":18,"image":{"@id":"https:\/\/derechoyreligion-uc.urantiacos.cl\/en\/que-hacer-con-la-religion-en-la-republica-perspectivas-juridicas-internacionales-de-la-libertad-religiosa\/#primaryimage"},"thumbnailUrl":"https:\/\/derechoyreligion-uc.urantiacos.cl\/wp-content\/uploads\/2025\/10\/ONAR_30.09.2021.jpg","articleSection":["Noticias"],"inLanguage":"en-US"},{"@type":"WebPage","@id":"https:\/\/derechoyreligion-uc.urantiacos.cl\/en\/que-hacer-con-la-religion-en-la-republica-perspectivas-juridicas-internacionales-de-la-libertad-religiosa\/","url":"https:\/\/derechoyreligion-uc.urantiacos.cl\/en\/que-hacer-con-la-religion-en-la-republica-perspectivas-juridicas-internacionales-de-la-libertad-religiosa\/","name":"\u00bfQu\u00e9 hacer con la religi\u00f3n en la rep\u00fablica? Perspectivas jur\u00eddicas internacionales de la libertad religiosa - Centro UC Derecho y Religi\u00f3n","isPartOf":{"@id":"https:\/\/derechoyreligion-uc.urantiacos.cl\/en\/#website"},"primaryImageOfPage":{"@id":"https:\/\/derechoyreligion-uc.urantiacos.cl\/en\/que-hacer-con-la-religion-en-la-republica-perspectivas-juridicas-internacionales-de-la-libertad-religiosa\/#primaryimage"},"image":{"@id":"https:\/\/derechoyreligion-uc.urantiacos.cl\/en\/que-hacer-con-la-religion-en-la-republica-perspectivas-juridicas-internacionales-de-la-libertad-religiosa\/#primaryimage"},"thumbnailUrl":"https:\/\/derechoyreligion-uc.urantiacos.cl\/wp-content\/uploads\/2025\/10\/ONAR_30.09.2021.jpg","datePublished":"2021-09-30T03:00:00+00:00","author":{"@id":"https:\/\/derechoyreligion-uc.urantiacos.cl\/en\/#\/schema\/person\/6cc7f593e2f49e3b770a06f63b58e3b1"},"breadcrumb":{"@id":"https:\/\/derechoyreligion-uc.urantiacos.cl\/en\/que-hacer-con-la-religion-en-la-republica-perspectivas-juridicas-internacionales-de-la-libertad-religiosa\/#breadcrumb"},"inLanguage":"en-US","potentialAction":[{"@type":"ReadAction","target":["https:\/\/derechoyreligion-uc.urantiacos.cl\/en\/que-hacer-con-la-religion-en-la-republica-perspectivas-juridicas-internacionales-de-la-libertad-religiosa\/"]}]},{"@type":"ImageObject","inLanguage":"en-US","@id":"https:\/\/derechoyreligion-uc.urantiacos.cl\/en\/que-hacer-con-la-religion-en-la-republica-perspectivas-juridicas-internacionales-de-la-libertad-religiosa\/#primaryimage","url":"https:\/\/derechoyreligion-uc.urantiacos.cl\/wp-content\/uploads\/2025\/10\/ONAR_30.09.2021.jpg","contentUrl":"https:\/\/derechoyreligion-uc.urantiacos.cl\/wp-content\/uploads\/2025\/10\/ONAR_30.09.2021.jpg","width":1275,"height":1650},{"@type":"BreadcrumbList","@id":"https:\/\/derechoyreligion-uc.urantiacos.cl\/en\/que-hacer-con-la-religion-en-la-republica-perspectivas-juridicas-internacionales-de-la-libertad-religiosa\/#breadcrumb","itemListElement":[{"@type":"ListItem","position":1,"name":"Portada","item":"https:\/\/derechoyreligion-uc.urantiacos.cl\/en\/"},{"@type":"ListItem","position":2,"name":"\u00bfQu\u00e9 hacer con la religi\u00f3n en la rep\u00fablica? Perspectivas jur\u00eddicas internacionales de la libertad religiosa"}]},{"@type":"WebSite","@id":"https:\/\/derechoyreligion-uc.urantiacos.cl\/en\/#website","url":"https:\/\/derechoyreligion-uc.urantiacos.cl\/en\/","name":"Centro UC Derecho y Religi\u00f3n","description":"","potentialAction":[{"@type":"SearchAction","target":{"@type":"EntryPoint","urlTemplate":"https:\/\/derechoyreligion-uc.urantiacos.cl\/en\/?s={search_term_string}"},"query-input":{"@type":"PropertyValueSpecification","valueRequired":true,"valueName":"search_term_string"}}],"inLanguage":"en-US"},{"@type":"Person","@id":"https:\/\/derechoyreligion-uc.urantiacos.cl\/en\/#\/schema\/person\/6cc7f593e2f49e3b770a06f63b58e3b1","name":"manadmin","sameAs":["https:\/\/derechoyreligion-uc.urantiacos.cl"]}]}},"_links":{"self":[{"href":"https:\/\/derechoyreligion-uc.urantiacos.cl\/en\/wp-json\/wp\/v2\/posts\/1378","targetHints":{"allow":["GET"]}}],"collection":[{"href":"https:\/\/derechoyreligion-uc.urantiacos.cl\/en\/wp-json\/wp\/v2\/posts"}],"about":[{"href":"https:\/\/derechoyreligion-uc.urantiacos.cl\/en\/wp-json\/wp\/v2\/types\/post"}],"author":[{"embeddable":true,"href":"https:\/\/derechoyreligion-uc.urantiacos.cl\/en\/wp-json\/wp\/v2\/users\/1"}],"replies":[{"embeddable":true,"href":"https:\/\/derechoyreligion-uc.urantiacos.cl\/en\/wp-json\/wp\/v2\/comments?post=1378"}],"version-history":[{"count":0,"href":"https:\/\/derechoyreligion-uc.urantiacos.cl\/en\/wp-json\/wp\/v2\/posts\/1378\/revisions"}],"wp:featuredmedia":[{"embeddable":true,"href":"https:\/\/derechoyreligion-uc.urantiacos.cl\/en\/wp-json\/wp\/v2\/media\/1526"}],"wp:attachment":[{"href":"https:\/\/derechoyreligion-uc.urantiacos.cl\/en\/wp-json\/wp\/v2\/media?parent=1378"}],"wp:term":[{"taxonomy":"category","embeddable":true,"href":"https:\/\/derechoyreligion-uc.urantiacos.cl\/en\/wp-json\/wp\/v2\/categories?post=1378"},{"taxonomy":"post_tag","embeddable":true,"href":"https:\/\/derechoyreligion-uc.urantiacos.cl\/en\/wp-json\/wp\/v2\/tags?post=1378"}],"curies":[{"name":"wp","href":"https:\/\/api.w.org\/{rel}","templated":true}]}}