
{"id":1376,"date":"2021-12-09T00:00:00","date_gmt":"2021-12-09T03:00:00","guid":{"rendered":"https:\/\/derechoyreligion-uc.urantiacos.cl\/aborto-en-chile-tres-miradas-desde-la-antropologia-cristiana\/"},"modified":"2021-12-09T00:00:00","modified_gmt":"2021-12-09T03:00:00","slug":"aborto-en-chile-tres-miradas-desde-la-antropologia-cristiana","status":"publish","type":"post","link":"https:\/\/derechoyreligion-uc.urantiacos.cl\/en\/aborto-en-chile-tres-miradas-desde-la-antropologia-cristiana\/","title":{"rendered":"Aborto en Chile: tres miradas desde la antropolog\u00eda cristiana"},"content":{"rendered":"<article>\n<span><br \/>\n<\/span><\/p>\n<p><img decoding=\"async\" alt=\"PanelAborto-Fac. Teologia Dic 2021\" src=\"https:\/\/derechoyreligion-uc.urantiacos.cl\/wp-content\/uploads\/imagenes\/PanelAborto-Fac._Teologia_Dic_2021.png\"\/><\/p>\n<p>Ver panel en siguiente link:\u00a0<a href=\"https:\/\/www.youtube.com\/watch?v=yx7_t7kttZ8\" target=\"_blank\">https:\/\/www.youtube.com\/watch?v=yx7_t7kttZ8<\/a><\/p>\n<p>\u00a0<\/p>\n<p><span><strong>Acad\u00e9micas UC hablan del aborto y el valor de la vida<\/strong><\/span><\/p>\n<p><span><\/span><br \/>\u25cf El seminario &#8220;El aborto en Chile: tres miradas desde la antropolog\u00eda cristiana&#8221;, se realiz\u00f3 el pasado 9 de diciembre con tres expertas que presentaron \u00e1ngulos diferentes frente a un tema de gran contingencia.<br \/>Como un &#8220;triple fracaso social&#8221; calific\u00f3 Mar\u00eda Alejandra Carrasco, acad\u00e9mica del Instituto de Filosof\u00eda UC, la pr\u00e1ctica del aborto, pues esta &#8220;afirma que no somos iguales&#8221;, ya que decreta cu\u00e1ndo los no nacidos pueden morir y les da menos derechos que al resto de seres humanos. Tambi\u00e9n porque el aborto &#8220;esconde el problema de la inequidad de las mujeres&#8221; ofreciendo una soluci\u00f3n enga\u00f1osa y a\u00fan m\u00e1s injusta que &#8220;dificulta que se tomen medidas efectivas y reales para avanzar a una mayor equidad en la distribuci\u00f3n de cargos y beneficios de la sociedad&#8221;.<br \/>En Chile, la C\u00e1mara de Diputados rechaz\u00f3 el proyecto que buscaba despenalizar el aborto hasta las 14 semanas de gestaci\u00f3n, para ampliar as\u00ed las tres causales actuales: cuando la vida de la madre est\u00e1 en peligro, cuando el embarazo es resultado de una violaci\u00f3n o cuando el feto presenta complicaciones que le lleven a una muerte prematura inminente.<br \/>En este contexto se realiz\u00f3 el seminario &#8220;El aborto en Chile: tres miradas desde la antropolog\u00eda cristiana&#8221;, organizado por Pastoral UC junto con las facultades de Derecho, Filosof\u00eda y Medicina de la casa de estudios. El evento estuvo moderado por el profesor asociado del Centro de Bio\u00e9tica UC, Luca Valera. Como expositoras participaron Magdalena Ossand\u00f3n, docente de la facultad de Derecho; Sylvia D\u00edaz, psic\u00f3loga del Hospital Cl\u00ednico UC y Mar\u00eda Alejandra Carrasco, acad\u00e9mica del instituto de Filosof\u00eda UC.<br \/>El rector de la Pontificia Universidad Cat\u00f3lica de Chile Ignacio S\u00e1nchez y el obispo auxiliar de Santiago, Monse\u00f1or Cristi\u00e1n Roncagliolo, tambi\u00e9n se hicieron parte de esta actividad.<br \/>Ignacio S\u00e1nchez asegur\u00f3 que &#8220;la vida existe desde la fecundaci\u00f3n&#8221; y que despu\u00e9s de ello&#8221;se desencadena una serie de procesos que son continuos, que significan un verdadero &#8216;big bang&#8217; biol\u00f3gico y no se detiene durante todo el desarrollo de la persona&#8221;. Por ello, declar\u00f3 que el aborto es &#8220;un atentado contra la vida humana&#8221; y con la misma fuerza y convicci\u00f3n &#8220;hay que apoyar tambi\u00e9n a las madres que est\u00e1n en situaci\u00f3n de gran vulnerabilidad cuando se enfrentan a la decisi\u00f3n de realizarse un aborto, independiente de las razones que ellas pueda tener. Entender, acompa\u00f1ar sin juzgar ni condenar es la tarea que debemos asumir&#8221;. El rector puntualiz\u00f3 que es necesario abogar por una mejor salud y educaci\u00f3n, as\u00ed como luchar por los derechos de la vida desde su concepci\u00f3n hasta su muerte natural.<br \/>Por su parte, Monse\u00f1or Cristi\u00e1n Roncagliolo indic\u00f3 que es necesario &#8220;revitalizar en nuestro coraz\u00f3n y en nuestra conciencia que la vida humana es un don precioso que debemos custodiar cada uno desde su tarea&#8221; y que esto se enfrenta al desaf\u00edo de la &#8220;exacerbaci\u00f3n del yo que hace del individualismo un elemento esencial de la vida&#8221;.<br \/>Los cambios en el discurso a favor del aborto<br \/>Mar\u00eda Alejandra Carrasco centr\u00f3 su exposici\u00f3n en los cambios que han tenido los argumentos a favor del aborto con el paso de las d\u00e9cadas.<br \/>Primero, dijo Carrasco, se dec\u00eda que el feto no era un ser humano. Despu\u00e9s vino el avance de la ciencia y demostr\u00f3 lo contrario, por lo que se pas\u00f3 a argumentar que el feto no era persona y no ten\u00eda la misma dignidad del resto de seres humanos. Finalmente vino la tesis de los derechos de la mujer, que es la m\u00e1s actual y con la que se defiende de manera mas vehemente la pr\u00e1ctica del aborto.<br \/>Frente al primer postulado, la fil\u00f3sofa asegur\u00f3 que desde la misma fecundaci\u00f3n el feto es &#8220;un ser humano distinto a la madre que protagoniza un proceso gen\u00e9ticamente orientado de acuerdo con las fases conocidas del desarrollo humano&#8221;.<br \/>En cuanto al argumento de que el no nacido no es persona, Carrasco se\u00f1al\u00f3: &#8220;Si la dignidad dependiera del ejercicio actual de las capacidades, los seres humanos no tendr\u00edamos igual dignidad ni merecer\u00edamos el mismo respeto por nuestros derechos. Existir\u00eda una brutal inequidad en la familia humana no s\u00f3lo con los no nacidos, (sino tambi\u00e9n) con los reci\u00e9n nacidos, con los ni\u00f1os, los discapacitados, los menos inteligentes, los que est\u00e1n durmiendo. Ser\u00eda una cosa espantosa&#8230;&#8221;.<br \/>Frente al derecho de la mujer a elegir sobre su propio cuerpo, Mar\u00eda Alejandra afirm\u00f3 que &#8220;el derecho a la vida es el que sostiene todos los dem\u00e1s derechos. Incluso sobre un supuesto radical a elegir&#8221;. Tambi\u00e9n puntualiz\u00f3 que, si bien es injusto que la mujer asuma el peso del embarazo en materia econ\u00f3mica, de carrera profesional y de tiempo, &#8220;una injusticia no se soluciona con otra&#8221;. Por ello asegur\u00f3 que es necesario &#8220;generar las condiciones jur\u00eddicas y sociales para que en primer\u00edsimo lugar el padre, y en segundo lugar la sociedad nos hagamos cargo de proteger la vida del ni\u00f1o&#8221;.<br \/>A nivel jur\u00eddico<br \/>La abogada Magdalena Ossand\u00f3n, en tanto, asegur\u00f3 en su ponencia que &#8220;desde el punto de vista jur\u00eddico nunca puede ser justificado, nunca puede ser permitido o aprobado matar a un inocente&#8221; y asegur\u00f3 que con el aborto &#8220;estamos estableciendo diferencias entre seres humanos de una y otra categor\u00eda por razones circunstanciales y cambiantes&#8221;, con lo cual &#8220;aceptar la licitud del aborto implica hacer diferencias de seres humanos, retroceder en materia de Derechos Humanos&#8221;.<br \/>Ossand\u00f3n subray\u00f3 tambi\u00e9n la diferencia entre legalizar y despenalizar. Despenalizar es &#8220;eliminar la sanci\u00f3n legal&#8221;, que es el recurso con el que cuenta actualmente la jurisdicci\u00f3n chilena en tres causales, mientras que legalizar es &#8220;considerar l\u00edcito conforme a la ley, dar derecho a realizar un aborto&#8221;.<br \/>Por ello, cuando se legaliza el aborto &#8220;se asegura la impunidad de los intervinientes, se hace imposible la oposici\u00f3n de terceros, se elimina el principio de intangibilidad de la vida y se cambia la sensibilidad frente al aborto&#8221;.<br \/>La acad\u00e9mica destac\u00f3 la paradoja del derecho al que la mujer elija libremente, cuando las principales causas por las que las que se practican un aborto son el miedo o la presi\u00f3n, seg\u00fan un estudio realizado por la fundaci\u00f3n Chile Unido. Ossand\u00f3n finaliz\u00f3 su ponencia con una cita de la feminista Catherine MacKinnon quien asegura que el aborto &#8220;no libera a las mujeres, libera la agresi\u00f3n sexual varonil&#8221;, ya que este &#8220;elimina la \u00fanica excusa que le quedaba a las mujeres para que se rehusaran al sexo, m\u00e1s all\u00e1 del dolor de cabeza&#8221;.<br \/>Inviabilidad fetal<br \/>La \u00faltima ponencia fue presentada por Sylvia D\u00edaz, psic\u00f3loga del Hospital Cl\u00ednico UC, quien se refiri\u00f3 a la causal que tiene que ver con la inviabilidad de que el feto pueda sobrevivir. D\u00edaz asegur\u00f3: &#8220;No tenemos estudios que nos digan que el aborto podr\u00eda ser terap\u00e9utico en la salud mental de la mujer. (&#8230;) Tampoco que el aborto se asocie con la evoluci\u00f3n de una salud mental mejor&#8221;.<br \/>La psic\u00f3loga se refiri\u00f3 al proyecto &#8220;Acompa\u00f1ares&#8221; que tiene la cl\u00ednica Red UC Christus, que consiste en acoger y acompa\u00f1ar a la madre que tiene un embarazo inviable, junto con el padre y la familia del beb\u00e9.<br \/>Este proyecto invita a que las mujeres que enfrentan este tipo de embarazos no se salten la etapa de duelo, sino que sepan elaborarlo como es debido y vivirlo intensamente. En su exposici\u00f3n, Sylvia D\u00edaz mostr\u00f3 varios testimonios y videos conmovedores, entre ellos el de Ximena, madre de Nicol\u00e1s, ni\u00f1o que alcanz\u00f3 a nacer y a vivir pocas horas. &#8220;Estoy feliz y tranquila porque su corta vida la pas\u00f3 en los brazos de su mam\u00e1, lleno de besos y abrazos y muri\u00f3 tranquilo mientras recib\u00eda todo ese amor de quienes m\u00e1s lo quer\u00edamos y esper\u00e1bamos a pesar de sus dificultades&#8221;.<br \/>Para ver el panel haz clic <a href=\"https:\/\/www.youtube.com\/watch?v=yx7_t7kttZ8\" target=\"_blank\">aqu\u00ed<\/a><\/p>\n<\/article>\n","protected":false},"excerpt":{"rendered":"<p>Ver panel en siguiente link:https:\/\/www.youtube.com\/watch?v=yx7_t7kttZ8<\/p>\n","protected":false},"author":1,"featured_media":1524,"comment_status":"","ping_status":"","sticky":false,"template":"","format":"standard","meta":{"_acf_changed":false,"footnotes":""},"categories":[1],"tags":[],"class_list":["post-1376","post","type-post","status-publish","format-standard","has-post-thumbnail","hentry","category-noticias"],"acf":[],"yoast_head":"<!-- This site is optimized with the Yoast SEO plugin v27.1.1 - https:\/\/yoast.com\/product\/yoast-seo-wordpress\/ -->\n<title>Aborto en Chile: tres miradas desde la antropolog\u00eda cristiana - Centro UC Derecho y Religi\u00f3n<\/title>\n<meta name=\"robots\" content=\"index, follow, max-snippet:-1, max-image-preview:large, max-video-preview:-1\" \/>\n<link rel=\"canonical\" href=\"https:\/\/derechoyreligion-uc.urantiacos.cl\/en\/aborto-en-chile-tres-miradas-desde-la-antropologia-cristiana\/\" \/>\n<meta property=\"og:locale\" content=\"en_US\" \/>\n<meta property=\"og:type\" content=\"article\" \/>\n<meta property=\"og:title\" content=\"Aborto en Chile: tres miradas desde la antropolog\u00eda cristiana - Centro UC Derecho y Religi\u00f3n\" \/>\n<meta property=\"og:description\" content=\"Ver panel en siguiente link:https:\/\/www.youtube.com\/watch?v=yx7_t7kttZ8\" \/>\n<meta property=\"og:url\" content=\"https:\/\/derechoyreligion-uc.urantiacos.cl\/en\/aborto-en-chile-tres-miradas-desde-la-antropologia-cristiana\/\" \/>\n<meta property=\"og:site_name\" content=\"Centro UC Derecho y Religi\u00f3n\" \/>\n<meta property=\"article:published_time\" content=\"2021-12-09T03:00:00+00:00\" \/>\n<meta property=\"og:image\" content=\"https:\/\/derechoyreligion-uc.urantiacos.cl\/wp-content\/uploads\/2025\/10\/PanelAborto-Fac._Teologia_Dic_2021.png\" \/>\n\t<meta property=\"og:image:width\" content=\"735\" \/>\n\t<meta property=\"og:image:height\" content=\"1128\" \/>\n\t<meta property=\"og:image:type\" content=\"image\/png\" \/>\n<meta name=\"author\" content=\"manadmin\" \/>\n<meta name=\"twitter:card\" content=\"summary_large_image\" \/>\n<meta name=\"twitter:label1\" content=\"Written by\" \/>\n\t<meta name=\"twitter:data1\" content=\"manadmin\" \/>\n\t<meta name=\"twitter:label2\" content=\"Est. reading time\" \/>\n\t<meta name=\"twitter:data2\" content=\"7 minutes\" \/>\n<script type=\"application\/ld+json\" class=\"yoast-schema-graph\">{\"@context\":\"https:\/\/schema.org\",\"@graph\":[{\"@type\":\"Article\",\"@id\":\"https:\/\/derechoyreligion-uc.urantiacos.cl\/en\/aborto-en-chile-tres-miradas-desde-la-antropologia-cristiana\/#article\",\"isPartOf\":{\"@id\":\"https:\/\/derechoyreligion-uc.urantiacos.cl\/en\/aborto-en-chile-tres-miradas-desde-la-antropologia-cristiana\/\"},\"author\":{\"name\":\"manadmin\",\"@id\":\"https:\/\/derechoyreligion-uc.urantiacos.cl\/en\/#\/schema\/person\/6cc7f593e2f49e3b770a06f63b58e3b1\"},\"headline\":\"Aborto en Chile: tres miradas desde la antropolog\u00eda cristiana\",\"datePublished\":\"2021-12-09T03:00:00+00:00\",\"mainEntityOfPage\":{\"@id\":\"https:\/\/derechoyreligion-uc.urantiacos.cl\/en\/aborto-en-chile-tres-miradas-desde-la-antropologia-cristiana\/\"},\"wordCount\":1410,\"image\":{\"@id\":\"https:\/\/derechoyreligion-uc.urantiacos.cl\/en\/aborto-en-chile-tres-miradas-desde-la-antropologia-cristiana\/#primaryimage\"},\"thumbnailUrl\":\"https:\/\/derechoyreligion-uc.urantiacos.cl\/wp-content\/uploads\/2025\/10\/PanelAborto-Fac._Teologia_Dic_2021.png\",\"articleSection\":[\"Noticias\"],\"inLanguage\":\"en-US\"},{\"@type\":\"WebPage\",\"@id\":\"https:\/\/derechoyreligion-uc.urantiacos.cl\/en\/aborto-en-chile-tres-miradas-desde-la-antropologia-cristiana\/\",\"url\":\"https:\/\/derechoyreligion-uc.urantiacos.cl\/en\/aborto-en-chile-tres-miradas-desde-la-antropologia-cristiana\/\",\"name\":\"Aborto en Chile: tres miradas desde la antropolog\u00eda cristiana - Centro UC Derecho y Religi\u00f3n\",\"isPartOf\":{\"@id\":\"https:\/\/derechoyreligion-uc.urantiacos.cl\/en\/#website\"},\"primaryImageOfPage\":{\"@id\":\"https:\/\/derechoyreligion-uc.urantiacos.cl\/en\/aborto-en-chile-tres-miradas-desde-la-antropologia-cristiana\/#primaryimage\"},\"image\":{\"@id\":\"https:\/\/derechoyreligion-uc.urantiacos.cl\/en\/aborto-en-chile-tres-miradas-desde-la-antropologia-cristiana\/#primaryimage\"},\"thumbnailUrl\":\"https:\/\/derechoyreligion-uc.urantiacos.cl\/wp-content\/uploads\/2025\/10\/PanelAborto-Fac._Teologia_Dic_2021.png\",\"datePublished\":\"2021-12-09T03:00:00+00:00\",\"author\":{\"@id\":\"https:\/\/derechoyreligion-uc.urantiacos.cl\/en\/#\/schema\/person\/6cc7f593e2f49e3b770a06f63b58e3b1\"},\"breadcrumb\":{\"@id\":\"https:\/\/derechoyreligion-uc.urantiacos.cl\/en\/aborto-en-chile-tres-miradas-desde-la-antropologia-cristiana\/#breadcrumb\"},\"inLanguage\":\"en-US\",\"potentialAction\":[{\"@type\":\"ReadAction\",\"target\":[\"https:\/\/derechoyreligion-uc.urantiacos.cl\/en\/aborto-en-chile-tres-miradas-desde-la-antropologia-cristiana\/\"]}]},{\"@type\":\"ImageObject\",\"inLanguage\":\"en-US\",\"@id\":\"https:\/\/derechoyreligion-uc.urantiacos.cl\/en\/aborto-en-chile-tres-miradas-desde-la-antropologia-cristiana\/#primaryimage\",\"url\":\"https:\/\/derechoyreligion-uc.urantiacos.cl\/wp-content\/uploads\/2025\/10\/PanelAborto-Fac._Teologia_Dic_2021.png\",\"contentUrl\":\"https:\/\/derechoyreligion-uc.urantiacos.cl\/wp-content\/uploads\/2025\/10\/PanelAborto-Fac._Teologia_Dic_2021.png\",\"width\":735,\"height\":1128},{\"@type\":\"BreadcrumbList\",\"@id\":\"https:\/\/derechoyreligion-uc.urantiacos.cl\/en\/aborto-en-chile-tres-miradas-desde-la-antropologia-cristiana\/#breadcrumb\",\"itemListElement\":[{\"@type\":\"ListItem\",\"position\":1,\"name\":\"Portada\",\"item\":\"https:\/\/derechoyreligion-uc.urantiacos.cl\/en\/\"},{\"@type\":\"ListItem\",\"position\":2,\"name\":\"Aborto en Chile: tres miradas desde la antropolog\u00eda cristiana\"}]},{\"@type\":\"WebSite\",\"@id\":\"https:\/\/derechoyreligion-uc.urantiacos.cl\/en\/#website\",\"url\":\"https:\/\/derechoyreligion-uc.urantiacos.cl\/en\/\",\"name\":\"Centro UC Derecho y Religi\u00f3n\",\"description\":\"\",\"potentialAction\":[{\"@type\":\"SearchAction\",\"target\":{\"@type\":\"EntryPoint\",\"urlTemplate\":\"https:\/\/derechoyreligion-uc.urantiacos.cl\/en\/?s={search_term_string}\"},\"query-input\":{\"@type\":\"PropertyValueSpecification\",\"valueRequired\":true,\"valueName\":\"search_term_string\"}}],\"inLanguage\":\"en-US\"},{\"@type\":\"Person\",\"@id\":\"https:\/\/derechoyreligion-uc.urantiacos.cl\/en\/#\/schema\/person\/6cc7f593e2f49e3b770a06f63b58e3b1\",\"name\":\"manadmin\",\"sameAs\":[\"https:\/\/derechoyreligion-uc.urantiacos.cl\"]}]}<\/script>\n<!-- \/ Yoast SEO plugin. -->","yoast_head_json":{"title":"Aborto en Chile: tres miradas desde la antropolog\u00eda cristiana - Centro UC Derecho y Religi\u00f3n","robots":{"index":"index","follow":"follow","max-snippet":"max-snippet:-1","max-image-preview":"max-image-preview:large","max-video-preview":"max-video-preview:-1"},"canonical":"https:\/\/derechoyreligion-uc.urantiacos.cl\/en\/aborto-en-chile-tres-miradas-desde-la-antropologia-cristiana\/","og_locale":"en_US","og_type":"article","og_title":"Aborto en Chile: tres miradas desde la antropolog\u00eda cristiana - Centro UC Derecho y Religi\u00f3n","og_description":"Ver panel en siguiente link:https:\/\/www.youtube.com\/watch?v=yx7_t7kttZ8","og_url":"https:\/\/derechoyreligion-uc.urantiacos.cl\/en\/aborto-en-chile-tres-miradas-desde-la-antropologia-cristiana\/","og_site_name":"Centro UC Derecho y Religi\u00f3n","article_published_time":"2021-12-09T03:00:00+00:00","og_image":[{"width":735,"height":1128,"url":"https:\/\/derechoyreligion-uc.urantiacos.cl\/wp-content\/uploads\/2025\/10\/PanelAborto-Fac._Teologia_Dic_2021.png","type":"image\/png"}],"author":"manadmin","twitter_card":"summary_large_image","twitter_misc":{"Written by":"manadmin","Est. reading time":"7 minutes"},"schema":{"@context":"https:\/\/schema.org","@graph":[{"@type":"Article","@id":"https:\/\/derechoyreligion-uc.urantiacos.cl\/en\/aborto-en-chile-tres-miradas-desde-la-antropologia-cristiana\/#article","isPartOf":{"@id":"https:\/\/derechoyreligion-uc.urantiacos.cl\/en\/aborto-en-chile-tres-miradas-desde-la-antropologia-cristiana\/"},"author":{"name":"manadmin","@id":"https:\/\/derechoyreligion-uc.urantiacos.cl\/en\/#\/schema\/person\/6cc7f593e2f49e3b770a06f63b58e3b1"},"headline":"Aborto en Chile: tres miradas desde la antropolog\u00eda cristiana","datePublished":"2021-12-09T03:00:00+00:00","mainEntityOfPage":{"@id":"https:\/\/derechoyreligion-uc.urantiacos.cl\/en\/aborto-en-chile-tres-miradas-desde-la-antropologia-cristiana\/"},"wordCount":1410,"image":{"@id":"https:\/\/derechoyreligion-uc.urantiacos.cl\/en\/aborto-en-chile-tres-miradas-desde-la-antropologia-cristiana\/#primaryimage"},"thumbnailUrl":"https:\/\/derechoyreligion-uc.urantiacos.cl\/wp-content\/uploads\/2025\/10\/PanelAborto-Fac._Teologia_Dic_2021.png","articleSection":["Noticias"],"inLanguage":"en-US"},{"@type":"WebPage","@id":"https:\/\/derechoyreligion-uc.urantiacos.cl\/en\/aborto-en-chile-tres-miradas-desde-la-antropologia-cristiana\/","url":"https:\/\/derechoyreligion-uc.urantiacos.cl\/en\/aborto-en-chile-tres-miradas-desde-la-antropologia-cristiana\/","name":"Aborto en Chile: tres miradas desde la antropolog\u00eda cristiana - Centro UC Derecho y Religi\u00f3n","isPartOf":{"@id":"https:\/\/derechoyreligion-uc.urantiacos.cl\/en\/#website"},"primaryImageOfPage":{"@id":"https:\/\/derechoyreligion-uc.urantiacos.cl\/en\/aborto-en-chile-tres-miradas-desde-la-antropologia-cristiana\/#primaryimage"},"image":{"@id":"https:\/\/derechoyreligion-uc.urantiacos.cl\/en\/aborto-en-chile-tres-miradas-desde-la-antropologia-cristiana\/#primaryimage"},"thumbnailUrl":"https:\/\/derechoyreligion-uc.urantiacos.cl\/wp-content\/uploads\/2025\/10\/PanelAborto-Fac._Teologia_Dic_2021.png","datePublished":"2021-12-09T03:00:00+00:00","author":{"@id":"https:\/\/derechoyreligion-uc.urantiacos.cl\/en\/#\/schema\/person\/6cc7f593e2f49e3b770a06f63b58e3b1"},"breadcrumb":{"@id":"https:\/\/derechoyreligion-uc.urantiacos.cl\/en\/aborto-en-chile-tres-miradas-desde-la-antropologia-cristiana\/#breadcrumb"},"inLanguage":"en-US","potentialAction":[{"@type":"ReadAction","target":["https:\/\/derechoyreligion-uc.urantiacos.cl\/en\/aborto-en-chile-tres-miradas-desde-la-antropologia-cristiana\/"]}]},{"@type":"ImageObject","inLanguage":"en-US","@id":"https:\/\/derechoyreligion-uc.urantiacos.cl\/en\/aborto-en-chile-tres-miradas-desde-la-antropologia-cristiana\/#primaryimage","url":"https:\/\/derechoyreligion-uc.urantiacos.cl\/wp-content\/uploads\/2025\/10\/PanelAborto-Fac._Teologia_Dic_2021.png","contentUrl":"https:\/\/derechoyreligion-uc.urantiacos.cl\/wp-content\/uploads\/2025\/10\/PanelAborto-Fac._Teologia_Dic_2021.png","width":735,"height":1128},{"@type":"BreadcrumbList","@id":"https:\/\/derechoyreligion-uc.urantiacos.cl\/en\/aborto-en-chile-tres-miradas-desde-la-antropologia-cristiana\/#breadcrumb","itemListElement":[{"@type":"ListItem","position":1,"name":"Portada","item":"https:\/\/derechoyreligion-uc.urantiacos.cl\/en\/"},{"@type":"ListItem","position":2,"name":"Aborto en Chile: tres miradas desde la antropolog\u00eda cristiana"}]},{"@type":"WebSite","@id":"https:\/\/derechoyreligion-uc.urantiacos.cl\/en\/#website","url":"https:\/\/derechoyreligion-uc.urantiacos.cl\/en\/","name":"Centro UC Derecho y Religi\u00f3n","description":"","potentialAction":[{"@type":"SearchAction","target":{"@type":"EntryPoint","urlTemplate":"https:\/\/derechoyreligion-uc.urantiacos.cl\/en\/?s={search_term_string}"},"query-input":{"@type":"PropertyValueSpecification","valueRequired":true,"valueName":"search_term_string"}}],"inLanguage":"en-US"},{"@type":"Person","@id":"https:\/\/derechoyreligion-uc.urantiacos.cl\/en\/#\/schema\/person\/6cc7f593e2f49e3b770a06f63b58e3b1","name":"manadmin","sameAs":["https:\/\/derechoyreligion-uc.urantiacos.cl"]}]}},"_links":{"self":[{"href":"https:\/\/derechoyreligion-uc.urantiacos.cl\/en\/wp-json\/wp\/v2\/posts\/1376","targetHints":{"allow":["GET"]}}],"collection":[{"href":"https:\/\/derechoyreligion-uc.urantiacos.cl\/en\/wp-json\/wp\/v2\/posts"}],"about":[{"href":"https:\/\/derechoyreligion-uc.urantiacos.cl\/en\/wp-json\/wp\/v2\/types\/post"}],"author":[{"embeddable":true,"href":"https:\/\/derechoyreligion-uc.urantiacos.cl\/en\/wp-json\/wp\/v2\/users\/1"}],"replies":[{"embeddable":true,"href":"https:\/\/derechoyreligion-uc.urantiacos.cl\/en\/wp-json\/wp\/v2\/comments?post=1376"}],"version-history":[{"count":0,"href":"https:\/\/derechoyreligion-uc.urantiacos.cl\/en\/wp-json\/wp\/v2\/posts\/1376\/revisions"}],"wp:featuredmedia":[{"embeddable":true,"href":"https:\/\/derechoyreligion-uc.urantiacos.cl\/en\/wp-json\/wp\/v2\/media\/1524"}],"wp:attachment":[{"href":"https:\/\/derechoyreligion-uc.urantiacos.cl\/en\/wp-json\/wp\/v2\/media?parent=1376"}],"wp:term":[{"taxonomy":"category","embeddable":true,"href":"https:\/\/derechoyreligion-uc.urantiacos.cl\/en\/wp-json\/wp\/v2\/categories?post=1376"},{"taxonomy":"post_tag","embeddable":true,"href":"https:\/\/derechoyreligion-uc.urantiacos.cl\/en\/wp-json\/wp\/v2\/tags?post=1376"}],"curies":[{"name":"wp","href":"https:\/\/api.w.org\/{rel}","templated":true}]}}