
{"id":1373,"date":"2022-01-19T00:00:00","date_gmt":"2022-01-19T03:00:00","guid":{"rendered":"https:\/\/derechoyreligion-uc.urantiacos.cl\/19-de-enero-presentacion-documento-creencias-y-nueva-constitucion\/"},"modified":"2022-01-19T00:00:00","modified_gmt":"2022-01-19T03:00:00","slug":"19-de-enero-presentacion-documento-creencias-y-nueva-constitucion","status":"publish","type":"post","link":"https:\/\/derechoyreligion-uc.urantiacos.cl\/en\/19-de-enero-presentacion-documento-creencias-y-nueva-constitucion\/","title":{"rendered":"19 de enero: Presentaci\u00f3n documento &#8220;Creencias y nueva Constituci\u00f3n&#8221;"},"content":{"rendered":"<article>\n<span><br \/>\n<\/span><\/p>\n<p><span><strong>Foro Constitucional UC present\u00f3 documento sobre creencias y religi\u00f3n en la nueva Constituci\u00f3n<\/strong><\/span><\/p>\n<p>\u00a0<\/p>\n<p><img decoding=\"async\" alt=\"afiche evento creencias  iglesia Mesa de trabajo 2022 page-0001\" src=\"https:\/\/derechoyreligion-uc.urantiacos.cl\/wp-content\/uploads\/imagenes\/afiche_evento_creencias__iglesia_Mesa_de_trabajo_2022_page-0001.jpg\"\/><\/p>\n<p>\u00a0<\/p>\n<p>Durante el encuentro se present\u00f3 el texto &#8216;Creencias y nueva Constituci\u00f3n. Perspectivas y propuestas&#8217;, el que fue comentado por representantes de la Agrupaci\u00f3n de Confesiones Religiosas en Chile que busca consagrar la libertad de conciencia y religi\u00f3n en la nueva Carta Magna.<\/p>\n<p>Bajo la moderaci\u00f3n de la profesora Derecho UC y directora del Centro de Derecho y Religi\u00f3n UC, Ana Mar\u00eda Celis, y con la participaci\u00f3n como presentadora de la profesora y directora del programa de Pedagog\u00eda en Religi\u00f3n Cat\u00f3lica UC, Patricia Imbarack, se llev\u00f3 a cabo el pasado mi\u00e9rcoles 19 de enero la presentaci\u00f3n del documento &#8216;<a href=\"https:\/\/foroconstitucional.uc.cl\/wp-content\/uploads\/2021\/12\/Creencias.pdf\" target=\"_blank\">Creencias y nueva Constituci\u00f3n. Perspectivas y propuestas&#8217;<\/a>, elaborado por la Comisi\u00f3n de Creencias del <a href=\"https:\/\/foroconstitucional.uc.cl\/\" target=\"_blank\">Foro Constitucional UC<\/a>.<\/p>\n<p>La instancia tuvo como objetivo destacar la importancia, protecci\u00f3n y promoci\u00f3n del derecho a la libertad religiosa y de creencias en las personas, as\u00ed como su relaci\u00f3n con otros principios y reglas constitucionales.<\/p>\n<p>&#8220;Hoy estamos concentrados en lo que hemos llamado creencias y religi\u00f3n en la nueva Constituci\u00f3n para conocer tanto la divulgaci\u00f3n del documento como los aportes que desde otras entidades religiosas nos pueden hacer, y para eso invitamos a l\u00edderes religiosos que en su conjunto realizaron una iniciativa popular (iniciativa N\u00ba 3.042 sobre libertad religiosa y de conciencia) para que sea discutida por la Convenci\u00f3n Constitucional&#8221;, expres\u00f3 Celis.<\/p>\n<p>La profesora Imbarack realiz\u00f3 una breve presentaci\u00f3n del documento &#8216;Creencias y nueva Constituci\u00f3n. Perspectivas y Propuestas&#8217; se\u00f1alando que busca &#8220;levantar perspectivas y propuestas a prop\u00f3sito de lo que la Constituci\u00f3n o el momento constitucional actual pueda ofrecer en materia de creencias&#8221;. As\u00ed, -continu\u00f3 la acad\u00e9mica- el escrito tiene como objetivo &#8220;resaltar la importancia de las creencias y religiones en la futura carta fundamental, darle una legitimidad social y pol\u00edticas a las creencias y religiones en Chile, y entregarle un marco legal al derecho de la libertad religiosa y de creencias&#8221;.<\/p>\n<p>El texto, agreg\u00f3, comienza analizando la evoluci\u00f3n de la legitimaci\u00f3n social y pol\u00edtica de las creencias y religiones en nuestro pa\u00eds, para luego abordar las condiciones constitucionales para su desarrollo: el derecho a la libertad de creencias y religi\u00f3n, as\u00ed como el sistema de relaciones institucionales entre el Estado y las organizaciones religiosas, incorporando su tratamiento a nivel internacional y comparado. El documento concluye con una propuesta de articulado en la materia para la nueva Constituci\u00f3n.<\/p>\n<p><strong>La opini\u00f3n de los l\u00edderes religiosos:<\/strong><br \/>Para abordar tales temas, la actividad cont\u00f3 con los comentarios de algunos de la Agrupaci\u00f3n de Confesiones Religiosas en Chile que busca consagrar la libertad de conciencia y religi\u00f3n en la nueva Carta Magna: el Obispo de San Bernardo y miembro del Comit\u00e9 Permanente de la Conferencia Episcopal de Chile, Juan Ignacio Gonz\u00e1lez; la vocera del Consejo Pol\u00edtico de Pueblos Originarios, Eliana Monardez; el Obispo presidente de la Iglesia Encuentro con Dios y director de la Comisi\u00f3n Legal Evang\u00e9lica, Francisco Javier Rivera; y del rabino representante de la Comunidad Jud\u00eda de Chile, Eduardo Waingortin.<\/p>\n<p>En cuanto al panorama actual de la religi\u00f3n y creencias en nuestro pa\u00eds y lo expresando en el documento &#8216;Creencias y nueva Constituci\u00f3n. Perspectivas y Propuestas&#8217; sobre el tema, el pastor Rivera sostuvo que &#8220;cuando se violenta la religiosidad o cuando se reprime la espiritualidad, es como que se atara el alma humana generando frustraci\u00f3n, incertidumbre y decadencia&#8221;. A su vez el rabino Waingortin expres\u00f3 que espera que el documento del Foro Constitucional &#8220;pueda dar luz a los convencionales para entender que la religi\u00f3n hoy ya no nos separa&#8221; y que se reconozca a las confesiones religiosas y creencias como sujetos de derecho, con plena autonom\u00eda e igual trato en el desarrollo de sus fines. Por su parte Eliana Monardez apreci\u00f3 que el texto entregue un camino \u00fanico para defender las diversas cosmovisiones. Por \u00faltimo, el obispo Gonz\u00e1lez enunci\u00f3 dos ideas centrales: la legitimaci\u00f3n social de las confesiones religiosas; y la idea de que no hay una democracia verdadera sin libertad religiosa plena.<\/p>\n<p>Sobre la propuesta de que exista un principio de colaboraci\u00f3n que oriente las relaciones institucionales entre el Estado y las instituciones religiosas, el pastor Rivera indic\u00f3 que &#8220;el Estado tiene que dar la facilidad para que la espiritualidad se desarrolle y que el mayor peligro es el laicismo&#8221;, mientras que el rabino Waingortin se\u00f1al\u00f3 que la colaboraci\u00f3n &#8220;tiene que ser instrumentada en alg\u00fan \u00f3rgano de peso adem\u00e1s de considerar la subsidiariedad del Estado para que apoye al trabajo de las religiones&#8221;. Respecto al mismo tema, el obispo Juan Ignacio Gonz\u00e1lez asegur\u00f3 que mira desde otra perspectiva el funcionamiento de organismos p\u00fablicos que tiendan a unir el trabajo entre las confesiones religiosas. &#8220;Soy partidario de llegar a acuerdos para que quede regulado perfectamente qu\u00e9 significa la asistencia o colaboraci\u00f3n religiosa&#8221;.<\/p>\n<p>Consultada por el respeto y por ser minor\u00eda como parte del pueblo originario Coya y lo que espera de ahora en adelante en el pa\u00eds, la vocera del Consejo Pol\u00edtico de Pueblos Originarios Eliana Monardez se\u00f1al\u00f3 que lo importante es que en la nueva Constituci\u00f3n &#8220;seamos reconocidos como pueblo originario con nuestra cosmovisi\u00f3n porque, aunque seamos ind\u00edgenas, tambi\u00e9n somos chilenos&#8221;.<\/p>\n<p>Finalmente, los invitados resaltaron la unidad, el trabajo en conjunto y el di\u00e1logo entre las diversas creencias y manifestaciones religiosas.<\/p>\n<p><strong>Propuestas del documento:<\/strong><br \/>El documento postula los siguientes lineamientos generales para la incorporaci\u00f3n en la nueva Constituci\u00f3n de la tem\u00e1tica de religi\u00f3n y creencias:<\/p>\n<p>Adecuar la regulaci\u00f3n constitucional de la libertad religiosa y de creencias a lo dispuesto en los tratados e instrumentos internacionales, en el sentido de precisar su alcance y n\u00facleo esencial, que comprende tanto la dimensi\u00f3n individual como colectiva, el reconocimiento de la inmunidad de coerci\u00f3n y los derechos de los progenitores y tutores en relaci\u00f3n con la transmisi\u00f3n de las creencias a los ni\u00f1os tanto en la instrucci\u00f3n familiar como en la educaci\u00f3n formal institucionalizada.<\/p>\n<p>Explicitar la amplitud del objeto protegido por la libertad religiosa y de creencias, mediante una referencia expresa a las espiritualidades y cosmovisiones de los pueblos originarios que no han tenido hasta ahora un reconocimiento constitucional formal.<\/p>\n<p>Introducir los principios b\u00e1sicos del sistema de relaciones institucionales entre el Estado y las organizaciones religiosas, proponiendo un marco que, en el contexto de la separaci\u00f3n, promueva la en la funci\u00f3n p\u00fablica y la consecuci\u00f3n del bien com\u00fan.<\/p>\n<p>Asegurar la vinculaci\u00f3n del derecho a la libertad de conciencia, de religi\u00f3n o creencias con los dem\u00e1s derechos fundamentales relacionados.<\/p>\n<p>Conoce el texto completo <a href=\"https:\/\/foroconstitucional.uc.cl\/wp-content\/uploads\/2021\/12\/Creencias.pdf\" target=\"_blank\">aqui<\/a><\/p>\n<p>Revisa la <a href=\"https:\/\/www.youtube.com\/watch?v=5ceG4HVWnHk&amp;t=5s\" target=\"_blank\">presentaci\u00f3n del documento<\/a><\/p>\n<p>\u00a0<\/p>\n<\/article>\n","protected":false},"excerpt":{"rendered":"<p>Foro Constitucional UC present\u00f3 documento sobre creencias y religi\u00f3n en la nueva Constituci\u00f3n<\/p>\n","protected":false},"author":1,"featured_media":1522,"comment_status":"","ping_status":"","sticky":false,"template":"","format":"standard","meta":{"_acf_changed":false,"footnotes":""},"categories":[1],"tags":[],"class_list":["post-1373","post","type-post","status-publish","format-standard","has-post-thumbnail","hentry","category-noticias"],"acf":[],"yoast_head":"<!-- This site is optimized with the Yoast SEO plugin v27.1.1 - https:\/\/yoast.com\/product\/yoast-seo-wordpress\/ -->\n<title>19 de enero: Presentaci\u00f3n documento &quot;Creencias y nueva Constituci\u00f3n&quot; - Centro UC Derecho y Religi\u00f3n<\/title>\n<meta name=\"robots\" content=\"index, follow, max-snippet:-1, max-image-preview:large, max-video-preview:-1\" \/>\n<link rel=\"canonical\" href=\"https:\/\/derechoyreligion-uc.urantiacos.cl\/en\/19-de-enero-presentacion-documento-creencias-y-nueva-constitucion\/\" \/>\n<meta property=\"og:locale\" content=\"en_US\" \/>\n<meta property=\"og:type\" content=\"article\" \/>\n<meta property=\"og:title\" content=\"19 de enero: Presentaci\u00f3n documento &quot;Creencias y nueva Constituci\u00f3n&quot; - Centro UC Derecho y Religi\u00f3n\" \/>\n<meta property=\"og:description\" content=\"Foro Constitucional UC present\u00f3 documento sobre creencias y religi\u00f3n en la nueva Constituci\u00f3n\" \/>\n<meta property=\"og:url\" content=\"https:\/\/derechoyreligion-uc.urantiacos.cl\/en\/19-de-enero-presentacion-documento-creencias-y-nueva-constitucion\/\" \/>\n<meta property=\"og:site_name\" content=\"Centro UC Derecho y Religi\u00f3n\" \/>\n<meta property=\"article:published_time\" content=\"2022-01-19T03:00:00+00:00\" \/>\n<meta property=\"og:image\" content=\"https:\/\/derechoyreligion-uc.urantiacos.cl\/wp-content\/uploads\/2025\/10\/afiche_evento_creencias__iglesia_Mesa_de_trabajo_2022_page-0001.jpg\" \/>\n\t<meta property=\"og:image:width\" content=\"1250\" \/>\n\t<meta property=\"og:image:height\" content=\"2334\" \/>\n\t<meta property=\"og:image:type\" content=\"image\/jpeg\" \/>\n<meta name=\"author\" content=\"manadmin\" \/>\n<meta name=\"twitter:card\" content=\"summary_large_image\" \/>\n<meta name=\"twitter:label1\" content=\"Written by\" \/>\n\t<meta name=\"twitter:data1\" content=\"manadmin\" \/>\n\t<meta name=\"twitter:label2\" content=\"Est. reading time\" \/>\n\t<meta name=\"twitter:data2\" content=\"6 minutes\" \/>\n<script type=\"application\/ld+json\" class=\"yoast-schema-graph\">{\"@context\":\"https:\/\/schema.org\",\"@graph\":[{\"@type\":\"Article\",\"@id\":\"https:\/\/derechoyreligion-uc.urantiacos.cl\/en\/19-de-enero-presentacion-documento-creencias-y-nueva-constitucion\/#article\",\"isPartOf\":{\"@id\":\"https:\/\/derechoyreligion-uc.urantiacos.cl\/en\/19-de-enero-presentacion-documento-creencias-y-nueva-constitucion\/\"},\"author\":{\"name\":\"manadmin\",\"@id\":\"https:\/\/derechoyreligion-uc.urantiacos.cl\/en\/#\/schema\/person\/6cc7f593e2f49e3b770a06f63b58e3b1\"},\"headline\":\"19 de enero: Presentaci\u00f3n documento &#8220;Creencias y nueva Constituci\u00f3n&#8221;\",\"datePublished\":\"2022-01-19T03:00:00+00:00\",\"mainEntityOfPage\":{\"@id\":\"https:\/\/derechoyreligion-uc.urantiacos.cl\/en\/19-de-enero-presentacion-documento-creencias-y-nueva-constitucion\/\"},\"wordCount\":1170,\"image\":{\"@id\":\"https:\/\/derechoyreligion-uc.urantiacos.cl\/en\/19-de-enero-presentacion-documento-creencias-y-nueva-constitucion\/#primaryimage\"},\"thumbnailUrl\":\"https:\/\/derechoyreligion-uc.urantiacos.cl\/wp-content\/uploads\/2025\/10\/afiche_evento_creencias__iglesia_Mesa_de_trabajo_2022_page-0001.jpg\",\"articleSection\":[\"Noticias\"],\"inLanguage\":\"en-US\"},{\"@type\":\"WebPage\",\"@id\":\"https:\/\/derechoyreligion-uc.urantiacos.cl\/en\/19-de-enero-presentacion-documento-creencias-y-nueva-constitucion\/\",\"url\":\"https:\/\/derechoyreligion-uc.urantiacos.cl\/en\/19-de-enero-presentacion-documento-creencias-y-nueva-constitucion\/\",\"name\":\"19 de enero: Presentaci\u00f3n documento \\\"Creencias y nueva Constituci\u00f3n\\\" - Centro UC Derecho y Religi\u00f3n\",\"isPartOf\":{\"@id\":\"https:\/\/derechoyreligion-uc.urantiacos.cl\/en\/#website\"},\"primaryImageOfPage\":{\"@id\":\"https:\/\/derechoyreligion-uc.urantiacos.cl\/en\/19-de-enero-presentacion-documento-creencias-y-nueva-constitucion\/#primaryimage\"},\"image\":{\"@id\":\"https:\/\/derechoyreligion-uc.urantiacos.cl\/en\/19-de-enero-presentacion-documento-creencias-y-nueva-constitucion\/#primaryimage\"},\"thumbnailUrl\":\"https:\/\/derechoyreligion-uc.urantiacos.cl\/wp-content\/uploads\/2025\/10\/afiche_evento_creencias__iglesia_Mesa_de_trabajo_2022_page-0001.jpg\",\"datePublished\":\"2022-01-19T03:00:00+00:00\",\"author\":{\"@id\":\"https:\/\/derechoyreligion-uc.urantiacos.cl\/en\/#\/schema\/person\/6cc7f593e2f49e3b770a06f63b58e3b1\"},\"breadcrumb\":{\"@id\":\"https:\/\/derechoyreligion-uc.urantiacos.cl\/en\/19-de-enero-presentacion-documento-creencias-y-nueva-constitucion\/#breadcrumb\"},\"inLanguage\":\"en-US\",\"potentialAction\":[{\"@type\":\"ReadAction\",\"target\":[\"https:\/\/derechoyreligion-uc.urantiacos.cl\/en\/19-de-enero-presentacion-documento-creencias-y-nueva-constitucion\/\"]}]},{\"@type\":\"ImageObject\",\"inLanguage\":\"en-US\",\"@id\":\"https:\/\/derechoyreligion-uc.urantiacos.cl\/en\/19-de-enero-presentacion-documento-creencias-y-nueva-constitucion\/#primaryimage\",\"url\":\"https:\/\/derechoyreligion-uc.urantiacos.cl\/wp-content\/uploads\/2025\/10\/afiche_evento_creencias__iglesia_Mesa_de_trabajo_2022_page-0001.jpg\",\"contentUrl\":\"https:\/\/derechoyreligion-uc.urantiacos.cl\/wp-content\/uploads\/2025\/10\/afiche_evento_creencias__iglesia_Mesa_de_trabajo_2022_page-0001.jpg\",\"width\":1250,\"height\":2334},{\"@type\":\"BreadcrumbList\",\"@id\":\"https:\/\/derechoyreligion-uc.urantiacos.cl\/en\/19-de-enero-presentacion-documento-creencias-y-nueva-constitucion\/#breadcrumb\",\"itemListElement\":[{\"@type\":\"ListItem\",\"position\":1,\"name\":\"Portada\",\"item\":\"https:\/\/derechoyreligion-uc.urantiacos.cl\/en\/\"},{\"@type\":\"ListItem\",\"position\":2,\"name\":\"19 de enero: Presentaci\u00f3n documento &#8220;Creencias y nueva Constituci\u00f3n&#8221;\"}]},{\"@type\":\"WebSite\",\"@id\":\"https:\/\/derechoyreligion-uc.urantiacos.cl\/en\/#website\",\"url\":\"https:\/\/derechoyreligion-uc.urantiacos.cl\/en\/\",\"name\":\"Centro UC Derecho y Religi\u00f3n\",\"description\":\"\",\"potentialAction\":[{\"@type\":\"SearchAction\",\"target\":{\"@type\":\"EntryPoint\",\"urlTemplate\":\"https:\/\/derechoyreligion-uc.urantiacos.cl\/en\/?s={search_term_string}\"},\"query-input\":{\"@type\":\"PropertyValueSpecification\",\"valueRequired\":true,\"valueName\":\"search_term_string\"}}],\"inLanguage\":\"en-US\"},{\"@type\":\"Person\",\"@id\":\"https:\/\/derechoyreligion-uc.urantiacos.cl\/en\/#\/schema\/person\/6cc7f593e2f49e3b770a06f63b58e3b1\",\"name\":\"manadmin\",\"sameAs\":[\"https:\/\/derechoyreligion-uc.urantiacos.cl\"]}]}<\/script>\n<!-- \/ Yoast SEO plugin. -->","yoast_head_json":{"title":"19 de enero: Presentaci\u00f3n documento \"Creencias y nueva Constituci\u00f3n\" - Centro UC Derecho y Religi\u00f3n","robots":{"index":"index","follow":"follow","max-snippet":"max-snippet:-1","max-image-preview":"max-image-preview:large","max-video-preview":"max-video-preview:-1"},"canonical":"https:\/\/derechoyreligion-uc.urantiacos.cl\/en\/19-de-enero-presentacion-documento-creencias-y-nueva-constitucion\/","og_locale":"en_US","og_type":"article","og_title":"19 de enero: Presentaci\u00f3n documento \"Creencias y nueva Constituci\u00f3n\" - Centro UC Derecho y Religi\u00f3n","og_description":"Foro Constitucional UC present\u00f3 documento sobre creencias y religi\u00f3n en la nueva Constituci\u00f3n","og_url":"https:\/\/derechoyreligion-uc.urantiacos.cl\/en\/19-de-enero-presentacion-documento-creencias-y-nueva-constitucion\/","og_site_name":"Centro UC Derecho y Religi\u00f3n","article_published_time":"2022-01-19T03:00:00+00:00","og_image":[{"width":1250,"height":2334,"url":"https:\/\/derechoyreligion-uc.urantiacos.cl\/wp-content\/uploads\/2025\/10\/afiche_evento_creencias__iglesia_Mesa_de_trabajo_2022_page-0001.jpg","type":"image\/jpeg"}],"author":"manadmin","twitter_card":"summary_large_image","twitter_misc":{"Written by":"manadmin","Est. reading time":"6 minutes"},"schema":{"@context":"https:\/\/schema.org","@graph":[{"@type":"Article","@id":"https:\/\/derechoyreligion-uc.urantiacos.cl\/en\/19-de-enero-presentacion-documento-creencias-y-nueva-constitucion\/#article","isPartOf":{"@id":"https:\/\/derechoyreligion-uc.urantiacos.cl\/en\/19-de-enero-presentacion-documento-creencias-y-nueva-constitucion\/"},"author":{"name":"manadmin","@id":"https:\/\/derechoyreligion-uc.urantiacos.cl\/en\/#\/schema\/person\/6cc7f593e2f49e3b770a06f63b58e3b1"},"headline":"19 de enero: Presentaci\u00f3n documento &#8220;Creencias y nueva Constituci\u00f3n&#8221;","datePublished":"2022-01-19T03:00:00+00:00","mainEntityOfPage":{"@id":"https:\/\/derechoyreligion-uc.urantiacos.cl\/en\/19-de-enero-presentacion-documento-creencias-y-nueva-constitucion\/"},"wordCount":1170,"image":{"@id":"https:\/\/derechoyreligion-uc.urantiacos.cl\/en\/19-de-enero-presentacion-documento-creencias-y-nueva-constitucion\/#primaryimage"},"thumbnailUrl":"https:\/\/derechoyreligion-uc.urantiacos.cl\/wp-content\/uploads\/2025\/10\/afiche_evento_creencias__iglesia_Mesa_de_trabajo_2022_page-0001.jpg","articleSection":["Noticias"],"inLanguage":"en-US"},{"@type":"WebPage","@id":"https:\/\/derechoyreligion-uc.urantiacos.cl\/en\/19-de-enero-presentacion-documento-creencias-y-nueva-constitucion\/","url":"https:\/\/derechoyreligion-uc.urantiacos.cl\/en\/19-de-enero-presentacion-documento-creencias-y-nueva-constitucion\/","name":"19 de enero: Presentaci\u00f3n documento \"Creencias y nueva Constituci\u00f3n\" - Centro UC Derecho y Religi\u00f3n","isPartOf":{"@id":"https:\/\/derechoyreligion-uc.urantiacos.cl\/en\/#website"},"primaryImageOfPage":{"@id":"https:\/\/derechoyreligion-uc.urantiacos.cl\/en\/19-de-enero-presentacion-documento-creencias-y-nueva-constitucion\/#primaryimage"},"image":{"@id":"https:\/\/derechoyreligion-uc.urantiacos.cl\/en\/19-de-enero-presentacion-documento-creencias-y-nueva-constitucion\/#primaryimage"},"thumbnailUrl":"https:\/\/derechoyreligion-uc.urantiacos.cl\/wp-content\/uploads\/2025\/10\/afiche_evento_creencias__iglesia_Mesa_de_trabajo_2022_page-0001.jpg","datePublished":"2022-01-19T03:00:00+00:00","author":{"@id":"https:\/\/derechoyreligion-uc.urantiacos.cl\/en\/#\/schema\/person\/6cc7f593e2f49e3b770a06f63b58e3b1"},"breadcrumb":{"@id":"https:\/\/derechoyreligion-uc.urantiacos.cl\/en\/19-de-enero-presentacion-documento-creencias-y-nueva-constitucion\/#breadcrumb"},"inLanguage":"en-US","potentialAction":[{"@type":"ReadAction","target":["https:\/\/derechoyreligion-uc.urantiacos.cl\/en\/19-de-enero-presentacion-documento-creencias-y-nueva-constitucion\/"]}]},{"@type":"ImageObject","inLanguage":"en-US","@id":"https:\/\/derechoyreligion-uc.urantiacos.cl\/en\/19-de-enero-presentacion-documento-creencias-y-nueva-constitucion\/#primaryimage","url":"https:\/\/derechoyreligion-uc.urantiacos.cl\/wp-content\/uploads\/2025\/10\/afiche_evento_creencias__iglesia_Mesa_de_trabajo_2022_page-0001.jpg","contentUrl":"https:\/\/derechoyreligion-uc.urantiacos.cl\/wp-content\/uploads\/2025\/10\/afiche_evento_creencias__iglesia_Mesa_de_trabajo_2022_page-0001.jpg","width":1250,"height":2334},{"@type":"BreadcrumbList","@id":"https:\/\/derechoyreligion-uc.urantiacos.cl\/en\/19-de-enero-presentacion-documento-creencias-y-nueva-constitucion\/#breadcrumb","itemListElement":[{"@type":"ListItem","position":1,"name":"Portada","item":"https:\/\/derechoyreligion-uc.urantiacos.cl\/en\/"},{"@type":"ListItem","position":2,"name":"19 de enero: Presentaci\u00f3n documento &#8220;Creencias y nueva Constituci\u00f3n&#8221;"}]},{"@type":"WebSite","@id":"https:\/\/derechoyreligion-uc.urantiacos.cl\/en\/#website","url":"https:\/\/derechoyreligion-uc.urantiacos.cl\/en\/","name":"Centro UC Derecho y Religi\u00f3n","description":"","potentialAction":[{"@type":"SearchAction","target":{"@type":"EntryPoint","urlTemplate":"https:\/\/derechoyreligion-uc.urantiacos.cl\/en\/?s={search_term_string}"},"query-input":{"@type":"PropertyValueSpecification","valueRequired":true,"valueName":"search_term_string"}}],"inLanguage":"en-US"},{"@type":"Person","@id":"https:\/\/derechoyreligion-uc.urantiacos.cl\/en\/#\/schema\/person\/6cc7f593e2f49e3b770a06f63b58e3b1","name":"manadmin","sameAs":["https:\/\/derechoyreligion-uc.urantiacos.cl"]}]}},"_links":{"self":[{"href":"https:\/\/derechoyreligion-uc.urantiacos.cl\/en\/wp-json\/wp\/v2\/posts\/1373","targetHints":{"allow":["GET"]}}],"collection":[{"href":"https:\/\/derechoyreligion-uc.urantiacos.cl\/en\/wp-json\/wp\/v2\/posts"}],"about":[{"href":"https:\/\/derechoyreligion-uc.urantiacos.cl\/en\/wp-json\/wp\/v2\/types\/post"}],"author":[{"embeddable":true,"href":"https:\/\/derechoyreligion-uc.urantiacos.cl\/en\/wp-json\/wp\/v2\/users\/1"}],"replies":[{"embeddable":true,"href":"https:\/\/derechoyreligion-uc.urantiacos.cl\/en\/wp-json\/wp\/v2\/comments?post=1373"}],"version-history":[{"count":0,"href":"https:\/\/derechoyreligion-uc.urantiacos.cl\/en\/wp-json\/wp\/v2\/posts\/1373\/revisions"}],"wp:featuredmedia":[{"embeddable":true,"href":"https:\/\/derechoyreligion-uc.urantiacos.cl\/en\/wp-json\/wp\/v2\/media\/1522"}],"wp:attachment":[{"href":"https:\/\/derechoyreligion-uc.urantiacos.cl\/en\/wp-json\/wp\/v2\/media?parent=1373"}],"wp:term":[{"taxonomy":"category","embeddable":true,"href":"https:\/\/derechoyreligion-uc.urantiacos.cl\/en\/wp-json\/wp\/v2\/categories?post=1373"},{"taxonomy":"post_tag","embeddable":true,"href":"https:\/\/derechoyreligion-uc.urantiacos.cl\/en\/wp-json\/wp\/v2\/tags?post=1373"}],"curies":[{"name":"wp","href":"https:\/\/api.w.org\/{rel}","templated":true}]}}