
{"id":1370,"date":"2022-04-25T00:00:00","date_gmt":"2022-04-25T04:00:00","guid":{"rendered":"https:\/\/derechoyreligion-uc.urantiacos.cl\/primer-simposio-brasileno-de-libertad-religiosa\/"},"modified":"2022-04-25T00:00:00","modified_gmt":"2022-04-25T04:00:00","slug":"primer-simposio-brasileno-de-libertad-religiosa","status":"publish","type":"post","link":"https:\/\/derechoyreligion-uc.urantiacos.cl\/en\/primer-simposio-brasileno-de-libertad-religiosa\/","title":{"rendered":"Primer Simposio Brasile\u00f1o de Libertad Religiosa"},"content":{"rendered":"<article>\n<span><br \/>\n<\/span><\/p>\n<p><strong><img decoding=\"async\" alt=\"marzo 2022 Primer Simposio Brasileno de LR\" src=\"https:\/\/derechoyreligion-uc.urantiacos.cl\/wp-content\/uploads\/imagenes\/marzo_2022_Primer_Simposio_Brasileno_de_LR.jpg\"\/><\/strong><\/p>\n<p>\u00a0<\/p>\n<p><strong>Directora del Centro, Ana Mar\u00eda Celis, asiste al Primer Simposio Brasile\u00f1o de Libertad Religiosa<\/strong><\/p>\n<p>Entre el 23 y el 25 de marzo reci\u00e9n pasado, se desarroll\u00f3 en la ciudad de R\u00edo de Janeiro (Brasil), el primer Simposio Brasile\u00f1o de Libertad Religiosa, actividad que cont\u00f3 con la participaci\u00f3n de las profesoras Ana Mar\u00eda Celis y Carmen Dom\u00ednguez H.<br \/>En la instancia, desarrollada en la ciudad de R\u00edo de Janeiro, la profesora Dom\u00ednguez present\u00f3 la ponencia &#8216;La objeci\u00f3n de conciencia en Latinoam\u00e9rica: tensiones y desaf\u00edos&#8217;, mientras que la profesora Celis particip\u00f3 en la Conferencia &#8216;Perspectivas globales sobre la promoci\u00f3n de la libertad religiosa&#8217; donde se refiri\u00f3 a la situaci\u00f3n que vive Latinoam\u00e9rica en esta materia.<br \/>La profesora Dom\u00ednguez, quien es tambi\u00e9n presidenta del Consorcio Latino Americano de Libertad Religiosa, expuso el d\u00eda 24 de marzo en el tercer panel plenario del encuentro, instancia que abord\u00f3 el tema Perspectivas latinoamericanas de libertad religiosa. En dicha instancia, la acad\u00e9mica present\u00f3 la ponencia titulada La objeci\u00f3n de conciencia en Latinoam\u00e9rica: tensiones y desaf\u00edos, espacio en el que esboz\u00f3 el panorama jur\u00eddico comparado en cuanto a objeci\u00f3n de conciencia y su reconocimiento en pa\u00edses de la regi\u00f3n.<br \/>En su intervenci\u00f3n explic\u00f3 que, en el caso chileno, la objeci\u00f3n de conciencia comenz\u00f3 a implementarse a partir de los j\u00f3venes que se negaban a realizar el servicio militar, extendi\u00e9ndose esta impugnaci\u00f3n a diversos \u00e1mbitos, ya sea desde una dimensi\u00f3n individual y colectiva.<br \/>Finalmente, asegur\u00f3 que &#8220;la objeci\u00f3n de conciencia es un derecho emanado de un derecho fundamental que es la libertad de conciencia o de religi\u00f3n, no es un privilegio; es el ejercicio de la inmunidad de coacci\u00f3n y ello aplica tanto a la persona individual, considerada como asociada con otras en organizaciones de tendencia y no requiere reconocimiento expreso para tener derecho a objetar&#8221;, destacando que, mirando los desaf\u00edos futuros en esta materia, &#8220;existe la necesidad de formar y dar raz\u00f3n de la profundidad de las creencias&#8221;.<br \/>La directora del Centro UC Derecho y Religi\u00f3n y presidenta del Consorcio Internacional de Estudios sobre Derecho y Religi\u00f3n (ICLARS), Ana Mar\u00eda Celis, en tanto, particip\u00f3 en la Conferencia que llev\u00f3 por t\u00edtulo Perspectivas globales sobre la promoci\u00f3n de la libertad religiosa, que se desarroll\u00f3 la jornada de cierre de este simposio y que busc\u00f3 analizar las perspectivas globales relacionadas con esta tem\u00e1tica de manera regional.<br \/>En su intervenci\u00f3n, la profesora Celis intent\u00f3 mostrar c\u00f3mo, pese a la homogeneidad religiosa en la regi\u00f3n, se ha producido una acelerada erosi\u00f3n de la libertad religiosa manifestada tanto en la comprensi\u00f3n de la laicidad como una privatizaci\u00f3n de lo religioso, llev\u00e1ndola a un tema m\u00e1s pol\u00edtico. &#8220;El desaf\u00edo est\u00e1 en asumir el pluralismo necesario en una sociedad democr\u00e1tica tambi\u00e9n en este tema, evidenciando el aporte de las entidades basadas en la fe en cada sociedad latinoamericana y, c\u00f3mo el ejercicio de la libertad religiosa requiere de su armonizaci\u00f3n con otros derechos fundamentales, como derecho a la vida y salud, derecho a la ense\u00f1anza, derecho de asociaci\u00f3n, libertad de expresi\u00f3n y otros&#8221;, afirm\u00f3 la acad\u00e9mica.<\/p>\n<p>\u00a0<\/p>\n<\/article>\n","protected":false},"excerpt":{"rendered":"<p>Directora del Centro, Ana Mar\u00eda Celis, asiste al Primer Simposio Brasile\u00f1o de Libertad Religiosa<\/p>\n","protected":false},"author":1,"featured_media":1517,"comment_status":"","ping_status":"","sticky":false,"template":"","format":"standard","meta":{"_acf_changed":false,"footnotes":""},"categories":[1],"tags":[],"class_list":["post-1370","post","type-post","status-publish","format-standard","has-post-thumbnail","hentry","category-noticias"],"acf":[],"yoast_head":"<!-- This site is optimized with the Yoast SEO plugin v27.1.1 - https:\/\/yoast.com\/product\/yoast-seo-wordpress\/ -->\n<title>Primer Simposio Brasile\u00f1o de Libertad Religiosa - Centro UC Derecho y Religi\u00f3n<\/title>\n<meta name=\"robots\" content=\"index, follow, max-snippet:-1, max-image-preview:large, max-video-preview:-1\" \/>\n<link rel=\"canonical\" href=\"https:\/\/derechoyreligion-uc.urantiacos.cl\/en\/primer-simposio-brasileno-de-libertad-religiosa\/\" \/>\n<meta property=\"og:locale\" content=\"en_US\" \/>\n<meta property=\"og:type\" content=\"article\" \/>\n<meta property=\"og:title\" content=\"Primer Simposio Brasile\u00f1o de Libertad Religiosa - Centro UC Derecho y Religi\u00f3n\" \/>\n<meta property=\"og:description\" content=\"Directora del Centro, Ana Mar\u00eda Celis, asiste al Primer Simposio Brasile\u00f1o de Libertad Religiosa\" \/>\n<meta property=\"og:url\" content=\"https:\/\/derechoyreligion-uc.urantiacos.cl\/en\/primer-simposio-brasileno-de-libertad-religiosa\/\" \/>\n<meta property=\"og:site_name\" content=\"Centro UC Derecho y Religi\u00f3n\" \/>\n<meta property=\"article:published_time\" content=\"2022-04-25T04:00:00+00:00\" \/>\n<meta property=\"og:image\" content=\"https:\/\/derechoyreligion-uc.urantiacos.cl\/wp-content\/uploads\/2025\/10\/marzo_2022_Primer_Simposio_Brasileno_de_LR.jpg\" \/>\n\t<meta property=\"og:image:width\" content=\"566\" \/>\n\t<meta property=\"og:image:height\" content=\"198\" \/>\n\t<meta property=\"og:image:type\" content=\"image\/jpeg\" \/>\n<meta name=\"author\" content=\"manadmin\" \/>\n<meta name=\"twitter:card\" content=\"summary_large_image\" \/>\n<meta name=\"twitter:label1\" content=\"Written by\" \/>\n\t<meta name=\"twitter:data1\" content=\"manadmin\" \/>\n\t<meta name=\"twitter:label2\" content=\"Est. reading time\" \/>\n\t<meta name=\"twitter:data2\" content=\"3 minutes\" \/>\n<script type=\"application\/ld+json\" class=\"yoast-schema-graph\">{\"@context\":\"https:\/\/schema.org\",\"@graph\":[{\"@type\":\"Article\",\"@id\":\"https:\/\/derechoyreligion-uc.urantiacos.cl\/en\/primer-simposio-brasileno-de-libertad-religiosa\/#article\",\"isPartOf\":{\"@id\":\"https:\/\/derechoyreligion-uc.urantiacos.cl\/en\/primer-simposio-brasileno-de-libertad-religiosa\/\"},\"author\":{\"name\":\"manadmin\",\"@id\":\"https:\/\/derechoyreligion-uc.urantiacos.cl\/en\/#\/schema\/person\/6cc7f593e2f49e3b770a06f63b58e3b1\"},\"headline\":\"Primer Simposio Brasile\u00f1o de Libertad Religiosa\",\"datePublished\":\"2022-04-25T04:00:00+00:00\",\"mainEntityOfPage\":{\"@id\":\"https:\/\/derechoyreligion-uc.urantiacos.cl\/en\/primer-simposio-brasileno-de-libertad-religiosa\/\"},\"wordCount\":567,\"image\":{\"@id\":\"https:\/\/derechoyreligion-uc.urantiacos.cl\/en\/primer-simposio-brasileno-de-libertad-religiosa\/#primaryimage\"},\"thumbnailUrl\":\"https:\/\/derechoyreligion-uc.urantiacos.cl\/wp-content\/uploads\/2025\/10\/marzo_2022_Primer_Simposio_Brasileno_de_LR.jpg\",\"articleSection\":[\"Noticias\"],\"inLanguage\":\"en-US\"},{\"@type\":\"WebPage\",\"@id\":\"https:\/\/derechoyreligion-uc.urantiacos.cl\/en\/primer-simposio-brasileno-de-libertad-religiosa\/\",\"url\":\"https:\/\/derechoyreligion-uc.urantiacos.cl\/en\/primer-simposio-brasileno-de-libertad-religiosa\/\",\"name\":\"Primer Simposio Brasile\u00f1o de Libertad Religiosa - Centro UC Derecho y Religi\u00f3n\",\"isPartOf\":{\"@id\":\"https:\/\/derechoyreligion-uc.urantiacos.cl\/en\/#website\"},\"primaryImageOfPage\":{\"@id\":\"https:\/\/derechoyreligion-uc.urantiacos.cl\/en\/primer-simposio-brasileno-de-libertad-religiosa\/#primaryimage\"},\"image\":{\"@id\":\"https:\/\/derechoyreligion-uc.urantiacos.cl\/en\/primer-simposio-brasileno-de-libertad-religiosa\/#primaryimage\"},\"thumbnailUrl\":\"https:\/\/derechoyreligion-uc.urantiacos.cl\/wp-content\/uploads\/2025\/10\/marzo_2022_Primer_Simposio_Brasileno_de_LR.jpg\",\"datePublished\":\"2022-04-25T04:00:00+00:00\",\"author\":{\"@id\":\"https:\/\/derechoyreligion-uc.urantiacos.cl\/en\/#\/schema\/person\/6cc7f593e2f49e3b770a06f63b58e3b1\"},\"breadcrumb\":{\"@id\":\"https:\/\/derechoyreligion-uc.urantiacos.cl\/en\/primer-simposio-brasileno-de-libertad-religiosa\/#breadcrumb\"},\"inLanguage\":\"en-US\",\"potentialAction\":[{\"@type\":\"ReadAction\",\"target\":[\"https:\/\/derechoyreligion-uc.urantiacos.cl\/en\/primer-simposio-brasileno-de-libertad-religiosa\/\"]}]},{\"@type\":\"ImageObject\",\"inLanguage\":\"en-US\",\"@id\":\"https:\/\/derechoyreligion-uc.urantiacos.cl\/en\/primer-simposio-brasileno-de-libertad-religiosa\/#primaryimage\",\"url\":\"https:\/\/derechoyreligion-uc.urantiacos.cl\/wp-content\/uploads\/2025\/10\/marzo_2022_Primer_Simposio_Brasileno_de_LR.jpg\",\"contentUrl\":\"https:\/\/derechoyreligion-uc.urantiacos.cl\/wp-content\/uploads\/2025\/10\/marzo_2022_Primer_Simposio_Brasileno_de_LR.jpg\",\"width\":566,\"height\":198},{\"@type\":\"BreadcrumbList\",\"@id\":\"https:\/\/derechoyreligion-uc.urantiacos.cl\/en\/primer-simposio-brasileno-de-libertad-religiosa\/#breadcrumb\",\"itemListElement\":[{\"@type\":\"ListItem\",\"position\":1,\"name\":\"Portada\",\"item\":\"https:\/\/derechoyreligion-uc.urantiacos.cl\/en\/\"},{\"@type\":\"ListItem\",\"position\":2,\"name\":\"Primer Simposio Brasile\u00f1o de Libertad Religiosa\"}]},{\"@type\":\"WebSite\",\"@id\":\"https:\/\/derechoyreligion-uc.urantiacos.cl\/en\/#website\",\"url\":\"https:\/\/derechoyreligion-uc.urantiacos.cl\/en\/\",\"name\":\"Centro UC Derecho y Religi\u00f3n\",\"description\":\"\",\"potentialAction\":[{\"@type\":\"SearchAction\",\"target\":{\"@type\":\"EntryPoint\",\"urlTemplate\":\"https:\/\/derechoyreligion-uc.urantiacos.cl\/en\/?s={search_term_string}\"},\"query-input\":{\"@type\":\"PropertyValueSpecification\",\"valueRequired\":true,\"valueName\":\"search_term_string\"}}],\"inLanguage\":\"en-US\"},{\"@type\":\"Person\",\"@id\":\"https:\/\/derechoyreligion-uc.urantiacos.cl\/en\/#\/schema\/person\/6cc7f593e2f49e3b770a06f63b58e3b1\",\"name\":\"manadmin\",\"sameAs\":[\"https:\/\/derechoyreligion-uc.urantiacos.cl\"]}]}<\/script>\n<!-- \/ Yoast SEO plugin. -->","yoast_head_json":{"title":"Primer Simposio Brasile\u00f1o de Libertad Religiosa - Centro UC Derecho y Religi\u00f3n","robots":{"index":"index","follow":"follow","max-snippet":"max-snippet:-1","max-image-preview":"max-image-preview:large","max-video-preview":"max-video-preview:-1"},"canonical":"https:\/\/derechoyreligion-uc.urantiacos.cl\/en\/primer-simposio-brasileno-de-libertad-religiosa\/","og_locale":"en_US","og_type":"article","og_title":"Primer Simposio Brasile\u00f1o de Libertad Religiosa - Centro UC Derecho y Religi\u00f3n","og_description":"Directora del Centro, Ana Mar\u00eda Celis, asiste al Primer Simposio Brasile\u00f1o de Libertad Religiosa","og_url":"https:\/\/derechoyreligion-uc.urantiacos.cl\/en\/primer-simposio-brasileno-de-libertad-religiosa\/","og_site_name":"Centro UC Derecho y Religi\u00f3n","article_published_time":"2022-04-25T04:00:00+00:00","og_image":[{"width":566,"height":198,"url":"https:\/\/derechoyreligion-uc.urantiacos.cl\/wp-content\/uploads\/2025\/10\/marzo_2022_Primer_Simposio_Brasileno_de_LR.jpg","type":"image\/jpeg"}],"author":"manadmin","twitter_card":"summary_large_image","twitter_misc":{"Written by":"manadmin","Est. reading time":"3 minutes"},"schema":{"@context":"https:\/\/schema.org","@graph":[{"@type":"Article","@id":"https:\/\/derechoyreligion-uc.urantiacos.cl\/en\/primer-simposio-brasileno-de-libertad-religiosa\/#article","isPartOf":{"@id":"https:\/\/derechoyreligion-uc.urantiacos.cl\/en\/primer-simposio-brasileno-de-libertad-religiosa\/"},"author":{"name":"manadmin","@id":"https:\/\/derechoyreligion-uc.urantiacos.cl\/en\/#\/schema\/person\/6cc7f593e2f49e3b770a06f63b58e3b1"},"headline":"Primer Simposio Brasile\u00f1o de Libertad Religiosa","datePublished":"2022-04-25T04:00:00+00:00","mainEntityOfPage":{"@id":"https:\/\/derechoyreligion-uc.urantiacos.cl\/en\/primer-simposio-brasileno-de-libertad-religiosa\/"},"wordCount":567,"image":{"@id":"https:\/\/derechoyreligion-uc.urantiacos.cl\/en\/primer-simposio-brasileno-de-libertad-religiosa\/#primaryimage"},"thumbnailUrl":"https:\/\/derechoyreligion-uc.urantiacos.cl\/wp-content\/uploads\/2025\/10\/marzo_2022_Primer_Simposio_Brasileno_de_LR.jpg","articleSection":["Noticias"],"inLanguage":"en-US"},{"@type":"WebPage","@id":"https:\/\/derechoyreligion-uc.urantiacos.cl\/en\/primer-simposio-brasileno-de-libertad-religiosa\/","url":"https:\/\/derechoyreligion-uc.urantiacos.cl\/en\/primer-simposio-brasileno-de-libertad-religiosa\/","name":"Primer Simposio Brasile\u00f1o de Libertad Religiosa - Centro UC Derecho y Religi\u00f3n","isPartOf":{"@id":"https:\/\/derechoyreligion-uc.urantiacos.cl\/en\/#website"},"primaryImageOfPage":{"@id":"https:\/\/derechoyreligion-uc.urantiacos.cl\/en\/primer-simposio-brasileno-de-libertad-religiosa\/#primaryimage"},"image":{"@id":"https:\/\/derechoyreligion-uc.urantiacos.cl\/en\/primer-simposio-brasileno-de-libertad-religiosa\/#primaryimage"},"thumbnailUrl":"https:\/\/derechoyreligion-uc.urantiacos.cl\/wp-content\/uploads\/2025\/10\/marzo_2022_Primer_Simposio_Brasileno_de_LR.jpg","datePublished":"2022-04-25T04:00:00+00:00","author":{"@id":"https:\/\/derechoyreligion-uc.urantiacos.cl\/en\/#\/schema\/person\/6cc7f593e2f49e3b770a06f63b58e3b1"},"breadcrumb":{"@id":"https:\/\/derechoyreligion-uc.urantiacos.cl\/en\/primer-simposio-brasileno-de-libertad-religiosa\/#breadcrumb"},"inLanguage":"en-US","potentialAction":[{"@type":"ReadAction","target":["https:\/\/derechoyreligion-uc.urantiacos.cl\/en\/primer-simposio-brasileno-de-libertad-religiosa\/"]}]},{"@type":"ImageObject","inLanguage":"en-US","@id":"https:\/\/derechoyreligion-uc.urantiacos.cl\/en\/primer-simposio-brasileno-de-libertad-religiosa\/#primaryimage","url":"https:\/\/derechoyreligion-uc.urantiacos.cl\/wp-content\/uploads\/2025\/10\/marzo_2022_Primer_Simposio_Brasileno_de_LR.jpg","contentUrl":"https:\/\/derechoyreligion-uc.urantiacos.cl\/wp-content\/uploads\/2025\/10\/marzo_2022_Primer_Simposio_Brasileno_de_LR.jpg","width":566,"height":198},{"@type":"BreadcrumbList","@id":"https:\/\/derechoyreligion-uc.urantiacos.cl\/en\/primer-simposio-brasileno-de-libertad-religiosa\/#breadcrumb","itemListElement":[{"@type":"ListItem","position":1,"name":"Portada","item":"https:\/\/derechoyreligion-uc.urantiacos.cl\/en\/"},{"@type":"ListItem","position":2,"name":"Primer Simposio Brasile\u00f1o de Libertad Religiosa"}]},{"@type":"WebSite","@id":"https:\/\/derechoyreligion-uc.urantiacos.cl\/en\/#website","url":"https:\/\/derechoyreligion-uc.urantiacos.cl\/en\/","name":"Centro UC Derecho y Religi\u00f3n","description":"","potentialAction":[{"@type":"SearchAction","target":{"@type":"EntryPoint","urlTemplate":"https:\/\/derechoyreligion-uc.urantiacos.cl\/en\/?s={search_term_string}"},"query-input":{"@type":"PropertyValueSpecification","valueRequired":true,"valueName":"search_term_string"}}],"inLanguage":"en-US"},{"@type":"Person","@id":"https:\/\/derechoyreligion-uc.urantiacos.cl\/en\/#\/schema\/person\/6cc7f593e2f49e3b770a06f63b58e3b1","name":"manadmin","sameAs":["https:\/\/derechoyreligion-uc.urantiacos.cl"]}]}},"_links":{"self":[{"href":"https:\/\/derechoyreligion-uc.urantiacos.cl\/en\/wp-json\/wp\/v2\/posts\/1370","targetHints":{"allow":["GET"]}}],"collection":[{"href":"https:\/\/derechoyreligion-uc.urantiacos.cl\/en\/wp-json\/wp\/v2\/posts"}],"about":[{"href":"https:\/\/derechoyreligion-uc.urantiacos.cl\/en\/wp-json\/wp\/v2\/types\/post"}],"author":[{"embeddable":true,"href":"https:\/\/derechoyreligion-uc.urantiacos.cl\/en\/wp-json\/wp\/v2\/users\/1"}],"replies":[{"embeddable":true,"href":"https:\/\/derechoyreligion-uc.urantiacos.cl\/en\/wp-json\/wp\/v2\/comments?post=1370"}],"version-history":[{"count":0,"href":"https:\/\/derechoyreligion-uc.urantiacos.cl\/en\/wp-json\/wp\/v2\/posts\/1370\/revisions"}],"wp:featuredmedia":[{"embeddable":true,"href":"https:\/\/derechoyreligion-uc.urantiacos.cl\/en\/wp-json\/wp\/v2\/media\/1517"}],"wp:attachment":[{"href":"https:\/\/derechoyreligion-uc.urantiacos.cl\/en\/wp-json\/wp\/v2\/media?parent=1370"}],"wp:term":[{"taxonomy":"category","embeddable":true,"href":"https:\/\/derechoyreligion-uc.urantiacos.cl\/en\/wp-json\/wp\/v2\/categories?post=1370"},{"taxonomy":"post_tag","embeddable":true,"href":"https:\/\/derechoyreligion-uc.urantiacos.cl\/en\/wp-json\/wp\/v2\/tags?post=1370"}],"curies":[{"name":"wp","href":"https:\/\/api.w.org\/{rel}","templated":true}]}}