
{"id":1366,"date":"2022-06-22T00:00:00","date_gmt":"2022-06-22T04:00:00","guid":{"rendered":"https:\/\/derechoyreligion-uc.urantiacos.cl\/atlas-de-las-minorias-religiosas-o-de-creencias-en-paises-de-la-ue\/"},"modified":"2022-06-22T00:00:00","modified_gmt":"2022-06-22T04:00:00","slug":"atlas-de-las-minorias-religiosas-o-de-creencias-en-paises-de-la-ue","status":"publish","type":"post","link":"https:\/\/derechoyreligion-uc.urantiacos.cl\/en\/atlas-de-las-minorias-religiosas-o-de-creencias-en-paises-de-la-ue\/","title":{"rendered":"Atlas de las minorias religiosas o de creencias en pa\u00edses de la UE"},"content":{"rendered":"<article>\n<span><br \/>\n<\/span><\/p>\n<p><img decoding=\"async\" alt=\"Logo Atlas 2\" src=\"https:\/\/derechoyreligion-uc.urantiacos.cl\/wp-content\/uploads\/imagenes\/Logo_Atlas_2.png\"\/><\/p>\n<p><strong><span>Atlas de las minor\u00edas religiosas o de creencias en pa\u00edses de la Uni\u00f3n Europea<\/span><\/strong><\/p>\n<p>\u00a0<\/p>\n<p>El Atlas es un proyecto que tiene como objetivo trazar un mapa y medir los derechos de las minor\u00edas religiosas o de creencias (RBMs) en los pa\u00edses de la UE. El mapeo permitir\u00e1 conocer los derechos que tienen las RBMs en cada pa\u00eds; la medici\u00f3n es esencial para desarrollar una pol\u00edtica basada en la evidencia.<br \/>Para ello, el Atlas utiliza tres \u00edndices que miden la promoci\u00f3n de los derechos de las RBMs (P- index), la igualdad de trato (E- index) y la distancia entre mayor\u00edas y minor\u00edas religiosas (G- Index).<\/p>\n<p>Los \u00edndices se elaboraron conforme a las respuestas dadas por juristas nacionales expertos, respecto de cuatro cuestionarios. Dichas respuestas, se han evaluado a trav\u00e9s de una metodolog\u00eda acorde con la normativa internacional relativa a los derechos de las RBMs.<br \/>El Atlas actualmente abarca 12 pa\u00edses de la UE, 13 RBMs y cuatro esferas pol\u00edticas (estatus legal de las RBMs, derecho matrimonial y de familia, asistencia espiritual y s\u00edmbolos religiosos\/de creencias).<\/p>\n<p>El Atlas est\u00e1 dise\u00f1ado para ofrecer una descripci\u00f3n comparativa de f\u00e1cil lectura sobre la situaci\u00f3n de las minor\u00edas religiosas o de creencias en los pa\u00edses de la UE, identificando y comparando los diferentes niveles de protecci\u00f3n y promoci\u00f3n de los derechos de las minor\u00edas concedidos por cada Estado y de los que goza cada RBM. El Atlas pretende contribuir a la gobernanza de la diversidad religiosa y de creencias en Europa, reduciendo las desigualdades injustificadas entre organizaciones religiosas o de creencias, garantizando la igualdad en el ejercicio de la libertad religiosa y de creencias y fomentando el desarrollo de una ciudadan\u00eda inclusiva.<\/p>\n<p>Se puede acceder al sitio web de Atlas en la siguiente direcci\u00f3n: <a href=\"https:\/\/atlasminorityrights.eu\/\" target=\"_blank\">http:\/\/atlasminorityrights.eu<\/a><\/p>\n<p>Para m\u00e1s informaci\u00f3n escribir a <span>Esta direcci\u00f3n de correo electr\u00f3nico est\u00e1 siendo protegida contra los robots de spam. Necesita tener JavaScript habilitado para poder verlo.<\/span><\/p>\n<\/article>\n","protected":false},"excerpt":{"rendered":"<p>Atlas de las minor\u00edas religiosas o de creencias en pa\u00edses de la Uni\u00f3n Europea<\/p>\n","protected":false},"author":1,"featured_media":1514,"comment_status":"","ping_status":"","sticky":false,"template":"","format":"standard","meta":{"_acf_changed":false,"footnotes":""},"categories":[1],"tags":[],"class_list":["post-1366","post","type-post","status-publish","format-standard","has-post-thumbnail","hentry","category-noticias"],"acf":[],"yoast_head":"<!-- This site is optimized with the Yoast SEO plugin v27.1.1 - https:\/\/yoast.com\/product\/yoast-seo-wordpress\/ -->\n<title>Atlas de las minorias religiosas o de creencias en pa\u00edses de la UE - Centro UC Derecho y Religi\u00f3n<\/title>\n<meta name=\"robots\" content=\"index, follow, max-snippet:-1, max-image-preview:large, max-video-preview:-1\" \/>\n<link rel=\"canonical\" href=\"https:\/\/derechoyreligion-uc.urantiacos.cl\/en\/atlas-de-las-minorias-religiosas-o-de-creencias-en-paises-de-la-ue\/\" \/>\n<meta property=\"og:locale\" content=\"en_US\" \/>\n<meta property=\"og:type\" content=\"article\" \/>\n<meta property=\"og:title\" content=\"Atlas de las minorias religiosas o de creencias en pa\u00edses de la UE - Centro UC Derecho y Religi\u00f3n\" \/>\n<meta property=\"og:description\" content=\"Atlas de las minor\u00edas religiosas o de creencias en pa\u00edses de la Uni\u00f3n Europea\" \/>\n<meta property=\"og:url\" content=\"https:\/\/derechoyreligion-uc.urantiacos.cl\/en\/atlas-de-las-minorias-religiosas-o-de-creencias-en-paises-de-la-ue\/\" \/>\n<meta property=\"og:site_name\" content=\"Centro UC Derecho y Religi\u00f3n\" \/>\n<meta property=\"article:published_time\" content=\"2022-06-22T04:00:00+00:00\" \/>\n<meta property=\"og:image\" content=\"https:\/\/derechoyreligion-uc.urantiacos.cl\/wp-content\/uploads\/2025\/10\/Logo_Atlas_2.png\" \/>\n\t<meta property=\"og:image:width\" content=\"319\" \/>\n\t<meta property=\"og:image:height\" content=\"120\" \/>\n\t<meta property=\"og:image:type\" content=\"image\/png\" \/>\n<meta name=\"author\" content=\"manadmin\" \/>\n<meta name=\"twitter:card\" content=\"summary_large_image\" \/>\n<meta name=\"twitter:label1\" content=\"Written by\" \/>\n\t<meta name=\"twitter:data1\" content=\"manadmin\" \/>\n\t<meta name=\"twitter:label2\" content=\"Est. reading time\" \/>\n\t<meta name=\"twitter:data2\" content=\"2 minutes\" \/>\n<script type=\"application\/ld+json\" class=\"yoast-schema-graph\">{\"@context\":\"https:\/\/schema.org\",\"@graph\":[{\"@type\":\"Article\",\"@id\":\"https:\/\/derechoyreligion-uc.urantiacos.cl\/en\/atlas-de-las-minorias-religiosas-o-de-creencias-en-paises-de-la-ue\/#article\",\"isPartOf\":{\"@id\":\"https:\/\/derechoyreligion-uc.urantiacos.cl\/en\/atlas-de-las-minorias-religiosas-o-de-creencias-en-paises-de-la-ue\/\"},\"author\":{\"name\":\"manadmin\",\"@id\":\"https:\/\/derechoyreligion-uc.urantiacos.cl\/en\/#\/schema\/person\/6cc7f593e2f49e3b770a06f63b58e3b1\"},\"headline\":\"Atlas de las minorias religiosas o de creencias en pa\u00edses de la UE\",\"datePublished\":\"2022-06-22T04:00:00+00:00\",\"mainEntityOfPage\":{\"@id\":\"https:\/\/derechoyreligion-uc.urantiacos.cl\/en\/atlas-de-las-minorias-religiosas-o-de-creencias-en-paises-de-la-ue\/\"},\"wordCount\":360,\"image\":{\"@id\":\"https:\/\/derechoyreligion-uc.urantiacos.cl\/en\/atlas-de-las-minorias-religiosas-o-de-creencias-en-paises-de-la-ue\/#primaryimage\"},\"thumbnailUrl\":\"https:\/\/derechoyreligion-uc.urantiacos.cl\/wp-content\/uploads\/2025\/10\/Logo_Atlas_2.png\",\"articleSection\":[\"Noticias\"],\"inLanguage\":\"en-US\"},{\"@type\":\"WebPage\",\"@id\":\"https:\/\/derechoyreligion-uc.urantiacos.cl\/en\/atlas-de-las-minorias-religiosas-o-de-creencias-en-paises-de-la-ue\/\",\"url\":\"https:\/\/derechoyreligion-uc.urantiacos.cl\/en\/atlas-de-las-minorias-religiosas-o-de-creencias-en-paises-de-la-ue\/\",\"name\":\"Atlas de las minorias religiosas o de creencias en pa\u00edses de la UE - Centro UC Derecho y Religi\u00f3n\",\"isPartOf\":{\"@id\":\"https:\/\/derechoyreligion-uc.urantiacos.cl\/en\/#website\"},\"primaryImageOfPage\":{\"@id\":\"https:\/\/derechoyreligion-uc.urantiacos.cl\/en\/atlas-de-las-minorias-religiosas-o-de-creencias-en-paises-de-la-ue\/#primaryimage\"},\"image\":{\"@id\":\"https:\/\/derechoyreligion-uc.urantiacos.cl\/en\/atlas-de-las-minorias-religiosas-o-de-creencias-en-paises-de-la-ue\/#primaryimage\"},\"thumbnailUrl\":\"https:\/\/derechoyreligion-uc.urantiacos.cl\/wp-content\/uploads\/2025\/10\/Logo_Atlas_2.png\",\"datePublished\":\"2022-06-22T04:00:00+00:00\",\"author\":{\"@id\":\"https:\/\/derechoyreligion-uc.urantiacos.cl\/en\/#\/schema\/person\/6cc7f593e2f49e3b770a06f63b58e3b1\"},\"breadcrumb\":{\"@id\":\"https:\/\/derechoyreligion-uc.urantiacos.cl\/en\/atlas-de-las-minorias-religiosas-o-de-creencias-en-paises-de-la-ue\/#breadcrumb\"},\"inLanguage\":\"en-US\",\"potentialAction\":[{\"@type\":\"ReadAction\",\"target\":[\"https:\/\/derechoyreligion-uc.urantiacos.cl\/en\/atlas-de-las-minorias-religiosas-o-de-creencias-en-paises-de-la-ue\/\"]}]},{\"@type\":\"ImageObject\",\"inLanguage\":\"en-US\",\"@id\":\"https:\/\/derechoyreligion-uc.urantiacos.cl\/en\/atlas-de-las-minorias-religiosas-o-de-creencias-en-paises-de-la-ue\/#primaryimage\",\"url\":\"https:\/\/derechoyreligion-uc.urantiacos.cl\/wp-content\/uploads\/2025\/10\/Logo_Atlas_2.png\",\"contentUrl\":\"https:\/\/derechoyreligion-uc.urantiacos.cl\/wp-content\/uploads\/2025\/10\/Logo_Atlas_2.png\",\"width\":319,\"height\":120},{\"@type\":\"BreadcrumbList\",\"@id\":\"https:\/\/derechoyreligion-uc.urantiacos.cl\/en\/atlas-de-las-minorias-religiosas-o-de-creencias-en-paises-de-la-ue\/#breadcrumb\",\"itemListElement\":[{\"@type\":\"ListItem\",\"position\":1,\"name\":\"Portada\",\"item\":\"https:\/\/derechoyreligion-uc.urantiacos.cl\/en\/\"},{\"@type\":\"ListItem\",\"position\":2,\"name\":\"Atlas de las minorias religiosas o de creencias en pa\u00edses de la UE\"}]},{\"@type\":\"WebSite\",\"@id\":\"https:\/\/derechoyreligion-uc.urantiacos.cl\/en\/#website\",\"url\":\"https:\/\/derechoyreligion-uc.urantiacos.cl\/en\/\",\"name\":\"Centro UC Derecho y Religi\u00f3n\",\"description\":\"\",\"potentialAction\":[{\"@type\":\"SearchAction\",\"target\":{\"@type\":\"EntryPoint\",\"urlTemplate\":\"https:\/\/derechoyreligion-uc.urantiacos.cl\/en\/?s={search_term_string}\"},\"query-input\":{\"@type\":\"PropertyValueSpecification\",\"valueRequired\":true,\"valueName\":\"search_term_string\"}}],\"inLanguage\":\"en-US\"},{\"@type\":\"Person\",\"@id\":\"https:\/\/derechoyreligion-uc.urantiacos.cl\/en\/#\/schema\/person\/6cc7f593e2f49e3b770a06f63b58e3b1\",\"name\":\"manadmin\",\"sameAs\":[\"https:\/\/derechoyreligion-uc.urantiacos.cl\"]}]}<\/script>\n<!-- \/ Yoast SEO plugin. -->","yoast_head_json":{"title":"Atlas de las minorias religiosas o de creencias en pa\u00edses de la UE - Centro UC Derecho y Religi\u00f3n","robots":{"index":"index","follow":"follow","max-snippet":"max-snippet:-1","max-image-preview":"max-image-preview:large","max-video-preview":"max-video-preview:-1"},"canonical":"https:\/\/derechoyreligion-uc.urantiacos.cl\/en\/atlas-de-las-minorias-religiosas-o-de-creencias-en-paises-de-la-ue\/","og_locale":"en_US","og_type":"article","og_title":"Atlas de las minorias religiosas o de creencias en pa\u00edses de la UE - Centro UC Derecho y Religi\u00f3n","og_description":"Atlas de las minor\u00edas religiosas o de creencias en pa\u00edses de la Uni\u00f3n Europea","og_url":"https:\/\/derechoyreligion-uc.urantiacos.cl\/en\/atlas-de-las-minorias-religiosas-o-de-creencias-en-paises-de-la-ue\/","og_site_name":"Centro UC Derecho y Religi\u00f3n","article_published_time":"2022-06-22T04:00:00+00:00","og_image":[{"width":319,"height":120,"url":"https:\/\/derechoyreligion-uc.urantiacos.cl\/wp-content\/uploads\/2025\/10\/Logo_Atlas_2.png","type":"image\/png"}],"author":"manadmin","twitter_card":"summary_large_image","twitter_misc":{"Written by":"manadmin","Est. reading time":"2 minutes"},"schema":{"@context":"https:\/\/schema.org","@graph":[{"@type":"Article","@id":"https:\/\/derechoyreligion-uc.urantiacos.cl\/en\/atlas-de-las-minorias-religiosas-o-de-creencias-en-paises-de-la-ue\/#article","isPartOf":{"@id":"https:\/\/derechoyreligion-uc.urantiacos.cl\/en\/atlas-de-las-minorias-religiosas-o-de-creencias-en-paises-de-la-ue\/"},"author":{"name":"manadmin","@id":"https:\/\/derechoyreligion-uc.urantiacos.cl\/en\/#\/schema\/person\/6cc7f593e2f49e3b770a06f63b58e3b1"},"headline":"Atlas de las minorias religiosas o de creencias en pa\u00edses de la UE","datePublished":"2022-06-22T04:00:00+00:00","mainEntityOfPage":{"@id":"https:\/\/derechoyreligion-uc.urantiacos.cl\/en\/atlas-de-las-minorias-religiosas-o-de-creencias-en-paises-de-la-ue\/"},"wordCount":360,"image":{"@id":"https:\/\/derechoyreligion-uc.urantiacos.cl\/en\/atlas-de-las-minorias-religiosas-o-de-creencias-en-paises-de-la-ue\/#primaryimage"},"thumbnailUrl":"https:\/\/derechoyreligion-uc.urantiacos.cl\/wp-content\/uploads\/2025\/10\/Logo_Atlas_2.png","articleSection":["Noticias"],"inLanguage":"en-US"},{"@type":"WebPage","@id":"https:\/\/derechoyreligion-uc.urantiacos.cl\/en\/atlas-de-las-minorias-religiosas-o-de-creencias-en-paises-de-la-ue\/","url":"https:\/\/derechoyreligion-uc.urantiacos.cl\/en\/atlas-de-las-minorias-religiosas-o-de-creencias-en-paises-de-la-ue\/","name":"Atlas de las minorias religiosas o de creencias en pa\u00edses de la UE - Centro UC Derecho y Religi\u00f3n","isPartOf":{"@id":"https:\/\/derechoyreligion-uc.urantiacos.cl\/en\/#website"},"primaryImageOfPage":{"@id":"https:\/\/derechoyreligion-uc.urantiacos.cl\/en\/atlas-de-las-minorias-religiosas-o-de-creencias-en-paises-de-la-ue\/#primaryimage"},"image":{"@id":"https:\/\/derechoyreligion-uc.urantiacos.cl\/en\/atlas-de-las-minorias-religiosas-o-de-creencias-en-paises-de-la-ue\/#primaryimage"},"thumbnailUrl":"https:\/\/derechoyreligion-uc.urantiacos.cl\/wp-content\/uploads\/2025\/10\/Logo_Atlas_2.png","datePublished":"2022-06-22T04:00:00+00:00","author":{"@id":"https:\/\/derechoyreligion-uc.urantiacos.cl\/en\/#\/schema\/person\/6cc7f593e2f49e3b770a06f63b58e3b1"},"breadcrumb":{"@id":"https:\/\/derechoyreligion-uc.urantiacos.cl\/en\/atlas-de-las-minorias-religiosas-o-de-creencias-en-paises-de-la-ue\/#breadcrumb"},"inLanguage":"en-US","potentialAction":[{"@type":"ReadAction","target":["https:\/\/derechoyreligion-uc.urantiacos.cl\/en\/atlas-de-las-minorias-religiosas-o-de-creencias-en-paises-de-la-ue\/"]}]},{"@type":"ImageObject","inLanguage":"en-US","@id":"https:\/\/derechoyreligion-uc.urantiacos.cl\/en\/atlas-de-las-minorias-religiosas-o-de-creencias-en-paises-de-la-ue\/#primaryimage","url":"https:\/\/derechoyreligion-uc.urantiacos.cl\/wp-content\/uploads\/2025\/10\/Logo_Atlas_2.png","contentUrl":"https:\/\/derechoyreligion-uc.urantiacos.cl\/wp-content\/uploads\/2025\/10\/Logo_Atlas_2.png","width":319,"height":120},{"@type":"BreadcrumbList","@id":"https:\/\/derechoyreligion-uc.urantiacos.cl\/en\/atlas-de-las-minorias-religiosas-o-de-creencias-en-paises-de-la-ue\/#breadcrumb","itemListElement":[{"@type":"ListItem","position":1,"name":"Portada","item":"https:\/\/derechoyreligion-uc.urantiacos.cl\/en\/"},{"@type":"ListItem","position":2,"name":"Atlas de las minorias religiosas o de creencias en pa\u00edses de la UE"}]},{"@type":"WebSite","@id":"https:\/\/derechoyreligion-uc.urantiacos.cl\/en\/#website","url":"https:\/\/derechoyreligion-uc.urantiacos.cl\/en\/","name":"Centro UC Derecho y Religi\u00f3n","description":"","potentialAction":[{"@type":"SearchAction","target":{"@type":"EntryPoint","urlTemplate":"https:\/\/derechoyreligion-uc.urantiacos.cl\/en\/?s={search_term_string}"},"query-input":{"@type":"PropertyValueSpecification","valueRequired":true,"valueName":"search_term_string"}}],"inLanguage":"en-US"},{"@type":"Person","@id":"https:\/\/derechoyreligion-uc.urantiacos.cl\/en\/#\/schema\/person\/6cc7f593e2f49e3b770a06f63b58e3b1","name":"manadmin","sameAs":["https:\/\/derechoyreligion-uc.urantiacos.cl"]}]}},"_links":{"self":[{"href":"https:\/\/derechoyreligion-uc.urantiacos.cl\/en\/wp-json\/wp\/v2\/posts\/1366","targetHints":{"allow":["GET"]}}],"collection":[{"href":"https:\/\/derechoyreligion-uc.urantiacos.cl\/en\/wp-json\/wp\/v2\/posts"}],"about":[{"href":"https:\/\/derechoyreligion-uc.urantiacos.cl\/en\/wp-json\/wp\/v2\/types\/post"}],"author":[{"embeddable":true,"href":"https:\/\/derechoyreligion-uc.urantiacos.cl\/en\/wp-json\/wp\/v2\/users\/1"}],"replies":[{"embeddable":true,"href":"https:\/\/derechoyreligion-uc.urantiacos.cl\/en\/wp-json\/wp\/v2\/comments?post=1366"}],"version-history":[{"count":0,"href":"https:\/\/derechoyreligion-uc.urantiacos.cl\/en\/wp-json\/wp\/v2\/posts\/1366\/revisions"}],"wp:featuredmedia":[{"embeddable":true,"href":"https:\/\/derechoyreligion-uc.urantiacos.cl\/en\/wp-json\/wp\/v2\/media\/1514"}],"wp:attachment":[{"href":"https:\/\/derechoyreligion-uc.urantiacos.cl\/en\/wp-json\/wp\/v2\/media?parent=1366"}],"wp:term":[{"taxonomy":"category","embeddable":true,"href":"https:\/\/derechoyreligion-uc.urantiacos.cl\/en\/wp-json\/wp\/v2\/categories?post=1366"},{"taxonomy":"post_tag","embeddable":true,"href":"https:\/\/derechoyreligion-uc.urantiacos.cl\/en\/wp-json\/wp\/v2\/tags?post=1366"}],"curies":[{"name":"wp","href":"https:\/\/api.w.org\/{rel}","templated":true}]}}