
{"id":1365,"date":"2022-07-05T00:00:00","date_gmt":"2022-07-05T04:00:00","guid":{"rendered":"https:\/\/derechoyreligion-uc.urantiacos.cl\/call-for-papers-recepcion-trabajos-hasta-10-de-octubre-de-2022\/"},"modified":"2022-07-05T00:00:00","modified_gmt":"2022-07-05T04:00:00","slug":"call-for-papers-recepcion-trabajos-hasta-10-de-octubre-de-2022","status":"publish","type":"post","link":"https:\/\/derechoyreligion-uc.urantiacos.cl\/en\/call-for-papers-recepcion-trabajos-hasta-10-de-octubre-de-2022\/","title":{"rendered":"Call for Papers: recepci\u00f3n trabajos hasta 10 de octubre de 2022"},"content":{"rendered":"<article>\n<span><br \/>\n<\/span><\/p>\n<p>\u00a0<\/p>\n<p>\u00a0<\/p>\n<p>\u00a0<\/p>\n<p>\u00a0<\/p>\n<p><img decoding=\"async\" alt=\"Copia 2 de CDR azul RLDR\" src=\"https:\/\/derechoyreligion-uc.urantiacos.cl\/wp-content\/uploads\/imagenes\/Copia_2_de_CDR_azul_RLDR.png\"\/><\/p>\n<p><span><strong>Convocatoria de Trabajos \/ Call For Papers<\/strong><\/span><\/p>\n<p>Vol. [8]. N\u00fam. 2 (2022)<\/p>\n<p>\u00a0<\/p>\n<p>LA REVISTA LATINOAMERICANA DE DERECHO Y RELIGI\u00d3N INVITA A PRESENTAR ART\u00cdCULOS PARA SU DECIMOQUINTO N\u00daMERO, A PUBLICARSE EN DICIEMBRE DEL A\u00d1O 2022.<\/p>\n<p>\u00a0<\/p>\n<p>La Revista Latinoamericana de Derecho y Religi\u00f3n tiene un formato digital, de acceso libre y gratuito.<br \/>Sus contenidos se concentran en la realidad Latinoamericana del derecho y la religi\u00f3n, a fin de promover los estudios, an\u00e1lisis e intercambio que se desarrollan actualmente a nivel regional y nacional.<br \/>Las materias abordadas son los t\u00f3picos tradicionales del Derecho Eclesi\u00e1stico del Estado; la libertad religiosa y las relaciones Iglesia \u2013 Estado; las relaciones entre el derecho y la religi\u00f3n; el derecho de las religiones y su interacci\u00f3n con el Estado as\u00ed como las leyes o decisiones estatales que inciden en lo religioso.<br \/>Se reciben contribuciones en castellano, ingl\u00e9s y portugu\u00e9s, sin perjuicio que eventualmente se autoricen trabajos en otros idiomas por parte del Consejo de Redacci\u00f3n<\/p>\n<p>Las secciones de la revista:<\/p>\n<p>ESTUDIOS MONOGR\u00c1FICOS: de an\u00e1lisis sobre un tema que acordar\u00e1 el Comit\u00e9 Editorial. Se trata de una secci\u00f3n arbitrada.<br \/>ESTUDIOS GENERALES: Secci\u00f3n abierta para recibir contribuciones que se someten a arbitraje ciego sobre los diversos temas de inter\u00e9s para la Revista.<br \/>LEGISLACI\u00d3N: Secci\u00f3n elaborada por el equipo de la Revista relativa a la actualidad jur\u00eddica latinoamericana, considerando normas publicadas y proyectos de ley relevantes.<br \/>JURISPRUDENCIA: Secci\u00f3n arbitrada que versar\u00e1 sobre comentarios de jurisprudencia a nivel latinoamericano o de pa\u00edses de la regi\u00f3n.<br \/>RECENSIONES: Secci\u00f3n arbitrada que tratar\u00e1 sobre los comentarios de libros recientemente publicados sobre las materias de inter\u00e9s de la Revista, independientemente de su \u00e1rea geogr\u00e1fica.<\/p>\n<p><strong>DETALLES DE LA CONVOCATORIA<\/strong><\/p>\n<p>La presente convocatoria, est\u00e1 dirigida a la presentaci\u00f3n de art\u00edculos para las secciones &#8220;Temas Monogr\u00e1ficos&#8221;, &#8220;Estudios Generales&#8221;, &#8220;Jurisprudencia&#8221; y &#8220;Recensiones&#8221;.<br \/><strong>El Tema Monogr\u00e1fico del 15\u00b0 n\u00famero, se denomina &#8220;Protecci\u00f3n o tutela jurisdiccional de la libertad religiosa en la legislaci\u00f3n interna de los pa\u00edses de Am\u00e9rica Latina&#8221;<\/strong><br \/>Las formas protecci\u00f3n o mecanismos de tutela jurisdiccional de la libertad religiosa a nivel dom\u00e9stico en cada uno de los pa\u00edses de la regi\u00f3n han suscitado m\u00faltiples interrogantes. Entre otros, se debe a la sentencia Pavez Pavez v. Chile dictada por la Corte Interamericana de Derechos Humanos; la sostenida desistitucionalizaci\u00f3n religiosa en Am\u00e9rica Latina que lleva a una desprotecci\u00f3n por parte de los poderes del estado; casos en M\u00e9xico referidos a libertad de expresi\u00f3n por parte de l\u00edderes religiosos; y por supuesto, la imposici\u00f3n de l\u00edmites por parte de las autoridades administrativas producto de la pandemia sobre algunas actividades esenciales de las comunidades religiosas.<br \/>Es en esta l\u00ednea, que surge la necesidad de analizar los mecanismos constitucionales, legales y administrativos al interior de cada uno de los ordenamientos jur\u00eddicos nacionales de la regi\u00f3n, la forma en que integran la normativa internacional, si corresponde, as\u00ed como la eficacia en los tiempos de respuesta frente a distintas vulneraciones a la libertad religiosa.<br \/>A continuaci\u00f3n, sugerimos algunas interrogantes, que permiten abordar y desarrollar los aspectos m\u00e1s fundamentales del tema monogr\u00e1fico del 15 n\u00famero de la Revista Latinoamericana de Derecho y Religi\u00f3n:<\/p>\n<p>1. \u00bfCu\u00e1les son los principales mecanismos de tutela o protecci\u00f3n jurisdiccional aplicados frente a vulneraciones a la libertad religiosa?<br \/>2. \u00bfQu\u00e9 est\u00e1ndares constitucionales existen respecto del ejercicio de la religi\u00f3n en \u00e1mbitos estatales y privados, y c\u00f3mo han fallado los tribunales de justicia o cortes constitucionales en su aplicaci\u00f3n en concreto?<br \/>3. \u00bfHa existido en las decisiones judiciales una ponderaci\u00f3n jurisdiccional adecuada de la religi\u00f3n como <em>prohibited ground<\/em> o categor\u00eda sospechosa con relaci\u00f3n a otras diferencias prohibidas (sexo, raza, edad, etc)?<br \/>4. \u00bfSon resueltas oportunamente las controversias judiciales relativas a la vulneraci\u00f3n de la libertad religiosa?<\/p>\n<p>REQUISITOS Y CONSIDERACIONES PARA LA PUBLICACI\u00d3N:<\/p>\n<p>\u2022 Las presentaciones se someter\u00e1n a la evaluaci\u00f3n de los editores, los que al cumplir con los est\u00e1ndares de la revista, ser\u00e1n posteriormente evaluados por dos \u00e1rbitros bajo el sistema doble ciego, y por un tercero en caso de haber discrepancia entre los evaluadores.<br \/>\u2022 La Revista tiene como foco de estudio la realidad latinoamericana, de manera que los trabajos que se reciban, deben basar su an\u00e1lisis y desarrollo en dicha regi\u00f3n. Los estudios contextualizados en otras regiones, constituyen un aporte valioso, en la medida que abarquen o se vinculen con Am\u00e9rica Latina. El cumplimiento de este requisito ser\u00e1 sometido a la evaluaci\u00f3n de los \u00e1rbitros.<br \/>\u2022 Es requisito que los art\u00edculos sean in\u00e9ditos, mientras que la disciplina cient\u00edfica y el inter\u00e9s de la comunidad acad\u00e9mica ser\u00e1n aspectos determinantes para la selecci\u00f3n de los mismos.<br \/>\u2022 El art\u00edculo deber\u00e1 contener un Resumen, que adem\u00e1s contenga &#8220;Palabras clave&#8221;, y su respectiva traducci\u00f3n al ingl\u00e9s, bajo el formato de &#8220;Abstract&#8221; y &#8220;Keywords&#8221;.<br \/>\u2022 Para los trabajos de la secci\u00f3n de Estudios Monogr\u00e1ficos, se espera que los trabajos no tengan una extensi\u00f3n inferior a las 12 p\u00e1ginas tama\u00f1o carta ni superior a 50. Para la secci\u00f3n de Jurisprudencia, se sugiere una extensi\u00f3n entre 10 y 20 p\u00e1ginas.<br \/>\u2022 El formato de publicaci\u00f3n de la revista, consiste en letra &#8220;Calibri light&#8221; n\u00famero 12, interlineado 1,5, y t\u00edtulos enumerados.<br \/>\u2022 El art\u00edculo debe contar con la identificaci\u00f3n del autor, que incluya nota al pie detallando su filiaci\u00f3n, Instituci\u00f3n de trabajo, y \u00e1rea de experticia. Asimismo, cualquier antecedente que d\u00e9 cuenta de un conflicto de intereses.<br \/>\u2022 Las citas deben cumplir con la versi\u00f3n actualizada del estilo ISO 690, que se encuentra disponible en la mayor\u00eda de los programas de gesti\u00f3n bibliogr\u00e1fica (tales como Endnote, Mendeley, RefWorks o Zotero).<\/p>\n<p><strong>La fecha de cierre del per\u00edodo de recepci\u00f3n de art\u00edculos, corresponde al d\u00eda 10 de octubre de 2022.<\/strong><br \/>Los art\u00edculos pueden ser enviados a la plataforma de la Revista, en su sitio web: http:\/\/www.revistalatderechoyreligion.com o bien al siguiente correo: <span>Esta direcci\u00f3n de correo electr\u00f3nico est\u00e1 siendo protegida contra los robots de spam. Necesita tener JavaScript habilitado para poder verlo.<\/span> A trav\u00e9s de este correo tambi\u00e9n se podr\u00e1n resolver dudas o pedir ayuda para algunos aspectos formales de los art\u00edculos.<\/p>\n<\/article>\n","protected":false},"excerpt":{"rendered":"<p>Convocatoria de Trabajos \/ Call For Papers<\/p>\n","protected":false},"author":1,"featured_media":1513,"comment_status":"","ping_status":"","sticky":false,"template":"","format":"standard","meta":{"_acf_changed":false,"footnotes":""},"categories":[1],"tags":[],"class_list":["post-1365","post","type-post","status-publish","format-standard","has-post-thumbnail","hentry","category-noticias"],"acf":[],"yoast_head":"<!-- This site is optimized with the Yoast SEO plugin v27.1.1 - https:\/\/yoast.com\/product\/yoast-seo-wordpress\/ -->\n<title>Call for Papers: recepci\u00f3n trabajos hasta 10 de octubre de 2022 - Centro UC Derecho y Religi\u00f3n<\/title>\n<meta name=\"robots\" content=\"index, follow, max-snippet:-1, max-image-preview:large, max-video-preview:-1\" \/>\n<link rel=\"canonical\" href=\"https:\/\/derechoyreligion-uc.urantiacos.cl\/en\/call-for-papers-recepcion-trabajos-hasta-10-de-octubre-de-2022\/\" \/>\n<meta property=\"og:locale\" content=\"en_US\" \/>\n<meta property=\"og:type\" content=\"article\" \/>\n<meta property=\"og:title\" content=\"Call for Papers: recepci\u00f3n trabajos hasta 10 de octubre de 2022 - Centro UC Derecho y Religi\u00f3n\" \/>\n<meta property=\"og:description\" content=\"Convocatoria de Trabajos \/ Call For Papers\" \/>\n<meta property=\"og:url\" content=\"https:\/\/derechoyreligion-uc.urantiacos.cl\/en\/call-for-papers-recepcion-trabajos-hasta-10-de-octubre-de-2022\/\" \/>\n<meta property=\"og:site_name\" content=\"Centro UC Derecho y Religi\u00f3n\" \/>\n<meta property=\"article:published_time\" content=\"2022-07-05T04:00:00+00:00\" \/>\n<meta property=\"og:image\" content=\"https:\/\/derechoyreligion-uc.urantiacos.cl\/wp-content\/uploads\/2025\/10\/Copia_2_de_CDR_azul_RLDR.png\" \/>\n\t<meta property=\"og:image:width\" content=\"252\" \/>\n\t<meta property=\"og:image:height\" content=\"75\" \/>\n\t<meta property=\"og:image:type\" content=\"image\/png\" \/>\n<meta name=\"author\" content=\"manadmin\" \/>\n<meta name=\"twitter:card\" content=\"summary_large_image\" \/>\n<meta name=\"twitter:label1\" content=\"Written by\" \/>\n\t<meta name=\"twitter:data1\" content=\"manadmin\" \/>\n\t<meta name=\"twitter:label2\" content=\"Est. reading time\" \/>\n\t<meta name=\"twitter:data2\" content=\"5 minutes\" \/>\n<script type=\"application\/ld+json\" class=\"yoast-schema-graph\">{\"@context\":\"https:\/\/schema.org\",\"@graph\":[{\"@type\":\"Article\",\"@id\":\"https:\/\/derechoyreligion-uc.urantiacos.cl\/en\/call-for-papers-recepcion-trabajos-hasta-10-de-octubre-de-2022\/#article\",\"isPartOf\":{\"@id\":\"https:\/\/derechoyreligion-uc.urantiacos.cl\/en\/call-for-papers-recepcion-trabajos-hasta-10-de-octubre-de-2022\/\"},\"author\":{\"name\":\"manadmin\",\"@id\":\"https:\/\/derechoyreligion-uc.urantiacos.cl\/en\/#\/schema\/person\/6cc7f593e2f49e3b770a06f63b58e3b1\"},\"headline\":\"Call for Papers: recepci\u00f3n trabajos hasta 10 de octubre de 2022\",\"datePublished\":\"2022-07-05T04:00:00+00:00\",\"mainEntityOfPage\":{\"@id\":\"https:\/\/derechoyreligion-uc.urantiacos.cl\/en\/call-for-papers-recepcion-trabajos-hasta-10-de-octubre-de-2022\/\"},\"wordCount\":1084,\"image\":{\"@id\":\"https:\/\/derechoyreligion-uc.urantiacos.cl\/en\/call-for-papers-recepcion-trabajos-hasta-10-de-octubre-de-2022\/#primaryimage\"},\"thumbnailUrl\":\"https:\/\/derechoyreligion-uc.urantiacos.cl\/wp-content\/uploads\/2025\/10\/Copia_2_de_CDR_azul_RLDR.png\",\"articleSection\":[\"Noticias\"],\"inLanguage\":\"en-US\"},{\"@type\":\"WebPage\",\"@id\":\"https:\/\/derechoyreligion-uc.urantiacos.cl\/en\/call-for-papers-recepcion-trabajos-hasta-10-de-octubre-de-2022\/\",\"url\":\"https:\/\/derechoyreligion-uc.urantiacos.cl\/en\/call-for-papers-recepcion-trabajos-hasta-10-de-octubre-de-2022\/\",\"name\":\"Call for Papers: recepci\u00f3n trabajos hasta 10 de octubre de 2022 - Centro UC Derecho y Religi\u00f3n\",\"isPartOf\":{\"@id\":\"https:\/\/derechoyreligion-uc.urantiacos.cl\/en\/#website\"},\"primaryImageOfPage\":{\"@id\":\"https:\/\/derechoyreligion-uc.urantiacos.cl\/en\/call-for-papers-recepcion-trabajos-hasta-10-de-octubre-de-2022\/#primaryimage\"},\"image\":{\"@id\":\"https:\/\/derechoyreligion-uc.urantiacos.cl\/en\/call-for-papers-recepcion-trabajos-hasta-10-de-octubre-de-2022\/#primaryimage\"},\"thumbnailUrl\":\"https:\/\/derechoyreligion-uc.urantiacos.cl\/wp-content\/uploads\/2025\/10\/Copia_2_de_CDR_azul_RLDR.png\",\"datePublished\":\"2022-07-05T04:00:00+00:00\",\"author\":{\"@id\":\"https:\/\/derechoyreligion-uc.urantiacos.cl\/en\/#\/schema\/person\/6cc7f593e2f49e3b770a06f63b58e3b1\"},\"breadcrumb\":{\"@id\":\"https:\/\/derechoyreligion-uc.urantiacos.cl\/en\/call-for-papers-recepcion-trabajos-hasta-10-de-octubre-de-2022\/#breadcrumb\"},\"inLanguage\":\"en-US\",\"potentialAction\":[{\"@type\":\"ReadAction\",\"target\":[\"https:\/\/derechoyreligion-uc.urantiacos.cl\/en\/call-for-papers-recepcion-trabajos-hasta-10-de-octubre-de-2022\/\"]}]},{\"@type\":\"ImageObject\",\"inLanguage\":\"en-US\",\"@id\":\"https:\/\/derechoyreligion-uc.urantiacos.cl\/en\/call-for-papers-recepcion-trabajos-hasta-10-de-octubre-de-2022\/#primaryimage\",\"url\":\"https:\/\/derechoyreligion-uc.urantiacos.cl\/wp-content\/uploads\/2025\/10\/Copia_2_de_CDR_azul_RLDR.png\",\"contentUrl\":\"https:\/\/derechoyreligion-uc.urantiacos.cl\/wp-content\/uploads\/2025\/10\/Copia_2_de_CDR_azul_RLDR.png\",\"width\":252,\"height\":75},{\"@type\":\"BreadcrumbList\",\"@id\":\"https:\/\/derechoyreligion-uc.urantiacos.cl\/en\/call-for-papers-recepcion-trabajos-hasta-10-de-octubre-de-2022\/#breadcrumb\",\"itemListElement\":[{\"@type\":\"ListItem\",\"position\":1,\"name\":\"Portada\",\"item\":\"https:\/\/derechoyreligion-uc.urantiacos.cl\/en\/\"},{\"@type\":\"ListItem\",\"position\":2,\"name\":\"Call for Papers: recepci\u00f3n trabajos hasta 10 de octubre de 2022\"}]},{\"@type\":\"WebSite\",\"@id\":\"https:\/\/derechoyreligion-uc.urantiacos.cl\/en\/#website\",\"url\":\"https:\/\/derechoyreligion-uc.urantiacos.cl\/en\/\",\"name\":\"Centro UC Derecho y Religi\u00f3n\",\"description\":\"\",\"potentialAction\":[{\"@type\":\"SearchAction\",\"target\":{\"@type\":\"EntryPoint\",\"urlTemplate\":\"https:\/\/derechoyreligion-uc.urantiacos.cl\/en\/?s={search_term_string}\"},\"query-input\":{\"@type\":\"PropertyValueSpecification\",\"valueRequired\":true,\"valueName\":\"search_term_string\"}}],\"inLanguage\":\"en-US\"},{\"@type\":\"Person\",\"@id\":\"https:\/\/derechoyreligion-uc.urantiacos.cl\/en\/#\/schema\/person\/6cc7f593e2f49e3b770a06f63b58e3b1\",\"name\":\"manadmin\",\"sameAs\":[\"https:\/\/derechoyreligion-uc.urantiacos.cl\"]}]}<\/script>\n<!-- \/ Yoast SEO plugin. -->","yoast_head_json":{"title":"Call for Papers: recepci\u00f3n trabajos hasta 10 de octubre de 2022 - Centro UC Derecho y Religi\u00f3n","robots":{"index":"index","follow":"follow","max-snippet":"max-snippet:-1","max-image-preview":"max-image-preview:large","max-video-preview":"max-video-preview:-1"},"canonical":"https:\/\/derechoyreligion-uc.urantiacos.cl\/en\/call-for-papers-recepcion-trabajos-hasta-10-de-octubre-de-2022\/","og_locale":"en_US","og_type":"article","og_title":"Call for Papers: recepci\u00f3n trabajos hasta 10 de octubre de 2022 - Centro UC Derecho y Religi\u00f3n","og_description":"Convocatoria de Trabajos \/ Call For Papers","og_url":"https:\/\/derechoyreligion-uc.urantiacos.cl\/en\/call-for-papers-recepcion-trabajos-hasta-10-de-octubre-de-2022\/","og_site_name":"Centro UC Derecho y Religi\u00f3n","article_published_time":"2022-07-05T04:00:00+00:00","og_image":[{"width":252,"height":75,"url":"https:\/\/derechoyreligion-uc.urantiacos.cl\/wp-content\/uploads\/2025\/10\/Copia_2_de_CDR_azul_RLDR.png","type":"image\/png"}],"author":"manadmin","twitter_card":"summary_large_image","twitter_misc":{"Written by":"manadmin","Est. reading time":"5 minutes"},"schema":{"@context":"https:\/\/schema.org","@graph":[{"@type":"Article","@id":"https:\/\/derechoyreligion-uc.urantiacos.cl\/en\/call-for-papers-recepcion-trabajos-hasta-10-de-octubre-de-2022\/#article","isPartOf":{"@id":"https:\/\/derechoyreligion-uc.urantiacos.cl\/en\/call-for-papers-recepcion-trabajos-hasta-10-de-octubre-de-2022\/"},"author":{"name":"manadmin","@id":"https:\/\/derechoyreligion-uc.urantiacos.cl\/en\/#\/schema\/person\/6cc7f593e2f49e3b770a06f63b58e3b1"},"headline":"Call for Papers: recepci\u00f3n trabajos hasta 10 de octubre de 2022","datePublished":"2022-07-05T04:00:00+00:00","mainEntityOfPage":{"@id":"https:\/\/derechoyreligion-uc.urantiacos.cl\/en\/call-for-papers-recepcion-trabajos-hasta-10-de-octubre-de-2022\/"},"wordCount":1084,"image":{"@id":"https:\/\/derechoyreligion-uc.urantiacos.cl\/en\/call-for-papers-recepcion-trabajos-hasta-10-de-octubre-de-2022\/#primaryimage"},"thumbnailUrl":"https:\/\/derechoyreligion-uc.urantiacos.cl\/wp-content\/uploads\/2025\/10\/Copia_2_de_CDR_azul_RLDR.png","articleSection":["Noticias"],"inLanguage":"en-US"},{"@type":"WebPage","@id":"https:\/\/derechoyreligion-uc.urantiacos.cl\/en\/call-for-papers-recepcion-trabajos-hasta-10-de-octubre-de-2022\/","url":"https:\/\/derechoyreligion-uc.urantiacos.cl\/en\/call-for-papers-recepcion-trabajos-hasta-10-de-octubre-de-2022\/","name":"Call for Papers: recepci\u00f3n trabajos hasta 10 de octubre de 2022 - Centro UC Derecho y Religi\u00f3n","isPartOf":{"@id":"https:\/\/derechoyreligion-uc.urantiacos.cl\/en\/#website"},"primaryImageOfPage":{"@id":"https:\/\/derechoyreligion-uc.urantiacos.cl\/en\/call-for-papers-recepcion-trabajos-hasta-10-de-octubre-de-2022\/#primaryimage"},"image":{"@id":"https:\/\/derechoyreligion-uc.urantiacos.cl\/en\/call-for-papers-recepcion-trabajos-hasta-10-de-octubre-de-2022\/#primaryimage"},"thumbnailUrl":"https:\/\/derechoyreligion-uc.urantiacos.cl\/wp-content\/uploads\/2025\/10\/Copia_2_de_CDR_azul_RLDR.png","datePublished":"2022-07-05T04:00:00+00:00","author":{"@id":"https:\/\/derechoyreligion-uc.urantiacos.cl\/en\/#\/schema\/person\/6cc7f593e2f49e3b770a06f63b58e3b1"},"breadcrumb":{"@id":"https:\/\/derechoyreligion-uc.urantiacos.cl\/en\/call-for-papers-recepcion-trabajos-hasta-10-de-octubre-de-2022\/#breadcrumb"},"inLanguage":"en-US","potentialAction":[{"@type":"ReadAction","target":["https:\/\/derechoyreligion-uc.urantiacos.cl\/en\/call-for-papers-recepcion-trabajos-hasta-10-de-octubre-de-2022\/"]}]},{"@type":"ImageObject","inLanguage":"en-US","@id":"https:\/\/derechoyreligion-uc.urantiacos.cl\/en\/call-for-papers-recepcion-trabajos-hasta-10-de-octubre-de-2022\/#primaryimage","url":"https:\/\/derechoyreligion-uc.urantiacos.cl\/wp-content\/uploads\/2025\/10\/Copia_2_de_CDR_azul_RLDR.png","contentUrl":"https:\/\/derechoyreligion-uc.urantiacos.cl\/wp-content\/uploads\/2025\/10\/Copia_2_de_CDR_azul_RLDR.png","width":252,"height":75},{"@type":"BreadcrumbList","@id":"https:\/\/derechoyreligion-uc.urantiacos.cl\/en\/call-for-papers-recepcion-trabajos-hasta-10-de-octubre-de-2022\/#breadcrumb","itemListElement":[{"@type":"ListItem","position":1,"name":"Portada","item":"https:\/\/derechoyreligion-uc.urantiacos.cl\/en\/"},{"@type":"ListItem","position":2,"name":"Call for Papers: recepci\u00f3n trabajos hasta 10 de octubre de 2022"}]},{"@type":"WebSite","@id":"https:\/\/derechoyreligion-uc.urantiacos.cl\/en\/#website","url":"https:\/\/derechoyreligion-uc.urantiacos.cl\/en\/","name":"Centro UC Derecho y Religi\u00f3n","description":"","potentialAction":[{"@type":"SearchAction","target":{"@type":"EntryPoint","urlTemplate":"https:\/\/derechoyreligion-uc.urantiacos.cl\/en\/?s={search_term_string}"},"query-input":{"@type":"PropertyValueSpecification","valueRequired":true,"valueName":"search_term_string"}}],"inLanguage":"en-US"},{"@type":"Person","@id":"https:\/\/derechoyreligion-uc.urantiacos.cl\/en\/#\/schema\/person\/6cc7f593e2f49e3b770a06f63b58e3b1","name":"manadmin","sameAs":["https:\/\/derechoyreligion-uc.urantiacos.cl"]}]}},"_links":{"self":[{"href":"https:\/\/derechoyreligion-uc.urantiacos.cl\/en\/wp-json\/wp\/v2\/posts\/1365","targetHints":{"allow":["GET"]}}],"collection":[{"href":"https:\/\/derechoyreligion-uc.urantiacos.cl\/en\/wp-json\/wp\/v2\/posts"}],"about":[{"href":"https:\/\/derechoyreligion-uc.urantiacos.cl\/en\/wp-json\/wp\/v2\/types\/post"}],"author":[{"embeddable":true,"href":"https:\/\/derechoyreligion-uc.urantiacos.cl\/en\/wp-json\/wp\/v2\/users\/1"}],"replies":[{"embeddable":true,"href":"https:\/\/derechoyreligion-uc.urantiacos.cl\/en\/wp-json\/wp\/v2\/comments?post=1365"}],"version-history":[{"count":0,"href":"https:\/\/derechoyreligion-uc.urantiacos.cl\/en\/wp-json\/wp\/v2\/posts\/1365\/revisions"}],"wp:featuredmedia":[{"embeddable":true,"href":"https:\/\/derechoyreligion-uc.urantiacos.cl\/en\/wp-json\/wp\/v2\/media\/1513"}],"wp:attachment":[{"href":"https:\/\/derechoyreligion-uc.urantiacos.cl\/en\/wp-json\/wp\/v2\/media?parent=1365"}],"wp:term":[{"taxonomy":"category","embeddable":true,"href":"https:\/\/derechoyreligion-uc.urantiacos.cl\/en\/wp-json\/wp\/v2\/categories?post=1365"},{"taxonomy":"post_tag","embeddable":true,"href":"https:\/\/derechoyreligion-uc.urantiacos.cl\/en\/wp-json\/wp\/v2\/tags?post=1365"}],"curies":[{"name":"wp","href":"https:\/\/api.w.org\/{rel}","templated":true}]}}