
{"id":1361,"date":"2022-09-24T00:00:00","date_gmt":"2022-09-24T03:00:00","guid":{"rendered":"https:\/\/derechoyreligion-uc.urantiacos.cl\/encuentro-del-consejo-asesor-del-centro-uc-derecho-y-religion-en-cordoba-espana\/"},"modified":"2022-09-24T00:00:00","modified_gmt":"2022-09-24T03:00:00","slug":"encuentro-del-consejo-asesor-del-centro-uc-derecho-y-religion-en-cordoba-espana","status":"publish","type":"post","link":"https:\/\/derechoyreligion-uc.urantiacos.cl\/en\/encuentro-del-consejo-asesor-del-centro-uc-derecho-y-religion-en-cordoba-espana\/","title":{"rendered":"Encuentro del Consejo Asesor del Centro UC Derecho y Religi\u00f3n en C\u00f3rdoba, Espa\u00f1a"},"content":{"rendered":"<article>\n<span><br \/>\n<\/span><\/p>\n<p><img decoding=\"async\" alt=\"Consejo Asesor en Cordoba\" src=\"https:\/\/derechoyreligion-uc.urantiacos.cl\/wp-content\/uploads\/imagenes\/Consejo_Asesor_en_Cordoba.jpeg\"\/><\/p>\n<p>Con ocasi\u00f3n de la Sexta Conferencia de ICLARS (<em>International consortiun for law and religion<\/em>) realizada en C\u00f3rdoba, Espa\u00f1a, entre el 19 y 21 de septiembre de 2022, se realiz\u00f3 un encuentro con los miembros extranjeros del Consejo Asesor del Centro UC Derecho y Religi\u00f3n.<\/p>\n<p>Las directoras saliente y entrante, Ana Mar\u00eda Celis y Mar\u00eda Elena Pimstein, respectivamente,\u00a0 se reunieron con los acad\u00e9micos Carmen Asia\u00edn Pereira, profesora de la Universidad Cat\u00f3lica del Uruguay y Rafael Navarro-Valls, catedr\u00e1tico em\u00e9rito y profesor de honor de la Facultad de Derecho de la Universidad Complutense de Madrid, que han sido miembros del Consejo Asesor desde 2015.<\/p>\n<p>En la oportunidad comentaron sobre los avances del Centro durante la direcci\u00f3n de Ana Mar\u00eda Celis y los desaf\u00edo para la nueva etapa bajo la direcci\u00f3n de Mar\u00eda Elena Pimstein.<\/p>\n<p>\u00a0<\/p>\n<\/article>\n","protected":false},"excerpt":{"rendered":"<p>Con ocasi\u00f3n de la Sexta Conferencia de ICLARS (International consortiun for law and religion) realizada en C\u00f3rdoba, Espa\u00f1a, entre el 19 y 21 de septiembre de 2022, se realiz\u00f3 un encuentro con los miembros extranjeros del Consejo Asesor del Centro UC Derecho y Religi\u00f3n.<\/p>\n","protected":false},"author":1,"featured_media":1507,"comment_status":"","ping_status":"","sticky":false,"template":"","format":"standard","meta":{"_acf_changed":false,"footnotes":""},"categories":[1],"tags":[],"class_list":["post-1361","post","type-post","status-publish","format-standard","has-post-thumbnail","hentry","category-noticias"],"acf":[],"yoast_head":"<!-- This site is optimized with the Yoast SEO plugin v27.1.1 - https:\/\/yoast.com\/product\/yoast-seo-wordpress\/ -->\n<title>Encuentro del Consejo Asesor del Centro UC Derecho y Religi\u00f3n en C\u00f3rdoba, Espa\u00f1a - Centro UC Derecho y Religi\u00f3n<\/title>\n<meta name=\"robots\" content=\"index, follow, max-snippet:-1, max-image-preview:large, max-video-preview:-1\" \/>\n<link rel=\"canonical\" href=\"https:\/\/derechoyreligion-uc.urantiacos.cl\/en\/encuentro-del-consejo-asesor-del-centro-uc-derecho-y-religion-en-cordoba-espana\/\" \/>\n<meta property=\"og:locale\" content=\"en_US\" \/>\n<meta property=\"og:type\" content=\"article\" \/>\n<meta property=\"og:title\" content=\"Encuentro del Consejo Asesor del Centro UC Derecho y Religi\u00f3n en C\u00f3rdoba, Espa\u00f1a - Centro UC Derecho y Religi\u00f3n\" \/>\n<meta property=\"og:description\" content=\"Con ocasi\u00f3n de la Sexta Conferencia de ICLARS (International consortiun for law and religion) realizada en C\u00f3rdoba, Espa\u00f1a, entre el 19 y 21 de septiembre de 2022, se realiz\u00f3 un encuentro con los miembros extranjeros del Consejo Asesor del Centro UC Derecho y Religi\u00f3n.\" \/>\n<meta property=\"og:url\" content=\"https:\/\/derechoyreligion-uc.urantiacos.cl\/en\/encuentro-del-consejo-asesor-del-centro-uc-derecho-y-religion-en-cordoba-espana\/\" \/>\n<meta property=\"og:site_name\" content=\"Centro UC Derecho y Religi\u00f3n\" \/>\n<meta property=\"article:published_time\" content=\"2022-09-24T03:00:00+00:00\" \/>\n<meta property=\"og:image\" content=\"https:\/\/derechoyreligion-uc.urantiacos.cl\/wp-content\/uploads\/2022\/09\/Consejo_Asesor_en_Cordoba.jpeg\" \/>\n\t<meta property=\"og:image:width\" content=\"1600\" \/>\n\t<meta property=\"og:image:height\" content=\"1200\" \/>\n\t<meta property=\"og:image:type\" content=\"image\/jpeg\" \/>\n<meta name=\"author\" content=\"manadmin\" \/>\n<meta name=\"twitter:card\" content=\"summary_large_image\" \/>\n<meta name=\"twitter:label1\" content=\"Written by\" \/>\n\t<meta name=\"twitter:data1\" content=\"manadmin\" \/>\n\t<meta name=\"twitter:label2\" content=\"Est. reading time\" \/>\n\t<meta name=\"twitter:data2\" content=\"1 minute\" \/>\n<script type=\"application\/ld+json\" class=\"yoast-schema-graph\">{\"@context\":\"https:\/\/schema.org\",\"@graph\":[{\"@type\":\"Article\",\"@id\":\"https:\/\/derechoyreligion-uc.urantiacos.cl\/en\/encuentro-del-consejo-asesor-del-centro-uc-derecho-y-religion-en-cordoba-espana\/#article\",\"isPartOf\":{\"@id\":\"https:\/\/derechoyreligion-uc.urantiacos.cl\/en\/encuentro-del-consejo-asesor-del-centro-uc-derecho-y-religion-en-cordoba-espana\/\"},\"author\":{\"name\":\"manadmin\",\"@id\":\"https:\/\/derechoyreligion-uc.urantiacos.cl\/en\/#\/schema\/person\/6cc7f593e2f49e3b770a06f63b58e3b1\"},\"headline\":\"Encuentro del Consejo Asesor del Centro UC Derecho y Religi\u00f3n en C\u00f3rdoba, Espa\u00f1a\",\"datePublished\":\"2022-09-24T03:00:00+00:00\",\"mainEntityOfPage\":{\"@id\":\"https:\/\/derechoyreligion-uc.urantiacos.cl\/en\/encuentro-del-consejo-asesor-del-centro-uc-derecho-y-religion-en-cordoba-espana\/\"},\"wordCount\":159,\"image\":{\"@id\":\"https:\/\/derechoyreligion-uc.urantiacos.cl\/en\/encuentro-del-consejo-asesor-del-centro-uc-derecho-y-religion-en-cordoba-espana\/#primaryimage\"},\"thumbnailUrl\":\"https:\/\/derechoyreligion-uc.urantiacos.cl\/wp-content\/uploads\/2022\/09\/Consejo_Asesor_en_Cordoba.jpeg\",\"articleSection\":[\"Noticias\"],\"inLanguage\":\"en-US\"},{\"@type\":\"WebPage\",\"@id\":\"https:\/\/derechoyreligion-uc.urantiacos.cl\/en\/encuentro-del-consejo-asesor-del-centro-uc-derecho-y-religion-en-cordoba-espana\/\",\"url\":\"https:\/\/derechoyreligion-uc.urantiacos.cl\/en\/encuentro-del-consejo-asesor-del-centro-uc-derecho-y-religion-en-cordoba-espana\/\",\"name\":\"Encuentro del Consejo Asesor del Centro UC Derecho y Religi\u00f3n en C\u00f3rdoba, Espa\u00f1a - Centro UC Derecho y Religi\u00f3n\",\"isPartOf\":{\"@id\":\"https:\/\/derechoyreligion-uc.urantiacos.cl\/en\/#website\"},\"primaryImageOfPage\":{\"@id\":\"https:\/\/derechoyreligion-uc.urantiacos.cl\/en\/encuentro-del-consejo-asesor-del-centro-uc-derecho-y-religion-en-cordoba-espana\/#primaryimage\"},\"image\":{\"@id\":\"https:\/\/derechoyreligion-uc.urantiacos.cl\/en\/encuentro-del-consejo-asesor-del-centro-uc-derecho-y-religion-en-cordoba-espana\/#primaryimage\"},\"thumbnailUrl\":\"https:\/\/derechoyreligion-uc.urantiacos.cl\/wp-content\/uploads\/2022\/09\/Consejo_Asesor_en_Cordoba.jpeg\",\"datePublished\":\"2022-09-24T03:00:00+00:00\",\"author\":{\"@id\":\"https:\/\/derechoyreligion-uc.urantiacos.cl\/en\/#\/schema\/person\/6cc7f593e2f49e3b770a06f63b58e3b1\"},\"breadcrumb\":{\"@id\":\"https:\/\/derechoyreligion-uc.urantiacos.cl\/en\/encuentro-del-consejo-asesor-del-centro-uc-derecho-y-religion-en-cordoba-espana\/#breadcrumb\"},\"inLanguage\":\"en-US\",\"potentialAction\":[{\"@type\":\"ReadAction\",\"target\":[\"https:\/\/derechoyreligion-uc.urantiacos.cl\/en\/encuentro-del-consejo-asesor-del-centro-uc-derecho-y-religion-en-cordoba-espana\/\"]}]},{\"@type\":\"ImageObject\",\"inLanguage\":\"en-US\",\"@id\":\"https:\/\/derechoyreligion-uc.urantiacos.cl\/en\/encuentro-del-consejo-asesor-del-centro-uc-derecho-y-religion-en-cordoba-espana\/#primaryimage\",\"url\":\"https:\/\/derechoyreligion-uc.urantiacos.cl\/wp-content\/uploads\/2022\/09\/Consejo_Asesor_en_Cordoba.jpeg\",\"contentUrl\":\"https:\/\/derechoyreligion-uc.urantiacos.cl\/wp-content\/uploads\/2022\/09\/Consejo_Asesor_en_Cordoba.jpeg\",\"width\":1600,\"height\":1200},{\"@type\":\"BreadcrumbList\",\"@id\":\"https:\/\/derechoyreligion-uc.urantiacos.cl\/en\/encuentro-del-consejo-asesor-del-centro-uc-derecho-y-religion-en-cordoba-espana\/#breadcrumb\",\"itemListElement\":[{\"@type\":\"ListItem\",\"position\":1,\"name\":\"Portada\",\"item\":\"https:\/\/derechoyreligion-uc.urantiacos.cl\/en\/\"},{\"@type\":\"ListItem\",\"position\":2,\"name\":\"Encuentro del Consejo Asesor del Centro UC Derecho y Religi\u00f3n en C\u00f3rdoba, Espa\u00f1a\"}]},{\"@type\":\"WebSite\",\"@id\":\"https:\/\/derechoyreligion-uc.urantiacos.cl\/en\/#website\",\"url\":\"https:\/\/derechoyreligion-uc.urantiacos.cl\/en\/\",\"name\":\"Centro UC Derecho y Religi\u00f3n\",\"description\":\"\",\"potentialAction\":[{\"@type\":\"SearchAction\",\"target\":{\"@type\":\"EntryPoint\",\"urlTemplate\":\"https:\/\/derechoyreligion-uc.urantiacos.cl\/en\/?s={search_term_string}\"},\"query-input\":{\"@type\":\"PropertyValueSpecification\",\"valueRequired\":true,\"valueName\":\"search_term_string\"}}],\"inLanguage\":\"en-US\"},{\"@type\":\"Person\",\"@id\":\"https:\/\/derechoyreligion-uc.urantiacos.cl\/en\/#\/schema\/person\/6cc7f593e2f49e3b770a06f63b58e3b1\",\"name\":\"manadmin\",\"sameAs\":[\"https:\/\/derechoyreligion-uc.urantiacos.cl\"]}]}<\/script>\n<!-- \/ Yoast SEO plugin. -->","yoast_head_json":{"title":"Encuentro del Consejo Asesor del Centro UC Derecho y Religi\u00f3n en C\u00f3rdoba, Espa\u00f1a - Centro UC Derecho y Religi\u00f3n","robots":{"index":"index","follow":"follow","max-snippet":"max-snippet:-1","max-image-preview":"max-image-preview:large","max-video-preview":"max-video-preview:-1"},"canonical":"https:\/\/derechoyreligion-uc.urantiacos.cl\/en\/encuentro-del-consejo-asesor-del-centro-uc-derecho-y-religion-en-cordoba-espana\/","og_locale":"en_US","og_type":"article","og_title":"Encuentro del Consejo Asesor del Centro UC Derecho y Religi\u00f3n en C\u00f3rdoba, Espa\u00f1a - Centro UC Derecho y Religi\u00f3n","og_description":"Con ocasi\u00f3n de la Sexta Conferencia de ICLARS (International consortiun for law and religion) realizada en C\u00f3rdoba, Espa\u00f1a, entre el 19 y 21 de septiembre de 2022, se realiz\u00f3 un encuentro con los miembros extranjeros del Consejo Asesor del Centro UC Derecho y Religi\u00f3n.","og_url":"https:\/\/derechoyreligion-uc.urantiacos.cl\/en\/encuentro-del-consejo-asesor-del-centro-uc-derecho-y-religion-en-cordoba-espana\/","og_site_name":"Centro UC Derecho y Religi\u00f3n","article_published_time":"2022-09-24T03:00:00+00:00","og_image":[{"width":1600,"height":1200,"url":"https:\/\/derechoyreligion-uc.urantiacos.cl\/wp-content\/uploads\/2022\/09\/Consejo_Asesor_en_Cordoba.jpeg","type":"image\/jpeg"}],"author":"manadmin","twitter_card":"summary_large_image","twitter_misc":{"Written by":"manadmin","Est. reading time":"1 minute"},"schema":{"@context":"https:\/\/schema.org","@graph":[{"@type":"Article","@id":"https:\/\/derechoyreligion-uc.urantiacos.cl\/en\/encuentro-del-consejo-asesor-del-centro-uc-derecho-y-religion-en-cordoba-espana\/#article","isPartOf":{"@id":"https:\/\/derechoyreligion-uc.urantiacos.cl\/en\/encuentro-del-consejo-asesor-del-centro-uc-derecho-y-religion-en-cordoba-espana\/"},"author":{"name":"manadmin","@id":"https:\/\/derechoyreligion-uc.urantiacos.cl\/en\/#\/schema\/person\/6cc7f593e2f49e3b770a06f63b58e3b1"},"headline":"Encuentro del Consejo Asesor del Centro UC Derecho y Religi\u00f3n en C\u00f3rdoba, Espa\u00f1a","datePublished":"2022-09-24T03:00:00+00:00","mainEntityOfPage":{"@id":"https:\/\/derechoyreligion-uc.urantiacos.cl\/en\/encuentro-del-consejo-asesor-del-centro-uc-derecho-y-religion-en-cordoba-espana\/"},"wordCount":159,"image":{"@id":"https:\/\/derechoyreligion-uc.urantiacos.cl\/en\/encuentro-del-consejo-asesor-del-centro-uc-derecho-y-religion-en-cordoba-espana\/#primaryimage"},"thumbnailUrl":"https:\/\/derechoyreligion-uc.urantiacos.cl\/wp-content\/uploads\/2022\/09\/Consejo_Asesor_en_Cordoba.jpeg","articleSection":["Noticias"],"inLanguage":"en-US"},{"@type":"WebPage","@id":"https:\/\/derechoyreligion-uc.urantiacos.cl\/en\/encuentro-del-consejo-asesor-del-centro-uc-derecho-y-religion-en-cordoba-espana\/","url":"https:\/\/derechoyreligion-uc.urantiacos.cl\/en\/encuentro-del-consejo-asesor-del-centro-uc-derecho-y-religion-en-cordoba-espana\/","name":"Encuentro del Consejo Asesor del Centro UC Derecho y Religi\u00f3n en C\u00f3rdoba, Espa\u00f1a - Centro UC Derecho y Religi\u00f3n","isPartOf":{"@id":"https:\/\/derechoyreligion-uc.urantiacos.cl\/en\/#website"},"primaryImageOfPage":{"@id":"https:\/\/derechoyreligion-uc.urantiacos.cl\/en\/encuentro-del-consejo-asesor-del-centro-uc-derecho-y-religion-en-cordoba-espana\/#primaryimage"},"image":{"@id":"https:\/\/derechoyreligion-uc.urantiacos.cl\/en\/encuentro-del-consejo-asesor-del-centro-uc-derecho-y-religion-en-cordoba-espana\/#primaryimage"},"thumbnailUrl":"https:\/\/derechoyreligion-uc.urantiacos.cl\/wp-content\/uploads\/2022\/09\/Consejo_Asesor_en_Cordoba.jpeg","datePublished":"2022-09-24T03:00:00+00:00","author":{"@id":"https:\/\/derechoyreligion-uc.urantiacos.cl\/en\/#\/schema\/person\/6cc7f593e2f49e3b770a06f63b58e3b1"},"breadcrumb":{"@id":"https:\/\/derechoyreligion-uc.urantiacos.cl\/en\/encuentro-del-consejo-asesor-del-centro-uc-derecho-y-religion-en-cordoba-espana\/#breadcrumb"},"inLanguage":"en-US","potentialAction":[{"@type":"ReadAction","target":["https:\/\/derechoyreligion-uc.urantiacos.cl\/en\/encuentro-del-consejo-asesor-del-centro-uc-derecho-y-religion-en-cordoba-espana\/"]}]},{"@type":"ImageObject","inLanguage":"en-US","@id":"https:\/\/derechoyreligion-uc.urantiacos.cl\/en\/encuentro-del-consejo-asesor-del-centro-uc-derecho-y-religion-en-cordoba-espana\/#primaryimage","url":"https:\/\/derechoyreligion-uc.urantiacos.cl\/wp-content\/uploads\/2022\/09\/Consejo_Asesor_en_Cordoba.jpeg","contentUrl":"https:\/\/derechoyreligion-uc.urantiacos.cl\/wp-content\/uploads\/2022\/09\/Consejo_Asesor_en_Cordoba.jpeg","width":1600,"height":1200},{"@type":"BreadcrumbList","@id":"https:\/\/derechoyreligion-uc.urantiacos.cl\/en\/encuentro-del-consejo-asesor-del-centro-uc-derecho-y-religion-en-cordoba-espana\/#breadcrumb","itemListElement":[{"@type":"ListItem","position":1,"name":"Portada","item":"https:\/\/derechoyreligion-uc.urantiacos.cl\/en\/"},{"@type":"ListItem","position":2,"name":"Encuentro del Consejo Asesor del Centro UC Derecho y Religi\u00f3n en C\u00f3rdoba, Espa\u00f1a"}]},{"@type":"WebSite","@id":"https:\/\/derechoyreligion-uc.urantiacos.cl\/en\/#website","url":"https:\/\/derechoyreligion-uc.urantiacos.cl\/en\/","name":"Centro UC Derecho y Religi\u00f3n","description":"","potentialAction":[{"@type":"SearchAction","target":{"@type":"EntryPoint","urlTemplate":"https:\/\/derechoyreligion-uc.urantiacos.cl\/en\/?s={search_term_string}"},"query-input":{"@type":"PropertyValueSpecification","valueRequired":true,"valueName":"search_term_string"}}],"inLanguage":"en-US"},{"@type":"Person","@id":"https:\/\/derechoyreligion-uc.urantiacos.cl\/en\/#\/schema\/person\/6cc7f593e2f49e3b770a06f63b58e3b1","name":"manadmin","sameAs":["https:\/\/derechoyreligion-uc.urantiacos.cl"]}]}},"_links":{"self":[{"href":"https:\/\/derechoyreligion-uc.urantiacos.cl\/en\/wp-json\/wp\/v2\/posts\/1361","targetHints":{"allow":["GET"]}}],"collection":[{"href":"https:\/\/derechoyreligion-uc.urantiacos.cl\/en\/wp-json\/wp\/v2\/posts"}],"about":[{"href":"https:\/\/derechoyreligion-uc.urantiacos.cl\/en\/wp-json\/wp\/v2\/types\/post"}],"author":[{"embeddable":true,"href":"https:\/\/derechoyreligion-uc.urantiacos.cl\/en\/wp-json\/wp\/v2\/users\/1"}],"replies":[{"embeddable":true,"href":"https:\/\/derechoyreligion-uc.urantiacos.cl\/en\/wp-json\/wp\/v2\/comments?post=1361"}],"version-history":[{"count":0,"href":"https:\/\/derechoyreligion-uc.urantiacos.cl\/en\/wp-json\/wp\/v2\/posts\/1361\/revisions"}],"wp:featuredmedia":[{"embeddable":true,"href":"https:\/\/derechoyreligion-uc.urantiacos.cl\/en\/wp-json\/wp\/v2\/media\/1507"}],"wp:attachment":[{"href":"https:\/\/derechoyreligion-uc.urantiacos.cl\/en\/wp-json\/wp\/v2\/media?parent=1361"}],"wp:term":[{"taxonomy":"category","embeddable":true,"href":"https:\/\/derechoyreligion-uc.urantiacos.cl\/en\/wp-json\/wp\/v2\/categories?post=1361"},{"taxonomy":"post_tag","embeddable":true,"href":"https:\/\/derechoyreligion-uc.urantiacos.cl\/en\/wp-json\/wp\/v2\/tags?post=1361"}],"curies":[{"name":"wp","href":"https:\/\/api.w.org\/{rel}","templated":true}]}}