
{"id":1360,"date":"2022-10-13T00:00:00","date_gmt":"2022-10-13T03:00:00","guid":{"rendered":"https:\/\/derechoyreligion-uc.urantiacos.cl\/nueva-directora-en-centro-uc-derecho-y-religion\/"},"modified":"2022-10-13T00:00:00","modified_gmt":"2022-10-13T03:00:00","slug":"nueva-directora-en-centro-uc-derecho-y-religion","status":"publish","type":"post","link":"https:\/\/derechoyreligion-uc.urantiacos.cl\/en\/nueva-directora-en-centro-uc-derecho-y-religion\/","title":{"rendered":"Nueva directora en Centro UC Derecho y Religi\u00f3n"},"content":{"rendered":"<article>\n<span><br \/>\n<\/span><\/p>\n<p><img decoding=\"async\" alt=\"Foto MEP\" src=\"https:\/\/derechoyreligion-uc.urantiacos.cl\/wp-content\/uploads\/imagenes\/Foto_MEP.png\"\/><\/p>\n<p>\u00a0<\/p>\n<h3>Nueva directora en Centro UC Derecho y Religi\u00f3n<\/h3>\n<p><strong>Mar\u00eda Elena Pimstein Scroggie<\/strong> ha asumido como nueva directora del Centro UC Derecho y Religi\u00f3n. Es profesora del departamento de Derecho Can\u00f3nico de la Facultad de Derecho de la Pontificia Universidad Cat\u00f3lica de Chile y miembro del Consejo de la Facultad.<\/p>\n<p>El Centro UC Derecho y Religi\u00f3n (antes Centro de Libertad Religiosa) desde su inicio tuvo como directora a la profesora <strong>Ana Mar\u00eda Celis Brunet<\/strong>, quien de forma visionaria impuls\u00f3 la creaci\u00f3n de un Centro pionero a nivel latinoamericano.<\/p>\n<p>Comenz\u00f3 con la elaboraci\u00f3n de un Bolet\u00edn Jur\u00eddico que recopila la actividad jur\u00eddica nacional en temas sobre libertad religiosa. El a\u00f1o 2015 el Bolet\u00edn se transform\u00f3 en un Observatorio de Libertad Religiosa de Am\u00e9rica Latina y El Caribe, publicaci\u00f3n mensual vigente hasta el d\u00eda de hoy y se lanz\u00f3 la Revista Latinoamericana de Derecho y Religi\u00f3n, que como publicaci\u00f3n cient\u00edfica promueve la producci\u00f3n doctrinal sobre las materias del derecho y la religi\u00f3n.<\/p>\n<p>Tanto por sus publicaciones como por sus investigaciones y actividades de extensi\u00f3n, el Centro se ha posicionado como un referente a nivel nacional e internacional. Ha recibido la visita de numerosos profesores extranjeros expertos en materia de libertad religiosa, destacando la realizaci\u00f3n de la Segunda Conferencia del International Consortium for Law and Religion Studies (ICLARS), \u00fanica red a nivel internacional de acad\u00e9micos expertos en derecho y religi\u00f3n, que se efectu\u00f3 en Santiago en septiembre de 2011.<\/p>\n<p>En relaci\u00f3n con la investigaci\u00f3n, se han desarrollado proyectos sobre reconocimiento de organizaciones religiosas, libertad de ense\u00f1anza y escuelas religiosas, libertad religiosa en Am\u00e9rica Latina, concordatos con la Santa Sede, aporte de la religi\u00f3n en Chile, entre otros.\u00a0Tambi\u00e9n se ha trabajado en colaboraci\u00f3n con el Consejo Nacional de Prevenci\u00f3n de abusos sexuales a menores de edad y acompa\u00f1amiento a v\u00edctimas de la Conferencia Episcopal de Chile. Algunos de los miembros del Centro han formado y forman parte del Consejo; se efectu\u00f3 una investigaci\u00f3n sobre prevenci\u00f3n en \u00e1mbitos eclesiales; se cre\u00f3 el diplomado en derecho penal can\u00f3nico sobre delitos sexuales en la Iglesia; y se hizo el estudio &#8220;Din\u00e1micas relacionales de abuso sexual en contexto eclesial en Chile: conocer para prevenir&#8221;.<\/p>\n<p>Mar\u00eda Elena Pimstein Scroggie, es licenciada en derecho por la Pontificia Universidad Cat\u00f3lica de Chile y abogada, con una amplia trayectoria acad\u00e9mica dentro de la UC. Es profesora del Departamento de derecho can\u00f3nico y se ha desempe\u00f1ado como directora del mismo. En 2014 integr\u00f3 el Consejo \u00c9tico y Disciplinario de la Facultad de Derecho y entre 2015 y 2018 se desempe\u00f1\u00f3 como Secretaria General de la Pontificia Universidad Cat\u00f3lica de Chile. Ha sido investigadora y parte del Consejo Directivo del Centro desde 2006, salvo el per\u00edodo que estuvo en la Secretar\u00eda General. Adem\u00e1s, fue recientemente elegida como miembro del Consejo de la Facultad.<\/p>\n<p>Entre 1995 y 2002 fue auditora del Tribunal Nacional Eclesi\u00e1stico de Apelaciones, dependiente de la Conferencia Episcopal de Chile. Desde 2003 a 2015 fue asesora interna del Departamento Jur\u00eddico del Arzobispado de Santiago. Desde su creaci\u00f3n en 2011 y hasta 2015 fue miembro del Consejo Nacional de Prevenci\u00f3n de Abusos y Acompa\u00f1amiento a V\u00edctimas de la Conferencia Episcopal.<\/p>\n<p>Ha participado en numerosos encuentros acad\u00e9micos nacionales e internacionales, como ponente y coordinadora, en los cuales ha aportado principalmente en el \u00e1mbito de la libertad religiosa.<\/p>\n<p>Es miembro de las siguientes sociedades cient\u00edficas: el Consorcio Latinoamericano de Libertad Religiosa, la Asociaci\u00f3n Chilena de Derecho Can\u00f3nico y del International Consortium for Law and Religion Studies (ICLARS).<\/p>\n<\/article>\n","protected":false},"excerpt":{"rendered":"<p>Mar\u00eda Elena Pimstein Scroggieha asumido como nueva directora del Centro UC Derecho y Religi\u00f3n. Es profesora del departamento de Derecho Can\u00f3nico de la Facultad de Derecho de la Pontificia Universidad Cat\u00f3lica de Chile y miembro del Consejo de la Facultad.<\/p>\n","protected":false},"author":1,"featured_media":1506,"comment_status":"","ping_status":"","sticky":false,"template":"","format":"standard","meta":{"_acf_changed":false,"footnotes":""},"categories":[1],"tags":[],"class_list":["post-1360","post","type-post","status-publish","format-standard","has-post-thumbnail","hentry","category-noticias"],"acf":[],"yoast_head":"<!-- This site is optimized with the Yoast SEO plugin v27.1.1 - https:\/\/yoast.com\/product\/yoast-seo-wordpress\/ -->\n<title>Nueva directora en Centro UC Derecho y Religi\u00f3n - Centro UC Derecho y Religi\u00f3n<\/title>\n<meta name=\"robots\" content=\"index, follow, max-snippet:-1, max-image-preview:large, max-video-preview:-1\" \/>\n<link rel=\"canonical\" href=\"https:\/\/derechoyreligion-uc.urantiacos.cl\/en\/nueva-directora-en-centro-uc-derecho-y-religion\/\" \/>\n<meta property=\"og:locale\" content=\"en_US\" \/>\n<meta property=\"og:type\" content=\"article\" \/>\n<meta property=\"og:title\" content=\"Nueva directora en Centro UC Derecho y Religi\u00f3n - Centro UC Derecho y Religi\u00f3n\" \/>\n<meta property=\"og:description\" content=\"Mar\u00eda Elena Pimstein Scroggieha asumido como nueva directora del Centro UC Derecho y Religi\u00f3n. Es profesora del departamento de Derecho Can\u00f3nico de la Facultad de Derecho de la Pontificia Universidad Cat\u00f3lica de Chile y miembro del Consejo de la Facultad.\" \/>\n<meta property=\"og:url\" content=\"https:\/\/derechoyreligion-uc.urantiacos.cl\/en\/nueva-directora-en-centro-uc-derecho-y-religion\/\" \/>\n<meta property=\"og:site_name\" content=\"Centro UC Derecho y Religi\u00f3n\" \/>\n<meta property=\"article:published_time\" content=\"2022-10-13T03:00:00+00:00\" \/>\n<meta property=\"og:image\" content=\"https:\/\/derechoyreligion-uc.urantiacos.cl\/wp-content\/uploads\/2022\/10\/Foto_MEP.png\" \/>\n\t<meta property=\"og:image:width\" content=\"438\" \/>\n\t<meta property=\"og:image:height\" content=\"437\" \/>\n\t<meta property=\"og:image:type\" content=\"image\/png\" \/>\n<meta name=\"author\" content=\"manadmin\" \/>\n<meta name=\"twitter:card\" content=\"summary_large_image\" \/>\n<meta name=\"twitter:label1\" content=\"Written by\" \/>\n\t<meta name=\"twitter:data1\" content=\"manadmin\" \/>\n\t<meta name=\"twitter:label2\" content=\"Est. reading time\" \/>\n\t<meta name=\"twitter:data2\" content=\"3 minutes\" \/>\n<script type=\"application\/ld+json\" class=\"yoast-schema-graph\">{\"@context\":\"https:\/\/schema.org\",\"@graph\":[{\"@type\":\"Article\",\"@id\":\"https:\/\/derechoyreligion-uc.urantiacos.cl\/en\/nueva-directora-en-centro-uc-derecho-y-religion\/#article\",\"isPartOf\":{\"@id\":\"https:\/\/derechoyreligion-uc.urantiacos.cl\/en\/nueva-directora-en-centro-uc-derecho-y-religion\/\"},\"author\":{\"name\":\"manadmin\",\"@id\":\"https:\/\/derechoyreligion-uc.urantiacos.cl\/en\/#\/schema\/person\/6cc7f593e2f49e3b770a06f63b58e3b1\"},\"headline\":\"Nueva directora en Centro UC Derecho y Religi\u00f3n\",\"datePublished\":\"2022-10-13T03:00:00+00:00\",\"mainEntityOfPage\":{\"@id\":\"https:\/\/derechoyreligion-uc.urantiacos.cl\/en\/nueva-directora-en-centro-uc-derecho-y-religion\/\"},\"wordCount\":628,\"image\":{\"@id\":\"https:\/\/derechoyreligion-uc.urantiacos.cl\/en\/nueva-directora-en-centro-uc-derecho-y-religion\/#primaryimage\"},\"thumbnailUrl\":\"https:\/\/derechoyreligion-uc.urantiacos.cl\/wp-content\/uploads\/2022\/10\/Foto_MEP.png\",\"articleSection\":[\"Noticias\"],\"inLanguage\":\"en-US\"},{\"@type\":\"WebPage\",\"@id\":\"https:\/\/derechoyreligion-uc.urantiacos.cl\/en\/nueva-directora-en-centro-uc-derecho-y-religion\/\",\"url\":\"https:\/\/derechoyreligion-uc.urantiacos.cl\/en\/nueva-directora-en-centro-uc-derecho-y-religion\/\",\"name\":\"Nueva directora en Centro UC Derecho y Religi\u00f3n - Centro UC Derecho y Religi\u00f3n\",\"isPartOf\":{\"@id\":\"https:\/\/derechoyreligion-uc.urantiacos.cl\/en\/#website\"},\"primaryImageOfPage\":{\"@id\":\"https:\/\/derechoyreligion-uc.urantiacos.cl\/en\/nueva-directora-en-centro-uc-derecho-y-religion\/#primaryimage\"},\"image\":{\"@id\":\"https:\/\/derechoyreligion-uc.urantiacos.cl\/en\/nueva-directora-en-centro-uc-derecho-y-religion\/#primaryimage\"},\"thumbnailUrl\":\"https:\/\/derechoyreligion-uc.urantiacos.cl\/wp-content\/uploads\/2022\/10\/Foto_MEP.png\",\"datePublished\":\"2022-10-13T03:00:00+00:00\",\"author\":{\"@id\":\"https:\/\/derechoyreligion-uc.urantiacos.cl\/en\/#\/schema\/person\/6cc7f593e2f49e3b770a06f63b58e3b1\"},\"breadcrumb\":{\"@id\":\"https:\/\/derechoyreligion-uc.urantiacos.cl\/en\/nueva-directora-en-centro-uc-derecho-y-religion\/#breadcrumb\"},\"inLanguage\":\"en-US\",\"potentialAction\":[{\"@type\":\"ReadAction\",\"target\":[\"https:\/\/derechoyreligion-uc.urantiacos.cl\/en\/nueva-directora-en-centro-uc-derecho-y-religion\/\"]}]},{\"@type\":\"ImageObject\",\"inLanguage\":\"en-US\",\"@id\":\"https:\/\/derechoyreligion-uc.urantiacos.cl\/en\/nueva-directora-en-centro-uc-derecho-y-religion\/#primaryimage\",\"url\":\"https:\/\/derechoyreligion-uc.urantiacos.cl\/wp-content\/uploads\/2022\/10\/Foto_MEP.png\",\"contentUrl\":\"https:\/\/derechoyreligion-uc.urantiacos.cl\/wp-content\/uploads\/2022\/10\/Foto_MEP.png\",\"width\":438,\"height\":437},{\"@type\":\"BreadcrumbList\",\"@id\":\"https:\/\/derechoyreligion-uc.urantiacos.cl\/en\/nueva-directora-en-centro-uc-derecho-y-religion\/#breadcrumb\",\"itemListElement\":[{\"@type\":\"ListItem\",\"position\":1,\"name\":\"Portada\",\"item\":\"https:\/\/derechoyreligion-uc.urantiacos.cl\/en\/\"},{\"@type\":\"ListItem\",\"position\":2,\"name\":\"Nueva directora en Centro UC Derecho y Religi\u00f3n\"}]},{\"@type\":\"WebSite\",\"@id\":\"https:\/\/derechoyreligion-uc.urantiacos.cl\/en\/#website\",\"url\":\"https:\/\/derechoyreligion-uc.urantiacos.cl\/en\/\",\"name\":\"Centro UC Derecho y Religi\u00f3n\",\"description\":\"\",\"potentialAction\":[{\"@type\":\"SearchAction\",\"target\":{\"@type\":\"EntryPoint\",\"urlTemplate\":\"https:\/\/derechoyreligion-uc.urantiacos.cl\/en\/?s={search_term_string}\"},\"query-input\":{\"@type\":\"PropertyValueSpecification\",\"valueRequired\":true,\"valueName\":\"search_term_string\"}}],\"inLanguage\":\"en-US\"},{\"@type\":\"Person\",\"@id\":\"https:\/\/derechoyreligion-uc.urantiacos.cl\/en\/#\/schema\/person\/6cc7f593e2f49e3b770a06f63b58e3b1\",\"name\":\"manadmin\",\"sameAs\":[\"https:\/\/derechoyreligion-uc.urantiacos.cl\"]}]}<\/script>\n<!-- \/ Yoast SEO plugin. -->","yoast_head_json":{"title":"Nueva directora en Centro UC Derecho y Religi\u00f3n - Centro UC Derecho y Religi\u00f3n","robots":{"index":"index","follow":"follow","max-snippet":"max-snippet:-1","max-image-preview":"max-image-preview:large","max-video-preview":"max-video-preview:-1"},"canonical":"https:\/\/derechoyreligion-uc.urantiacos.cl\/en\/nueva-directora-en-centro-uc-derecho-y-religion\/","og_locale":"en_US","og_type":"article","og_title":"Nueva directora en Centro UC Derecho y Religi\u00f3n - Centro UC Derecho y Religi\u00f3n","og_description":"Mar\u00eda Elena Pimstein Scroggieha asumido como nueva directora del Centro UC Derecho y Religi\u00f3n. Es profesora del departamento de Derecho Can\u00f3nico de la Facultad de Derecho de la Pontificia Universidad Cat\u00f3lica de Chile y miembro del Consejo de la Facultad.","og_url":"https:\/\/derechoyreligion-uc.urantiacos.cl\/en\/nueva-directora-en-centro-uc-derecho-y-religion\/","og_site_name":"Centro UC Derecho y Religi\u00f3n","article_published_time":"2022-10-13T03:00:00+00:00","og_image":[{"width":438,"height":437,"url":"https:\/\/derechoyreligion-uc.urantiacos.cl\/wp-content\/uploads\/2022\/10\/Foto_MEP.png","type":"image\/png"}],"author":"manadmin","twitter_card":"summary_large_image","twitter_misc":{"Written by":"manadmin","Est. reading time":"3 minutes"},"schema":{"@context":"https:\/\/schema.org","@graph":[{"@type":"Article","@id":"https:\/\/derechoyreligion-uc.urantiacos.cl\/en\/nueva-directora-en-centro-uc-derecho-y-religion\/#article","isPartOf":{"@id":"https:\/\/derechoyreligion-uc.urantiacos.cl\/en\/nueva-directora-en-centro-uc-derecho-y-religion\/"},"author":{"name":"manadmin","@id":"https:\/\/derechoyreligion-uc.urantiacos.cl\/en\/#\/schema\/person\/6cc7f593e2f49e3b770a06f63b58e3b1"},"headline":"Nueva directora en Centro UC Derecho y Religi\u00f3n","datePublished":"2022-10-13T03:00:00+00:00","mainEntityOfPage":{"@id":"https:\/\/derechoyreligion-uc.urantiacos.cl\/en\/nueva-directora-en-centro-uc-derecho-y-religion\/"},"wordCount":628,"image":{"@id":"https:\/\/derechoyreligion-uc.urantiacos.cl\/en\/nueva-directora-en-centro-uc-derecho-y-religion\/#primaryimage"},"thumbnailUrl":"https:\/\/derechoyreligion-uc.urantiacos.cl\/wp-content\/uploads\/2022\/10\/Foto_MEP.png","articleSection":["Noticias"],"inLanguage":"en-US"},{"@type":"WebPage","@id":"https:\/\/derechoyreligion-uc.urantiacos.cl\/en\/nueva-directora-en-centro-uc-derecho-y-religion\/","url":"https:\/\/derechoyreligion-uc.urantiacos.cl\/en\/nueva-directora-en-centro-uc-derecho-y-religion\/","name":"Nueva directora en Centro UC Derecho y Religi\u00f3n - Centro UC Derecho y Religi\u00f3n","isPartOf":{"@id":"https:\/\/derechoyreligion-uc.urantiacos.cl\/en\/#website"},"primaryImageOfPage":{"@id":"https:\/\/derechoyreligion-uc.urantiacos.cl\/en\/nueva-directora-en-centro-uc-derecho-y-religion\/#primaryimage"},"image":{"@id":"https:\/\/derechoyreligion-uc.urantiacos.cl\/en\/nueva-directora-en-centro-uc-derecho-y-religion\/#primaryimage"},"thumbnailUrl":"https:\/\/derechoyreligion-uc.urantiacos.cl\/wp-content\/uploads\/2022\/10\/Foto_MEP.png","datePublished":"2022-10-13T03:00:00+00:00","author":{"@id":"https:\/\/derechoyreligion-uc.urantiacos.cl\/en\/#\/schema\/person\/6cc7f593e2f49e3b770a06f63b58e3b1"},"breadcrumb":{"@id":"https:\/\/derechoyreligion-uc.urantiacos.cl\/en\/nueva-directora-en-centro-uc-derecho-y-religion\/#breadcrumb"},"inLanguage":"en-US","potentialAction":[{"@type":"ReadAction","target":["https:\/\/derechoyreligion-uc.urantiacos.cl\/en\/nueva-directora-en-centro-uc-derecho-y-religion\/"]}]},{"@type":"ImageObject","inLanguage":"en-US","@id":"https:\/\/derechoyreligion-uc.urantiacos.cl\/en\/nueva-directora-en-centro-uc-derecho-y-religion\/#primaryimage","url":"https:\/\/derechoyreligion-uc.urantiacos.cl\/wp-content\/uploads\/2022\/10\/Foto_MEP.png","contentUrl":"https:\/\/derechoyreligion-uc.urantiacos.cl\/wp-content\/uploads\/2022\/10\/Foto_MEP.png","width":438,"height":437},{"@type":"BreadcrumbList","@id":"https:\/\/derechoyreligion-uc.urantiacos.cl\/en\/nueva-directora-en-centro-uc-derecho-y-religion\/#breadcrumb","itemListElement":[{"@type":"ListItem","position":1,"name":"Portada","item":"https:\/\/derechoyreligion-uc.urantiacos.cl\/en\/"},{"@type":"ListItem","position":2,"name":"Nueva directora en Centro UC Derecho y Religi\u00f3n"}]},{"@type":"WebSite","@id":"https:\/\/derechoyreligion-uc.urantiacos.cl\/en\/#website","url":"https:\/\/derechoyreligion-uc.urantiacos.cl\/en\/","name":"Centro UC Derecho y Religi\u00f3n","description":"","potentialAction":[{"@type":"SearchAction","target":{"@type":"EntryPoint","urlTemplate":"https:\/\/derechoyreligion-uc.urantiacos.cl\/en\/?s={search_term_string}"},"query-input":{"@type":"PropertyValueSpecification","valueRequired":true,"valueName":"search_term_string"}}],"inLanguage":"en-US"},{"@type":"Person","@id":"https:\/\/derechoyreligion-uc.urantiacos.cl\/en\/#\/schema\/person\/6cc7f593e2f49e3b770a06f63b58e3b1","name":"manadmin","sameAs":["https:\/\/derechoyreligion-uc.urantiacos.cl"]}]}},"_links":{"self":[{"href":"https:\/\/derechoyreligion-uc.urantiacos.cl\/en\/wp-json\/wp\/v2\/posts\/1360","targetHints":{"allow":["GET"]}}],"collection":[{"href":"https:\/\/derechoyreligion-uc.urantiacos.cl\/en\/wp-json\/wp\/v2\/posts"}],"about":[{"href":"https:\/\/derechoyreligion-uc.urantiacos.cl\/en\/wp-json\/wp\/v2\/types\/post"}],"author":[{"embeddable":true,"href":"https:\/\/derechoyreligion-uc.urantiacos.cl\/en\/wp-json\/wp\/v2\/users\/1"}],"replies":[{"embeddable":true,"href":"https:\/\/derechoyreligion-uc.urantiacos.cl\/en\/wp-json\/wp\/v2\/comments?post=1360"}],"version-history":[{"count":0,"href":"https:\/\/derechoyreligion-uc.urantiacos.cl\/en\/wp-json\/wp\/v2\/posts\/1360\/revisions"}],"wp:featuredmedia":[{"embeddable":true,"href":"https:\/\/derechoyreligion-uc.urantiacos.cl\/en\/wp-json\/wp\/v2\/media\/1506"}],"wp:attachment":[{"href":"https:\/\/derechoyreligion-uc.urantiacos.cl\/en\/wp-json\/wp\/v2\/media?parent=1360"}],"wp:term":[{"taxonomy":"category","embeddable":true,"href":"https:\/\/derechoyreligion-uc.urantiacos.cl\/en\/wp-json\/wp\/v2\/categories?post=1360"},{"taxonomy":"post_tag","embeddable":true,"href":"https:\/\/derechoyreligion-uc.urantiacos.cl\/en\/wp-json\/wp\/v2\/tags?post=1360"}],"curies":[{"name":"wp","href":"https:\/\/api.w.org\/{rel}","templated":true}]}}