
{"id":1359,"date":"2022-09-23T00:00:00","date_gmt":"2022-09-23T03:00:00","guid":{"rendered":"https:\/\/derechoyreligion-uc.urantiacos.cl\/sexto-congreso-del-international-consortium-for-law-and-religion-studies-iclars-cordoba-espana-19-a-21-de-septiembre-de-2022\/"},"modified":"2022-09-23T00:00:00","modified_gmt":"2022-09-23T03:00:00","slug":"sexto-congreso-del-international-consortium-for-law-and-religion-studies-iclars-cordoba-espana-19-a-21-de-septiembre-de-2022","status":"publish","type":"post","link":"https:\/\/derechoyreligion-uc.urantiacos.cl\/en\/sexto-congreso-del-international-consortium-for-law-and-religion-studies-iclars-cordoba-espana-19-a-21-de-septiembre-de-2022\/","title":{"rendered":"Sexto Congreso del International Consortium For Law and Religion Studies (ICLARS). C\u00f3rdoba, Espa\u00f1a, 19 a 21 de septiembre de 2022"},"content":{"rendered":"<article>\n<span><br \/>\n<\/span><\/p>\n<p>\u00a0<\/p>\n<p><img decoding=\"async\" alt=\"sept Cordoba Iclars\" src=\"https:\/\/derechoyreligion-uc.urantiacos.cl\/wp-content\/uploads\/imagenes\/sept_Cordoba_Iclars.jpg\"\/><\/p>\n<p>\u00a0<\/p>\n<p>Entre los d\u00edas 19 y 21 de septiembre del presente, se realiz\u00f3 en la ciudad de C\u00f3rdoba, Espa\u00f1a, el sexto Congreso del International Consortium for Law and Religion Studies (ICLARS) cuyo tema principal fue &#8220;Dignidad humana, derecho, y diversidad religiosa: dise\u00f1ando el futuro de sociedades interculturales&#8221;. Asistieron caso 400 congresistas de diversos pa\u00edses, religiones y creencias.<\/p>\n<p>Durante la primera jornada, la profesora de la Facultad de Derecho UC e investigadora del Centro UC Derecho y Religi\u00f3n, Ana Mar\u00eda Celis, presidenta de ICLARS, present\u00f3 el acto inaugural del congreso. Le siguieron las palabras de Javier Mart\u00ednez-Torr\u00f3n, catedr\u00e1tico de la Universidad Complutense de Madrid, presidente y organizador del Congreso, as\u00ed como de autoridades universitarias y el alcalde de C\u00f3rdoba, Jos\u00e9 Mar\u00eda Bellido.<\/p>\n<p>Luego, se celebr\u00f3 la primera sesi\u00f3n plenaria que trat\u00f3 sobre libertad religiosa, pluralismo religioso y creencias y su relaci\u00f3n con los poderes ejecutivo y legislativo. Seguidamente, hubo una segunda sesi\u00f3n plenaria, en que se plante\u00f3 la promoci\u00f3n, de parte de l\u00edderes religiosos, de la lucha contra el racismo y la esclavitud.<\/p>\n<p>En el transcurso del segundo d\u00eda, durante la ma\u00f1ana se desarrollaron dos sesiones plenarias. La primera, acerca de la contribuci\u00f3n de los tribunales en la promoci\u00f3n del respeto mutuo a partir de las posiciones divergentes entre libertad religiosa y otros derechos fundamentales. La segunda, tambi\u00e9n trat\u00f3 sobre el respeto mutuo y posiciones divergentes entre la libertad religiosa y otros derechos fundamentales, pero desde una perspectiva distinta: la contribuci\u00f3n de los actores de la sociedad civil.<\/p>\n<p>En la tercera y \u00faltima jornada del congreso, se realizaron tres sesiones plenarias. En la primera de ellas, se destac\u00f3 la importancia del rol de las instituciones internacionales en la colaboraci\u00f3n para lograr un mayor grado de libertad de religi\u00f3n y de creencias; aunque no solo respecto de aquellas personas que profesen un determinado credo, sino tambi\u00e9n para agn\u00f3sticos y ateos. Por su parte, la segunda sesi\u00f3n plenaria se centr\u00f3 en la importancia de estudiar las relaciones entre derecho, sociedad y religi\u00f3n en las Facultades de Derecho. Durante la \u00faltima sesi\u00f3n plenaria se manifest\u00f3 la importancia de identificar problemas de la libertad religiosa en cada regi\u00f3n y enfocarlos desde una perspectiva global de los derechos humanos.<\/p>\n<p>Se desarrollaron hasta 29 sesiones paralelas, La profesora de la Facultad de Derecho UC y directora del Centro UC Derecho y Religi\u00f3n, Mar\u00eda Elena Pimstein, presidi\u00f3 la sesi\u00f3n &#8220;Cuestiones no resueltas en la protecci\u00f3n de la libertad religiosa en Iberoam\u00e9rica&#8221; y expuso la ponencia titulada &#8220;Creencias y proceso constitucional chileno&#8221;.<\/p>\n<p>\u00a0<\/p>\n<p><img decoding=\"async\" alt=\"sept Ccordoba Iclars1\" src=\"https:\/\/derechoyreligion-uc.urantiacos.cl\/wp-content\/uploads\/imagenes\/sept_Ccordoba_Iclars1.JPG\"\/><\/p>\n<p>\u00a0<\/p>\n<p>\u00a0<\/p>\n<p>\u00a0<\/p>\n<p>\u00a0<\/p>\n<p><img decoding=\"async\" alt=\"sept Cordoba Iclars2\" src=\"https:\/\/derechoyreligion-uc.urantiacos.cl\/wp-content\/uploads\/imagenes\/sept_Cordoba_Iclars2.JPG\"\/><\/p>\n<\/article>\n","protected":false},"excerpt":{"rendered":"<p>Entre los d\u00edas 19 y 21 de septiembre del presente, se realiz\u00f3 en la ciudad de C\u00f3rdoba, Espa\u00f1a, el sexto Congreso del International Consortium for Law and Religion Studies (ICLARS) cuyo tema principal fue &#8220;Dignidad humana, derecho, y diversidad religiosa: dise\u00f1ando el futuro de sociedades interculturales&#8221;. Asistieron caso 400 congresistas de diversos pa\u00edses, religiones y creencias.<\/p>\n","protected":false},"author":1,"featured_media":1509,"comment_status":"","ping_status":"","sticky":false,"template":"","format":"standard","meta":{"_acf_changed":false,"footnotes":""},"categories":[1],"tags":[],"class_list":["post-1359","post","type-post","status-publish","format-standard","has-post-thumbnail","hentry","category-noticias"],"acf":[],"yoast_head":"<!-- This site is optimized with the Yoast SEO plugin v27.1.1 - https:\/\/yoast.com\/product\/yoast-seo-wordpress\/ -->\n<title>Sexto Congreso del International Consortium For Law and Religion Studies (ICLARS). C\u00f3rdoba, Espa\u00f1a, 19 a 21 de septiembre de 2022 - Centro UC Derecho y Religi\u00f3n<\/title>\n<meta name=\"robots\" content=\"index, follow, max-snippet:-1, max-image-preview:large, max-video-preview:-1\" \/>\n<link rel=\"canonical\" href=\"https:\/\/derechoyreligion-uc.urantiacos.cl\/en\/sexto-congreso-del-international-consortium-for-law-and-religion-studies-iclars-cordoba-espana-19-a-21-de-septiembre-de-2022\/\" \/>\n<meta property=\"og:locale\" content=\"en_US\" \/>\n<meta property=\"og:type\" content=\"article\" \/>\n<meta property=\"og:title\" content=\"Sexto Congreso del International Consortium For Law and Religion Studies (ICLARS). C\u00f3rdoba, Espa\u00f1a, 19 a 21 de septiembre de 2022 - Centro UC Derecho y Religi\u00f3n\" \/>\n<meta property=\"og:description\" content=\"Entre los d\u00edas 19 y 21 de septiembre del presente, se realiz\u00f3 en la ciudad de C\u00f3rdoba, Espa\u00f1a, el sexto Congreso del International Consortium for Law and Religion Studies (ICLARS) cuyo tema principal fue &quot;Dignidad humana, derecho, y diversidad religiosa: dise\u00f1ando el futuro de sociedades interculturales&quot;. Asistieron caso 400 congresistas de diversos pa\u00edses, religiones y creencias.\" \/>\n<meta property=\"og:url\" content=\"https:\/\/derechoyreligion-uc.urantiacos.cl\/en\/sexto-congreso-del-international-consortium-for-law-and-religion-studies-iclars-cordoba-espana-19-a-21-de-septiembre-de-2022\/\" \/>\n<meta property=\"og:site_name\" content=\"Centro UC Derecho y Religi\u00f3n\" \/>\n<meta property=\"article:published_time\" content=\"2022-09-23T03:00:00+00:00\" \/>\n<meta property=\"og:image\" content=\"https:\/\/derechoyreligion-uc.urantiacos.cl\/wp-content\/uploads\/2025\/10\/sept_Cordoba_Iclars-scaled.jpg\" \/>\n\t<meta property=\"og:image:width\" content=\"2560\" \/>\n\t<meta property=\"og:image:height\" content=\"1920\" \/>\n\t<meta property=\"og:image:type\" content=\"image\/jpeg\" \/>\n<meta name=\"author\" content=\"manadmin\" \/>\n<meta name=\"twitter:card\" content=\"summary_large_image\" \/>\n<meta name=\"twitter:label1\" content=\"Written by\" \/>\n\t<meta name=\"twitter:data1\" content=\"manadmin\" \/>\n\t<meta name=\"twitter:label2\" content=\"Est. reading time\" \/>\n\t<meta name=\"twitter:data2\" content=\"2 minutes\" \/>\n<script type=\"application\/ld+json\" class=\"yoast-schema-graph\">{\"@context\":\"https:\/\/schema.org\",\"@graph\":[{\"@type\":\"Article\",\"@id\":\"https:\/\/derechoyreligion-uc.urantiacos.cl\/en\/sexto-congreso-del-international-consortium-for-law-and-religion-studies-iclars-cordoba-espana-19-a-21-de-septiembre-de-2022\/#article\",\"isPartOf\":{\"@id\":\"https:\/\/derechoyreligion-uc.urantiacos.cl\/en\/sexto-congreso-del-international-consortium-for-law-and-religion-studies-iclars-cordoba-espana-19-a-21-de-septiembre-de-2022\/\"},\"author\":{\"name\":\"manadmin\",\"@id\":\"https:\/\/derechoyreligion-uc.urantiacos.cl\/en\/#\/schema\/person\/6cc7f593e2f49e3b770a06f63b58e3b1\"},\"headline\":\"Sexto Congreso del International Consortium For Law and Religion Studies (ICLARS). C\u00f3rdoba, Espa\u00f1a, 19 a 21 de septiembre de 2022\",\"datePublished\":\"2022-09-23T03:00:00+00:00\",\"mainEntityOfPage\":{\"@id\":\"https:\/\/derechoyreligion-uc.urantiacos.cl\/en\/sexto-congreso-del-international-consortium-for-law-and-religion-studies-iclars-cordoba-espana-19-a-21-de-septiembre-de-2022\/\"},\"wordCount\":463,\"image\":{\"@id\":\"https:\/\/derechoyreligion-uc.urantiacos.cl\/en\/sexto-congreso-del-international-consortium-for-law-and-religion-studies-iclars-cordoba-espana-19-a-21-de-septiembre-de-2022\/#primaryimage\"},\"thumbnailUrl\":\"https:\/\/derechoyreligion-uc.urantiacos.cl\/wp-content\/uploads\/2025\/10\/sept_Cordoba_Iclars-scaled.jpg\",\"articleSection\":[\"Noticias\"],\"inLanguage\":\"en-US\"},{\"@type\":\"WebPage\",\"@id\":\"https:\/\/derechoyreligion-uc.urantiacos.cl\/en\/sexto-congreso-del-international-consortium-for-law-and-religion-studies-iclars-cordoba-espana-19-a-21-de-septiembre-de-2022\/\",\"url\":\"https:\/\/derechoyreligion-uc.urantiacos.cl\/en\/sexto-congreso-del-international-consortium-for-law-and-religion-studies-iclars-cordoba-espana-19-a-21-de-septiembre-de-2022\/\",\"name\":\"Sexto Congreso del International Consortium For Law and Religion Studies (ICLARS). C\u00f3rdoba, Espa\u00f1a, 19 a 21 de septiembre de 2022 - Centro UC Derecho y Religi\u00f3n\",\"isPartOf\":{\"@id\":\"https:\/\/derechoyreligion-uc.urantiacos.cl\/en\/#website\"},\"primaryImageOfPage\":{\"@id\":\"https:\/\/derechoyreligion-uc.urantiacos.cl\/en\/sexto-congreso-del-international-consortium-for-law-and-religion-studies-iclars-cordoba-espana-19-a-21-de-septiembre-de-2022\/#primaryimage\"},\"image\":{\"@id\":\"https:\/\/derechoyreligion-uc.urantiacos.cl\/en\/sexto-congreso-del-international-consortium-for-law-and-religion-studies-iclars-cordoba-espana-19-a-21-de-septiembre-de-2022\/#primaryimage\"},\"thumbnailUrl\":\"https:\/\/derechoyreligion-uc.urantiacos.cl\/wp-content\/uploads\/2025\/10\/sept_Cordoba_Iclars-scaled.jpg\",\"datePublished\":\"2022-09-23T03:00:00+00:00\",\"author\":{\"@id\":\"https:\/\/derechoyreligion-uc.urantiacos.cl\/en\/#\/schema\/person\/6cc7f593e2f49e3b770a06f63b58e3b1\"},\"breadcrumb\":{\"@id\":\"https:\/\/derechoyreligion-uc.urantiacos.cl\/en\/sexto-congreso-del-international-consortium-for-law-and-religion-studies-iclars-cordoba-espana-19-a-21-de-septiembre-de-2022\/#breadcrumb\"},\"inLanguage\":\"en-US\",\"potentialAction\":[{\"@type\":\"ReadAction\",\"target\":[\"https:\/\/derechoyreligion-uc.urantiacos.cl\/en\/sexto-congreso-del-international-consortium-for-law-and-religion-studies-iclars-cordoba-espana-19-a-21-de-septiembre-de-2022\/\"]}]},{\"@type\":\"ImageObject\",\"inLanguage\":\"en-US\",\"@id\":\"https:\/\/derechoyreligion-uc.urantiacos.cl\/en\/sexto-congreso-del-international-consortium-for-law-and-religion-studies-iclars-cordoba-espana-19-a-21-de-septiembre-de-2022\/#primaryimage\",\"url\":\"https:\/\/derechoyreligion-uc.urantiacos.cl\/wp-content\/uploads\/2025\/10\/sept_Cordoba_Iclars-scaled.jpg\",\"contentUrl\":\"https:\/\/derechoyreligion-uc.urantiacos.cl\/wp-content\/uploads\/2025\/10\/sept_Cordoba_Iclars-scaled.jpg\",\"width\":2560,\"height\":1920},{\"@type\":\"BreadcrumbList\",\"@id\":\"https:\/\/derechoyreligion-uc.urantiacos.cl\/en\/sexto-congreso-del-international-consortium-for-law-and-religion-studies-iclars-cordoba-espana-19-a-21-de-septiembre-de-2022\/#breadcrumb\",\"itemListElement\":[{\"@type\":\"ListItem\",\"position\":1,\"name\":\"Portada\",\"item\":\"https:\/\/derechoyreligion-uc.urantiacos.cl\/en\/\"},{\"@type\":\"ListItem\",\"position\":2,\"name\":\"Sexto Congreso del International Consortium For Law and Religion Studies (ICLARS). C\u00f3rdoba, Espa\u00f1a, 19 a 21 de septiembre de 2022\"}]},{\"@type\":\"WebSite\",\"@id\":\"https:\/\/derechoyreligion-uc.urantiacos.cl\/en\/#website\",\"url\":\"https:\/\/derechoyreligion-uc.urantiacos.cl\/en\/\",\"name\":\"Centro UC Derecho y Religi\u00f3n\",\"description\":\"\",\"potentialAction\":[{\"@type\":\"SearchAction\",\"target\":{\"@type\":\"EntryPoint\",\"urlTemplate\":\"https:\/\/derechoyreligion-uc.urantiacos.cl\/en\/?s={search_term_string}\"},\"query-input\":{\"@type\":\"PropertyValueSpecification\",\"valueRequired\":true,\"valueName\":\"search_term_string\"}}],\"inLanguage\":\"en-US\"},{\"@type\":\"Person\",\"@id\":\"https:\/\/derechoyreligion-uc.urantiacos.cl\/en\/#\/schema\/person\/6cc7f593e2f49e3b770a06f63b58e3b1\",\"name\":\"manadmin\",\"sameAs\":[\"https:\/\/derechoyreligion-uc.urantiacos.cl\"]}]}<\/script>\n<!-- \/ Yoast SEO plugin. -->","yoast_head_json":{"title":"Sexto Congreso del International Consortium For Law and Religion Studies (ICLARS). C\u00f3rdoba, Espa\u00f1a, 19 a 21 de septiembre de 2022 - Centro UC Derecho y Religi\u00f3n","robots":{"index":"index","follow":"follow","max-snippet":"max-snippet:-1","max-image-preview":"max-image-preview:large","max-video-preview":"max-video-preview:-1"},"canonical":"https:\/\/derechoyreligion-uc.urantiacos.cl\/en\/sexto-congreso-del-international-consortium-for-law-and-religion-studies-iclars-cordoba-espana-19-a-21-de-septiembre-de-2022\/","og_locale":"en_US","og_type":"article","og_title":"Sexto Congreso del International Consortium For Law and Religion Studies (ICLARS). C\u00f3rdoba, Espa\u00f1a, 19 a 21 de septiembre de 2022 - Centro UC Derecho y Religi\u00f3n","og_description":"Entre los d\u00edas 19 y 21 de septiembre del presente, se realiz\u00f3 en la ciudad de C\u00f3rdoba, Espa\u00f1a, el sexto Congreso del International Consortium for Law and Religion Studies (ICLARS) cuyo tema principal fue \"Dignidad humana, derecho, y diversidad religiosa: dise\u00f1ando el futuro de sociedades interculturales\". Asistieron caso 400 congresistas de diversos pa\u00edses, religiones y creencias.","og_url":"https:\/\/derechoyreligion-uc.urantiacos.cl\/en\/sexto-congreso-del-international-consortium-for-law-and-religion-studies-iclars-cordoba-espana-19-a-21-de-septiembre-de-2022\/","og_site_name":"Centro UC Derecho y Religi\u00f3n","article_published_time":"2022-09-23T03:00:00+00:00","og_image":[{"width":2560,"height":1920,"url":"https:\/\/derechoyreligion-uc.urantiacos.cl\/wp-content\/uploads\/2025\/10\/sept_Cordoba_Iclars-scaled.jpg","type":"image\/jpeg"}],"author":"manadmin","twitter_card":"summary_large_image","twitter_misc":{"Written by":"manadmin","Est. reading time":"2 minutes"},"schema":{"@context":"https:\/\/schema.org","@graph":[{"@type":"Article","@id":"https:\/\/derechoyreligion-uc.urantiacos.cl\/en\/sexto-congreso-del-international-consortium-for-law-and-religion-studies-iclars-cordoba-espana-19-a-21-de-septiembre-de-2022\/#article","isPartOf":{"@id":"https:\/\/derechoyreligion-uc.urantiacos.cl\/en\/sexto-congreso-del-international-consortium-for-law-and-religion-studies-iclars-cordoba-espana-19-a-21-de-septiembre-de-2022\/"},"author":{"name":"manadmin","@id":"https:\/\/derechoyreligion-uc.urantiacos.cl\/en\/#\/schema\/person\/6cc7f593e2f49e3b770a06f63b58e3b1"},"headline":"Sexto Congreso del International Consortium For Law and Religion Studies (ICLARS). C\u00f3rdoba, Espa\u00f1a, 19 a 21 de septiembre de 2022","datePublished":"2022-09-23T03:00:00+00:00","mainEntityOfPage":{"@id":"https:\/\/derechoyreligion-uc.urantiacos.cl\/en\/sexto-congreso-del-international-consortium-for-law-and-religion-studies-iclars-cordoba-espana-19-a-21-de-septiembre-de-2022\/"},"wordCount":463,"image":{"@id":"https:\/\/derechoyreligion-uc.urantiacos.cl\/en\/sexto-congreso-del-international-consortium-for-law-and-religion-studies-iclars-cordoba-espana-19-a-21-de-septiembre-de-2022\/#primaryimage"},"thumbnailUrl":"https:\/\/derechoyreligion-uc.urantiacos.cl\/wp-content\/uploads\/2025\/10\/sept_Cordoba_Iclars-scaled.jpg","articleSection":["Noticias"],"inLanguage":"en-US"},{"@type":"WebPage","@id":"https:\/\/derechoyreligion-uc.urantiacos.cl\/en\/sexto-congreso-del-international-consortium-for-law-and-religion-studies-iclars-cordoba-espana-19-a-21-de-septiembre-de-2022\/","url":"https:\/\/derechoyreligion-uc.urantiacos.cl\/en\/sexto-congreso-del-international-consortium-for-law-and-religion-studies-iclars-cordoba-espana-19-a-21-de-septiembre-de-2022\/","name":"Sexto Congreso del International Consortium For Law and Religion Studies (ICLARS). C\u00f3rdoba, Espa\u00f1a, 19 a 21 de septiembre de 2022 - Centro UC Derecho y Religi\u00f3n","isPartOf":{"@id":"https:\/\/derechoyreligion-uc.urantiacos.cl\/en\/#website"},"primaryImageOfPage":{"@id":"https:\/\/derechoyreligion-uc.urantiacos.cl\/en\/sexto-congreso-del-international-consortium-for-law-and-religion-studies-iclars-cordoba-espana-19-a-21-de-septiembre-de-2022\/#primaryimage"},"image":{"@id":"https:\/\/derechoyreligion-uc.urantiacos.cl\/en\/sexto-congreso-del-international-consortium-for-law-and-religion-studies-iclars-cordoba-espana-19-a-21-de-septiembre-de-2022\/#primaryimage"},"thumbnailUrl":"https:\/\/derechoyreligion-uc.urantiacos.cl\/wp-content\/uploads\/2025\/10\/sept_Cordoba_Iclars-scaled.jpg","datePublished":"2022-09-23T03:00:00+00:00","author":{"@id":"https:\/\/derechoyreligion-uc.urantiacos.cl\/en\/#\/schema\/person\/6cc7f593e2f49e3b770a06f63b58e3b1"},"breadcrumb":{"@id":"https:\/\/derechoyreligion-uc.urantiacos.cl\/en\/sexto-congreso-del-international-consortium-for-law-and-religion-studies-iclars-cordoba-espana-19-a-21-de-septiembre-de-2022\/#breadcrumb"},"inLanguage":"en-US","potentialAction":[{"@type":"ReadAction","target":["https:\/\/derechoyreligion-uc.urantiacos.cl\/en\/sexto-congreso-del-international-consortium-for-law-and-religion-studies-iclars-cordoba-espana-19-a-21-de-septiembre-de-2022\/"]}]},{"@type":"ImageObject","inLanguage":"en-US","@id":"https:\/\/derechoyreligion-uc.urantiacos.cl\/en\/sexto-congreso-del-international-consortium-for-law-and-religion-studies-iclars-cordoba-espana-19-a-21-de-septiembre-de-2022\/#primaryimage","url":"https:\/\/derechoyreligion-uc.urantiacos.cl\/wp-content\/uploads\/2025\/10\/sept_Cordoba_Iclars-scaled.jpg","contentUrl":"https:\/\/derechoyreligion-uc.urantiacos.cl\/wp-content\/uploads\/2025\/10\/sept_Cordoba_Iclars-scaled.jpg","width":2560,"height":1920},{"@type":"BreadcrumbList","@id":"https:\/\/derechoyreligion-uc.urantiacos.cl\/en\/sexto-congreso-del-international-consortium-for-law-and-religion-studies-iclars-cordoba-espana-19-a-21-de-septiembre-de-2022\/#breadcrumb","itemListElement":[{"@type":"ListItem","position":1,"name":"Portada","item":"https:\/\/derechoyreligion-uc.urantiacos.cl\/en\/"},{"@type":"ListItem","position":2,"name":"Sexto Congreso del International Consortium For Law and Religion Studies (ICLARS). C\u00f3rdoba, Espa\u00f1a, 19 a 21 de septiembre de 2022"}]},{"@type":"WebSite","@id":"https:\/\/derechoyreligion-uc.urantiacos.cl\/en\/#website","url":"https:\/\/derechoyreligion-uc.urantiacos.cl\/en\/","name":"Centro UC Derecho y Religi\u00f3n","description":"","potentialAction":[{"@type":"SearchAction","target":{"@type":"EntryPoint","urlTemplate":"https:\/\/derechoyreligion-uc.urantiacos.cl\/en\/?s={search_term_string}"},"query-input":{"@type":"PropertyValueSpecification","valueRequired":true,"valueName":"search_term_string"}}],"inLanguage":"en-US"},{"@type":"Person","@id":"https:\/\/derechoyreligion-uc.urantiacos.cl\/en\/#\/schema\/person\/6cc7f593e2f49e3b770a06f63b58e3b1","name":"manadmin","sameAs":["https:\/\/derechoyreligion-uc.urantiacos.cl"]}]}},"_links":{"self":[{"href":"https:\/\/derechoyreligion-uc.urantiacos.cl\/en\/wp-json\/wp\/v2\/posts\/1359","targetHints":{"allow":["GET"]}}],"collection":[{"href":"https:\/\/derechoyreligion-uc.urantiacos.cl\/en\/wp-json\/wp\/v2\/posts"}],"about":[{"href":"https:\/\/derechoyreligion-uc.urantiacos.cl\/en\/wp-json\/wp\/v2\/types\/post"}],"author":[{"embeddable":true,"href":"https:\/\/derechoyreligion-uc.urantiacos.cl\/en\/wp-json\/wp\/v2\/users\/1"}],"replies":[{"embeddable":true,"href":"https:\/\/derechoyreligion-uc.urantiacos.cl\/en\/wp-json\/wp\/v2\/comments?post=1359"}],"version-history":[{"count":0,"href":"https:\/\/derechoyreligion-uc.urantiacos.cl\/en\/wp-json\/wp\/v2\/posts\/1359\/revisions"}],"wp:featuredmedia":[{"embeddable":true,"href":"https:\/\/derechoyreligion-uc.urantiacos.cl\/en\/wp-json\/wp\/v2\/media\/1509"}],"wp:attachment":[{"href":"https:\/\/derechoyreligion-uc.urantiacos.cl\/en\/wp-json\/wp\/v2\/media?parent=1359"}],"wp:term":[{"taxonomy":"category","embeddable":true,"href":"https:\/\/derechoyreligion-uc.urantiacos.cl\/en\/wp-json\/wp\/v2\/categories?post=1359"},{"taxonomy":"post_tag","embeddable":true,"href":"https:\/\/derechoyreligion-uc.urantiacos.cl\/en\/wp-json\/wp\/v2\/tags?post=1359"}],"curies":[{"name":"wp","href":"https:\/\/api.w.org\/{rel}","templated":true}]}}